{"id":253130,"date":"2021-03-01T14:29:02","date_gmt":"2021-03-01T13:29:02","guid":{"rendered":"https:\/\/acefootball.com\/da\/?p=253130"},"modified":"2021-03-01T14:29:26","modified_gmt":"2021-03-01T13:29:26","slug":"ol-kl-10-00-om-formiddagen-saadan-fejrede-schmeichel-og-co-broendby-sejr","status":"publish","type":"post","link":"https:\/\/acefootball.com\/da\/fodboldnyheder\/ol-kl-10-00-om-formiddagen-saadan-fejrede-schmeichel-og-co-broendby-sejr\/","title":{"rendered":"\u00d8l kl. 10.00 om formiddagen: S\u00e5dan fejrede Schmeichel og Co. Br\u00f8ndby-sejr"},"content":{"rendered":"<h2>Peter Schmeichel giver et godt billede p\u00e5, hvordan professionel fodbold har \u00e6ndret sig, siden han selv spillede i Br\u00f8ndby<\/h2>\n<p>Fodboldens verden er i en konstant udvikling, hvor professionalismen bliver mere og mere ekstrem, og f\u00e6rre og f\u00e6rre ting bliver overladt til tilf\u00e6ldighederne.<\/p>\n<p>Det kan Peter Schmeichel nikke genkendende til. I et interview med den schweiziske avis <em><a href=\"https:\/\/www.blick.ch\/sport\/fussball\/nati\/daenische-goalie-legende-peter-schmeichel-im-grossen-interview-shaqiri-hat-sich-wie-ein-kind-benommen-id15554774.html?utm_medium=social&amp;utm_campaign=share-button&amp;utm_source=twitter\" target=\"_blank\" rel=\"noopener noreferrer\">Blick<\/a><\/em>, giver den danske m\u00e5lmandslegende et godt billede af tendensen med en personlig historie.<\/p>\n<p>Han fort\u00e6ller om en Br\u00f8ndby-kamp i Europa i 1991, hvor holdet havde besejret Torpedo Moskva, som efterf\u00f8lgende blev fejret med man\u00e9r. I den forbindelse forklarer Schmeichel, hvordan Kim Vilfort og han selv tog p\u00e5 en bytur til den lyse morgen.<\/p>\n<p><iframe loading=\"lazy\" title=\"1991 Kvartfinale Torpedo Moskva - Br\u00f8ndby 1-0 (3-4 efs)\" width=\"640\" height=\"480\" src=\"https:\/\/www.youtube.com\/embed\/dOzl-F1eqH4?feature=oembed\" frameborder=\"0\" allow=\"accelerometer; autoplay; clipboard-write; encrypted-media; gyroscope; picture-in-picture\" allowfullscreen><\/iframe><\/p>\n<p>&#8220;Vi s\u00e5 forsiderne i aviskiosken. Vi gik ind for at k\u00f8be alle aviserne og en \u00f8l hver, som vi drak ude foran. Som professionelle fodboldspillere! Kl. 10 om morgenen! Folk kiggede ud af vinduet, klappede og hyldede os.&#8221;<\/p>\n<p>Schmeichel s\u00e6tter derudover fokus p\u00e5, hvordan brugen af sociale medier er med til at g\u00f8re en fjer til ti h\u00f8ns i en verden, hvor fodboldspillere ikke kan g\u00e5 udenfor en d\u00f8r uden at f\u00e5 en telefon stukket op i hovedet.<\/p>\n<p>&#8220;Der var ingen billeder, videoer eller noget. I dag ville alle filme dig, l\u00e6gge dig p\u00e5 de sociale medier og sige; &#8220;Se, hvor uprofessionelle!&#8221; Det var helt klart uprofessionelt, men vi blev fejret. I dag ville du v\u00e6re blevet korsf\u00e6stet.&#8221;<\/p>\n\n\n<figure class=\"wp-block-embed is-type-wp-embed is-provider-ace-football-danmark wp-block-embed-ace-football-danmark\"><div class=\"wp-block-embed__wrapper\">\n<blockquote class=\"wp-embedded-content\" data-secret=\"MLhLB4XJlx\"><a href=\"https:\/\/acefootball.com\/da\/fodboldnyheder\/video-da-peter-schmeichel-scorede-paa-saksespark-for-manchester-united\/\">Video: Da Peter Schmeichel scorede p\u00e5 saksespark for Manchester United<\/a><\/blockquote><iframe class=\"wp-embedded-content\" sandbox=\"allow-scripts\" security=\"restricted\" style=\"position: absolute; clip: rect(1px, 1px, 1px, 1px);\" title=\"&#8220;Video: Da Peter Schmeichel scorede p\u00e5 saksespark for Manchester United&#8221; &#8212; Ace Football Danmark\" src=\"https:\/\/acefootball.com\/da\/fodboldnyheder\/video-da-peter-schmeichel-scorede-paa-saksespark-for-manchester-united\/embed\/#?secret=MLhLB4XJlx\" data-secret=\"MLhLB4XJlx\" width=\"600\" height=\"338\" frameborder=\"0\" marginwidth=\"0\" marginheight=\"0\" scrolling=\"no\"><\/iframe>\n<\/div><\/figure>\n","protected":false},"excerpt":{"rendered":"<p>Peter Schmeichel giver et godt billede p\u00e5, hvordan professionel fodbold har \u00e6ndret sig, siden han selv spillede i Br\u00f8ndby<\/p>\n","protected":false},"author":705,"featured_media":253135,"comment_status":"open","ping_status":"closed","sticky":false,"template":"","format":"standard","meta":{"om_disable_all_campaigns":false,"push_articles_ronaldo":{"active":false,"canonical":0,"publish":false},"force_updates":null},"categories":[2470],"tags":[53,692,1573],"enet_tags":{"team":["8595","8238"],"sport_events":[]},"yoast_head":"<!-- This site is optimized with the Yoast SEO plugin v18.3 - https:\/\/yoast.com\/wordpress\/plugins\/seo\/ -->\n<title>\u00d8l kl. 10.00 om formiddagen: S\u00e5dan fejrede Schmeichel og Co. Br\u00f8ndby-sejr<\/title>\n<meta name=\"description\" content=\"Peter Schmeichel giver et godt billede p\u00e5, hvordan professionel fodbold har \u00e6ndret sig, siden han selv spillede i Br\u00f8ndby.\" \/>\n<meta name=\"robots\" content=\"index, follow, max-snippet:-1, max-image-preview:large, max-video-preview:-1\" \/>\n<link rel=\"canonical\" href=\"https:\/\/acefootball.com\/da\/fodboldnyheder\/ol-kl-10-00-om-formiddagen-saadan-fejrede-schmeichel-og-co-broendby-sejr\/\" \/>\n<meta property=\"og:locale\" content=\"en_US\" \/>\n<meta property=\"og:type\" content=\"article\" \/>\n<meta property=\"og:title\" content=\"\u00d8l kl. 10.00 om formiddagen: S\u00e5dan fejrede Schmeichel og Co. Br\u00f8ndby-sejr\" \/>\n<meta property=\"og:description\" content=\"Peter Schmeichel giver et godt billede p\u00e5, hvordan professionel fodbold har \u00e6ndret sig, siden han selv spillede i Br\u00f8ndby.\" \/>\n<meta property=\"og:url\" content=\"https:\/\/acefootball.com\/da\/fodboldnyheder\/ol-kl-10-00-om-formiddagen-saadan-fejrede-schmeichel-og-co-broendby-sejr\/\" \/>\n<meta property=\"og:site_name\" content=\"Ace Football Danmark\" \/>\n<meta property=\"article:publisher\" content=\"https:\/\/www.facebook.com\/acefootballdk\" \/>\n<meta property=\"article:published_time\" content=\"2021-03-01T13:29:02+00:00\" \/>\n<meta property=\"article:modified_time\" content=\"2021-03-01T13:29:26+00:00\" \/>\n<meta property=\"og:image\" content=\"https:\/\/acefootball.com\/da\/wp-content\/uploads\/sites\/2\/2021\/03\/Brondby-48.jpg\" \/>\n\t<meta property=\"og:image:width\" content=\"1920\" \/>\n\t<meta property=\"og:image:height\" content=\"1008\" \/>\n\t<meta property=\"og:image:type\" content=\"image\/jpeg\" \/>\n<meta name=\"twitter:card\" content=\"summary_large_image\" \/>\n<meta name=\"twitter:label1\" content=\"Written by\" \/>\n\t<meta name=\"twitter:data1\" content=\"Mads Dreyer\" \/>\n\t<meta name=\"twitter:label2\" content=\"Est. reading time\" \/>\n\t<meta name=\"twitter:data2\" content=\"2 minutes\" \/>\n<script type=\"application\/ld+json\" class=\"yoast-schema-graph\">{\"@context\":\"https:\/\/schema.org\",\"@graph\":[{\"@type\":\"Organization\",\"@id\":\"https:\/\/acefootball.com\/da\/#organization\",\"name\":\"Ace Football\",\"url\":\"https:\/\/acefootball.com\/da\/\",\"sameAs\":[\"https:\/\/www.facebook.com\/acefootballdk\"],\"logo\":{\"@type\":\"ImageObject\",\"@id\":\"https:\/\/acefootball.com\/da\/#logo\",\"inLanguage\":\"en-US\",\"url\":\"https:\/\/acefootball.com\/da\/wp-content\/uploads\/sites\/2\/2020\/07\/Ace-Football-30-07-2020-2.png\",\"contentUrl\":\"https:\/\/acefootball.com\/da\/wp-content\/uploads\/sites\/2\/2020\/07\/Ace-Football-30-07-2020-2.png\",\"width\":1200,\"height\":600,\"caption\":\"Ace Football\"},\"image\":{\"@id\":\"https:\/\/acefootball.com\/da\/#logo\"}},{\"@type\":\"WebSite\",\"@id\":\"https:\/\/acefootball.com\/da\/#website\",\"url\":\"https:\/\/acefootball.com\/da\/\",\"name\":\"Ace Football Danmark\",\"description\":\"Nyheder, Spiltips &amp; Livescore\",\"publisher\":{\"@id\":\"https:\/\/acefootball.com\/da\/#organization\"},\"potentialAction\":[{\"@type\":\"SearchAction\",\"target\":{\"@type\":\"EntryPoint\",\"urlTemplate\":\"https:\/\/acefootball.com\/da\/?s={search_term_string}\"},\"query-input\":\"required name=search_term_string\"}],\"inLanguage\":\"en-US\"},{\"@type\":\"ImageObject\",\"@id\":\"https:\/\/acefootball.com\/da\/fodboldnyheder\/ol-kl-10-00-om-formiddagen-saadan-fejrede-schmeichel-og-co-broendby-sejr\/#primaryimage\",\"inLanguage\":\"en-US\",\"url\":\"https:\/\/acefootball.com\/da\/wp-content\/uploads\/sites\/2\/2021\/03\/Brondby-48.jpg\",\"contentUrl\":\"https:\/\/acefootball.com\/da\/wp-content\/uploads\/sites\/2\/2021\/03\/Brondby-48.jpg\",\"width\":1920,\"height\":1008},{\"@type\":\"WebPage\",\"@id\":\"https:\/\/acefootball.com\/da\/fodboldnyheder\/ol-kl-10-00-om-formiddagen-saadan-fejrede-schmeichel-og-co-broendby-sejr\/#webpage\",\"url\":\"https:\/\/acefootball.com\/da\/fodboldnyheder\/ol-kl-10-00-om-formiddagen-saadan-fejrede-schmeichel-og-co-broendby-sejr\/\",\"name\":\"\u00d8l kl. 10.00 om formiddagen: S\u00e5dan fejrede Schmeichel og Co. Br\u00f8ndby-sejr\",\"isPartOf\":{\"@id\":\"https:\/\/acefootball.com\/da\/#website\"},\"primaryImageOfPage\":{\"@id\":\"https:\/\/acefootball.com\/da\/fodboldnyheder\/ol-kl-10-00-om-formiddagen-saadan-fejrede-schmeichel-og-co-broendby-sejr\/#primaryimage\"},\"datePublished\":\"2021-03-01T13:29:02+00:00\",\"dateModified\":\"2021-03-01T13:29:26+00:00\",\"description\":\"Peter Schmeichel giver et godt billede p\u00e5, hvordan professionel fodbold har \u00e6ndret sig, siden han selv spillede i Br\u00f8ndby.\",\"breadcrumb\":{\"@id\":\"https:\/\/acefootball.com\/da\/fodboldnyheder\/ol-kl-10-00-om-formiddagen-saadan-fejrede-schmeichel-og-co-broendby-sejr\/#breadcrumb\"},\"inLanguage\":\"en-US\",\"potentialAction\":[{\"@type\":\"ReadAction\",\"target\":[\"https:\/\/acefootball.com\/da\/fodboldnyheder\/ol-kl-10-00-om-formiddagen-saadan-fejrede-schmeichel-og-co-broendby-sejr\/\"]}]},{\"@type\":\"BreadcrumbList\",\"@id\":\"https:\/\/acefootball.com\/da\/fodboldnyheder\/ol-kl-10-00-om-formiddagen-saadan-fejrede-schmeichel-og-co-broendby-sejr\/#breadcrumb\",\"itemListElement\":[{\"@type\":\"ListItem\",\"position\":1,\"name\":\"Home\",\"item\":\"https:\/\/acefootball.com\/da\/\"},{\"@type\":\"ListItem\",\"position\":2,\"name\":\"\u00d8l kl. 10.00 om formiddagen: S\u00e5dan fejrede Schmeichel og Co. Br\u00f8ndby-sejr\"}]},{\"@type\":\"Article\",\"@id\":\"https:\/\/acefootball.com\/da\/fodboldnyheder\/ol-kl-10-00-om-formiddagen-saadan-fejrede-schmeichel-og-co-broendby-sejr\/#article\",\"isPartOf\":{\"@id\":\"https:\/\/acefootball.com\/da\/fodboldnyheder\/ol-kl-10-00-om-formiddagen-saadan-fejrede-schmeichel-og-co-broendby-sejr\/#webpage\"},\"author\":{\"@id\":\"https:\/\/acefootball.com\/da\/#\/schema\/person\/ee67e9cf04a276f144100ffa722f10cd\"},\"headline\":\"\u00d8l kl. 10.00 om formiddagen: S\u00e5dan fejrede Schmeichel og Co. Br\u00f8ndby-sejr\",\"datePublished\":\"2021-03-01T13:29:02+00:00\",\"dateModified\":\"2021-03-01T13:29:26+00:00\",\"mainEntityOfPage\":{\"@id\":\"https:\/\/acefootball.com\/da\/fodboldnyheder\/ol-kl-10-00-om-formiddagen-saadan-fejrede-schmeichel-og-co-broendby-sejr\/#webpage\"},\"wordCount\":273,\"commentCount\":0,\"publisher\":{\"@id\":\"https:\/\/acefootball.com\/da\/#organization\"},\"image\":{\"@id\":\"https:\/\/acefootball.com\/da\/fodboldnyheder\/ol-kl-10-00-om-formiddagen-saadan-fejrede-schmeichel-og-co-broendby-sejr\/#primaryimage\"},\"thumbnailUrl\":\"https:\/\/acefootball.com\/da\/wp-content\/uploads\/sites\/2\/2021\/03\/GettyImages-52922734.jpg\",\"keywords\":[\"Br\u00f8ndby IF\",\"Danmark\",\"Peter Schmeichel\"],\"articleSection\":[\"Offsite\"],\"inLanguage\":\"en-US\",\"potentialAction\":[{\"@type\":\"CommentAction\",\"name\":\"Comment\",\"target\":[\"https:\/\/acefootball.com\/da\/fodboldnyheder\/ol-kl-10-00-om-formiddagen-saadan-fejrede-schmeichel-og-co-broendby-sejr\/#respond\"]}]},{\"@type\":\"Person\",\"@id\":\"https:\/\/acefootball.com\/da\/#\/schema\/person\/ee67e9cf04a276f144100ffa722f10cd\",\"name\":\"Mads Dreyer\",\"image\":{\"@type\":\"ImageObject\",\"@id\":\"https:\/\/acefootball.com\/da\/#personlogo\",\"inLanguage\":\"en-US\",\"url\":\"https:\/\/secure.gravatar.com\/avatar\/7c7abf72cfde9902b6a60efe60c88d4c?s=96&d=mm&r=g\",\"contentUrl\":\"https:\/\/secure.gravatar.com\/avatar\/7c7abf72cfde9902b6a60efe60c88d4c?s=96&d=mm&r=g\",\"caption\":\"Mads Dreyer\"},\"description\":\"Skribent og fodboldn\u00f8rd, der lige nu fort\u00e6ller om alt og intet i fodboldverdenen p\u00e5 acefootball.com. Uddannet i kommunikation fra Aalborg Universitet.\",\"sameAs\":[\"https:\/\/www.linkedin.com\/in\/mads-dreyer-b9b08266\/\"],\"url\":\"https:\/\/acefootball.com\/da\/fodboldnyheder\/author\/mdnronaldo\/\"}]}<\/script>\n<!-- \/ Yoast SEO plugin. -->","yoast_head_json":{"title":"\u00d8l kl. 10.00 om formiddagen: S\u00e5dan fejrede Schmeichel og Co. Br\u00f8ndby-sejr","description":"Peter Schmeichel giver et godt billede p\u00e5, hvordan professionel fodbold har \u00e6ndret sig, siden han selv spillede i Br\u00f8ndby.","robots":{"index":"index","follow":"follow","max-snippet":"max-snippet:-1","max-image-preview":"max-image-preview:large","max-video-preview":"max-video-preview:-1"},"canonical":"https:\/\/acefootball.com\/da\/fodboldnyheder\/ol-kl-10-00-om-formiddagen-saadan-fejrede-schmeichel-og-co-broendby-sejr\/","og_locale":"en_US","og_type":"article","og_title":"\u00d8l kl. 10.00 om formiddagen: S\u00e5dan fejrede Schmeichel og Co. Br\u00f8ndby-sejr","og_description":"Peter Schmeichel giver et godt billede p\u00e5, hvordan professionel fodbold har \u00e6ndret sig, siden han selv spillede i Br\u00f8ndby.","og_url":"https:\/\/acefootball.com\/da\/fodboldnyheder\/ol-kl-10-00-om-formiddagen-saadan-fejrede-schmeichel-og-co-broendby-sejr\/","og_site_name":"Ace Football Danmark","article_publisher":"https:\/\/www.facebook.com\/acefootballdk","article_published_time":"2021-03-01T13:29:02+00:00","article_modified_time":"2021-03-01T13:29:26+00:00","og_image":[{"width":1920,"height":1008,"url":"https:\/\/acefootball.com\/da\/wp-content\/uploads\/sites\/2\/2021\/03\/Brondby-48.jpg","type":"image\/jpeg"}],"twitter_card":"summary_large_image","twitter_misc":{"Written by":"Mads Dreyer","Est. reading time":"2 minutes"},"schema":{"@context":"https:\/\/schema.org","@graph":[{"@type":"Organization","@id":"https:\/\/acefootball.com\/da\/#organization","name":"Ace Football","url":"https:\/\/acefootball.com\/da\/","sameAs":["https:\/\/www.facebook.com\/acefootballdk"],"logo":{"@type":"ImageObject","@id":"https:\/\/acefootball.com\/da\/#logo","inLanguage":"en-US","url":"https:\/\/acefootball.com\/da\/wp-content\/uploads\/sites\/2\/2020\/07\/Ace-Football-30-07-2020-2.png","contentUrl":"https:\/\/acefootball.com\/da\/wp-content\/uploads\/sites\/2\/2020\/07\/Ace-Football-30-07-2020-2.png","width":1200,"height":600,"caption":"Ace Football"},"image":{"@id":"https:\/\/acefootball.com\/da\/#logo"}},{"@type":"WebSite","@id":"https:\/\/acefootball.com\/da\/#website","url":"https:\/\/acefootball.com\/da\/","name":"Ace Football Danmark","description":"Nyheder, Spiltips &amp; Livescore","publisher":{"@id":"https:\/\/acefootball.com\/da\/#organization"},"potentialAction":[{"@type":"SearchAction","target":{"@type":"EntryPoint","urlTemplate":"https:\/\/acefootball.com\/da\/?s={search_term_string}"},"query-input":"required name=search_term_string"}],"inLanguage":"en-US"},{"@type":"ImageObject","@id":"https:\/\/acefootball.com\/da\/fodboldnyheder\/ol-kl-10-00-om-formiddagen-saadan-fejrede-schmeichel-og-co-broendby-sejr\/#primaryimage","inLanguage":"en-US","url":"https:\/\/acefootball.com\/da\/wp-content\/uploads\/sites\/2\/2021\/03\/Brondby-48.jpg","contentUrl":"https:\/\/acefootball.com\/da\/wp-content\/uploads\/sites\/2\/2021\/03\/Brondby-48.jpg","width":1920,"height":1008},{"@type":"WebPage","@id":"https:\/\/acefootball.com\/da\/fodboldnyheder\/ol-kl-10-00-om-formiddagen-saadan-fejrede-schmeichel-og-co-broendby-sejr\/#webpage","url":"https:\/\/acefootball.com\/da\/fodboldnyheder\/ol-kl-10-00-om-formiddagen-saadan-fejrede-schmeichel-og-co-broendby-sejr\/","name":"\u00d8l kl. 10.00 om formiddagen: S\u00e5dan fejrede Schmeichel og Co. Br\u00f8ndby-sejr","isPartOf":{"@id":"https:\/\/acefootball.com\/da\/#website"},"primaryImageOfPage":{"@id":"https:\/\/acefootball.com\/da\/fodboldnyheder\/ol-kl-10-00-om-formiddagen-saadan-fejrede-schmeichel-og-co-broendby-sejr\/#primaryimage"},"datePublished":"2021-03-01T13:29:02+00:00","dateModified":"2021-03-01T13:29:26+00:00","description":"Peter Schmeichel giver et godt billede p\u00e5, hvordan professionel fodbold har \u00e6ndret sig, siden han selv spillede i Br\u00f8ndby.","breadcrumb":{"@id":"https:\/\/acefootball.com\/da\/fodboldnyheder\/ol-kl-10-00-om-formiddagen-saadan-fejrede-schmeichel-og-co-broendby-sejr\/#breadcrumb"},"inLanguage":"en-US","potentialAction":[{"@type":"ReadAction","target":["https:\/\/acefootball.com\/da\/fodboldnyheder\/ol-kl-10-00-om-formiddagen-saadan-fejrede-schmeichel-og-co-broendby-sejr\/"]}]},{"@type":"BreadcrumbList","@id":"https:\/\/acefootball.com\/da\/fodboldnyheder\/ol-kl-10-00-om-formiddagen-saadan-fejrede-schmeichel-og-co-broendby-sejr\/#breadcrumb","itemListElement":[{"@type":"ListItem","position":1,"name":"Home","item":"https:\/\/acefootball.com\/da\/"},{"@type":"ListItem","position":2,"name":"\u00d8l kl. 10.00 om formiddagen: S\u00e5dan fejrede Schmeichel og Co. Br\u00f8ndby-sejr"}]},{"@type":"Article","@id":"https:\/\/acefootball.com\/da\/fodboldnyheder\/ol-kl-10-00-om-formiddagen-saadan-fejrede-schmeichel-og-co-broendby-sejr\/#article","isPartOf":{"@id":"https:\/\/acefootball.com\/da\/fodboldnyheder\/ol-kl-10-00-om-formiddagen-saadan-fejrede-schmeichel-og-co-broendby-sejr\/#webpage"},"author":{"@id":"https:\/\/acefootball.com\/da\/#\/schema\/person\/ee67e9cf04a276f144100ffa722f10cd"},"headline":"\u00d8l kl. 10.00 om formiddagen: S\u00e5dan fejrede Schmeichel og Co. Br\u00f8ndby-sejr","datePublished":"2021-03-01T13:29:02+00:00","dateModified":"2021-03-01T13:29:26+00:00","mainEntityOfPage":{"@id":"https:\/\/acefootball.com\/da\/fodboldnyheder\/ol-kl-10-00-om-formiddagen-saadan-fejrede-schmeichel-og-co-broendby-sejr\/#webpage"},"wordCount":273,"commentCount":0,"publisher":{"@id":"https:\/\/acefootball.com\/da\/#organization"},"image":{"@id":"https:\/\/acefootball.com\/da\/fodboldnyheder\/ol-kl-10-00-om-formiddagen-saadan-fejrede-schmeichel-og-co-broendby-sejr\/#primaryimage"},"thumbnailUrl":"https:\/\/acefootball.com\/da\/wp-content\/uploads\/sites\/2\/2021\/03\/GettyImages-52922734.jpg","keywords":["Br\u00f8ndby IF","Danmark","Peter Schmeichel"],"articleSection":["Offsite"],"inLanguage":"en-US","potentialAction":[{"@type":"CommentAction","name":"Comment","target":["https:\/\/acefootball.com\/da\/fodboldnyheder\/ol-kl-10-00-om-formiddagen-saadan-fejrede-schmeichel-og-co-broendby-sejr\/#respond"]}]},{"@type":"Person","@id":"https:\/\/acefootball.com\/da\/#\/schema\/person\/ee67e9cf04a276f144100ffa722f10cd","name":"Mads Dreyer","image":{"@type":"ImageObject","@id":"https:\/\/acefootball.com\/da\/#personlogo","inLanguage":"en-US","url":"https:\/\/secure.gravatar.com\/avatar\/7c7abf72cfde9902b6a60efe60c88d4c?s=96&d=mm&r=g","contentUrl":"https:\/\/secure.gravatar.com\/avatar\/7c7abf72cfde9902b6a60efe60c88d4c?s=96&d=mm&r=g","caption":"Mads Dreyer"},"description":"Skribent og fodboldn\u00f8rd, der lige nu fort\u00e6ller om alt og intet i fodboldverdenen p\u00e5 acefootball.com. Uddannet i kommunikation fra Aalborg Universitet.","sameAs":["https:\/\/www.linkedin.com\/in\/mads-dreyer-b9b08266\/"],"url":"https:\/\/acefootball.com\/da\/fodboldnyheder\/author\/mdnronaldo\/"}]}},"fimg_url":"https:\/\/acefootball.com\/da\/wp-content\/uploads\/sites\/2\/2021\/03\/GettyImages-52922734.jpg","_links":{"self":[{"href":"https:\/\/acefootball.com\/da\/wp-json\/wp\/v2\/posts\/253130"}],"collection":[{"href":"https:\/\/acefootball.com\/da\/wp-json\/wp\/v2\/posts"}],"about":[{"href":"https:\/\/acefootball.com\/da\/wp-json\/wp\/v2\/types\/post"}],"author":[{"embeddable":true,"href":"https:\/\/acefootball.com\/da\/wp-json\/wp\/v2\/users\/705"}],"replies":[{"embeddable":true,"href":"https:\/\/acefootball.com\/da\/wp-json\/wp\/v2\/comments?post=253130"}],"version-history":[{"count":0,"href":"https:\/\/acefootball.com\/da\/wp-json\/wp\/v2\/posts\/253130\/revisions"}],"wp:featuredmedia":[{"embeddable":true,"href":"https:\/\/acefootball.com\/da\/wp-json\/wp\/v2\/media\/253135"}],"wp:attachment":[{"href":"https:\/\/acefootball.com\/da\/wp-json\/wp\/v2\/media?parent=253130"}],"wp:term":[{"taxonomy":"category","embeddable":true,"href":"https:\/\/acefootball.com\/da\/wp-json\/wp\/v2\/categories?post=253130"},{"taxonomy":"post_tag","embeddable":true,"href":"https:\/\/acefootball.com\/da\/wp-json\/wp\/v2\/tags?post=253130"}],"curies":[{"name":"wp","href":"https:\/\/api.w.org\/{rel}","templated":true}]}}