{"id":252990,"date":"2021-02-26T15:27:23","date_gmt":"2021-02-26T14:27:23","guid":{"rendered":"https:\/\/acefootball.com\/da\/?p=252990"},"modified":"2021-02-26T15:27:24","modified_gmt":"2021-02-26T14:27:24","slug":"agf-keeper-om-negativ-broendby-snak-jeg-forstaar-det-serioest-ikke","status":"publish","type":"post","link":"https:\/\/acefootball.com\/da\/fodboldnyheder\/agf-keeper-om-negativ-broendby-snak-jeg-forstaar-det-serioest-ikke\/","title":{"rendered":"AGF-keeper om negativ Br\u00f8ndby-snak: Jeg forst\u00e5r det seri\u00f8st ikke"},"content":{"rendered":"\n<h2 id=\"h-agf-s-m-lmand-kamil-grabara-kan-ikke-forst-at-der-er-folk-der-ikke-har-respekt-for-at-br-ndby-ligger-nummer-t-i-3f-superligaen\">AGF&#8217;s m\u00e5lmand Kamil Grabara kan ikke forst\u00e5, at der er folk, der ikke har respekt for, at Br\u00f8ndby ligger nummer \u00e9t i 3F Superligaen<\/h2>\n\n\n\n<p>Der var nok ikke mange, der inden s\u00e6sonen havde regnet med, at Br\u00f8ndby med et s\u00e5 ungt og forholdsvist upr\u00f8vet hold ville ligge nummer \u00e9t i Superligaen-tabellen efter 17 runder.<\/p>\n\n\n\n<p>Der er da ogs\u00e5 flere, der ikke mener, at deres spil har v\u00e6ret berettigeret til en s\u00e5dan placering, men den gruppe tilknytter AGF-keeper Kamil Grabara sig slet ikke.<\/p>\n\n\n\n<p>&#8220;Jeg forst\u00e5r seri\u00f8st ikke, hvorfor der er s\u00e5 meget snak om Br\u00f8ndby, og om deres spillestil. De har alts\u00e5 flest point i ligaen. De har vundet flest kampe, de har scoret flest m\u00e5l, og jeg forst\u00e5r ikke, hvorfor de ikke f\u00e5r den respekt, de fortjener. De ligger alts\u00e5 nummer et. Jeg forst\u00e5r ikke, at folk, jeg vil ikke sige ikke har respekt for, men n\u00e6rmere fors\u00f8ger at diskreditere deres s\u00e6son,&#8221; siger han til <a href=\"https:\/\/www.tipsbladet.dk\/nyhed\/superliga\/forstaar-serioest-ikke-al-den-snak-om-broendby\" target=\"_blank\" rel=\"noreferrer noopener\">Tipsbladet<\/a>.<\/p>\n\n\n\n<p>Br\u00f8ndbys helt store stjerne i den s\u00e6son kan da ogs\u00e5 v\u00e6re p\u00e5 vej videre til sommer, hvor der er stor interesse for ham, hvilket du kan l\u00e6se mere om herunder.<\/p>\n\n\n\n<figure class=\"wp-block-embed is-type-wp-embed is-provider-ace-football-danmark wp-block-embed-ace-football-danmark\"><div class=\"wp-block-embed__wrapper\">\n<blockquote class=\"wp-embedded-content\" data-secret=\"BlVycSAJEK\"><a href=\"https:\/\/acefootball.com\/da\/fodboldnyheder\/medie-jesper-lindstroem-skal-erstatte-marokkansk-stjernen-til-sommer\/\">Medie: Jesper Lindstr\u00f8m skal erstatte marokkansk stjerne til sommer<\/a><\/blockquote><iframe class=\"wp-embedded-content\" sandbox=\"allow-scripts\" security=\"restricted\" style=\"position: absolute; clip: rect(1px, 1px, 1px, 1px);\" title=\"&#8220;Medie: Jesper Lindstr\u00f8m skal erstatte marokkansk stjerne til sommer&#8221; &#8212; Ace Football Danmark\" src=\"https:\/\/acefootball.com\/da\/fodboldnyheder\/medie-jesper-lindstroem-skal-erstatte-marokkansk-stjernen-til-sommer\/embed\/#?secret=BlVycSAJEK\" data-secret=\"BlVycSAJEK\" width=\"600\" height=\"338\" frameborder=\"0\" marginwidth=\"0\" marginheight=\"0\" scrolling=\"no\"><\/iframe>\n<\/div><\/figure>\n","protected":false},"excerpt":{"rendered":"<p>AGF&#8217;s m\u00e5lmand Kamil Grabara kan ikke forst\u00e5, at der er folk, der ikke har respekt for, at Br\u00f8ndby ligger nummer \u00e9t i 3F Superligaen<\/p>\n","protected":false},"author":74,"featured_media":248877,"comment_status":"open","ping_status":"closed","sticky":false,"template":"","format":"standard","meta":{"om_disable_all_campaigns":false,"push_articles_ronaldo":{"active":false,"canonical":0,"publish":false},"force_updates":null},"categories":[8204],"tags":[18,53,6781,588],"enet_tags":{"team":["8071","8595"],"player":["760722"],"league":["46"],"sport_events":[]},"yoast_head":"<!-- This site is optimized with the Yoast SEO plugin v18.3 - https:\/\/yoast.com\/wordpress\/plugins\/seo\/ -->\n<title>AGF-keeper om negativ Br\u00f8ndby-snak: Jeg forst\u00e5r det seri\u00f8st ikke<\/title>\n<meta name=\"description\" content=\"AGF&#039;s m\u00e5lmand Kamil Grabara kan ikke forst\u00e5, at der er folk, der ikke har respekt for, at Br\u00f8ndby ligger nummer \u00e9t i 3F Superligaen\" \/>\n<meta name=\"robots\" content=\"index, follow, max-snippet:-1, max-image-preview:large, max-video-preview:-1\" \/>\n<link rel=\"canonical\" href=\"https:\/\/acefootball.com\/da\/fodboldnyheder\/agf-keeper-om-negativ-broendby-snak-jeg-forstaar-det-serioest-ikke\/\" \/>\n<meta property=\"og:locale\" content=\"en_US\" \/>\n<meta property=\"og:type\" content=\"article\" \/>\n<meta property=\"og:title\" content=\"AGF-keeper om negativ Br\u00f8ndby-snak: Jeg forst\u00e5r det seri\u00f8st ikke\" \/>\n<meta property=\"og:description\" content=\"AGF&#039;s m\u00e5lmand Kamil Grabara kan ikke forst\u00e5, at der er folk, der ikke har respekt for, at Br\u00f8ndby ligger nummer \u00e9t i 3F Superligaen\" \/>\n<meta property=\"og:url\" content=\"https:\/\/acefootball.com\/da\/fodboldnyheder\/agf-keeper-om-negativ-broendby-snak-jeg-forstaar-det-serioest-ikke\/\" \/>\n<meta property=\"og:site_name\" content=\"Ace Football Danmark\" \/>\n<meta property=\"article:publisher\" content=\"https:\/\/www.facebook.com\/acefootballdk\" \/>\n<meta property=\"article:published_time\" content=\"2021-02-26T14:27:23+00:00\" \/>\n<meta property=\"article:modified_time\" content=\"2021-02-26T14:27:24+00:00\" \/>\n<meta property=\"og:image\" content=\"https:\/\/acefootball.com\/da\/wp-content\/uploads\/sites\/2\/2021\/02\/Laes-mere-generel-30-2.jpg\" \/>\n\t<meta property=\"og:image:width\" content=\"1920\" \/>\n\t<meta property=\"og:image:height\" content=\"1008\" \/>\n\t<meta property=\"og:image:type\" content=\"image\/jpeg\" \/>\n<meta name=\"twitter:card\" content=\"summary_large_image\" \/>\n<meta name=\"twitter:label1\" content=\"Written by\" \/>\n\t<meta name=\"twitter:data1\" content=\"Patrick Hesselb\u00e6k\" \/>\n\t<meta name=\"twitter:label2\" content=\"Est. reading time\" \/>\n\t<meta name=\"twitter:data2\" content=\"1 minute\" \/>\n<script type=\"application\/ld+json\" class=\"yoast-schema-graph\">{\"@context\":\"https:\/\/schema.org\",\"@graph\":[{\"@type\":\"Organization\",\"@id\":\"https:\/\/acefootball.com\/da\/#organization\",\"name\":\"Ace Football\",\"url\":\"https:\/\/acefootball.com\/da\/\",\"sameAs\":[\"https:\/\/www.facebook.com\/acefootballdk\"],\"logo\":{\"@type\":\"ImageObject\",\"@id\":\"https:\/\/acefootball.com\/da\/#logo\",\"inLanguage\":\"en-US\",\"url\":\"https:\/\/acefootball.com\/da\/wp-content\/uploads\/sites\/2\/2020\/07\/Ace-Football-30-07-2020-2.png\",\"contentUrl\":\"https:\/\/acefootball.com\/da\/wp-content\/uploads\/sites\/2\/2020\/07\/Ace-Football-30-07-2020-2.png\",\"width\":1200,\"height\":600,\"caption\":\"Ace Football\"},\"image\":{\"@id\":\"https:\/\/acefootball.com\/da\/#logo\"}},{\"@type\":\"WebSite\",\"@id\":\"https:\/\/acefootball.com\/da\/#website\",\"url\":\"https:\/\/acefootball.com\/da\/\",\"name\":\"Ace Football Danmark\",\"description\":\"Nyheder, Spiltips &amp; Livescore\",\"publisher\":{\"@id\":\"https:\/\/acefootball.com\/da\/#organization\"},\"potentialAction\":[{\"@type\":\"SearchAction\",\"target\":{\"@type\":\"EntryPoint\",\"urlTemplate\":\"https:\/\/acefootball.com\/da\/?s={search_term_string}\"},\"query-input\":\"required name=search_term_string\"}],\"inLanguage\":\"en-US\"},{\"@type\":\"ImageObject\",\"@id\":\"https:\/\/acefootball.com\/da\/fodboldnyheder\/agf-keeper-om-negativ-broendby-snak-jeg-forstaar-det-serioest-ikke\/#primaryimage\",\"inLanguage\":\"en-US\",\"url\":\"https:\/\/acefootball.com\/da\/wp-content\/uploads\/sites\/2\/2021\/02\/Laes-mere-generel-30-2.jpg\",\"contentUrl\":\"https:\/\/acefootball.com\/da\/wp-content\/uploads\/sites\/2\/2021\/02\/Laes-mere-generel-30-2.jpg\",\"width\":1920,\"height\":1008},{\"@type\":\"WebPage\",\"@id\":\"https:\/\/acefootball.com\/da\/fodboldnyheder\/agf-keeper-om-negativ-broendby-snak-jeg-forstaar-det-serioest-ikke\/#webpage\",\"url\":\"https:\/\/acefootball.com\/da\/fodboldnyheder\/agf-keeper-om-negativ-broendby-snak-jeg-forstaar-det-serioest-ikke\/\",\"name\":\"AGF-keeper om negativ Br\u00f8ndby-snak: Jeg forst\u00e5r det seri\u00f8st ikke\",\"isPartOf\":{\"@id\":\"https:\/\/acefootball.com\/da\/#website\"},\"primaryImageOfPage\":{\"@id\":\"https:\/\/acefootball.com\/da\/fodboldnyheder\/agf-keeper-om-negativ-broendby-snak-jeg-forstaar-det-serioest-ikke\/#primaryimage\"},\"datePublished\":\"2021-02-26T14:27:23+00:00\",\"dateModified\":\"2021-02-26T14:27:24+00:00\",\"description\":\"AGF's m\u00e5lmand Kamil Grabara kan ikke forst\u00e5, at der er folk, der ikke har respekt for, at Br\u00f8ndby ligger nummer \u00e9t i 3F Superligaen\",\"breadcrumb\":{\"@id\":\"https:\/\/acefootball.com\/da\/fodboldnyheder\/agf-keeper-om-negativ-broendby-snak-jeg-forstaar-det-serioest-ikke\/#breadcrumb\"},\"inLanguage\":\"en-US\",\"potentialAction\":[{\"@type\":\"ReadAction\",\"target\":[\"https:\/\/acefootball.com\/da\/fodboldnyheder\/agf-keeper-om-negativ-broendby-snak-jeg-forstaar-det-serioest-ikke\/\"]}]},{\"@type\":\"BreadcrumbList\",\"@id\":\"https:\/\/acefootball.com\/da\/fodboldnyheder\/agf-keeper-om-negativ-broendby-snak-jeg-forstaar-det-serioest-ikke\/#breadcrumb\",\"itemListElement\":[{\"@type\":\"ListItem\",\"position\":1,\"name\":\"Home\",\"item\":\"https:\/\/acefootball.com\/da\/\"},{\"@type\":\"ListItem\",\"position\":2,\"name\":\"AGF-keeper om negativ Br\u00f8ndby-snak: Jeg forst\u00e5r det seri\u00f8st ikke\"}]},{\"@type\":\"Article\",\"@id\":\"https:\/\/acefootball.com\/da\/fodboldnyheder\/agf-keeper-om-negativ-broendby-snak-jeg-forstaar-det-serioest-ikke\/#article\",\"isPartOf\":{\"@id\":\"https:\/\/acefootball.com\/da\/fodboldnyheder\/agf-keeper-om-negativ-broendby-snak-jeg-forstaar-det-serioest-ikke\/#webpage\"},\"author\":{\"@id\":\"https:\/\/acefootball.com\/da\/#\/schema\/person\/fd6223a1c033400b41da7853ddf88c84\"},\"headline\":\"AGF-keeper om negativ Br\u00f8ndby-snak: Jeg forst\u00e5r det seri\u00f8st ikke\",\"datePublished\":\"2021-02-26T14:27:23+00:00\",\"dateModified\":\"2021-02-26T14:27:24+00:00\",\"mainEntityOfPage\":{\"@id\":\"https:\/\/acefootball.com\/da\/fodboldnyheder\/agf-keeper-om-negativ-broendby-snak-jeg-forstaar-det-serioest-ikke\/#webpage\"},\"wordCount\":224,\"commentCount\":0,\"publisher\":{\"@id\":\"https:\/\/acefootball.com\/da\/#organization\"},\"image\":{\"@id\":\"https:\/\/acefootball.com\/da\/fodboldnyheder\/agf-keeper-om-negativ-broendby-snak-jeg-forstaar-det-serioest-ikke\/#primaryimage\"},\"thumbnailUrl\":\"https:\/\/acefootball.com\/da\/wp-content\/uploads\/sites\/2\/2021\/01\/GettyImages-1229280488.jpg\",\"keywords\":[\"AGF\",\"Br\u00f8ndby IF\",\"Kamil Grabara\",\"Superligaen\"],\"articleSection\":[\"Udtalelse\"],\"inLanguage\":\"en-US\",\"potentialAction\":[{\"@type\":\"CommentAction\",\"name\":\"Comment\",\"target\":[\"https:\/\/acefootball.com\/da\/fodboldnyheder\/agf-keeper-om-negativ-broendby-snak-jeg-forstaar-det-serioest-ikke\/#respond\"]}]},{\"@type\":\"Person\",\"@id\":\"https:\/\/acefootball.com\/da\/#\/schema\/person\/fd6223a1c033400b41da7853ddf88c84\",\"name\":\"Patrick Hesselb\u00e6k\",\"image\":{\"@type\":\"ImageObject\",\"@id\":\"https:\/\/acefootball.com\/da\/#personlogo\",\"inLanguage\":\"en-US\",\"url\":\"https:\/\/secure.gravatar.com\/avatar\/7919060992759bffbffb199d6cbdce6f?s=96&d=mm&r=g\",\"contentUrl\":\"https:\/\/secure.gravatar.com\/avatar\/7919060992759bffbffb199d6cbdce6f?s=96&d=mm&r=g\",\"caption\":\"Patrick Hesselb\u00e6k\"},\"description\":\"Redakt\u00f8r p\u00e5 den danske Ace Football-redaktion. Uddannet i kommunikation fra Aalborg Universitet. Prim\u00e6rt fokus p\u00e5 den danske 3F Superliga og de st\u00f8rste europ\u00e6iske turneringer.\",\"sameAs\":[\"https:\/\/www.linkedin.com\/in\/patrick-hesselbk-2a4b1711a\/\"],\"url\":\"https:\/\/acefootball.com\/da\/fodboldnyheder\/author\/patrickhesselbaek\/\"}]}<\/script>\n<!-- \/ Yoast SEO plugin. -->","yoast_head_json":{"title":"AGF-keeper om negativ Br\u00f8ndby-snak: Jeg forst\u00e5r det seri\u00f8st ikke","description":"AGF's m\u00e5lmand Kamil Grabara kan ikke forst\u00e5, at der er folk, der ikke har respekt for, at Br\u00f8ndby ligger nummer \u00e9t i 3F Superligaen","robots":{"index":"index","follow":"follow","max-snippet":"max-snippet:-1","max-image-preview":"max-image-preview:large","max-video-preview":"max-video-preview:-1"},"canonical":"https:\/\/acefootball.com\/da\/fodboldnyheder\/agf-keeper-om-negativ-broendby-snak-jeg-forstaar-det-serioest-ikke\/","og_locale":"en_US","og_type":"article","og_title":"AGF-keeper om negativ Br\u00f8ndby-snak: Jeg forst\u00e5r det seri\u00f8st ikke","og_description":"AGF's m\u00e5lmand Kamil Grabara kan ikke forst\u00e5, at der er folk, der ikke har respekt for, at Br\u00f8ndby ligger nummer \u00e9t i 3F Superligaen","og_url":"https:\/\/acefootball.com\/da\/fodboldnyheder\/agf-keeper-om-negativ-broendby-snak-jeg-forstaar-det-serioest-ikke\/","og_site_name":"Ace Football Danmark","article_publisher":"https:\/\/www.facebook.com\/acefootballdk","article_published_time":"2021-02-26T14:27:23+00:00","article_modified_time":"2021-02-26T14:27:24+00:00","og_image":[{"width":1920,"height":1008,"url":"https:\/\/acefootball.com\/da\/wp-content\/uploads\/sites\/2\/2021\/02\/Laes-mere-generel-30-2.jpg","type":"image\/jpeg"}],"twitter_card":"summary_large_image","twitter_misc":{"Written by":"Patrick Hesselb\u00e6k","Est. reading time":"1 minute"},"schema":{"@context":"https:\/\/schema.org","@graph":[{"@type":"Organization","@id":"https:\/\/acefootball.com\/da\/#organization","name":"Ace Football","url":"https:\/\/acefootball.com\/da\/","sameAs":["https:\/\/www.facebook.com\/acefootballdk"],"logo":{"@type":"ImageObject","@id":"https:\/\/acefootball.com\/da\/#logo","inLanguage":"en-US","url":"https:\/\/acefootball.com\/da\/wp-content\/uploads\/sites\/2\/2020\/07\/Ace-Football-30-07-2020-2.png","contentUrl":"https:\/\/acefootball.com\/da\/wp-content\/uploads\/sites\/2\/2020\/07\/Ace-Football-30-07-2020-2.png","width":1200,"height":600,"caption":"Ace Football"},"image":{"@id":"https:\/\/acefootball.com\/da\/#logo"}},{"@type":"WebSite","@id":"https:\/\/acefootball.com\/da\/#website","url":"https:\/\/acefootball.com\/da\/","name":"Ace Football Danmark","description":"Nyheder, Spiltips &amp; Livescore","publisher":{"@id":"https:\/\/acefootball.com\/da\/#organization"},"potentialAction":[{"@type":"SearchAction","target":{"@type":"EntryPoint","urlTemplate":"https:\/\/acefootball.com\/da\/?s={search_term_string}"},"query-input":"required name=search_term_string"}],"inLanguage":"en-US"},{"@type":"ImageObject","@id":"https:\/\/acefootball.com\/da\/fodboldnyheder\/agf-keeper-om-negativ-broendby-snak-jeg-forstaar-det-serioest-ikke\/#primaryimage","inLanguage":"en-US","url":"https:\/\/acefootball.com\/da\/wp-content\/uploads\/sites\/2\/2021\/02\/Laes-mere-generel-30-2.jpg","contentUrl":"https:\/\/acefootball.com\/da\/wp-content\/uploads\/sites\/2\/2021\/02\/Laes-mere-generel-30-2.jpg","width":1920,"height":1008},{"@type":"WebPage","@id":"https:\/\/acefootball.com\/da\/fodboldnyheder\/agf-keeper-om-negativ-broendby-snak-jeg-forstaar-det-serioest-ikke\/#webpage","url":"https:\/\/acefootball.com\/da\/fodboldnyheder\/agf-keeper-om-negativ-broendby-snak-jeg-forstaar-det-serioest-ikke\/","name":"AGF-keeper om negativ Br\u00f8ndby-snak: Jeg forst\u00e5r det seri\u00f8st ikke","isPartOf":{"@id":"https:\/\/acefootball.com\/da\/#website"},"primaryImageOfPage":{"@id":"https:\/\/acefootball.com\/da\/fodboldnyheder\/agf-keeper-om-negativ-broendby-snak-jeg-forstaar-det-serioest-ikke\/#primaryimage"},"datePublished":"2021-02-26T14:27:23+00:00","dateModified":"2021-02-26T14:27:24+00:00","description":"AGF's m\u00e5lmand Kamil Grabara kan ikke forst\u00e5, at der er folk, der ikke har respekt for, at Br\u00f8ndby ligger nummer \u00e9t i 3F Superligaen","breadcrumb":{"@id":"https:\/\/acefootball.com\/da\/fodboldnyheder\/agf-keeper-om-negativ-broendby-snak-jeg-forstaar-det-serioest-ikke\/#breadcrumb"},"inLanguage":"en-US","potentialAction":[{"@type":"ReadAction","target":["https:\/\/acefootball.com\/da\/fodboldnyheder\/agf-keeper-om-negativ-broendby-snak-jeg-forstaar-det-serioest-ikke\/"]}]},{"@type":"BreadcrumbList","@id":"https:\/\/acefootball.com\/da\/fodboldnyheder\/agf-keeper-om-negativ-broendby-snak-jeg-forstaar-det-serioest-ikke\/#breadcrumb","itemListElement":[{"@type":"ListItem","position":1,"name":"Home","item":"https:\/\/acefootball.com\/da\/"},{"@type":"ListItem","position":2,"name":"AGF-keeper om negativ Br\u00f8ndby-snak: Jeg forst\u00e5r det seri\u00f8st ikke"}]},{"@type":"Article","@id":"https:\/\/acefootball.com\/da\/fodboldnyheder\/agf-keeper-om-negativ-broendby-snak-jeg-forstaar-det-serioest-ikke\/#article","isPartOf":{"@id":"https:\/\/acefootball.com\/da\/fodboldnyheder\/agf-keeper-om-negativ-broendby-snak-jeg-forstaar-det-serioest-ikke\/#webpage"},"author":{"@id":"https:\/\/acefootball.com\/da\/#\/schema\/person\/fd6223a1c033400b41da7853ddf88c84"},"headline":"AGF-keeper om negativ Br\u00f8ndby-snak: Jeg forst\u00e5r det seri\u00f8st ikke","datePublished":"2021-02-26T14:27:23+00:00","dateModified":"2021-02-26T14:27:24+00:00","mainEntityOfPage":{"@id":"https:\/\/acefootball.com\/da\/fodboldnyheder\/agf-keeper-om-negativ-broendby-snak-jeg-forstaar-det-serioest-ikke\/#webpage"},"wordCount":224,"commentCount":0,"publisher":{"@id":"https:\/\/acefootball.com\/da\/#organization"},"image":{"@id":"https:\/\/acefootball.com\/da\/fodboldnyheder\/agf-keeper-om-negativ-broendby-snak-jeg-forstaar-det-serioest-ikke\/#primaryimage"},"thumbnailUrl":"https:\/\/acefootball.com\/da\/wp-content\/uploads\/sites\/2\/2021\/01\/GettyImages-1229280488.jpg","keywords":["AGF","Br\u00f8ndby IF","Kamil Grabara","Superligaen"],"articleSection":["Udtalelse"],"inLanguage":"en-US","potentialAction":[{"@type":"CommentAction","name":"Comment","target":["https:\/\/acefootball.com\/da\/fodboldnyheder\/agf-keeper-om-negativ-broendby-snak-jeg-forstaar-det-serioest-ikke\/#respond"]}]},{"@type":"Person","@id":"https:\/\/acefootball.com\/da\/#\/schema\/person\/fd6223a1c033400b41da7853ddf88c84","name":"Patrick Hesselb\u00e6k","image":{"@type":"ImageObject","@id":"https:\/\/acefootball.com\/da\/#personlogo","inLanguage":"en-US","url":"https:\/\/secure.gravatar.com\/avatar\/7919060992759bffbffb199d6cbdce6f?s=96&d=mm&r=g","contentUrl":"https:\/\/secure.gravatar.com\/avatar\/7919060992759bffbffb199d6cbdce6f?s=96&d=mm&r=g","caption":"Patrick Hesselb\u00e6k"},"description":"Redakt\u00f8r p\u00e5 den danske Ace Football-redaktion. Uddannet i kommunikation fra Aalborg Universitet. Prim\u00e6rt fokus p\u00e5 den danske 3F Superliga og de st\u00f8rste europ\u00e6iske turneringer.","sameAs":["https:\/\/www.linkedin.com\/in\/patrick-hesselbk-2a4b1711a\/"],"url":"https:\/\/acefootball.com\/da\/fodboldnyheder\/author\/patrickhesselbaek\/"}]}},"fimg_url":"https:\/\/acefootball.com\/da\/wp-content\/uploads\/sites\/2\/2021\/01\/GettyImages-1229280488.jpg","_links":{"self":[{"href":"https:\/\/acefootball.com\/da\/wp-json\/wp\/v2\/posts\/252990"}],"collection":[{"href":"https:\/\/acefootball.com\/da\/wp-json\/wp\/v2\/posts"}],"about":[{"href":"https:\/\/acefootball.com\/da\/wp-json\/wp\/v2\/types\/post"}],"author":[{"embeddable":true,"href":"https:\/\/acefootball.com\/da\/wp-json\/wp\/v2\/users\/74"}],"replies":[{"embeddable":true,"href":"https:\/\/acefootball.com\/da\/wp-json\/wp\/v2\/comments?post=252990"}],"version-history":[{"count":0,"href":"https:\/\/acefootball.com\/da\/wp-json\/wp\/v2\/posts\/252990\/revisions"}],"wp:featuredmedia":[{"embeddable":true,"href":"https:\/\/acefootball.com\/da\/wp-json\/wp\/v2\/media\/248877"}],"wp:attachment":[{"href":"https:\/\/acefootball.com\/da\/wp-json\/wp\/v2\/media?parent=252990"}],"wp:term":[{"taxonomy":"category","embeddable":true,"href":"https:\/\/acefootball.com\/da\/wp-json\/wp\/v2\/categories?post=252990"},{"taxonomy":"post_tag","embeddable":true,"href":"https:\/\/acefootball.com\/da\/wp-json\/wp\/v2\/tags?post=252990"}],"curies":[{"name":"wp","href":"https:\/\/api.w.org\/{rel}","templated":true}]}}