{"id":252931,"date":"2021-02-25T15:34:47","date_gmt":"2021-02-25T14:34:47","guid":{"rendered":"https:\/\/acefootball.com\/da\/?p=252931"},"modified":"2021-02-25T15:34:48","modified_gmt":"2021-02-25T14:34:48","slug":"det-eskalerer-fuldstaendigt-spark-i-hovedet-saetter-gang-i-kaempe-slagsmaal","status":"publish","type":"post","link":"https:\/\/acefootball.com\/da\/fodboldnyheder\/det-eskalerer-fuldstaendigt-spark-i-hovedet-saetter-gang-i-kaempe-slagsmaal\/","title":{"rendered":"Det eskalerer fuldst\u00e6ndigt: Spark i hovedet s\u00e6tter gang i k\u00e6mpe slagsm\u00e5l"},"content":{"rendered":"\n<h2 id=\"h-en-fodboldkamp-i-gr-kenland-endte-i-det-rene-anarki-da-et-frisparksm-l-t-ndte-lunten-p-flere-spillere-hos-det-forsvarende-hold\">En fodboldkamp i Gr\u00e6kenland endte i det rene anarki, da et frisparksm\u00e5l t\u00e6ndte lunten p\u00e5 flere spillere hos det forsvarende hold<\/h2>\n\n\n\n<p>Frustrationerne var allerede til at tage at f\u00f8le p\u00e5, da dommeren i en kamp i Gr\u00e6kenland d\u00f8mte frispark lige udenfor feltet.<\/p>\n\n\n\n<p>Flere af det forsvarende holds spillere var st\u00e6rkt utilfredse med kendelsen, og en enkelt fik endda vist det r\u00f8de kort for brok, men der kom ro over gemytterne igen.<\/p>\n\n\n\n<p>Frisparket blev dog sparket i kassen, og det ant\u00e6ndte igen det uheldige hold. M\u00e5lmanden startede med at sparke en modstander ned, og samme spiller modtog efterf\u00f8lgende et spark i hovedet.<\/p>\n\n\n\n<p>Herefter eskalerede begivenhederne totalt. Du kan se den vilde episode her:<\/p>\n\n\n\n<figure class=\"wp-block-embed is-type-video is-provider-youtube wp-block-embed-youtube wp-embed-aspect-4-3 wp-has-aspect-ratio\"><div class=\"wp-block-embed__wrapper\">\n<iframe loading=\"lazy\" title=\"MOST VIOLENT FOOTBALL MATCH FIGHT &#039;&#039;SOCCER HEADKICKS&#039;&#039;\" width=\"640\" height=\"480\" src=\"https:\/\/www.youtube.com\/embed\/8U1lTI0TFhw?feature=oembed\" frameborder=\"0\" allow=\"accelerometer; autoplay; clipboard-write; encrypted-media; gyroscope; picture-in-picture\" allowfullscreen><\/iframe>\n<\/div><\/figure>\n\n\n\n<p>Der var anderledes godt hum\u00f8r i Belgien for nyligt, da forsvarsspilleren Jan Van den Bergh fejrede et gudem\u00e5l p\u00e5 beh\u00f8rig vis:<\/p>\n\n\n\n<figure class=\"wp-block-embed is-type-wp-embed is-provider-ace-football-danmark wp-block-embed-ace-football-danmark\"><div class=\"wp-block-embed__wrapper\">\n<blockquote class=\"wp-embedded-content\" data-secret=\"BGjm5OSm08\"><a href=\"https:\/\/acefootball.com\/da\/fodboldnyheder\/legendarisk-jubelscene-laver-ormen-efter-droemmemaal\/\">Legendarisk jubelscene: Laver ormen efter dr\u00f8mmem\u00e5l<\/a><\/blockquote><iframe class=\"wp-embedded-content\" sandbox=\"allow-scripts\" security=\"restricted\" style=\"position: absolute; clip: rect(1px, 1px, 1px, 1px);\" title=\"&#8220;Legendarisk jubelscene: Laver ormen efter dr\u00f8mmem\u00e5l&#8221; &#8212; Ace Football Danmark\" src=\"https:\/\/acefootball.com\/da\/fodboldnyheder\/legendarisk-jubelscene-laver-ormen-efter-droemmemaal\/embed\/#?secret=BGjm5OSm08\" data-secret=\"BGjm5OSm08\" width=\"600\" height=\"338\" frameborder=\"0\" marginwidth=\"0\" marginheight=\"0\" scrolling=\"no\"><\/iframe>\n<\/div><\/figure>\n","protected":false},"excerpt":{"rendered":"<p>En fodboldkamp i Gr\u00e6kenland endte i det rene anarki, da et frisparksm\u00e5l t\u00e6ndte lunten p\u00e5 flere spillere hos det forsvarende hold<\/p>\n","protected":false},"author":705,"featured_media":252932,"comment_status":"open","ping_status":"closed","sticky":false,"template":"","format":"video","meta":{"om_disable_all_campaigns":false,"push_articles_ronaldo":{"active":false,"canonical":0,"publish":false},"force_updates":null},"categories":[8098],"tags":[1026],"enet_tags":{"team":["6383"],"sport_events":[]},"yoast_head":"<!-- This site is optimized with the Yoast SEO plugin v18.3 - https:\/\/yoast.com\/wordpress\/plugins\/seo\/ -->\n<title>Det eskalerer fuldst\u00e6ndigt: Spark i hovedet s\u00e6tter gang i k\u00e6mpe slagsm\u00e5l<\/title>\n<meta name=\"description\" content=\"En fodboldkamp i Gr\u00e6kenland endte i det rene anarki, da et frisparksm\u00e5l t\u00e6ndte lunten p\u00e5 flere spillere hos det forsvarende hold\" \/>\n<meta name=\"robots\" content=\"index, follow, max-snippet:-1, max-image-preview:large, max-video-preview:-1\" \/>\n<link rel=\"canonical\" href=\"https:\/\/acefootball.com\/da\/fodboldnyheder\/det-eskalerer-fuldstaendigt-spark-i-hovedet-saetter-gang-i-kaempe-slagsmaal\/\" \/>\n<meta property=\"og:locale\" content=\"en_US\" \/>\n<meta property=\"og:type\" content=\"article\" \/>\n<meta property=\"og:title\" content=\"Det eskalerer fuldst\u00e6ndigt: Spark i hovedet s\u00e6tter gang i k\u00e6mpe slagsm\u00e5l\" \/>\n<meta property=\"og:description\" content=\"En fodboldkamp i Gr\u00e6kenland endte i det rene anarki, da et frisparksm\u00e5l t\u00e6ndte lunten p\u00e5 flere spillere hos det forsvarende hold\" \/>\n<meta property=\"og:url\" content=\"https:\/\/acefootball.com\/da\/fodboldnyheder\/det-eskalerer-fuldstaendigt-spark-i-hovedet-saetter-gang-i-kaempe-slagsmaal\/\" \/>\n<meta property=\"og:site_name\" content=\"Ace Football Danmark\" \/>\n<meta property=\"article:publisher\" content=\"https:\/\/www.facebook.com\/acefootballdk\" \/>\n<meta property=\"article:published_time\" content=\"2021-02-25T14:34:47+00:00\" \/>\n<meta property=\"article:modified_time\" content=\"2021-02-25T14:34:48+00:00\" \/>\n<meta property=\"og:image\" content=\"https:\/\/acefootball.com\/da\/wp-content\/uploads\/sites\/2\/2021\/02\/Video-generel-22-3.jpg\" \/>\n\t<meta property=\"og:image:width\" content=\"1920\" \/>\n\t<meta property=\"og:image:height\" content=\"1008\" \/>\n\t<meta property=\"og:image:type\" content=\"image\/jpeg\" \/>\n<meta name=\"twitter:card\" content=\"summary_large_image\" \/>\n<meta name=\"twitter:label1\" content=\"Written by\" \/>\n\t<meta name=\"twitter:data1\" content=\"Mads Dreyer\" \/>\n\t<meta name=\"twitter:label2\" content=\"Est. reading time\" \/>\n\t<meta name=\"twitter:data2\" content=\"1 minute\" \/>\n<script type=\"application\/ld+json\" class=\"yoast-schema-graph\">{\"@context\":\"https:\/\/schema.org\",\"@graph\":[{\"@type\":\"Organization\",\"@id\":\"https:\/\/acefootball.com\/da\/#organization\",\"name\":\"Ace Football\",\"url\":\"https:\/\/acefootball.com\/da\/\",\"sameAs\":[\"https:\/\/www.facebook.com\/acefootballdk\"],\"logo\":{\"@type\":\"ImageObject\",\"@id\":\"https:\/\/acefootball.com\/da\/#logo\",\"inLanguage\":\"en-US\",\"url\":\"https:\/\/acefootball.com\/da\/wp-content\/uploads\/sites\/2\/2020\/07\/Ace-Football-30-07-2020-2.png\",\"contentUrl\":\"https:\/\/acefootball.com\/da\/wp-content\/uploads\/sites\/2\/2020\/07\/Ace-Football-30-07-2020-2.png\",\"width\":1200,\"height\":600,\"caption\":\"Ace Football\"},\"image\":{\"@id\":\"https:\/\/acefootball.com\/da\/#logo\"}},{\"@type\":\"WebSite\",\"@id\":\"https:\/\/acefootball.com\/da\/#website\",\"url\":\"https:\/\/acefootball.com\/da\/\",\"name\":\"Ace Football Danmark\",\"description\":\"Nyheder, Spiltips &amp; Livescore\",\"publisher\":{\"@id\":\"https:\/\/acefootball.com\/da\/#organization\"},\"potentialAction\":[{\"@type\":\"SearchAction\",\"target\":{\"@type\":\"EntryPoint\",\"urlTemplate\":\"https:\/\/acefootball.com\/da\/?s={search_term_string}\"},\"query-input\":\"required name=search_term_string\"}],\"inLanguage\":\"en-US\"},{\"@type\":\"ImageObject\",\"@id\":\"https:\/\/acefootball.com\/da\/fodboldnyheder\/det-eskalerer-fuldstaendigt-spark-i-hovedet-saetter-gang-i-kaempe-slagsmaal\/#primaryimage\",\"inLanguage\":\"en-US\",\"url\":\"https:\/\/acefootball.com\/da\/wp-content\/uploads\/sites\/2\/2021\/02\/Video-generel-22-3.jpg\",\"contentUrl\":\"https:\/\/acefootball.com\/da\/wp-content\/uploads\/sites\/2\/2021\/02\/Video-generel-22-3.jpg\",\"width\":1920,\"height\":1008},{\"@type\":\"WebPage\",\"@id\":\"https:\/\/acefootball.com\/da\/fodboldnyheder\/det-eskalerer-fuldstaendigt-spark-i-hovedet-saetter-gang-i-kaempe-slagsmaal\/#webpage\",\"url\":\"https:\/\/acefootball.com\/da\/fodboldnyheder\/det-eskalerer-fuldstaendigt-spark-i-hovedet-saetter-gang-i-kaempe-slagsmaal\/\",\"name\":\"Det eskalerer fuldst\u00e6ndigt: Spark i hovedet s\u00e6tter gang i k\u00e6mpe slagsm\u00e5l\",\"isPartOf\":{\"@id\":\"https:\/\/acefootball.com\/da\/#website\"},\"primaryImageOfPage\":{\"@id\":\"https:\/\/acefootball.com\/da\/fodboldnyheder\/det-eskalerer-fuldstaendigt-spark-i-hovedet-saetter-gang-i-kaempe-slagsmaal\/#primaryimage\"},\"datePublished\":\"2021-02-25T14:34:47+00:00\",\"dateModified\":\"2021-02-25T14:34:48+00:00\",\"description\":\"En fodboldkamp i Gr\u00e6kenland endte i det rene anarki, da et frisparksm\u00e5l t\u00e6ndte lunten p\u00e5 flere spillere hos det forsvarende hold\",\"breadcrumb\":{\"@id\":\"https:\/\/acefootball.com\/da\/fodboldnyheder\/det-eskalerer-fuldstaendigt-spark-i-hovedet-saetter-gang-i-kaempe-slagsmaal\/#breadcrumb\"},\"inLanguage\":\"en-US\",\"potentialAction\":[{\"@type\":\"ReadAction\",\"target\":[\"https:\/\/acefootball.com\/da\/fodboldnyheder\/det-eskalerer-fuldstaendigt-spark-i-hovedet-saetter-gang-i-kaempe-slagsmaal\/\"]}]},{\"@type\":\"BreadcrumbList\",\"@id\":\"https:\/\/acefootball.com\/da\/fodboldnyheder\/det-eskalerer-fuldstaendigt-spark-i-hovedet-saetter-gang-i-kaempe-slagsmaal\/#breadcrumb\",\"itemListElement\":[{\"@type\":\"ListItem\",\"position\":1,\"name\":\"Home\",\"item\":\"https:\/\/acefootball.com\/da\/\"},{\"@type\":\"ListItem\",\"position\":2,\"name\":\"Det eskalerer fuldst\u00e6ndigt: Spark i hovedet s\u00e6tter gang i k\u00e6mpe slagsm\u00e5l\"}]},{\"@type\":\"Article\",\"@id\":\"https:\/\/acefootball.com\/da\/fodboldnyheder\/det-eskalerer-fuldstaendigt-spark-i-hovedet-saetter-gang-i-kaempe-slagsmaal\/#article\",\"isPartOf\":{\"@id\":\"https:\/\/acefootball.com\/da\/fodboldnyheder\/det-eskalerer-fuldstaendigt-spark-i-hovedet-saetter-gang-i-kaempe-slagsmaal\/#webpage\"},\"author\":{\"@id\":\"https:\/\/acefootball.com\/da\/#\/schema\/person\/ee67e9cf04a276f144100ffa722f10cd\"},\"headline\":\"Det eskalerer fuldst\u00e6ndigt: Spark i hovedet s\u00e6tter gang i k\u00e6mpe slagsm\u00e5l\",\"datePublished\":\"2021-02-25T14:34:47+00:00\",\"dateModified\":\"2021-02-25T14:34:48+00:00\",\"mainEntityOfPage\":{\"@id\":\"https:\/\/acefootball.com\/da\/fodboldnyheder\/det-eskalerer-fuldstaendigt-spark-i-hovedet-saetter-gang-i-kaempe-slagsmaal\/#webpage\"},\"wordCount\":177,\"commentCount\":0,\"publisher\":{\"@id\":\"https:\/\/acefootball.com\/da\/#organization\"},\"image\":{\"@id\":\"https:\/\/acefootball.com\/da\/fodboldnyheder\/det-eskalerer-fuldstaendigt-spark-i-hovedet-saetter-gang-i-kaempe-slagsmaal\/#primaryimage\"},\"thumbnailUrl\":\"https:\/\/acefootball.com\/da\/wp-content\/uploads\/sites\/2\/2021\/02\/Untitled-design-45.jpg\",\"keywords\":[\"Gr\u00e6kenland\"],\"articleSection\":[\"Video\"],\"inLanguage\":\"en-US\",\"potentialAction\":[{\"@type\":\"CommentAction\",\"name\":\"Comment\",\"target\":[\"https:\/\/acefootball.com\/da\/fodboldnyheder\/det-eskalerer-fuldstaendigt-spark-i-hovedet-saetter-gang-i-kaempe-slagsmaal\/#respond\"]}]},{\"@type\":\"Person\",\"@id\":\"https:\/\/acefootball.com\/da\/#\/schema\/person\/ee67e9cf04a276f144100ffa722f10cd\",\"name\":\"Mads Dreyer\",\"image\":{\"@type\":\"ImageObject\",\"@id\":\"https:\/\/acefootball.com\/da\/#personlogo\",\"inLanguage\":\"en-US\",\"url\":\"https:\/\/secure.gravatar.com\/avatar\/7c7abf72cfde9902b6a60efe60c88d4c?s=96&d=mm&r=g\",\"contentUrl\":\"https:\/\/secure.gravatar.com\/avatar\/7c7abf72cfde9902b6a60efe60c88d4c?s=96&d=mm&r=g\",\"caption\":\"Mads Dreyer\"},\"description\":\"Skribent og fodboldn\u00f8rd, der lige nu fort\u00e6ller om alt og intet i fodboldverdenen p\u00e5 acefootball.com. Uddannet i kommunikation fra Aalborg Universitet.\",\"sameAs\":[\"https:\/\/www.linkedin.com\/in\/mads-dreyer-b9b08266\/\"],\"url\":\"https:\/\/acefootball.com\/da\/fodboldnyheder\/author\/mdnronaldo\/\"}]}<\/script>\n<!-- \/ Yoast SEO plugin. -->","yoast_head_json":{"title":"Det eskalerer fuldst\u00e6ndigt: Spark i hovedet s\u00e6tter gang i k\u00e6mpe slagsm\u00e5l","description":"En fodboldkamp i Gr\u00e6kenland endte i det rene anarki, da et frisparksm\u00e5l t\u00e6ndte lunten p\u00e5 flere spillere hos det forsvarende hold","robots":{"index":"index","follow":"follow","max-snippet":"max-snippet:-1","max-image-preview":"max-image-preview:large","max-video-preview":"max-video-preview:-1"},"canonical":"https:\/\/acefootball.com\/da\/fodboldnyheder\/det-eskalerer-fuldstaendigt-spark-i-hovedet-saetter-gang-i-kaempe-slagsmaal\/","og_locale":"en_US","og_type":"article","og_title":"Det eskalerer fuldst\u00e6ndigt: Spark i hovedet s\u00e6tter gang i k\u00e6mpe slagsm\u00e5l","og_description":"En fodboldkamp i Gr\u00e6kenland endte i det rene anarki, da et frisparksm\u00e5l t\u00e6ndte lunten p\u00e5 flere spillere hos det forsvarende hold","og_url":"https:\/\/acefootball.com\/da\/fodboldnyheder\/det-eskalerer-fuldstaendigt-spark-i-hovedet-saetter-gang-i-kaempe-slagsmaal\/","og_site_name":"Ace Football Danmark","article_publisher":"https:\/\/www.facebook.com\/acefootballdk","article_published_time":"2021-02-25T14:34:47+00:00","article_modified_time":"2021-02-25T14:34:48+00:00","og_image":[{"width":1920,"height":1008,"url":"https:\/\/acefootball.com\/da\/wp-content\/uploads\/sites\/2\/2021\/02\/Video-generel-22-3.jpg","type":"image\/jpeg"}],"twitter_card":"summary_large_image","twitter_misc":{"Written by":"Mads Dreyer","Est. reading time":"1 minute"},"schema":{"@context":"https:\/\/schema.org","@graph":[{"@type":"Organization","@id":"https:\/\/acefootball.com\/da\/#organization","name":"Ace Football","url":"https:\/\/acefootball.com\/da\/","sameAs":["https:\/\/www.facebook.com\/acefootballdk"],"logo":{"@type":"ImageObject","@id":"https:\/\/acefootball.com\/da\/#logo","inLanguage":"en-US","url":"https:\/\/acefootball.com\/da\/wp-content\/uploads\/sites\/2\/2020\/07\/Ace-Football-30-07-2020-2.png","contentUrl":"https:\/\/acefootball.com\/da\/wp-content\/uploads\/sites\/2\/2020\/07\/Ace-Football-30-07-2020-2.png","width":1200,"height":600,"caption":"Ace Football"},"image":{"@id":"https:\/\/acefootball.com\/da\/#logo"}},{"@type":"WebSite","@id":"https:\/\/acefootball.com\/da\/#website","url":"https:\/\/acefootball.com\/da\/","name":"Ace Football Danmark","description":"Nyheder, Spiltips &amp; Livescore","publisher":{"@id":"https:\/\/acefootball.com\/da\/#organization"},"potentialAction":[{"@type":"SearchAction","target":{"@type":"EntryPoint","urlTemplate":"https:\/\/acefootball.com\/da\/?s={search_term_string}"},"query-input":"required name=search_term_string"}],"inLanguage":"en-US"},{"@type":"ImageObject","@id":"https:\/\/acefootball.com\/da\/fodboldnyheder\/det-eskalerer-fuldstaendigt-spark-i-hovedet-saetter-gang-i-kaempe-slagsmaal\/#primaryimage","inLanguage":"en-US","url":"https:\/\/acefootball.com\/da\/wp-content\/uploads\/sites\/2\/2021\/02\/Video-generel-22-3.jpg","contentUrl":"https:\/\/acefootball.com\/da\/wp-content\/uploads\/sites\/2\/2021\/02\/Video-generel-22-3.jpg","width":1920,"height":1008},{"@type":"WebPage","@id":"https:\/\/acefootball.com\/da\/fodboldnyheder\/det-eskalerer-fuldstaendigt-spark-i-hovedet-saetter-gang-i-kaempe-slagsmaal\/#webpage","url":"https:\/\/acefootball.com\/da\/fodboldnyheder\/det-eskalerer-fuldstaendigt-spark-i-hovedet-saetter-gang-i-kaempe-slagsmaal\/","name":"Det eskalerer fuldst\u00e6ndigt: Spark i hovedet s\u00e6tter gang i k\u00e6mpe slagsm\u00e5l","isPartOf":{"@id":"https:\/\/acefootball.com\/da\/#website"},"primaryImageOfPage":{"@id":"https:\/\/acefootball.com\/da\/fodboldnyheder\/det-eskalerer-fuldstaendigt-spark-i-hovedet-saetter-gang-i-kaempe-slagsmaal\/#primaryimage"},"datePublished":"2021-02-25T14:34:47+00:00","dateModified":"2021-02-25T14:34:48+00:00","description":"En fodboldkamp i Gr\u00e6kenland endte i det rene anarki, da et frisparksm\u00e5l t\u00e6ndte lunten p\u00e5 flere spillere hos det forsvarende hold","breadcrumb":{"@id":"https:\/\/acefootball.com\/da\/fodboldnyheder\/det-eskalerer-fuldstaendigt-spark-i-hovedet-saetter-gang-i-kaempe-slagsmaal\/#breadcrumb"},"inLanguage":"en-US","potentialAction":[{"@type":"ReadAction","target":["https:\/\/acefootball.com\/da\/fodboldnyheder\/det-eskalerer-fuldstaendigt-spark-i-hovedet-saetter-gang-i-kaempe-slagsmaal\/"]}]},{"@type":"BreadcrumbList","@id":"https:\/\/acefootball.com\/da\/fodboldnyheder\/det-eskalerer-fuldstaendigt-spark-i-hovedet-saetter-gang-i-kaempe-slagsmaal\/#breadcrumb","itemListElement":[{"@type":"ListItem","position":1,"name":"Home","item":"https:\/\/acefootball.com\/da\/"},{"@type":"ListItem","position":2,"name":"Det eskalerer fuldst\u00e6ndigt: Spark i hovedet s\u00e6tter gang i k\u00e6mpe slagsm\u00e5l"}]},{"@type":"Article","@id":"https:\/\/acefootball.com\/da\/fodboldnyheder\/det-eskalerer-fuldstaendigt-spark-i-hovedet-saetter-gang-i-kaempe-slagsmaal\/#article","isPartOf":{"@id":"https:\/\/acefootball.com\/da\/fodboldnyheder\/det-eskalerer-fuldstaendigt-spark-i-hovedet-saetter-gang-i-kaempe-slagsmaal\/#webpage"},"author":{"@id":"https:\/\/acefootball.com\/da\/#\/schema\/person\/ee67e9cf04a276f144100ffa722f10cd"},"headline":"Det eskalerer fuldst\u00e6ndigt: Spark i hovedet s\u00e6tter gang i k\u00e6mpe slagsm\u00e5l","datePublished":"2021-02-25T14:34:47+00:00","dateModified":"2021-02-25T14:34:48+00:00","mainEntityOfPage":{"@id":"https:\/\/acefootball.com\/da\/fodboldnyheder\/det-eskalerer-fuldstaendigt-spark-i-hovedet-saetter-gang-i-kaempe-slagsmaal\/#webpage"},"wordCount":177,"commentCount":0,"publisher":{"@id":"https:\/\/acefootball.com\/da\/#organization"},"image":{"@id":"https:\/\/acefootball.com\/da\/fodboldnyheder\/det-eskalerer-fuldstaendigt-spark-i-hovedet-saetter-gang-i-kaempe-slagsmaal\/#primaryimage"},"thumbnailUrl":"https:\/\/acefootball.com\/da\/wp-content\/uploads\/sites\/2\/2021\/02\/Untitled-design-45.jpg","keywords":["Gr\u00e6kenland"],"articleSection":["Video"],"inLanguage":"en-US","potentialAction":[{"@type":"CommentAction","name":"Comment","target":["https:\/\/acefootball.com\/da\/fodboldnyheder\/det-eskalerer-fuldstaendigt-spark-i-hovedet-saetter-gang-i-kaempe-slagsmaal\/#respond"]}]},{"@type":"Person","@id":"https:\/\/acefootball.com\/da\/#\/schema\/person\/ee67e9cf04a276f144100ffa722f10cd","name":"Mads Dreyer","image":{"@type":"ImageObject","@id":"https:\/\/acefootball.com\/da\/#personlogo","inLanguage":"en-US","url":"https:\/\/secure.gravatar.com\/avatar\/7c7abf72cfde9902b6a60efe60c88d4c?s=96&d=mm&r=g","contentUrl":"https:\/\/secure.gravatar.com\/avatar\/7c7abf72cfde9902b6a60efe60c88d4c?s=96&d=mm&r=g","caption":"Mads Dreyer"},"description":"Skribent og fodboldn\u00f8rd, der lige nu fort\u00e6ller om alt og intet i fodboldverdenen p\u00e5 acefootball.com. Uddannet i kommunikation fra Aalborg Universitet.","sameAs":["https:\/\/www.linkedin.com\/in\/mads-dreyer-b9b08266\/"],"url":"https:\/\/acefootball.com\/da\/fodboldnyheder\/author\/mdnronaldo\/"}]}},"fimg_url":"https:\/\/acefootball.com\/da\/wp-content\/uploads\/sites\/2\/2021\/02\/Untitled-design-45.jpg","_links":{"self":[{"href":"https:\/\/acefootball.com\/da\/wp-json\/wp\/v2\/posts\/252931"}],"collection":[{"href":"https:\/\/acefootball.com\/da\/wp-json\/wp\/v2\/posts"}],"about":[{"href":"https:\/\/acefootball.com\/da\/wp-json\/wp\/v2\/types\/post"}],"author":[{"embeddable":true,"href":"https:\/\/acefootball.com\/da\/wp-json\/wp\/v2\/users\/705"}],"replies":[{"embeddable":true,"href":"https:\/\/acefootball.com\/da\/wp-json\/wp\/v2\/comments?post=252931"}],"version-history":[{"count":0,"href":"https:\/\/acefootball.com\/da\/wp-json\/wp\/v2\/posts\/252931\/revisions"}],"wp:featuredmedia":[{"embeddable":true,"href":"https:\/\/acefootball.com\/da\/wp-json\/wp\/v2\/media\/252932"}],"wp:attachment":[{"href":"https:\/\/acefootball.com\/da\/wp-json\/wp\/v2\/media?parent=252931"}],"wp:term":[{"taxonomy":"category","embeddable":true,"href":"https:\/\/acefootball.com\/da\/wp-json\/wp\/v2\/categories?post=252931"},{"taxonomy":"post_tag","embeddable":true,"href":"https:\/\/acefootball.com\/da\/wp-json\/wp\/v2\/tags?post=252931"}],"curies":[{"name":"wp","href":"https:\/\/api.w.org\/{rel}","templated":true}]}}