{"id":252882,"date":"2021-02-25T09:42:32","date_gmt":"2021-02-25T08:42:32","guid":{"rendered":"https:\/\/acefootball.com\/da\/?p=252882"},"modified":"2021-02-25T09:44:22","modified_gmt":"2021-02-25T08:44:22","slug":"daarlig-stil-twitter-mobber-guardiola-med-interessant-toejvalg","status":"publish","type":"post","link":"https:\/\/acefootball.com\/da\/fodboldnyheder\/daarlig-stil-twitter-mobber-guardiola-med-interessant-toejvalg\/","title":{"rendered":"D\u00e5rlig stil? &#8211; Twitter mobber Guardiola med &#8216;interessant&#8217; t\u00f8jvalg"},"content":{"rendered":"\n<h2 id=\"h-pep-guardiola-luftede-onsdag-en-ny-jakke-fra-manchester-city-shoppen-men-den-er-ikke-ligefrem-faldet-i-alles-smag\">Pep Guardiola luftede onsdag en ny jakke fra Manchester City-shoppen, men den er ikke ligefrem faldet i alles smag<\/h2>\n\n\n\n<p>Det blev en relativt ensidig aff\u00e6re, da Manchester City onsdag aften fortsatte den vilde stime med en 2-0-sejr ude over Gladbach i Champions League.<\/p>\n\n\n\n<p>Derfor skulle man lede l\u00e6nge efter den store underholdning indenfor kridtstregerne, men den kunne seerne i stedet finde p\u00e5 City-b\u00e6nken.<\/p>\n\n\n\n<p>Det helt store samtaleemne p\u00e5 Twitter blev nemlig Pep Guardiolas nye jakke, der bar et stort Manchester City-logo p\u00e5 ryggen, og den faldt ikke umiddelbart i alles smag.<\/p>\n\n\n\n<p>Du kan se b\u00e5de jakken og en r\u00e6kke Twitter-kommentarer om den herunder:<\/p>\n\n\n\n<figure class=\"wp-block-embed is-type-rich is-provider-twitter wp-block-embed-twitter\"><div class=\"wp-block-embed__wrapper\">\n<blockquote class=\"twitter-tweet\" data-width=\"550\" data-dnt=\"true\"><p lang=\"en\" dir=\"ltr\">Pep Guardiola&#39;s coat is so bad that Juanma Lillo&#39;s eyes have popped out their sockets. <a href=\"https:\/\/t.co\/S9VAayV1aB\">pic.twitter.com\/S9VAayV1aB<\/a><\/p>&mdash; Daniel Storey (@danielstorey85) <a href=\"https:\/\/twitter.com\/danielstorey85\/status\/1364688057987956739?ref_src=twsrc%5Etfw\">February 24, 2021<\/a><\/blockquote><script async src=\"https:\/\/platform.twitter.com\/widgets.js\" charset=\"utf-8\"><\/script>\n<\/div><\/figure>\n\n\n\n<figure class=\"wp-block-embed is-type-rich is-provider-twitter wp-block-embed-twitter\"><div class=\"wp-block-embed__wrapper\">\n<blockquote class=\"twitter-tweet\" data-width=\"550\" data-dnt=\"true\"><p lang=\"en\" dir=\"ltr\">&quot;Can you sugar coat that?&quot; \ud83d\ude0f<br><br>Pep Guardiola&#39;s jacket choice this evening certainly raised eyebrows in the studio \ud83d\ude02\ud83d\ude02\ud83d\ude02 <a href=\"https:\/\/t.co\/Tv1tX0N21B\">pic.twitter.com\/Tv1tX0N21B<\/a><\/p>&mdash; Football on BT Sport (@btsportfootball) <a href=\"https:\/\/twitter.com\/btsportfootball\/status\/1364711997141565441?ref_src=twsrc%5Etfw\">February 24, 2021<\/a><\/blockquote><script async src=\"https:\/\/platform.twitter.com\/widgets.js\" charset=\"utf-8\"><\/script>\n<\/div><\/figure>\n\n\n\n<figure class=\"wp-block-embed is-type-rich is-provider-twitter wp-block-embed-twitter\"><div class=\"wp-block-embed__wrapper\">\n<blockquote class=\"twitter-tweet\" data-width=\"550\" data-dnt=\"true\"><p lang=\"en\" dir=\"ltr\">I was just wondering where Pep  Guardiola got his lovely coat from before he turned around. <a href=\"https:\/\/t.co\/r6AS13imW9\">pic.twitter.com\/r6AS13imW9<\/a><\/p>&mdash; Paddy Power (@paddypower) <a href=\"https:\/\/twitter.com\/paddypower\/status\/1364671355279601666?ref_src=twsrc%5Etfw\">February 24, 2021<\/a><\/blockquote><script async src=\"https:\/\/platform.twitter.com\/widgets.js\" charset=\"utf-8\"><\/script>\n<\/div><\/figure>\n\n\n\n<figure class=\"wp-block-embed is-type-rich is-provider-twitter wp-block-embed-twitter\"><div class=\"wp-block-embed__wrapper\">\n<blockquote class=\"twitter-tweet\" data-width=\"550\" data-dnt=\"true\"><p lang=\"en\" dir=\"ltr\">Didn\u2019t think Guardiola\u2019s coat would be the most interesting thing about Manchester City-Gladbach but here we are&#8230;<a href=\"https:\/\/twitter.com\/hashtag\/BMGMCI?src=hash&amp;ref_src=twsrc%5Etfw\">#BMGMCI<\/a> <a href=\"https:\/\/t.co\/7F5XVbtMHS\">pic.twitter.com\/7F5XVbtMHS<\/a><\/p>&mdash; Karan Tejwani (@karan_tejwani26) <a href=\"https:\/\/twitter.com\/karan_tejwani26\/status\/1364675222528544768?ref_src=twsrc%5Etfw\">February 24, 2021<\/a><\/blockquote><script async src=\"https:\/\/platform.twitter.com\/widgets.js\" charset=\"utf-8\"><\/script>\n<\/div><\/figure>\n\n\n\n<p>Ikke kun Guardiola var ude med den nyeste mode. Ogs\u00e5 engelske Forest Green m\u00e5 siges at v\u00e6re innovative med p\u00e5kl\u00e6dningen. L\u00e6s mere her:<\/p>\n\n\n\n<figure class=\"wp-block-embed is-type-wp-embed is-provider-ace-football-danmark wp-block-embed-ace-football-danmark\"><div class=\"wp-block-embed__wrapper\">\n<blockquote class=\"wp-embedded-content\" data-secret=\"rRS7dLAowM\"><a href=\"https:\/\/acefootball.com\/da\/fodboldnyheder\/engelsk-klub-laver-spillertroeje-af-kaffegrums-saadan-ser-den-ud\/\">Engelsk klub laver spillertr\u00f8je af kaffegrums: S\u00e5dan ser den ud<\/a><\/blockquote><iframe class=\"wp-embedded-content\" sandbox=\"allow-scripts\" security=\"restricted\" style=\"position: absolute; clip: rect(1px, 1px, 1px, 1px);\" title=\"&#8220;Engelsk klub laver spillertr\u00f8je af kaffegrums: S\u00e5dan ser den ud&#8221; &#8212; Ace Football Danmark\" src=\"https:\/\/acefootball.com\/da\/fodboldnyheder\/engelsk-klub-laver-spillertroeje-af-kaffegrums-saadan-ser-den-ud\/embed\/#?secret=rRS7dLAowM\" data-secret=\"rRS7dLAowM\" width=\"600\" height=\"338\" frameborder=\"0\" marginwidth=\"0\" marginheight=\"0\" scrolling=\"no\"><\/iframe>\n<\/div><\/figure>\n","protected":false},"excerpt":{"rendered":"<p>Pep Guardiola luftede onsdag en ny jakke fra Manchester City-shoppen, men den er ikke ligefrem faldet i alles smag<\/p>\n","protected":false},"author":705,"featured_media":247669,"comment_status":"open","ping_status":"closed","sticky":false,"template":"","format":"standard","meta":{"om_disable_all_campaigns":false,"push_articles_ronaldo":{"active":false,"canonical":0,"publish":false},"force_updates":null},"categories":[2470],"tags":[206,44,442,134],"enet_tags":{"league":["42","47"],"team":["8456"],"player":["150249"],"sport_events":[]},"yoast_head":"<!-- This site is optimized with the Yoast SEO plugin v18.3 - https:\/\/yoast.com\/wordpress\/plugins\/seo\/ -->\n<title>D\u00e5rlig stil? - Twitter mobber Guardiola med &#039;interessant&#039; t\u00f8jvalg<\/title>\n<meta name=\"description\" content=\"Pep Guardiola luftede onsdag en ny jakke fra Manchester City-shoppen, men den er ikke ligefrem faldet i alles smag\" \/>\n<meta name=\"robots\" content=\"index, follow, max-snippet:-1, max-image-preview:large, max-video-preview:-1\" \/>\n<link rel=\"canonical\" href=\"https:\/\/acefootball.com\/da\/fodboldnyheder\/daarlig-stil-twitter-mobber-guardiola-med-interessant-toejvalg\/\" \/>\n<meta property=\"og:locale\" content=\"en_US\" \/>\n<meta property=\"og:type\" content=\"article\" \/>\n<meta property=\"og:title\" content=\"D\u00e5rlig stil? - Twitter mobber Guardiola med &#039;interessant&#039; t\u00f8jvalg\" \/>\n<meta property=\"og:description\" content=\"Pep Guardiola luftede onsdag en ny jakke fra Manchester City-shoppen, men den er ikke ligefrem faldet i alles smag\" \/>\n<meta property=\"og:url\" content=\"https:\/\/acefootball.com\/da\/fodboldnyheder\/daarlig-stil-twitter-mobber-guardiola-med-interessant-toejvalg\/\" \/>\n<meta property=\"og:site_name\" content=\"Ace Football Danmark\" \/>\n<meta property=\"article:publisher\" content=\"https:\/\/www.facebook.com\/acefootballdk\" \/>\n<meta property=\"article:published_time\" content=\"2021-02-25T08:42:32+00:00\" \/>\n<meta property=\"article:modified_time\" content=\"2021-02-25T08:44:22+00:00\" \/>\n<meta property=\"og:image\" content=\"https:\/\/acefootball.com\/da\/wp-content\/uploads\/sites\/2\/2021\/02\/Laes-mere-generel-3-2.jpg\" \/>\n\t<meta property=\"og:image:width\" content=\"1920\" \/>\n\t<meta property=\"og:image:height\" content=\"1008\" \/>\n\t<meta property=\"og:image:type\" content=\"image\/jpeg\" \/>\n<meta name=\"twitter:card\" content=\"summary_large_image\" \/>\n<meta name=\"twitter:label1\" content=\"Written by\" \/>\n\t<meta name=\"twitter:data1\" content=\"Mads Dreyer\" \/>\n\t<meta name=\"twitter:label2\" content=\"Est. reading time\" \/>\n\t<meta name=\"twitter:data2\" content=\"1 minute\" \/>\n<script type=\"application\/ld+json\" class=\"yoast-schema-graph\">{\"@context\":\"https:\/\/schema.org\",\"@graph\":[{\"@type\":\"Organization\",\"@id\":\"https:\/\/acefootball.com\/da\/#organization\",\"name\":\"Ace Football\",\"url\":\"https:\/\/acefootball.com\/da\/\",\"sameAs\":[\"https:\/\/www.facebook.com\/acefootballdk\"],\"logo\":{\"@type\":\"ImageObject\",\"@id\":\"https:\/\/acefootball.com\/da\/#logo\",\"inLanguage\":\"en-US\",\"url\":\"https:\/\/acefootball.com\/da\/wp-content\/uploads\/sites\/2\/2020\/07\/Ace-Football-30-07-2020-2.png\",\"contentUrl\":\"https:\/\/acefootball.com\/da\/wp-content\/uploads\/sites\/2\/2020\/07\/Ace-Football-30-07-2020-2.png\",\"width\":1200,\"height\":600,\"caption\":\"Ace Football\"},\"image\":{\"@id\":\"https:\/\/acefootball.com\/da\/#logo\"}},{\"@type\":\"WebSite\",\"@id\":\"https:\/\/acefootball.com\/da\/#website\",\"url\":\"https:\/\/acefootball.com\/da\/\",\"name\":\"Ace Football Danmark\",\"description\":\"Nyheder, Spiltips &amp; Livescore\",\"publisher\":{\"@id\":\"https:\/\/acefootball.com\/da\/#organization\"},\"potentialAction\":[{\"@type\":\"SearchAction\",\"target\":{\"@type\":\"EntryPoint\",\"urlTemplate\":\"https:\/\/acefootball.com\/da\/?s={search_term_string}\"},\"query-input\":\"required name=search_term_string\"}],\"inLanguage\":\"en-US\"},{\"@type\":\"ImageObject\",\"@id\":\"https:\/\/acefootball.com\/da\/fodboldnyheder\/daarlig-stil-twitter-mobber-guardiola-med-interessant-toejvalg\/#primaryimage\",\"inLanguage\":\"en-US\",\"url\":\"https:\/\/acefootball.com\/da\/wp-content\/uploads\/sites\/2\/2021\/02\/Laes-mere-generel-3-2.jpg\",\"contentUrl\":\"https:\/\/acefootball.com\/da\/wp-content\/uploads\/sites\/2\/2021\/02\/Laes-mere-generel-3-2.jpg\",\"width\":1920,\"height\":1008,\"caption\":\"guardiola\"},{\"@type\":\"WebPage\",\"@id\":\"https:\/\/acefootball.com\/da\/fodboldnyheder\/daarlig-stil-twitter-mobber-guardiola-med-interessant-toejvalg\/#webpage\",\"url\":\"https:\/\/acefootball.com\/da\/fodboldnyheder\/daarlig-stil-twitter-mobber-guardiola-med-interessant-toejvalg\/\",\"name\":\"D\u00e5rlig stil? - Twitter mobber Guardiola med 'interessant' t\u00f8jvalg\",\"isPartOf\":{\"@id\":\"https:\/\/acefootball.com\/da\/#website\"},\"primaryImageOfPage\":{\"@id\":\"https:\/\/acefootball.com\/da\/fodboldnyheder\/daarlig-stil-twitter-mobber-guardiola-med-interessant-toejvalg\/#primaryimage\"},\"datePublished\":\"2021-02-25T08:42:32+00:00\",\"dateModified\":\"2021-02-25T08:44:22+00:00\",\"description\":\"Pep Guardiola luftede onsdag en ny jakke fra Manchester City-shoppen, men den er ikke ligefrem faldet i alles smag\",\"breadcrumb\":{\"@id\":\"https:\/\/acefootball.com\/da\/fodboldnyheder\/daarlig-stil-twitter-mobber-guardiola-med-interessant-toejvalg\/#breadcrumb\"},\"inLanguage\":\"en-US\",\"potentialAction\":[{\"@type\":\"ReadAction\",\"target\":[\"https:\/\/acefootball.com\/da\/fodboldnyheder\/daarlig-stil-twitter-mobber-guardiola-med-interessant-toejvalg\/\"]}]},{\"@type\":\"BreadcrumbList\",\"@id\":\"https:\/\/acefootball.com\/da\/fodboldnyheder\/daarlig-stil-twitter-mobber-guardiola-med-interessant-toejvalg\/#breadcrumb\",\"itemListElement\":[{\"@type\":\"ListItem\",\"position\":1,\"name\":\"Home\",\"item\":\"https:\/\/acefootball.com\/da\/\"},{\"@type\":\"ListItem\",\"position\":2,\"name\":\"D\u00e5rlig stil? &#8211; Twitter mobber Guardiola med &#8216;interessant&#8217; t\u00f8jvalg\"}]},{\"@type\":\"Article\",\"@id\":\"https:\/\/acefootball.com\/da\/fodboldnyheder\/daarlig-stil-twitter-mobber-guardiola-med-interessant-toejvalg\/#article\",\"isPartOf\":{\"@id\":\"https:\/\/acefootball.com\/da\/fodboldnyheder\/daarlig-stil-twitter-mobber-guardiola-med-interessant-toejvalg\/#webpage\"},\"author\":{\"@id\":\"https:\/\/acefootball.com\/da\/#\/schema\/person\/ee67e9cf04a276f144100ffa722f10cd\"},\"headline\":\"D\u00e5rlig stil? &#8211; Twitter mobber Guardiola med &#8216;interessant&#8217; t\u00f8jvalg\",\"datePublished\":\"2021-02-25T08:42:32+00:00\",\"dateModified\":\"2021-02-25T08:44:22+00:00\",\"mainEntityOfPage\":{\"@id\":\"https:\/\/acefootball.com\/da\/fodboldnyheder\/daarlig-stil-twitter-mobber-guardiola-med-interessant-toejvalg\/#webpage\"},\"wordCount\":174,\"commentCount\":0,\"publisher\":{\"@id\":\"https:\/\/acefootball.com\/da\/#organization\"},\"image\":{\"@id\":\"https:\/\/acefootball.com\/da\/fodboldnyheder\/daarlig-stil-twitter-mobber-guardiola-med-interessant-toejvalg\/#primaryimage\"},\"thumbnailUrl\":\"https:\/\/acefootball.com\/da\/wp-content\/uploads\/sites\/2\/2021\/01\/GettyImages-1147392704.jpg\",\"keywords\":[\"Champions League\",\"Manchester City\",\"Pep Guardiola\",\"Premier League\"],\"articleSection\":[\"Offsite\"],\"inLanguage\":\"en-US\",\"potentialAction\":[{\"@type\":\"CommentAction\",\"name\":\"Comment\",\"target\":[\"https:\/\/acefootball.com\/da\/fodboldnyheder\/daarlig-stil-twitter-mobber-guardiola-med-interessant-toejvalg\/#respond\"]}]},{\"@type\":\"Person\",\"@id\":\"https:\/\/acefootball.com\/da\/#\/schema\/person\/ee67e9cf04a276f144100ffa722f10cd\",\"name\":\"Mads Dreyer\",\"image\":{\"@type\":\"ImageObject\",\"@id\":\"https:\/\/acefootball.com\/da\/#personlogo\",\"inLanguage\":\"en-US\",\"url\":\"https:\/\/secure.gravatar.com\/avatar\/7c7abf72cfde9902b6a60efe60c88d4c?s=96&d=mm&r=g\",\"contentUrl\":\"https:\/\/secure.gravatar.com\/avatar\/7c7abf72cfde9902b6a60efe60c88d4c?s=96&d=mm&r=g\",\"caption\":\"Mads Dreyer\"},\"description\":\"Skribent og fodboldn\u00f8rd, der lige nu fort\u00e6ller om alt og intet i fodboldverdenen p\u00e5 acefootball.com. Uddannet i kommunikation fra Aalborg Universitet.\",\"sameAs\":[\"https:\/\/www.linkedin.com\/in\/mads-dreyer-b9b08266\/\"],\"url\":\"https:\/\/acefootball.com\/da\/fodboldnyheder\/author\/mdnronaldo\/\"}]}<\/script>\n<!-- \/ Yoast SEO plugin. -->","yoast_head_json":{"title":"D\u00e5rlig stil? - Twitter mobber Guardiola med 'interessant' t\u00f8jvalg","description":"Pep Guardiola luftede onsdag en ny jakke fra Manchester City-shoppen, men den er ikke ligefrem faldet i alles smag","robots":{"index":"index","follow":"follow","max-snippet":"max-snippet:-1","max-image-preview":"max-image-preview:large","max-video-preview":"max-video-preview:-1"},"canonical":"https:\/\/acefootball.com\/da\/fodboldnyheder\/daarlig-stil-twitter-mobber-guardiola-med-interessant-toejvalg\/","og_locale":"en_US","og_type":"article","og_title":"D\u00e5rlig stil? - Twitter mobber Guardiola med 'interessant' t\u00f8jvalg","og_description":"Pep Guardiola luftede onsdag en ny jakke fra Manchester City-shoppen, men den er ikke ligefrem faldet i alles smag","og_url":"https:\/\/acefootball.com\/da\/fodboldnyheder\/daarlig-stil-twitter-mobber-guardiola-med-interessant-toejvalg\/","og_site_name":"Ace Football Danmark","article_publisher":"https:\/\/www.facebook.com\/acefootballdk","article_published_time":"2021-02-25T08:42:32+00:00","article_modified_time":"2021-02-25T08:44:22+00:00","og_image":[{"width":1920,"height":1008,"url":"https:\/\/acefootball.com\/da\/wp-content\/uploads\/sites\/2\/2021\/02\/Laes-mere-generel-3-2.jpg","type":"image\/jpeg"}],"twitter_card":"summary_large_image","twitter_misc":{"Written by":"Mads Dreyer","Est. reading time":"1 minute"},"schema":{"@context":"https:\/\/schema.org","@graph":[{"@type":"Organization","@id":"https:\/\/acefootball.com\/da\/#organization","name":"Ace Football","url":"https:\/\/acefootball.com\/da\/","sameAs":["https:\/\/www.facebook.com\/acefootballdk"],"logo":{"@type":"ImageObject","@id":"https:\/\/acefootball.com\/da\/#logo","inLanguage":"en-US","url":"https:\/\/acefootball.com\/da\/wp-content\/uploads\/sites\/2\/2020\/07\/Ace-Football-30-07-2020-2.png","contentUrl":"https:\/\/acefootball.com\/da\/wp-content\/uploads\/sites\/2\/2020\/07\/Ace-Football-30-07-2020-2.png","width":1200,"height":600,"caption":"Ace Football"},"image":{"@id":"https:\/\/acefootball.com\/da\/#logo"}},{"@type":"WebSite","@id":"https:\/\/acefootball.com\/da\/#website","url":"https:\/\/acefootball.com\/da\/","name":"Ace Football Danmark","description":"Nyheder, Spiltips &amp; Livescore","publisher":{"@id":"https:\/\/acefootball.com\/da\/#organization"},"potentialAction":[{"@type":"SearchAction","target":{"@type":"EntryPoint","urlTemplate":"https:\/\/acefootball.com\/da\/?s={search_term_string}"},"query-input":"required name=search_term_string"}],"inLanguage":"en-US"},{"@type":"ImageObject","@id":"https:\/\/acefootball.com\/da\/fodboldnyheder\/daarlig-stil-twitter-mobber-guardiola-med-interessant-toejvalg\/#primaryimage","inLanguage":"en-US","url":"https:\/\/acefootball.com\/da\/wp-content\/uploads\/sites\/2\/2021\/02\/Laes-mere-generel-3-2.jpg","contentUrl":"https:\/\/acefootball.com\/da\/wp-content\/uploads\/sites\/2\/2021\/02\/Laes-mere-generel-3-2.jpg","width":1920,"height":1008,"caption":"guardiola"},{"@type":"WebPage","@id":"https:\/\/acefootball.com\/da\/fodboldnyheder\/daarlig-stil-twitter-mobber-guardiola-med-interessant-toejvalg\/#webpage","url":"https:\/\/acefootball.com\/da\/fodboldnyheder\/daarlig-stil-twitter-mobber-guardiola-med-interessant-toejvalg\/","name":"D\u00e5rlig stil? - Twitter mobber Guardiola med 'interessant' t\u00f8jvalg","isPartOf":{"@id":"https:\/\/acefootball.com\/da\/#website"},"primaryImageOfPage":{"@id":"https:\/\/acefootball.com\/da\/fodboldnyheder\/daarlig-stil-twitter-mobber-guardiola-med-interessant-toejvalg\/#primaryimage"},"datePublished":"2021-02-25T08:42:32+00:00","dateModified":"2021-02-25T08:44:22+00:00","description":"Pep Guardiola luftede onsdag en ny jakke fra Manchester City-shoppen, men den er ikke ligefrem faldet i alles smag","breadcrumb":{"@id":"https:\/\/acefootball.com\/da\/fodboldnyheder\/daarlig-stil-twitter-mobber-guardiola-med-interessant-toejvalg\/#breadcrumb"},"inLanguage":"en-US","potentialAction":[{"@type":"ReadAction","target":["https:\/\/acefootball.com\/da\/fodboldnyheder\/daarlig-stil-twitter-mobber-guardiola-med-interessant-toejvalg\/"]}]},{"@type":"BreadcrumbList","@id":"https:\/\/acefootball.com\/da\/fodboldnyheder\/daarlig-stil-twitter-mobber-guardiola-med-interessant-toejvalg\/#breadcrumb","itemListElement":[{"@type":"ListItem","position":1,"name":"Home","item":"https:\/\/acefootball.com\/da\/"},{"@type":"ListItem","position":2,"name":"D\u00e5rlig stil? &#8211; Twitter mobber Guardiola med &#8216;interessant&#8217; t\u00f8jvalg"}]},{"@type":"Article","@id":"https:\/\/acefootball.com\/da\/fodboldnyheder\/daarlig-stil-twitter-mobber-guardiola-med-interessant-toejvalg\/#article","isPartOf":{"@id":"https:\/\/acefootball.com\/da\/fodboldnyheder\/daarlig-stil-twitter-mobber-guardiola-med-interessant-toejvalg\/#webpage"},"author":{"@id":"https:\/\/acefootball.com\/da\/#\/schema\/person\/ee67e9cf04a276f144100ffa722f10cd"},"headline":"D\u00e5rlig stil? &#8211; Twitter mobber Guardiola med &#8216;interessant&#8217; t\u00f8jvalg","datePublished":"2021-02-25T08:42:32+00:00","dateModified":"2021-02-25T08:44:22+00:00","mainEntityOfPage":{"@id":"https:\/\/acefootball.com\/da\/fodboldnyheder\/daarlig-stil-twitter-mobber-guardiola-med-interessant-toejvalg\/#webpage"},"wordCount":174,"commentCount":0,"publisher":{"@id":"https:\/\/acefootball.com\/da\/#organization"},"image":{"@id":"https:\/\/acefootball.com\/da\/fodboldnyheder\/daarlig-stil-twitter-mobber-guardiola-med-interessant-toejvalg\/#primaryimage"},"thumbnailUrl":"https:\/\/acefootball.com\/da\/wp-content\/uploads\/sites\/2\/2021\/01\/GettyImages-1147392704.jpg","keywords":["Champions League","Manchester City","Pep Guardiola","Premier League"],"articleSection":["Offsite"],"inLanguage":"en-US","potentialAction":[{"@type":"CommentAction","name":"Comment","target":["https:\/\/acefootball.com\/da\/fodboldnyheder\/daarlig-stil-twitter-mobber-guardiola-med-interessant-toejvalg\/#respond"]}]},{"@type":"Person","@id":"https:\/\/acefootball.com\/da\/#\/schema\/person\/ee67e9cf04a276f144100ffa722f10cd","name":"Mads Dreyer","image":{"@type":"ImageObject","@id":"https:\/\/acefootball.com\/da\/#personlogo","inLanguage":"en-US","url":"https:\/\/secure.gravatar.com\/avatar\/7c7abf72cfde9902b6a60efe60c88d4c?s=96&d=mm&r=g","contentUrl":"https:\/\/secure.gravatar.com\/avatar\/7c7abf72cfde9902b6a60efe60c88d4c?s=96&d=mm&r=g","caption":"Mads Dreyer"},"description":"Skribent og fodboldn\u00f8rd, der lige nu fort\u00e6ller om alt og intet i fodboldverdenen p\u00e5 acefootball.com. Uddannet i kommunikation fra Aalborg Universitet.","sameAs":["https:\/\/www.linkedin.com\/in\/mads-dreyer-b9b08266\/"],"url":"https:\/\/acefootball.com\/da\/fodboldnyheder\/author\/mdnronaldo\/"}]}},"fimg_url":"https:\/\/acefootball.com\/da\/wp-content\/uploads\/sites\/2\/2021\/01\/GettyImages-1147392704.jpg","_links":{"self":[{"href":"https:\/\/acefootball.com\/da\/wp-json\/wp\/v2\/posts\/252882"}],"collection":[{"href":"https:\/\/acefootball.com\/da\/wp-json\/wp\/v2\/posts"}],"about":[{"href":"https:\/\/acefootball.com\/da\/wp-json\/wp\/v2\/types\/post"}],"author":[{"embeddable":true,"href":"https:\/\/acefootball.com\/da\/wp-json\/wp\/v2\/users\/705"}],"replies":[{"embeddable":true,"href":"https:\/\/acefootball.com\/da\/wp-json\/wp\/v2\/comments?post=252882"}],"version-history":[{"count":0,"href":"https:\/\/acefootball.com\/da\/wp-json\/wp\/v2\/posts\/252882\/revisions"}],"wp:featuredmedia":[{"embeddable":true,"href":"https:\/\/acefootball.com\/da\/wp-json\/wp\/v2\/media\/247669"}],"wp:attachment":[{"href":"https:\/\/acefootball.com\/da\/wp-json\/wp\/v2\/media?parent=252882"}],"wp:term":[{"taxonomy":"category","embeddable":true,"href":"https:\/\/acefootball.com\/da\/wp-json\/wp\/v2\/categories?post=252882"},{"taxonomy":"post_tag","embeddable":true,"href":"https:\/\/acefootball.com\/da\/wp-json\/wp\/v2\/tags?post=252882"}],"curies":[{"name":"wp","href":"https:\/\/api.w.org\/{rel}","templated":true}]}}