{"id":252853,"date":"2021-02-24T18:27:25","date_gmt":"2021-02-24T17:27:25","guid":{"rendered":"https:\/\/acefootball.com\/da\/?p=252853"},"modified":"2021-02-24T18:27:26","modified_gmt":"2021-02-24T17:27:26","slug":"liverpool-fans-gaar-amok-kongen-er-tilbage","status":"publish","type":"post","link":"https:\/\/acefootball.com\/da\/fodboldnyheder\/liverpool-fans-gaar-amok-kongen-er-tilbage\/","title":{"rendered":"Liverpool-fans g\u00e5r amok: Kongen er tilbage!"},"content":{"rendered":"\n<h2 id=\"h-virgil-van-dijk-var-onsdag-tilbage-p-tr-ningsbanen-i-liverpool-og-det-vakte-stor-gl-de-blandt-klubbens-fans\">Virgil van Dijk var onsdag tilbage p\u00e5 tr\u00e6ningsbanen i Liverpool, og det vakte stor gl\u00e6de blandt klubbens fans<\/h2>\n\n\n\n<p>Liverpool er bev\u00e6get sig ind i en enorm krise, b\u00e5de spillem\u00e6ssigt og resultatm\u00e6ssigt, og en stor del af problemerne har h\u00e6ngt sammen med de mange skader i forsvaret.<\/p>\n\n\n\n<p>Det startede allerede i begyndelsen af s\u00e6sonen, da Virgil van Dijk gik i stykker i en kamp mod Everton, men nu kan der endelig v\u00e6re lys for enden af tunnelen for Merseyside-klubben.<\/p>\n\n\n\n<p>Den store holl\u00e6nder var nemlig tilbage p\u00e5 tr\u00e6ningsbanen til onsdagens session, og det har vakt enorm gl\u00e6de blandt klubbens fans.<\/p>\n\n\n\n<figure class=\"wp-block-embed is-type-rich is-provider-twitter wp-block-embed-twitter\"><div class=\"wp-block-embed__wrapper\">\n<blockquote class=\"twitter-tweet\" data-width=\"550\" data-dnt=\"true\"><p lang=\"en\" dir=\"ltr\">\ud83d\udcaa <a href=\"https:\/\/twitter.com\/VirgilvDijk?ref_src=twsrc%5Etfw\">@VirgilvDijk<\/a> continuing to work his way back to full fitness. <a href=\"https:\/\/t.co\/1HGSJK6RZq\">pic.twitter.com\/1HGSJK6RZq<\/a><\/p>&mdash; Liverpool FC (@LFC) <a href=\"https:\/\/twitter.com\/LFC\/status\/1364572471429627906?ref_src=twsrc%5Etfw\">February 24, 2021<\/a><\/blockquote><script async src=\"https:\/\/platform.twitter.com\/widgets.js\" charset=\"utf-8\"><\/script>\n<\/div><\/figure>\n\n\n\n<p>Virgil van Dijk har ikke spillet et eneste minut siden sin skade midt i oktober. Det er endnu uvist, om han n\u00e5r at f\u00e5 spilletid i denne s\u00e6son.<\/p>\n\n\n\n<p>Ud over Van Dijk var der ogs\u00e5 comeback p\u00e5 tr\u00e6ningsbanen til Diogo Jota, som har siddet ude siden starten af december.<\/p>\n\n\n\n<p>En af denne s\u00e6sons bedste forsvarsspillere har v\u00e6ret danske Jannik Vestergaard, der er ved at finde sig godt til rette i det engelske:<\/p>\n\n\n\n<figure class=\"wp-block-embed is-type-wp-embed is-provider-ace-football-danmark wp-block-embed-ace-football-danmark\"><div class=\"wp-block-embed__wrapper\">\n<blockquote class=\"wp-embedded-content\" data-secret=\"RPCxT9k9tg\"><a href=\"https:\/\/acefootball.com\/da\/fodboldnyheder\/fck-off-twitter-er-flade-af-grin-over-vestergaards-udbrud\/\">&#8216;F\u2019ck off!\u2019 &#8211; Twitter er flade af grin over Vestergaards udbrud<\/a><\/blockquote><iframe class=\"wp-embedded-content\" sandbox=\"allow-scripts\" security=\"restricted\" style=\"position: absolute; clip: rect(1px, 1px, 1px, 1px);\" title=\"&#8220;&#8216;F\u2019ck off!\u2019 &#8211; Twitter er flade af grin over Vestergaards udbrud&#8221; &#8212; Ace Football Danmark\" src=\"https:\/\/acefootball.com\/da\/fodboldnyheder\/fck-off-twitter-er-flade-af-grin-over-vestergaards-udbrud\/embed\/#?secret=RPCxT9k9tg\" data-secret=\"RPCxT9k9tg\" width=\"600\" height=\"338\" frameborder=\"0\" marginwidth=\"0\" marginheight=\"0\" scrolling=\"no\"><\/iframe>\n<\/div><\/figure>\n","protected":false},"excerpt":{"rendered":"<p>Virgil van Dijk var onsdag tilbage p\u00e5 tr\u00e6ningsbanen i Liverpool, og det vakte stor gl\u00e6de blandt klubbens fans<\/p>\n","protected":false},"author":705,"featured_media":244654,"comment_status":"open","ping_status":"closed","sticky":false,"template":"","format":"standard","meta":{"om_disable_all_campaigns":false,"push_articles_ronaldo":{"active":false,"canonical":0,"publish":false},"force_updates":null},"categories":[8060],"tags":[132,134,573],"enet_tags":{"team":["8650"],"league":["47"],"player":["209405"],"sport_events":[]},"yoast_head":"<!-- This site is optimized with the Yoast SEO plugin v18.3 - https:\/\/yoast.com\/wordpress\/plugins\/seo\/ -->\n<title>Liverpool-fans g\u00e5r amok: Kongen er tilbage!<\/title>\n<meta name=\"description\" content=\"Virgil van Dijk var onsdag tilbage p\u00e5 tr\u00e6ningsbanen i Liverpool, og det vakte stor gl\u00e6de blandt klubbens fans\" \/>\n<meta name=\"robots\" content=\"index, follow, max-snippet:-1, max-image-preview:large, max-video-preview:-1\" \/>\n<link rel=\"canonical\" href=\"https:\/\/acefootball.com\/da\/fodboldnyheder\/liverpool-fans-gaar-amok-kongen-er-tilbage\/\" \/>\n<meta property=\"og:locale\" content=\"en_US\" \/>\n<meta property=\"og:type\" content=\"article\" \/>\n<meta property=\"og:title\" content=\"Liverpool-fans g\u00e5r amok: Kongen er tilbage!\" \/>\n<meta property=\"og:description\" content=\"Virgil van Dijk var onsdag tilbage p\u00e5 tr\u00e6ningsbanen i Liverpool, og det vakte stor gl\u00e6de blandt klubbens fans\" \/>\n<meta property=\"og:url\" content=\"https:\/\/acefootball.com\/da\/fodboldnyheder\/liverpool-fans-gaar-amok-kongen-er-tilbage\/\" \/>\n<meta property=\"og:site_name\" content=\"Ace Football Danmark\" \/>\n<meta property=\"article:publisher\" content=\"https:\/\/www.facebook.com\/acefootballdk\" \/>\n<meta property=\"article:published_time\" content=\"2021-02-24T17:27:25+00:00\" \/>\n<meta property=\"article:modified_time\" content=\"2021-02-24T17:27:26+00:00\" \/>\n<meta property=\"og:image\" content=\"https:\/\/acefootball.com\/da\/wp-content\/uploads\/sites\/2\/2021\/02\/Laes-mere-generel-2-10.jpg\" \/>\n\t<meta property=\"og:image:width\" content=\"1920\" \/>\n\t<meta property=\"og:image:height\" content=\"1008\" \/>\n\t<meta property=\"og:image:type\" content=\"image\/jpeg\" \/>\n<meta name=\"twitter:card\" content=\"summary_large_image\" \/>\n<meta name=\"twitter:label1\" content=\"Written by\" \/>\n\t<meta name=\"twitter:data1\" content=\"Mads Dreyer\" \/>\n\t<meta name=\"twitter:label2\" content=\"Est. reading time\" \/>\n\t<meta name=\"twitter:data2\" content=\"1 minute\" \/>\n<script type=\"application\/ld+json\" class=\"yoast-schema-graph\">{\"@context\":\"https:\/\/schema.org\",\"@graph\":[{\"@type\":\"Organization\",\"@id\":\"https:\/\/acefootball.com\/da\/#organization\",\"name\":\"Ace Football\",\"url\":\"https:\/\/acefootball.com\/da\/\",\"sameAs\":[\"https:\/\/www.facebook.com\/acefootballdk\"],\"logo\":{\"@type\":\"ImageObject\",\"@id\":\"https:\/\/acefootball.com\/da\/#logo\",\"inLanguage\":\"en-US\",\"url\":\"https:\/\/acefootball.com\/da\/wp-content\/uploads\/sites\/2\/2020\/07\/Ace-Football-30-07-2020-2.png\",\"contentUrl\":\"https:\/\/acefootball.com\/da\/wp-content\/uploads\/sites\/2\/2020\/07\/Ace-Football-30-07-2020-2.png\",\"width\":1200,\"height\":600,\"caption\":\"Ace Football\"},\"image\":{\"@id\":\"https:\/\/acefootball.com\/da\/#logo\"}},{\"@type\":\"WebSite\",\"@id\":\"https:\/\/acefootball.com\/da\/#website\",\"url\":\"https:\/\/acefootball.com\/da\/\",\"name\":\"Ace Football Danmark\",\"description\":\"Nyheder, Spiltips &amp; Livescore\",\"publisher\":{\"@id\":\"https:\/\/acefootball.com\/da\/#organization\"},\"potentialAction\":[{\"@type\":\"SearchAction\",\"target\":{\"@type\":\"EntryPoint\",\"urlTemplate\":\"https:\/\/acefootball.com\/da\/?s={search_term_string}\"},\"query-input\":\"required name=search_term_string\"}],\"inLanguage\":\"en-US\"},{\"@type\":\"ImageObject\",\"@id\":\"https:\/\/acefootball.com\/da\/fodboldnyheder\/liverpool-fans-gaar-amok-kongen-er-tilbage\/#primaryimage\",\"inLanguage\":\"en-US\",\"url\":\"https:\/\/acefootball.com\/da\/wp-content\/uploads\/sites\/2\/2021\/02\/Laes-mere-generel-2-10.jpg\",\"contentUrl\":\"https:\/\/acefootball.com\/da\/wp-content\/uploads\/sites\/2\/2021\/02\/Laes-mere-generel-2-10.jpg\",\"width\":1920,\"height\":1008,\"caption\":\"klopp og lijnders\"},{\"@type\":\"WebPage\",\"@id\":\"https:\/\/acefootball.com\/da\/fodboldnyheder\/liverpool-fans-gaar-amok-kongen-er-tilbage\/#webpage\",\"url\":\"https:\/\/acefootball.com\/da\/fodboldnyheder\/liverpool-fans-gaar-amok-kongen-er-tilbage\/\",\"name\":\"Liverpool-fans g\u00e5r amok: Kongen er tilbage!\",\"isPartOf\":{\"@id\":\"https:\/\/acefootball.com\/da\/#website\"},\"primaryImageOfPage\":{\"@id\":\"https:\/\/acefootball.com\/da\/fodboldnyheder\/liverpool-fans-gaar-amok-kongen-er-tilbage\/#primaryimage\"},\"datePublished\":\"2021-02-24T17:27:25+00:00\",\"dateModified\":\"2021-02-24T17:27:26+00:00\",\"description\":\"Virgil van Dijk var onsdag tilbage p\u00e5 tr\u00e6ningsbanen i Liverpool, og det vakte stor gl\u00e6de blandt klubbens fans\",\"breadcrumb\":{\"@id\":\"https:\/\/acefootball.com\/da\/fodboldnyheder\/liverpool-fans-gaar-amok-kongen-er-tilbage\/#breadcrumb\"},\"inLanguage\":\"en-US\",\"potentialAction\":[{\"@type\":\"ReadAction\",\"target\":[\"https:\/\/acefootball.com\/da\/fodboldnyheder\/liverpool-fans-gaar-amok-kongen-er-tilbage\/\"]}]},{\"@type\":\"BreadcrumbList\",\"@id\":\"https:\/\/acefootball.com\/da\/fodboldnyheder\/liverpool-fans-gaar-amok-kongen-er-tilbage\/#breadcrumb\",\"itemListElement\":[{\"@type\":\"ListItem\",\"position\":1,\"name\":\"Home\",\"item\":\"https:\/\/acefootball.com\/da\/\"},{\"@type\":\"ListItem\",\"position\":2,\"name\":\"Liverpool-fans g\u00e5r amok: Kongen er tilbage!\"}]},{\"@type\":\"Article\",\"@id\":\"https:\/\/acefootball.com\/da\/fodboldnyheder\/liverpool-fans-gaar-amok-kongen-er-tilbage\/#article\",\"isPartOf\":{\"@id\":\"https:\/\/acefootball.com\/da\/fodboldnyheder\/liverpool-fans-gaar-amok-kongen-er-tilbage\/#webpage\"},\"author\":{\"@id\":\"https:\/\/acefootball.com\/da\/#\/schema\/person\/ee67e9cf04a276f144100ffa722f10cd\"},\"headline\":\"Liverpool-fans g\u00e5r amok: Kongen er tilbage!\",\"datePublished\":\"2021-02-24T17:27:25+00:00\",\"dateModified\":\"2021-02-24T17:27:26+00:00\",\"mainEntityOfPage\":{\"@id\":\"https:\/\/acefootball.com\/da\/fodboldnyheder\/liverpool-fans-gaar-amok-kongen-er-tilbage\/#webpage\"},\"wordCount\":205,\"commentCount\":0,\"publisher\":{\"@id\":\"https:\/\/acefootball.com\/da\/#organization\"},\"image\":{\"@id\":\"https:\/\/acefootball.com\/da\/fodboldnyheder\/liverpool-fans-gaar-amok-kongen-er-tilbage\/#primaryimage\"},\"thumbnailUrl\":\"https:\/\/acefootball.com\/da\/wp-content\/uploads\/sites\/2\/2020\/11\/GettyImages-1277842531.jpg\",\"keywords\":[\"Liverpool\",\"Premier League\",\"Virgil van Dijk\"],\"articleSection\":[\"Reaktion\"],\"inLanguage\":\"en-US\",\"potentialAction\":[{\"@type\":\"CommentAction\",\"name\":\"Comment\",\"target\":[\"https:\/\/acefootball.com\/da\/fodboldnyheder\/liverpool-fans-gaar-amok-kongen-er-tilbage\/#respond\"]}]},{\"@type\":\"Person\",\"@id\":\"https:\/\/acefootball.com\/da\/#\/schema\/person\/ee67e9cf04a276f144100ffa722f10cd\",\"name\":\"Mads Dreyer\",\"image\":{\"@type\":\"ImageObject\",\"@id\":\"https:\/\/acefootball.com\/da\/#personlogo\",\"inLanguage\":\"en-US\",\"url\":\"https:\/\/secure.gravatar.com\/avatar\/7c7abf72cfde9902b6a60efe60c88d4c?s=96&d=mm&r=g\",\"contentUrl\":\"https:\/\/secure.gravatar.com\/avatar\/7c7abf72cfde9902b6a60efe60c88d4c?s=96&d=mm&r=g\",\"caption\":\"Mads Dreyer\"},\"description\":\"Skribent og fodboldn\u00f8rd, der lige nu fort\u00e6ller om alt og intet i fodboldverdenen p\u00e5 acefootball.com. Uddannet i kommunikation fra Aalborg Universitet.\",\"sameAs\":[\"https:\/\/www.linkedin.com\/in\/mads-dreyer-b9b08266\/\"],\"url\":\"https:\/\/acefootball.com\/da\/fodboldnyheder\/author\/mdnronaldo\/\"}]}<\/script>\n<!-- \/ Yoast SEO plugin. -->","yoast_head_json":{"title":"Liverpool-fans g\u00e5r amok: Kongen er tilbage!","description":"Virgil van Dijk var onsdag tilbage p\u00e5 tr\u00e6ningsbanen i Liverpool, og det vakte stor gl\u00e6de blandt klubbens fans","robots":{"index":"index","follow":"follow","max-snippet":"max-snippet:-1","max-image-preview":"max-image-preview:large","max-video-preview":"max-video-preview:-1"},"canonical":"https:\/\/acefootball.com\/da\/fodboldnyheder\/liverpool-fans-gaar-amok-kongen-er-tilbage\/","og_locale":"en_US","og_type":"article","og_title":"Liverpool-fans g\u00e5r amok: Kongen er tilbage!","og_description":"Virgil van Dijk var onsdag tilbage p\u00e5 tr\u00e6ningsbanen i Liverpool, og det vakte stor gl\u00e6de blandt klubbens fans","og_url":"https:\/\/acefootball.com\/da\/fodboldnyheder\/liverpool-fans-gaar-amok-kongen-er-tilbage\/","og_site_name":"Ace Football Danmark","article_publisher":"https:\/\/www.facebook.com\/acefootballdk","article_published_time":"2021-02-24T17:27:25+00:00","article_modified_time":"2021-02-24T17:27:26+00:00","og_image":[{"width":1920,"height":1008,"url":"https:\/\/acefootball.com\/da\/wp-content\/uploads\/sites\/2\/2021\/02\/Laes-mere-generel-2-10.jpg","type":"image\/jpeg"}],"twitter_card":"summary_large_image","twitter_misc":{"Written by":"Mads Dreyer","Est. reading time":"1 minute"},"schema":{"@context":"https:\/\/schema.org","@graph":[{"@type":"Organization","@id":"https:\/\/acefootball.com\/da\/#organization","name":"Ace Football","url":"https:\/\/acefootball.com\/da\/","sameAs":["https:\/\/www.facebook.com\/acefootballdk"],"logo":{"@type":"ImageObject","@id":"https:\/\/acefootball.com\/da\/#logo","inLanguage":"en-US","url":"https:\/\/acefootball.com\/da\/wp-content\/uploads\/sites\/2\/2020\/07\/Ace-Football-30-07-2020-2.png","contentUrl":"https:\/\/acefootball.com\/da\/wp-content\/uploads\/sites\/2\/2020\/07\/Ace-Football-30-07-2020-2.png","width":1200,"height":600,"caption":"Ace Football"},"image":{"@id":"https:\/\/acefootball.com\/da\/#logo"}},{"@type":"WebSite","@id":"https:\/\/acefootball.com\/da\/#website","url":"https:\/\/acefootball.com\/da\/","name":"Ace Football Danmark","description":"Nyheder, Spiltips &amp; Livescore","publisher":{"@id":"https:\/\/acefootball.com\/da\/#organization"},"potentialAction":[{"@type":"SearchAction","target":{"@type":"EntryPoint","urlTemplate":"https:\/\/acefootball.com\/da\/?s={search_term_string}"},"query-input":"required name=search_term_string"}],"inLanguage":"en-US"},{"@type":"ImageObject","@id":"https:\/\/acefootball.com\/da\/fodboldnyheder\/liverpool-fans-gaar-amok-kongen-er-tilbage\/#primaryimage","inLanguage":"en-US","url":"https:\/\/acefootball.com\/da\/wp-content\/uploads\/sites\/2\/2021\/02\/Laes-mere-generel-2-10.jpg","contentUrl":"https:\/\/acefootball.com\/da\/wp-content\/uploads\/sites\/2\/2021\/02\/Laes-mere-generel-2-10.jpg","width":1920,"height":1008,"caption":"klopp og lijnders"},{"@type":"WebPage","@id":"https:\/\/acefootball.com\/da\/fodboldnyheder\/liverpool-fans-gaar-amok-kongen-er-tilbage\/#webpage","url":"https:\/\/acefootball.com\/da\/fodboldnyheder\/liverpool-fans-gaar-amok-kongen-er-tilbage\/","name":"Liverpool-fans g\u00e5r amok: Kongen er tilbage!","isPartOf":{"@id":"https:\/\/acefootball.com\/da\/#website"},"primaryImageOfPage":{"@id":"https:\/\/acefootball.com\/da\/fodboldnyheder\/liverpool-fans-gaar-amok-kongen-er-tilbage\/#primaryimage"},"datePublished":"2021-02-24T17:27:25+00:00","dateModified":"2021-02-24T17:27:26+00:00","description":"Virgil van Dijk var onsdag tilbage p\u00e5 tr\u00e6ningsbanen i Liverpool, og det vakte stor gl\u00e6de blandt klubbens fans","breadcrumb":{"@id":"https:\/\/acefootball.com\/da\/fodboldnyheder\/liverpool-fans-gaar-amok-kongen-er-tilbage\/#breadcrumb"},"inLanguage":"en-US","potentialAction":[{"@type":"ReadAction","target":["https:\/\/acefootball.com\/da\/fodboldnyheder\/liverpool-fans-gaar-amok-kongen-er-tilbage\/"]}]},{"@type":"BreadcrumbList","@id":"https:\/\/acefootball.com\/da\/fodboldnyheder\/liverpool-fans-gaar-amok-kongen-er-tilbage\/#breadcrumb","itemListElement":[{"@type":"ListItem","position":1,"name":"Home","item":"https:\/\/acefootball.com\/da\/"},{"@type":"ListItem","position":2,"name":"Liverpool-fans g\u00e5r amok: Kongen er tilbage!"}]},{"@type":"Article","@id":"https:\/\/acefootball.com\/da\/fodboldnyheder\/liverpool-fans-gaar-amok-kongen-er-tilbage\/#article","isPartOf":{"@id":"https:\/\/acefootball.com\/da\/fodboldnyheder\/liverpool-fans-gaar-amok-kongen-er-tilbage\/#webpage"},"author":{"@id":"https:\/\/acefootball.com\/da\/#\/schema\/person\/ee67e9cf04a276f144100ffa722f10cd"},"headline":"Liverpool-fans g\u00e5r amok: Kongen er tilbage!","datePublished":"2021-02-24T17:27:25+00:00","dateModified":"2021-02-24T17:27:26+00:00","mainEntityOfPage":{"@id":"https:\/\/acefootball.com\/da\/fodboldnyheder\/liverpool-fans-gaar-amok-kongen-er-tilbage\/#webpage"},"wordCount":205,"commentCount":0,"publisher":{"@id":"https:\/\/acefootball.com\/da\/#organization"},"image":{"@id":"https:\/\/acefootball.com\/da\/fodboldnyheder\/liverpool-fans-gaar-amok-kongen-er-tilbage\/#primaryimage"},"thumbnailUrl":"https:\/\/acefootball.com\/da\/wp-content\/uploads\/sites\/2\/2020\/11\/GettyImages-1277842531.jpg","keywords":["Liverpool","Premier League","Virgil van Dijk"],"articleSection":["Reaktion"],"inLanguage":"en-US","potentialAction":[{"@type":"CommentAction","name":"Comment","target":["https:\/\/acefootball.com\/da\/fodboldnyheder\/liverpool-fans-gaar-amok-kongen-er-tilbage\/#respond"]}]},{"@type":"Person","@id":"https:\/\/acefootball.com\/da\/#\/schema\/person\/ee67e9cf04a276f144100ffa722f10cd","name":"Mads Dreyer","image":{"@type":"ImageObject","@id":"https:\/\/acefootball.com\/da\/#personlogo","inLanguage":"en-US","url":"https:\/\/secure.gravatar.com\/avatar\/7c7abf72cfde9902b6a60efe60c88d4c?s=96&d=mm&r=g","contentUrl":"https:\/\/secure.gravatar.com\/avatar\/7c7abf72cfde9902b6a60efe60c88d4c?s=96&d=mm&r=g","caption":"Mads Dreyer"},"description":"Skribent og fodboldn\u00f8rd, der lige nu fort\u00e6ller om alt og intet i fodboldverdenen p\u00e5 acefootball.com. Uddannet i kommunikation fra Aalborg Universitet.","sameAs":["https:\/\/www.linkedin.com\/in\/mads-dreyer-b9b08266\/"],"url":"https:\/\/acefootball.com\/da\/fodboldnyheder\/author\/mdnronaldo\/"}]}},"fimg_url":"https:\/\/acefootball.com\/da\/wp-content\/uploads\/sites\/2\/2020\/11\/GettyImages-1277842531.jpg","_links":{"self":[{"href":"https:\/\/acefootball.com\/da\/wp-json\/wp\/v2\/posts\/252853"}],"collection":[{"href":"https:\/\/acefootball.com\/da\/wp-json\/wp\/v2\/posts"}],"about":[{"href":"https:\/\/acefootball.com\/da\/wp-json\/wp\/v2\/types\/post"}],"author":[{"embeddable":true,"href":"https:\/\/acefootball.com\/da\/wp-json\/wp\/v2\/users\/705"}],"replies":[{"embeddable":true,"href":"https:\/\/acefootball.com\/da\/wp-json\/wp\/v2\/comments?post=252853"}],"version-history":[{"count":0,"href":"https:\/\/acefootball.com\/da\/wp-json\/wp\/v2\/posts\/252853\/revisions"}],"wp:featuredmedia":[{"embeddable":true,"href":"https:\/\/acefootball.com\/da\/wp-json\/wp\/v2\/media\/244654"}],"wp:attachment":[{"href":"https:\/\/acefootball.com\/da\/wp-json\/wp\/v2\/media?parent=252853"}],"wp:term":[{"taxonomy":"category","embeddable":true,"href":"https:\/\/acefootball.com\/da\/wp-json\/wp\/v2\/categories?post=252853"},{"taxonomy":"post_tag","embeddable":true,"href":"https:\/\/acefootball.com\/da\/wp-json\/wp\/v2\/tags?post=252853"}],"curies":[{"name":"wp","href":"https:\/\/api.w.org\/{rel}","templated":true}]}}