{"id":252826,"date":"2021-02-24T13:45:06","date_gmt":"2021-02-24T12:45:06","guid":{"rendered":"https:\/\/acefootball.com\/da\/?p=252826"},"modified":"2021-02-24T13:45:07","modified_gmt":"2021-02-24T12:45:07","slug":"kvist-forklarer-denne-fck-stjerne-var-ikke-blevet-uden-mig","status":"publish","type":"post","link":"https:\/\/acefootball.com\/da\/fodboldnyheder\/kvist-forklarer-denne-fck-stjerne-var-ikke-blevet-uden-mig\/","title":{"rendered":"Kvist forklarer: Denne FCK-stjerne var ikke blevet uden mig"},"content":{"rendered":"\n<h2 id=\"h-william-kvist-mener-ikke-at-fck-profilen-rasmus-falk-havde-forl-nget-kontrakten-i-klubben-hvis-det-ikke-var-for-ham\">William Kvist mener ikke, at FCK-profilen Rasmus Falk havde forl\u00e6nget kontrakten i klubben, hvis det ikke var for ham<\/h2>\n\n\n\n<p>William Kvist har siden oktober ageret sportslig ansvarlig for FC K\u00f8benhavn, og i den tid har han blandt andet v\u00e6ret med til at forl\u00e6nge kontrakten med holdets profil Rasmus Falk frem til sommeren 2025.<\/p>\n\n\n\n<p>Denne forl\u00e6ngelse tror Kvist alts\u00e5 ikke, at L\u00f8verne kunne have f\u00e5et i hus uden hans hj\u00e6lp.<\/p>\n\n\n\n<p>&#8220;Jeg tror ikke, vi havde f\u00e5et forl\u00e6nget med Falk, hvis ikke jeg havde v\u00e6ret der. Jeg kender ham rigtig godt, og jeg kan g\u00e5 t\u00e6t p\u00e5 ham. I og med vi har talt sammen mange gange f\u00f8r, ved jeg ogs\u00e5, hvad det er, der kan r\u00f8re sig, og han ved ogs\u00e5, at n\u00e5r jeg kommer med et \u00e6rligt svar, s\u00e5 er det s\u00e5dan, det kan v\u00e6re,&#8221; siger William Kvist if\u00f8lge <a href=\"https:\/\/www.tipsbladet.dk\/nyhed\/superliga\/vi-havde-ikke-forlaenget-med-rasmus-falk-uden-mig\" target=\"_blank\" rel=\"noreferrer noopener\">Tipsbladet<\/a> i K\u00f8bm\u00e6ndenes Klub p\u00e5 Discovery+.<\/p>\n\n\n\n<p>Kvist har angiveligt ogs\u00e5 benyttet sine overtalelsesevner til at hente Lukas Lerager til den danske hovedstadsklub, hvilket du kan l\u00e6se mere i artiklen herunder.<\/p>\n\n\n\n<figure class=\"wp-block-embed is-type-wp-embed is-provider-ace-football-danmark wp-block-embed-ace-football-danmark\"><div class=\"wp-block-embed__wrapper\">\n<blockquote class=\"wp-embedded-content\" data-secret=\"7TcgMl0Xmr\"><a href=\"https:\/\/acefootball.com\/da\/fodboldnyheder\/lokkede-med-barcelona-moede-saadan-overtalte-kvist-lerager-til-at-vaelge-fck\/\">Lokkede med Barcelona-m\u00f8de: S\u00e5dan overtalte Kvist Lerager til at v\u00e6lge FCK<\/a><\/blockquote><iframe class=\"wp-embedded-content\" sandbox=\"allow-scripts\" security=\"restricted\" style=\"position: absolute; clip: rect(1px, 1px, 1px, 1px);\" title=\"&#8220;Lokkede med Barcelona-m\u00f8de: S\u00e5dan overtalte Kvist Lerager til at v\u00e6lge FCK&#8221; &#8212; Ace Football Danmark\" src=\"https:\/\/acefootball.com\/da\/fodboldnyheder\/lokkede-med-barcelona-moede-saadan-overtalte-kvist-lerager-til-at-vaelge-fck\/embed\/#?secret=7TcgMl0Xmr\" data-secret=\"7TcgMl0Xmr\" width=\"600\" height=\"338\" frameborder=\"0\" marginwidth=\"0\" marginheight=\"0\" scrolling=\"no\"><\/iframe>\n<\/div><\/figure>\n","protected":false},"excerpt":{"rendered":"<p>William Kvist mener ikke, at FCK-profilen Rasmus Falk havde forl\u00e6nget kontrakten i klubben, hvis det ikke var for ham<\/p>\n","protected":false},"author":74,"featured_media":239945,"comment_status":"open","ping_status":"closed","sticky":false,"template":"","format":"standard","meta":{"om_disable_all_campaigns":false,"push_articles_ronaldo":{"active":false,"canonical":0,"publish":false},"force_updates":null},"categories":[8204],"tags":[16,588,781],"enet_tags":{"team":["8391"],"league":["46"],"player":["26782"],"sport_events":[]},"yoast_head":"<!-- This site is optimized with the Yoast SEO plugin v18.3 - https:\/\/yoast.com\/wordpress\/plugins\/seo\/ -->\n<title>Kvist forklarer: Denne FCK-stjerne var ikke blevet uden mig<\/title>\n<meta name=\"description\" content=\"William Kvist mener ikke, at FCK-profilen Rasmus Falk havde forl\u00e6nget kontrakten i klubben, hvis det ikke var for ham\" \/>\n<meta name=\"robots\" content=\"index, follow, max-snippet:-1, max-image-preview:large, max-video-preview:-1\" \/>\n<link rel=\"canonical\" href=\"https:\/\/acefootball.com\/da\/fodboldnyheder\/kvist-forklarer-denne-fck-stjerne-var-ikke-blevet-uden-mig\/\" \/>\n<meta property=\"og:locale\" content=\"en_US\" \/>\n<meta property=\"og:type\" content=\"article\" \/>\n<meta property=\"og:title\" content=\"Kvist forklarer: Denne FCK-stjerne var ikke blevet uden mig\" \/>\n<meta property=\"og:description\" content=\"William Kvist mener ikke, at FCK-profilen Rasmus Falk havde forl\u00e6nget kontrakten i klubben, hvis det ikke var for ham\" \/>\n<meta property=\"og:url\" content=\"https:\/\/acefootball.com\/da\/fodboldnyheder\/kvist-forklarer-denne-fck-stjerne-var-ikke-blevet-uden-mig\/\" \/>\n<meta property=\"og:site_name\" content=\"Ace Football Danmark\" \/>\n<meta property=\"article:publisher\" content=\"https:\/\/www.facebook.com\/acefootballdk\" \/>\n<meta property=\"article:published_time\" content=\"2021-02-24T12:45:06+00:00\" \/>\n<meta property=\"article:modified_time\" content=\"2021-02-24T12:45:07+00:00\" \/>\n<meta property=\"og:image\" content=\"https:\/\/acefootball.com\/da\/wp-content\/uploads\/sites\/2\/2021\/02\/FCK-5-1.jpg\" \/>\n\t<meta property=\"og:image:width\" content=\"1920\" \/>\n\t<meta property=\"og:image:height\" content=\"1008\" \/>\n\t<meta property=\"og:image:type\" content=\"image\/jpeg\" \/>\n<meta name=\"twitter:card\" content=\"summary_large_image\" \/>\n<meta name=\"twitter:label1\" content=\"Written by\" \/>\n\t<meta name=\"twitter:data1\" content=\"Patrick Hesselb\u00e6k\" \/>\n\t<meta name=\"twitter:label2\" content=\"Est. reading time\" \/>\n\t<meta name=\"twitter:data2\" content=\"1 minute\" \/>\n<script type=\"application\/ld+json\" class=\"yoast-schema-graph\">{\"@context\":\"https:\/\/schema.org\",\"@graph\":[{\"@type\":\"Organization\",\"@id\":\"https:\/\/acefootball.com\/da\/#organization\",\"name\":\"Ace Football\",\"url\":\"https:\/\/acefootball.com\/da\/\",\"sameAs\":[\"https:\/\/www.facebook.com\/acefootballdk\"],\"logo\":{\"@type\":\"ImageObject\",\"@id\":\"https:\/\/acefootball.com\/da\/#logo\",\"inLanguage\":\"en-US\",\"url\":\"https:\/\/acefootball.com\/da\/wp-content\/uploads\/sites\/2\/2020\/07\/Ace-Football-30-07-2020-2.png\",\"contentUrl\":\"https:\/\/acefootball.com\/da\/wp-content\/uploads\/sites\/2\/2020\/07\/Ace-Football-30-07-2020-2.png\",\"width\":1200,\"height\":600,\"caption\":\"Ace Football\"},\"image\":{\"@id\":\"https:\/\/acefootball.com\/da\/#logo\"}},{\"@type\":\"WebSite\",\"@id\":\"https:\/\/acefootball.com\/da\/#website\",\"url\":\"https:\/\/acefootball.com\/da\/\",\"name\":\"Ace Football Danmark\",\"description\":\"Nyheder, Spiltips &amp; Livescore\",\"publisher\":{\"@id\":\"https:\/\/acefootball.com\/da\/#organization\"},\"potentialAction\":[{\"@type\":\"SearchAction\",\"target\":{\"@type\":\"EntryPoint\",\"urlTemplate\":\"https:\/\/acefootball.com\/da\/?s={search_term_string}\"},\"query-input\":\"required name=search_term_string\"}],\"inLanguage\":\"en-US\"},{\"@type\":\"ImageObject\",\"@id\":\"https:\/\/acefootball.com\/da\/fodboldnyheder\/kvist-forklarer-denne-fck-stjerne-var-ikke-blevet-uden-mig\/#primaryimage\",\"inLanguage\":\"en-US\",\"url\":\"https:\/\/acefootball.com\/da\/wp-content\/uploads\/sites\/2\/2021\/02\/FCK-5-1.jpg\",\"contentUrl\":\"https:\/\/acefootball.com\/da\/wp-content\/uploads\/sites\/2\/2021\/02\/FCK-5-1.jpg\",\"width\":1920,\"height\":1008},{\"@type\":\"WebPage\",\"@id\":\"https:\/\/acefootball.com\/da\/fodboldnyheder\/kvist-forklarer-denne-fck-stjerne-var-ikke-blevet-uden-mig\/#webpage\",\"url\":\"https:\/\/acefootball.com\/da\/fodboldnyheder\/kvist-forklarer-denne-fck-stjerne-var-ikke-blevet-uden-mig\/\",\"name\":\"Kvist forklarer: Denne FCK-stjerne var ikke blevet uden mig\",\"isPartOf\":{\"@id\":\"https:\/\/acefootball.com\/da\/#website\"},\"primaryImageOfPage\":{\"@id\":\"https:\/\/acefootball.com\/da\/fodboldnyheder\/kvist-forklarer-denne-fck-stjerne-var-ikke-blevet-uden-mig\/#primaryimage\"},\"datePublished\":\"2021-02-24T12:45:06+00:00\",\"dateModified\":\"2021-02-24T12:45:07+00:00\",\"description\":\"William Kvist mener ikke, at FCK-profilen Rasmus Falk havde forl\u00e6nget kontrakten i klubben, hvis det ikke var for ham\",\"breadcrumb\":{\"@id\":\"https:\/\/acefootball.com\/da\/fodboldnyheder\/kvist-forklarer-denne-fck-stjerne-var-ikke-blevet-uden-mig\/#breadcrumb\"},\"inLanguage\":\"en-US\",\"potentialAction\":[{\"@type\":\"ReadAction\",\"target\":[\"https:\/\/acefootball.com\/da\/fodboldnyheder\/kvist-forklarer-denne-fck-stjerne-var-ikke-blevet-uden-mig\/\"]}]},{\"@type\":\"BreadcrumbList\",\"@id\":\"https:\/\/acefootball.com\/da\/fodboldnyheder\/kvist-forklarer-denne-fck-stjerne-var-ikke-blevet-uden-mig\/#breadcrumb\",\"itemListElement\":[{\"@type\":\"ListItem\",\"position\":1,\"name\":\"Home\",\"item\":\"https:\/\/acefootball.com\/da\/\"},{\"@type\":\"ListItem\",\"position\":2,\"name\":\"Kvist forklarer: Denne FCK-stjerne var ikke blevet uden mig\"}]},{\"@type\":\"Article\",\"@id\":\"https:\/\/acefootball.com\/da\/fodboldnyheder\/kvist-forklarer-denne-fck-stjerne-var-ikke-blevet-uden-mig\/#article\",\"isPartOf\":{\"@id\":\"https:\/\/acefootball.com\/da\/fodboldnyheder\/kvist-forklarer-denne-fck-stjerne-var-ikke-blevet-uden-mig\/#webpage\"},\"author\":{\"@id\":\"https:\/\/acefootball.com\/da\/#\/schema\/person\/fd6223a1c033400b41da7853ddf88c84\"},\"headline\":\"Kvist forklarer: Denne FCK-stjerne var ikke blevet uden mig\",\"datePublished\":\"2021-02-24T12:45:06+00:00\",\"dateModified\":\"2021-02-24T12:45:07+00:00\",\"mainEntityOfPage\":{\"@id\":\"https:\/\/acefootball.com\/da\/fodboldnyheder\/kvist-forklarer-denne-fck-stjerne-var-ikke-blevet-uden-mig\/#webpage\"},\"wordCount\":204,\"commentCount\":0,\"publisher\":{\"@id\":\"https:\/\/acefootball.com\/da\/#organization\"},\"image\":{\"@id\":\"https:\/\/acefootball.com\/da\/fodboldnyheder\/kvist-forklarer-denne-fck-stjerne-var-ikke-blevet-uden-mig\/#primaryimage\"},\"thumbnailUrl\":\"https:\/\/acefootball.com\/da\/wp-content\/uploads\/sites\/2\/2020\/10\/GettyImages-1228995299.jpg\",\"keywords\":[\"FC K\u00f8benhavn\",\"Superligaen\",\"William Kvist\"],\"articleSection\":[\"Udtalelse\"],\"inLanguage\":\"en-US\",\"potentialAction\":[{\"@type\":\"CommentAction\",\"name\":\"Comment\",\"target\":[\"https:\/\/acefootball.com\/da\/fodboldnyheder\/kvist-forklarer-denne-fck-stjerne-var-ikke-blevet-uden-mig\/#respond\"]}]},{\"@type\":\"Person\",\"@id\":\"https:\/\/acefootball.com\/da\/#\/schema\/person\/fd6223a1c033400b41da7853ddf88c84\",\"name\":\"Patrick Hesselb\u00e6k\",\"image\":{\"@type\":\"ImageObject\",\"@id\":\"https:\/\/acefootball.com\/da\/#personlogo\",\"inLanguage\":\"en-US\",\"url\":\"https:\/\/secure.gravatar.com\/avatar\/7919060992759bffbffb199d6cbdce6f?s=96&d=mm&r=g\",\"contentUrl\":\"https:\/\/secure.gravatar.com\/avatar\/7919060992759bffbffb199d6cbdce6f?s=96&d=mm&r=g\",\"caption\":\"Patrick Hesselb\u00e6k\"},\"description\":\"Redakt\u00f8r p\u00e5 den danske Ace Football-redaktion. Uddannet i kommunikation fra Aalborg Universitet. Prim\u00e6rt fokus p\u00e5 den danske 3F Superliga og de st\u00f8rste europ\u00e6iske turneringer.\",\"sameAs\":[\"https:\/\/www.linkedin.com\/in\/patrick-hesselbk-2a4b1711a\/\"],\"url\":\"https:\/\/acefootball.com\/da\/fodboldnyheder\/author\/patrickhesselbaek\/\"}]}<\/script>\n<!-- \/ Yoast SEO plugin. -->","yoast_head_json":{"title":"Kvist forklarer: Denne FCK-stjerne var ikke blevet uden mig","description":"William Kvist mener ikke, at FCK-profilen Rasmus Falk havde forl\u00e6nget kontrakten i klubben, hvis det ikke var for ham","robots":{"index":"index","follow":"follow","max-snippet":"max-snippet:-1","max-image-preview":"max-image-preview:large","max-video-preview":"max-video-preview:-1"},"canonical":"https:\/\/acefootball.com\/da\/fodboldnyheder\/kvist-forklarer-denne-fck-stjerne-var-ikke-blevet-uden-mig\/","og_locale":"en_US","og_type":"article","og_title":"Kvist forklarer: Denne FCK-stjerne var ikke blevet uden mig","og_description":"William Kvist mener ikke, at FCK-profilen Rasmus Falk havde forl\u00e6nget kontrakten i klubben, hvis det ikke var for ham","og_url":"https:\/\/acefootball.com\/da\/fodboldnyheder\/kvist-forklarer-denne-fck-stjerne-var-ikke-blevet-uden-mig\/","og_site_name":"Ace Football Danmark","article_publisher":"https:\/\/www.facebook.com\/acefootballdk","article_published_time":"2021-02-24T12:45:06+00:00","article_modified_time":"2021-02-24T12:45:07+00:00","og_image":[{"width":1920,"height":1008,"url":"https:\/\/acefootball.com\/da\/wp-content\/uploads\/sites\/2\/2021\/02\/FCK-5-1.jpg","type":"image\/jpeg"}],"twitter_card":"summary_large_image","twitter_misc":{"Written by":"Patrick Hesselb\u00e6k","Est. reading time":"1 minute"},"schema":{"@context":"https:\/\/schema.org","@graph":[{"@type":"Organization","@id":"https:\/\/acefootball.com\/da\/#organization","name":"Ace Football","url":"https:\/\/acefootball.com\/da\/","sameAs":["https:\/\/www.facebook.com\/acefootballdk"],"logo":{"@type":"ImageObject","@id":"https:\/\/acefootball.com\/da\/#logo","inLanguage":"en-US","url":"https:\/\/acefootball.com\/da\/wp-content\/uploads\/sites\/2\/2020\/07\/Ace-Football-30-07-2020-2.png","contentUrl":"https:\/\/acefootball.com\/da\/wp-content\/uploads\/sites\/2\/2020\/07\/Ace-Football-30-07-2020-2.png","width":1200,"height":600,"caption":"Ace Football"},"image":{"@id":"https:\/\/acefootball.com\/da\/#logo"}},{"@type":"WebSite","@id":"https:\/\/acefootball.com\/da\/#website","url":"https:\/\/acefootball.com\/da\/","name":"Ace Football Danmark","description":"Nyheder, Spiltips &amp; Livescore","publisher":{"@id":"https:\/\/acefootball.com\/da\/#organization"},"potentialAction":[{"@type":"SearchAction","target":{"@type":"EntryPoint","urlTemplate":"https:\/\/acefootball.com\/da\/?s={search_term_string}"},"query-input":"required name=search_term_string"}],"inLanguage":"en-US"},{"@type":"ImageObject","@id":"https:\/\/acefootball.com\/da\/fodboldnyheder\/kvist-forklarer-denne-fck-stjerne-var-ikke-blevet-uden-mig\/#primaryimage","inLanguage":"en-US","url":"https:\/\/acefootball.com\/da\/wp-content\/uploads\/sites\/2\/2021\/02\/FCK-5-1.jpg","contentUrl":"https:\/\/acefootball.com\/da\/wp-content\/uploads\/sites\/2\/2021\/02\/FCK-5-1.jpg","width":1920,"height":1008},{"@type":"WebPage","@id":"https:\/\/acefootball.com\/da\/fodboldnyheder\/kvist-forklarer-denne-fck-stjerne-var-ikke-blevet-uden-mig\/#webpage","url":"https:\/\/acefootball.com\/da\/fodboldnyheder\/kvist-forklarer-denne-fck-stjerne-var-ikke-blevet-uden-mig\/","name":"Kvist forklarer: Denne FCK-stjerne var ikke blevet uden mig","isPartOf":{"@id":"https:\/\/acefootball.com\/da\/#website"},"primaryImageOfPage":{"@id":"https:\/\/acefootball.com\/da\/fodboldnyheder\/kvist-forklarer-denne-fck-stjerne-var-ikke-blevet-uden-mig\/#primaryimage"},"datePublished":"2021-02-24T12:45:06+00:00","dateModified":"2021-02-24T12:45:07+00:00","description":"William Kvist mener ikke, at FCK-profilen Rasmus Falk havde forl\u00e6nget kontrakten i klubben, hvis det ikke var for ham","breadcrumb":{"@id":"https:\/\/acefootball.com\/da\/fodboldnyheder\/kvist-forklarer-denne-fck-stjerne-var-ikke-blevet-uden-mig\/#breadcrumb"},"inLanguage":"en-US","potentialAction":[{"@type":"ReadAction","target":["https:\/\/acefootball.com\/da\/fodboldnyheder\/kvist-forklarer-denne-fck-stjerne-var-ikke-blevet-uden-mig\/"]}]},{"@type":"BreadcrumbList","@id":"https:\/\/acefootball.com\/da\/fodboldnyheder\/kvist-forklarer-denne-fck-stjerne-var-ikke-blevet-uden-mig\/#breadcrumb","itemListElement":[{"@type":"ListItem","position":1,"name":"Home","item":"https:\/\/acefootball.com\/da\/"},{"@type":"ListItem","position":2,"name":"Kvist forklarer: Denne FCK-stjerne var ikke blevet uden mig"}]},{"@type":"Article","@id":"https:\/\/acefootball.com\/da\/fodboldnyheder\/kvist-forklarer-denne-fck-stjerne-var-ikke-blevet-uden-mig\/#article","isPartOf":{"@id":"https:\/\/acefootball.com\/da\/fodboldnyheder\/kvist-forklarer-denne-fck-stjerne-var-ikke-blevet-uden-mig\/#webpage"},"author":{"@id":"https:\/\/acefootball.com\/da\/#\/schema\/person\/fd6223a1c033400b41da7853ddf88c84"},"headline":"Kvist forklarer: Denne FCK-stjerne var ikke blevet uden mig","datePublished":"2021-02-24T12:45:06+00:00","dateModified":"2021-02-24T12:45:07+00:00","mainEntityOfPage":{"@id":"https:\/\/acefootball.com\/da\/fodboldnyheder\/kvist-forklarer-denne-fck-stjerne-var-ikke-blevet-uden-mig\/#webpage"},"wordCount":204,"commentCount":0,"publisher":{"@id":"https:\/\/acefootball.com\/da\/#organization"},"image":{"@id":"https:\/\/acefootball.com\/da\/fodboldnyheder\/kvist-forklarer-denne-fck-stjerne-var-ikke-blevet-uden-mig\/#primaryimage"},"thumbnailUrl":"https:\/\/acefootball.com\/da\/wp-content\/uploads\/sites\/2\/2020\/10\/GettyImages-1228995299.jpg","keywords":["FC K\u00f8benhavn","Superligaen","William Kvist"],"articleSection":["Udtalelse"],"inLanguage":"en-US","potentialAction":[{"@type":"CommentAction","name":"Comment","target":["https:\/\/acefootball.com\/da\/fodboldnyheder\/kvist-forklarer-denne-fck-stjerne-var-ikke-blevet-uden-mig\/#respond"]}]},{"@type":"Person","@id":"https:\/\/acefootball.com\/da\/#\/schema\/person\/fd6223a1c033400b41da7853ddf88c84","name":"Patrick Hesselb\u00e6k","image":{"@type":"ImageObject","@id":"https:\/\/acefootball.com\/da\/#personlogo","inLanguage":"en-US","url":"https:\/\/secure.gravatar.com\/avatar\/7919060992759bffbffb199d6cbdce6f?s=96&d=mm&r=g","contentUrl":"https:\/\/secure.gravatar.com\/avatar\/7919060992759bffbffb199d6cbdce6f?s=96&d=mm&r=g","caption":"Patrick Hesselb\u00e6k"},"description":"Redakt\u00f8r p\u00e5 den danske Ace Football-redaktion. Uddannet i kommunikation fra Aalborg Universitet. Prim\u00e6rt fokus p\u00e5 den danske 3F Superliga og de st\u00f8rste europ\u00e6iske turneringer.","sameAs":["https:\/\/www.linkedin.com\/in\/patrick-hesselbk-2a4b1711a\/"],"url":"https:\/\/acefootball.com\/da\/fodboldnyheder\/author\/patrickhesselbaek\/"}]}},"fimg_url":"https:\/\/acefootball.com\/da\/wp-content\/uploads\/sites\/2\/2020\/10\/GettyImages-1228995299.jpg","_links":{"self":[{"href":"https:\/\/acefootball.com\/da\/wp-json\/wp\/v2\/posts\/252826"}],"collection":[{"href":"https:\/\/acefootball.com\/da\/wp-json\/wp\/v2\/posts"}],"about":[{"href":"https:\/\/acefootball.com\/da\/wp-json\/wp\/v2\/types\/post"}],"author":[{"embeddable":true,"href":"https:\/\/acefootball.com\/da\/wp-json\/wp\/v2\/users\/74"}],"replies":[{"embeddable":true,"href":"https:\/\/acefootball.com\/da\/wp-json\/wp\/v2\/comments?post=252826"}],"version-history":[{"count":0,"href":"https:\/\/acefootball.com\/da\/wp-json\/wp\/v2\/posts\/252826\/revisions"}],"wp:featuredmedia":[{"embeddable":true,"href":"https:\/\/acefootball.com\/da\/wp-json\/wp\/v2\/media\/239945"}],"wp:attachment":[{"href":"https:\/\/acefootball.com\/da\/wp-json\/wp\/v2\/media?parent=252826"}],"wp:term":[{"taxonomy":"category","embeddable":true,"href":"https:\/\/acefootball.com\/da\/wp-json\/wp\/v2\/categories?post=252826"},{"taxonomy":"post_tag","embeddable":true,"href":"https:\/\/acefootball.com\/da\/wp-json\/wp\/v2\/tags?post=252826"}],"curies":[{"name":"wp","href":"https:\/\/api.w.org\/{rel}","templated":true}]}}