{"id":252741,"date":"2021-02-23T17:57:04","date_gmt":"2021-02-23T16:57:04","guid":{"rendered":"https:\/\/acefootball.com\/da\/?p=252741"},"modified":"2021-02-23T17:57:05","modified_gmt":"2021-02-23T16:57:05","slug":"fans-raser-efter-afsloering-om-vm-i-qatar-vanvittigt-at-det-ikke-er-boykottet","status":"publish","type":"post","link":"https:\/\/acefootball.com\/da\/fodboldnyheder\/fans-raser-efter-afsloering-om-vm-i-qatar-vanvittigt-at-det-ikke-er-boykottet\/","title":{"rendered":"Fans raser efter afsl\u00f8ring om VM i Qatar: &#8216;Vanvittigt, at det ikke er boykottet!&#8217;"},"content":{"rendered":"\n<h2 id=\"h-if-lge-the-guardian-er-hele-6500-migranter-d-de-i-forbindelse-med-forberedelserne-af-vm-der-i-2022-skal-afvikles-i-qatar\">If\u00f8lge The Guardian er hele 6500 migranter d\u00f8de i forbindelse med forberedelserne af VM, der i 2022 skal afvikles i Qatar<\/h2>\n\n\n\n<p>Der har v\u00e6ret en enorm debat omkring n\u00e6ste \u00e5rs VM-slutrunde, der afvikles i oliestaten Qatar.<\/p>\n\n\n\n<p>Debatten har prim\u00e6rt g\u00e5et p\u00e5 deres syn p\u00e5 menneskerettigheder, demokrati og generelle v\u00e6rdier i landet, som strider imod meget af det vi har i den vestlige verden i 2021.<\/p>\n\n\n\n<p>Tidligere i dag udgav det store britiske medie The Guardian en artikel, hvor de kunne afsl\u00f8re, at hele 6500 migrantarbejdere prim\u00e6rt fra Indien har mistet livet i forbindelse med forberedelser af slutrunden, hvor de angiveligt har arbejdet op mod 12 timer dagligt i bagende hede.<\/p>\n\n\n\n<figure class=\"wp-block-embed is-type-rich is-provider-twitter wp-block-embed-twitter\"><div class=\"wp-block-embed__wrapper\">\n<blockquote class=\"twitter-tweet\" data-width=\"550\" data-dnt=\"true\"><p lang=\"en\" dir=\"ltr\">Revealed: 6,500 migrant workers have died in Qatar as it gears up for World Cup <a href=\"https:\/\/t.co\/ENKDyqmJqb\">https:\/\/t.co\/ENKDyqmJqb<\/a><\/p>&mdash; The Guardian (@guardian) <a href=\"https:\/\/twitter.com\/guardian\/status\/1364095769410760707?ref_src=twsrc%5Etfw\">February 23, 2021<\/a><\/blockquote><script async src=\"https:\/\/platform.twitter.com\/widgets.js\" charset=\"utf-8\"><\/script>\n<\/div><\/figure>\n\n\n\n<p>Efter denne afsl\u00f8ring har der v\u00e6ret ualmindeligt mange opfordring til \u00e9n gang for alle at boycutte arrangementet i Qatar. Du kan l\u00e6se et udpluk af kommentarerne herunder.<\/p>\n\n\n\n<figure class=\"wp-block-image size-large\"><img loading=\"lazy\" width=\"944\" height=\"332\" src=\"https:\/\/acefootball.com\/da\/wp-content\/uploads\/sites\/2\/2021\/02\/Skaermbillede-2021-02-23-kl.-17.35.43.png\" alt=\"\" class=\"wp-image-252742\" srcset=\"https:\/\/acefootball.com\/da\/wp-content\/uploads\/sites\/2\/2021\/02\/Skaermbillede-2021-02-23-kl.-17.35.43.png 944w, https:\/\/acefootball.com\/da\/wp-content\/uploads\/sites\/2\/2021\/02\/Skaermbillede-2021-02-23-kl.-17.35.43-300x106.png 300w, https:\/\/acefootball.com\/da\/wp-content\/uploads\/sites\/2\/2021\/02\/Skaermbillede-2021-02-23-kl.-17.35.43-768x270.png 768w\" sizes=\"(max-width: 944px) 100vw, 944px\" \/><\/figure>\n\n\n\n<figure class=\"wp-block-image size-large\"><img loading=\"lazy\" width=\"934\" height=\"300\" src=\"https:\/\/acefootball.com\/da\/wp-content\/uploads\/sites\/2\/2021\/02\/Skaermbillede-2021-02-23-kl.-17.33.59.png\" alt=\"\" class=\"wp-image-252743\" srcset=\"https:\/\/acefootball.com\/da\/wp-content\/uploads\/sites\/2\/2021\/02\/Skaermbillede-2021-02-23-kl.-17.33.59.png 934w, https:\/\/acefootball.com\/da\/wp-content\/uploads\/sites\/2\/2021\/02\/Skaermbillede-2021-02-23-kl.-17.33.59-300x96.png 300w, https:\/\/acefootball.com\/da\/wp-content\/uploads\/sites\/2\/2021\/02\/Skaermbillede-2021-02-23-kl.-17.33.59-768x247.png 768w\" sizes=\"(max-width: 934px) 100vw, 934px\" \/><\/figure>\n\n\n\n<figure class=\"wp-block-image size-large\"><img loading=\"lazy\" width=\"936\" height=\"314\" src=\"https:\/\/acefootball.com\/da\/wp-content\/uploads\/sites\/2\/2021\/02\/Skaermbillede-2021-02-23-kl.-17.34.08.png\" alt=\"\" class=\"wp-image-252744\" srcset=\"https:\/\/acefootball.com\/da\/wp-content\/uploads\/sites\/2\/2021\/02\/Skaermbillede-2021-02-23-kl.-17.34.08.png 936w, https:\/\/acefootball.com\/da\/wp-content\/uploads\/sites\/2\/2021\/02\/Skaermbillede-2021-02-23-kl.-17.34.08-300x101.png 300w, https:\/\/acefootball.com\/da\/wp-content\/uploads\/sites\/2\/2021\/02\/Skaermbillede-2021-02-23-kl.-17.34.08-768x258.png 768w\" sizes=\"(max-width: 936px) 100vw, 936px\" \/><\/figure>\n\n\n\n<figure class=\"wp-block-image size-large\"><img loading=\"lazy\" width=\"946\" height=\"264\" src=\"https:\/\/acefootball.com\/da\/wp-content\/uploads\/sites\/2\/2021\/02\/Skaermbillede-2021-02-23-kl.-17.35.31.png\" alt=\"\" class=\"wp-image-252746\" srcset=\"https:\/\/acefootball.com\/da\/wp-content\/uploads\/sites\/2\/2021\/02\/Skaermbillede-2021-02-23-kl.-17.35.31.png 946w, https:\/\/acefootball.com\/da\/wp-content\/uploads\/sites\/2\/2021\/02\/Skaermbillede-2021-02-23-kl.-17.35.31-300x84.png 300w, https:\/\/acefootball.com\/da\/wp-content\/uploads\/sites\/2\/2021\/02\/Skaermbillede-2021-02-23-kl.-17.35.31-768x214.png 768w\" sizes=\"(max-width: 946px) 100vw, 946px\" \/><\/figure>\n\n\n\n<figure class=\"wp-block-image size-large\"><img loading=\"lazy\" width=\"946\" height=\"630\" src=\"https:\/\/acefootball.com\/da\/wp-content\/uploads\/sites\/2\/2021\/02\/Skaermbillede-2021-02-23-kl.-17.42.51.png\" alt=\"\" class=\"wp-image-252747\" srcset=\"https:\/\/acefootball.com\/da\/wp-content\/uploads\/sites\/2\/2021\/02\/Skaermbillede-2021-02-23-kl.-17.42.51.png 946w, https:\/\/acefootball.com\/da\/wp-content\/uploads\/sites\/2\/2021\/02\/Skaermbillede-2021-02-23-kl.-17.42.51-300x200.png 300w, https:\/\/acefootball.com\/da\/wp-content\/uploads\/sites\/2\/2021\/02\/Skaermbillede-2021-02-23-kl.-17.42.51-768x511.png 768w, https:\/\/acefootball.com\/da\/wp-content\/uploads\/sites\/2\/2021\/02\/Skaermbillede-2021-02-23-kl.-17.42.51-295x195.png 295w\" sizes=\"(max-width: 946px) 100vw, 946px\" \/><\/figure>\n\n\n\n<p>Flere danske fans er ogs\u00e5 g\u00e5et sammen med form\u00e5let om at f\u00e5 slutrunden boykotte, hvilket du kan l\u00e6se mere om herunder.<\/p>\n\n\n\n<figure class=\"wp-block-embed is-type-wp-embed is-provider-ace-football-danmark wp-block-embed-ace-football-danmark\"><div class=\"wp-block-embed__wrapper\">\n<blockquote class=\"wp-embedded-content\" data-secret=\"wicqCYcASt\"><a href=\"https:\/\/acefootball.com\/da\/fodboldnyheder\/danske-fodboldfans-gaar-sammen-vil-boykotte-vm-i-qatar\/\">Danske fodboldfans g\u00e5r sammen: Vil boykotte VM i Qatar<\/a><\/blockquote><iframe class=\"wp-embedded-content\" sandbox=\"allow-scripts\" security=\"restricted\" style=\"position: absolute; clip: rect(1px, 1px, 1px, 1px);\" title=\"&#8220;Danske fodboldfans g\u00e5r sammen: Vil boykotte VM i Qatar&#8221; &#8212; Ace Football Danmark\" src=\"https:\/\/acefootball.com\/da\/fodboldnyheder\/danske-fodboldfans-gaar-sammen-vil-boykotte-vm-i-qatar\/embed\/#?secret=wicqCYcASt\" data-secret=\"wicqCYcASt\" width=\"600\" height=\"338\" frameborder=\"0\" marginwidth=\"0\" marginheight=\"0\" scrolling=\"no\"><\/iframe>\n<\/div><\/figure>\n","protected":false},"excerpt":{"rendered":"<p>If\u00f8lge The Guardian er hele 6500 migranter d\u00f8de i forbindelse med forberedelserne af VM, der i 2022 skal afvikles i Qatar<\/p>\n","protected":false},"author":74,"featured_media":252749,"comment_status":"open","ping_status":"closed","sticky":false,"template":"","format":"standard","meta":{"om_disable_all_campaigns":false,"push_articles_ronaldo":{"active":false,"canonical":0,"publish":false},"force_updates":null},"categories":[8060],"tags":[692,2968],"enet_tags":{"team":["8238","5902"],"sport_events":[]},"yoast_head":"<!-- This site is optimized with the Yoast SEO plugin v18.3 - https:\/\/yoast.com\/wordpress\/plugins\/seo\/ -->\n<title>Fans raser efter afsl\u00f8ring om VM i Qatar: &#039;Vanvittigt, at det ikke er boykottet!&#039;<\/title>\n<meta name=\"description\" content=\"If\u00f8lge The Guardian er hele 6500 migranter d\u00f8de i forbindelse med forberedelserne af VM, der i 2022 skal afvikles i Qatar\" \/>\n<meta name=\"robots\" content=\"index, follow, max-snippet:-1, max-image-preview:large, max-video-preview:-1\" \/>\n<link rel=\"canonical\" href=\"https:\/\/acefootball.com\/da\/fodboldnyheder\/fans-raser-efter-afsloering-om-vm-i-qatar-vanvittigt-at-det-ikke-er-boykottet\/\" \/>\n<meta property=\"og:locale\" content=\"en_US\" \/>\n<meta property=\"og:type\" content=\"article\" \/>\n<meta property=\"og:title\" content=\"Fans raser efter afsl\u00f8ring om VM i Qatar: &#039;Vanvittigt, at det ikke er boykottet!&#039;\" \/>\n<meta property=\"og:description\" content=\"If\u00f8lge The Guardian er hele 6500 migranter d\u00f8de i forbindelse med forberedelserne af VM, der i 2022 skal afvikles i Qatar\" \/>\n<meta property=\"og:url\" content=\"https:\/\/acefootball.com\/da\/fodboldnyheder\/fans-raser-efter-afsloering-om-vm-i-qatar-vanvittigt-at-det-ikke-er-boykottet\/\" \/>\n<meta property=\"og:site_name\" content=\"Ace Football Danmark\" \/>\n<meta property=\"article:publisher\" content=\"https:\/\/www.facebook.com\/acefootballdk\" \/>\n<meta property=\"article:published_time\" content=\"2021-02-23T16:57:04+00:00\" \/>\n<meta property=\"article:modified_time\" content=\"2021-02-23T16:57:05+00:00\" \/>\n<meta property=\"og:image\" content=\"https:\/\/acefootball.com\/da\/wp-content\/uploads\/sites\/2\/2021\/02\/Video-generel-26-2.jpg\" \/>\n\t<meta property=\"og:image:width\" content=\"1920\" \/>\n\t<meta property=\"og:image:height\" content=\"1008\" \/>\n\t<meta property=\"og:image:type\" content=\"image\/jpeg\" \/>\n<meta name=\"twitter:card\" content=\"summary_large_image\" \/>\n<meta name=\"twitter:label1\" content=\"Written by\" \/>\n\t<meta name=\"twitter:data1\" content=\"Patrick Hesselb\u00e6k\" \/>\n\t<meta name=\"twitter:label2\" content=\"Est. reading time\" \/>\n\t<meta name=\"twitter:data2\" content=\"2 minutes\" \/>\n<script type=\"application\/ld+json\" class=\"yoast-schema-graph\">{\"@context\":\"https:\/\/schema.org\",\"@graph\":[{\"@type\":\"Organization\",\"@id\":\"https:\/\/acefootball.com\/da\/#organization\",\"name\":\"Ace Football\",\"url\":\"https:\/\/acefootball.com\/da\/\",\"sameAs\":[\"https:\/\/www.facebook.com\/acefootballdk\"],\"logo\":{\"@type\":\"ImageObject\",\"@id\":\"https:\/\/acefootball.com\/da\/#logo\",\"inLanguage\":\"en-US\",\"url\":\"https:\/\/acefootball.com\/da\/wp-content\/uploads\/sites\/2\/2020\/07\/Ace-Football-30-07-2020-2.png\",\"contentUrl\":\"https:\/\/acefootball.com\/da\/wp-content\/uploads\/sites\/2\/2020\/07\/Ace-Football-30-07-2020-2.png\",\"width\":1200,\"height\":600,\"caption\":\"Ace Football\"},\"image\":{\"@id\":\"https:\/\/acefootball.com\/da\/#logo\"}},{\"@type\":\"WebSite\",\"@id\":\"https:\/\/acefootball.com\/da\/#website\",\"url\":\"https:\/\/acefootball.com\/da\/\",\"name\":\"Ace Football Danmark\",\"description\":\"Nyheder, Spiltips &amp; Livescore\",\"publisher\":{\"@id\":\"https:\/\/acefootball.com\/da\/#organization\"},\"potentialAction\":[{\"@type\":\"SearchAction\",\"target\":{\"@type\":\"EntryPoint\",\"urlTemplate\":\"https:\/\/acefootball.com\/da\/?s={search_term_string}\"},\"query-input\":\"required name=search_term_string\"}],\"inLanguage\":\"en-US\"},{\"@type\":\"ImageObject\",\"@id\":\"https:\/\/acefootball.com\/da\/fodboldnyheder\/fans-raser-efter-afsloering-om-vm-i-qatar-vanvittigt-at-det-ikke-er-boykottet\/#primaryimage\",\"inLanguage\":\"en-US\",\"url\":\"https:\/\/acefootball.com\/da\/wp-content\/uploads\/sites\/2\/2021\/02\/Video-generel-26-2.jpg\",\"contentUrl\":\"https:\/\/acefootball.com\/da\/wp-content\/uploads\/sites\/2\/2021\/02\/Video-generel-26-2.jpg\",\"width\":1920,\"height\":1008},{\"@type\":\"WebPage\",\"@id\":\"https:\/\/acefootball.com\/da\/fodboldnyheder\/fans-raser-efter-afsloering-om-vm-i-qatar-vanvittigt-at-det-ikke-er-boykottet\/#webpage\",\"url\":\"https:\/\/acefootball.com\/da\/fodboldnyheder\/fans-raser-efter-afsloering-om-vm-i-qatar-vanvittigt-at-det-ikke-er-boykottet\/\",\"name\":\"Fans raser efter afsl\u00f8ring om VM i Qatar: 'Vanvittigt, at det ikke er boykottet!'\",\"isPartOf\":{\"@id\":\"https:\/\/acefootball.com\/da\/#website\"},\"primaryImageOfPage\":{\"@id\":\"https:\/\/acefootball.com\/da\/fodboldnyheder\/fans-raser-efter-afsloering-om-vm-i-qatar-vanvittigt-at-det-ikke-er-boykottet\/#primaryimage\"},\"datePublished\":\"2021-02-23T16:57:04+00:00\",\"dateModified\":\"2021-02-23T16:57:05+00:00\",\"description\":\"If\u00f8lge The Guardian er hele 6500 migranter d\u00f8de i forbindelse med forberedelserne af VM, der i 2022 skal afvikles i Qatar\",\"breadcrumb\":{\"@id\":\"https:\/\/acefootball.com\/da\/fodboldnyheder\/fans-raser-efter-afsloering-om-vm-i-qatar-vanvittigt-at-det-ikke-er-boykottet\/#breadcrumb\"},\"inLanguage\":\"en-US\",\"potentialAction\":[{\"@type\":\"ReadAction\",\"target\":[\"https:\/\/acefootball.com\/da\/fodboldnyheder\/fans-raser-efter-afsloering-om-vm-i-qatar-vanvittigt-at-det-ikke-er-boykottet\/\"]}]},{\"@type\":\"BreadcrumbList\",\"@id\":\"https:\/\/acefootball.com\/da\/fodboldnyheder\/fans-raser-efter-afsloering-om-vm-i-qatar-vanvittigt-at-det-ikke-er-boykottet\/#breadcrumb\",\"itemListElement\":[{\"@type\":\"ListItem\",\"position\":1,\"name\":\"Home\",\"item\":\"https:\/\/acefootball.com\/da\/\"},{\"@type\":\"ListItem\",\"position\":2,\"name\":\"Fans raser efter afsl\u00f8ring om VM i Qatar: &#8216;Vanvittigt, at det ikke er boykottet!&#8217;\"}]},{\"@type\":\"Article\",\"@id\":\"https:\/\/acefootball.com\/da\/fodboldnyheder\/fans-raser-efter-afsloering-om-vm-i-qatar-vanvittigt-at-det-ikke-er-boykottet\/#article\",\"isPartOf\":{\"@id\":\"https:\/\/acefootball.com\/da\/fodboldnyheder\/fans-raser-efter-afsloering-om-vm-i-qatar-vanvittigt-at-det-ikke-er-boykottet\/#webpage\"},\"author\":{\"@id\":\"https:\/\/acefootball.com\/da\/#\/schema\/person\/fd6223a1c033400b41da7853ddf88c84\"},\"headline\":\"Fans raser efter afsl\u00f8ring om VM i Qatar: &#8216;Vanvittigt, at det ikke er boykottet!&#8217;\",\"datePublished\":\"2021-02-23T16:57:04+00:00\",\"dateModified\":\"2021-02-23T16:57:05+00:00\",\"mainEntityOfPage\":{\"@id\":\"https:\/\/acefootball.com\/da\/fodboldnyheder\/fans-raser-efter-afsloering-om-vm-i-qatar-vanvittigt-at-det-ikke-er-boykottet\/#webpage\"},\"wordCount\":195,\"commentCount\":0,\"publisher\":{\"@id\":\"https:\/\/acefootball.com\/da\/#organization\"},\"image\":{\"@id\":\"https:\/\/acefootball.com\/da\/fodboldnyheder\/fans-raser-efter-afsloering-om-vm-i-qatar-vanvittigt-at-det-ikke-er-boykottet\/#primaryimage\"},\"thumbnailUrl\":\"https:\/\/acefootball.com\/da\/wp-content\/uploads\/sites\/2\/2021\/02\/GettyImages-1195020264.jpg\",\"keywords\":[\"Danmark\",\"Qatar\"],\"articleSection\":[\"Reaktion\"],\"inLanguage\":\"en-US\",\"potentialAction\":[{\"@type\":\"CommentAction\",\"name\":\"Comment\",\"target\":[\"https:\/\/acefootball.com\/da\/fodboldnyheder\/fans-raser-efter-afsloering-om-vm-i-qatar-vanvittigt-at-det-ikke-er-boykottet\/#respond\"]}]},{\"@type\":\"Person\",\"@id\":\"https:\/\/acefootball.com\/da\/#\/schema\/person\/fd6223a1c033400b41da7853ddf88c84\",\"name\":\"Patrick Hesselb\u00e6k\",\"image\":{\"@type\":\"ImageObject\",\"@id\":\"https:\/\/acefootball.com\/da\/#personlogo\",\"inLanguage\":\"en-US\",\"url\":\"https:\/\/secure.gravatar.com\/avatar\/7919060992759bffbffb199d6cbdce6f?s=96&d=mm&r=g\",\"contentUrl\":\"https:\/\/secure.gravatar.com\/avatar\/7919060992759bffbffb199d6cbdce6f?s=96&d=mm&r=g\",\"caption\":\"Patrick Hesselb\u00e6k\"},\"description\":\"Redakt\u00f8r p\u00e5 den danske Ace Football-redaktion. Uddannet i kommunikation fra Aalborg Universitet. Prim\u00e6rt fokus p\u00e5 den danske 3F Superliga og de st\u00f8rste europ\u00e6iske turneringer.\",\"sameAs\":[\"https:\/\/www.linkedin.com\/in\/patrick-hesselbk-2a4b1711a\/\"],\"url\":\"https:\/\/acefootball.com\/da\/fodboldnyheder\/author\/patrickhesselbaek\/\"}]}<\/script>\n<!-- \/ Yoast SEO plugin. -->","yoast_head_json":{"title":"Fans raser efter afsl\u00f8ring om VM i Qatar: 'Vanvittigt, at det ikke er boykottet!'","description":"If\u00f8lge The Guardian er hele 6500 migranter d\u00f8de i forbindelse med forberedelserne af VM, der i 2022 skal afvikles i Qatar","robots":{"index":"index","follow":"follow","max-snippet":"max-snippet:-1","max-image-preview":"max-image-preview:large","max-video-preview":"max-video-preview:-1"},"canonical":"https:\/\/acefootball.com\/da\/fodboldnyheder\/fans-raser-efter-afsloering-om-vm-i-qatar-vanvittigt-at-det-ikke-er-boykottet\/","og_locale":"en_US","og_type":"article","og_title":"Fans raser efter afsl\u00f8ring om VM i Qatar: 'Vanvittigt, at det ikke er boykottet!'","og_description":"If\u00f8lge The Guardian er hele 6500 migranter d\u00f8de i forbindelse med forberedelserne af VM, der i 2022 skal afvikles i Qatar","og_url":"https:\/\/acefootball.com\/da\/fodboldnyheder\/fans-raser-efter-afsloering-om-vm-i-qatar-vanvittigt-at-det-ikke-er-boykottet\/","og_site_name":"Ace Football Danmark","article_publisher":"https:\/\/www.facebook.com\/acefootballdk","article_published_time":"2021-02-23T16:57:04+00:00","article_modified_time":"2021-02-23T16:57:05+00:00","og_image":[{"width":1920,"height":1008,"url":"https:\/\/acefootball.com\/da\/wp-content\/uploads\/sites\/2\/2021\/02\/Video-generel-26-2.jpg","type":"image\/jpeg"}],"twitter_card":"summary_large_image","twitter_misc":{"Written by":"Patrick Hesselb\u00e6k","Est. reading time":"2 minutes"},"schema":{"@context":"https:\/\/schema.org","@graph":[{"@type":"Organization","@id":"https:\/\/acefootball.com\/da\/#organization","name":"Ace Football","url":"https:\/\/acefootball.com\/da\/","sameAs":["https:\/\/www.facebook.com\/acefootballdk"],"logo":{"@type":"ImageObject","@id":"https:\/\/acefootball.com\/da\/#logo","inLanguage":"en-US","url":"https:\/\/acefootball.com\/da\/wp-content\/uploads\/sites\/2\/2020\/07\/Ace-Football-30-07-2020-2.png","contentUrl":"https:\/\/acefootball.com\/da\/wp-content\/uploads\/sites\/2\/2020\/07\/Ace-Football-30-07-2020-2.png","width":1200,"height":600,"caption":"Ace Football"},"image":{"@id":"https:\/\/acefootball.com\/da\/#logo"}},{"@type":"WebSite","@id":"https:\/\/acefootball.com\/da\/#website","url":"https:\/\/acefootball.com\/da\/","name":"Ace Football Danmark","description":"Nyheder, Spiltips &amp; Livescore","publisher":{"@id":"https:\/\/acefootball.com\/da\/#organization"},"potentialAction":[{"@type":"SearchAction","target":{"@type":"EntryPoint","urlTemplate":"https:\/\/acefootball.com\/da\/?s={search_term_string}"},"query-input":"required name=search_term_string"}],"inLanguage":"en-US"},{"@type":"ImageObject","@id":"https:\/\/acefootball.com\/da\/fodboldnyheder\/fans-raser-efter-afsloering-om-vm-i-qatar-vanvittigt-at-det-ikke-er-boykottet\/#primaryimage","inLanguage":"en-US","url":"https:\/\/acefootball.com\/da\/wp-content\/uploads\/sites\/2\/2021\/02\/Video-generel-26-2.jpg","contentUrl":"https:\/\/acefootball.com\/da\/wp-content\/uploads\/sites\/2\/2021\/02\/Video-generel-26-2.jpg","width":1920,"height":1008},{"@type":"WebPage","@id":"https:\/\/acefootball.com\/da\/fodboldnyheder\/fans-raser-efter-afsloering-om-vm-i-qatar-vanvittigt-at-det-ikke-er-boykottet\/#webpage","url":"https:\/\/acefootball.com\/da\/fodboldnyheder\/fans-raser-efter-afsloering-om-vm-i-qatar-vanvittigt-at-det-ikke-er-boykottet\/","name":"Fans raser efter afsl\u00f8ring om VM i Qatar: 'Vanvittigt, at det ikke er boykottet!'","isPartOf":{"@id":"https:\/\/acefootball.com\/da\/#website"},"primaryImageOfPage":{"@id":"https:\/\/acefootball.com\/da\/fodboldnyheder\/fans-raser-efter-afsloering-om-vm-i-qatar-vanvittigt-at-det-ikke-er-boykottet\/#primaryimage"},"datePublished":"2021-02-23T16:57:04+00:00","dateModified":"2021-02-23T16:57:05+00:00","description":"If\u00f8lge The Guardian er hele 6500 migranter d\u00f8de i forbindelse med forberedelserne af VM, der i 2022 skal afvikles i Qatar","breadcrumb":{"@id":"https:\/\/acefootball.com\/da\/fodboldnyheder\/fans-raser-efter-afsloering-om-vm-i-qatar-vanvittigt-at-det-ikke-er-boykottet\/#breadcrumb"},"inLanguage":"en-US","potentialAction":[{"@type":"ReadAction","target":["https:\/\/acefootball.com\/da\/fodboldnyheder\/fans-raser-efter-afsloering-om-vm-i-qatar-vanvittigt-at-det-ikke-er-boykottet\/"]}]},{"@type":"BreadcrumbList","@id":"https:\/\/acefootball.com\/da\/fodboldnyheder\/fans-raser-efter-afsloering-om-vm-i-qatar-vanvittigt-at-det-ikke-er-boykottet\/#breadcrumb","itemListElement":[{"@type":"ListItem","position":1,"name":"Home","item":"https:\/\/acefootball.com\/da\/"},{"@type":"ListItem","position":2,"name":"Fans raser efter afsl\u00f8ring om VM i Qatar: &#8216;Vanvittigt, at det ikke er boykottet!&#8217;"}]},{"@type":"Article","@id":"https:\/\/acefootball.com\/da\/fodboldnyheder\/fans-raser-efter-afsloering-om-vm-i-qatar-vanvittigt-at-det-ikke-er-boykottet\/#article","isPartOf":{"@id":"https:\/\/acefootball.com\/da\/fodboldnyheder\/fans-raser-efter-afsloering-om-vm-i-qatar-vanvittigt-at-det-ikke-er-boykottet\/#webpage"},"author":{"@id":"https:\/\/acefootball.com\/da\/#\/schema\/person\/fd6223a1c033400b41da7853ddf88c84"},"headline":"Fans raser efter afsl\u00f8ring om VM i Qatar: &#8216;Vanvittigt, at det ikke er boykottet!&#8217;","datePublished":"2021-02-23T16:57:04+00:00","dateModified":"2021-02-23T16:57:05+00:00","mainEntityOfPage":{"@id":"https:\/\/acefootball.com\/da\/fodboldnyheder\/fans-raser-efter-afsloering-om-vm-i-qatar-vanvittigt-at-det-ikke-er-boykottet\/#webpage"},"wordCount":195,"commentCount":0,"publisher":{"@id":"https:\/\/acefootball.com\/da\/#organization"},"image":{"@id":"https:\/\/acefootball.com\/da\/fodboldnyheder\/fans-raser-efter-afsloering-om-vm-i-qatar-vanvittigt-at-det-ikke-er-boykottet\/#primaryimage"},"thumbnailUrl":"https:\/\/acefootball.com\/da\/wp-content\/uploads\/sites\/2\/2021\/02\/GettyImages-1195020264.jpg","keywords":["Danmark","Qatar"],"articleSection":["Reaktion"],"inLanguage":"en-US","potentialAction":[{"@type":"CommentAction","name":"Comment","target":["https:\/\/acefootball.com\/da\/fodboldnyheder\/fans-raser-efter-afsloering-om-vm-i-qatar-vanvittigt-at-det-ikke-er-boykottet\/#respond"]}]},{"@type":"Person","@id":"https:\/\/acefootball.com\/da\/#\/schema\/person\/fd6223a1c033400b41da7853ddf88c84","name":"Patrick Hesselb\u00e6k","image":{"@type":"ImageObject","@id":"https:\/\/acefootball.com\/da\/#personlogo","inLanguage":"en-US","url":"https:\/\/secure.gravatar.com\/avatar\/7919060992759bffbffb199d6cbdce6f?s=96&d=mm&r=g","contentUrl":"https:\/\/secure.gravatar.com\/avatar\/7919060992759bffbffb199d6cbdce6f?s=96&d=mm&r=g","caption":"Patrick Hesselb\u00e6k"},"description":"Redakt\u00f8r p\u00e5 den danske Ace Football-redaktion. Uddannet i kommunikation fra Aalborg Universitet. Prim\u00e6rt fokus p\u00e5 den danske 3F Superliga og de st\u00f8rste europ\u00e6iske turneringer.","sameAs":["https:\/\/www.linkedin.com\/in\/patrick-hesselbk-2a4b1711a\/"],"url":"https:\/\/acefootball.com\/da\/fodboldnyheder\/author\/patrickhesselbaek\/"}]}},"fimg_url":"https:\/\/acefootball.com\/da\/wp-content\/uploads\/sites\/2\/2021\/02\/GettyImages-1195020264.jpg","_links":{"self":[{"href":"https:\/\/acefootball.com\/da\/wp-json\/wp\/v2\/posts\/252741"}],"collection":[{"href":"https:\/\/acefootball.com\/da\/wp-json\/wp\/v2\/posts"}],"about":[{"href":"https:\/\/acefootball.com\/da\/wp-json\/wp\/v2\/types\/post"}],"author":[{"embeddable":true,"href":"https:\/\/acefootball.com\/da\/wp-json\/wp\/v2\/users\/74"}],"replies":[{"embeddable":true,"href":"https:\/\/acefootball.com\/da\/wp-json\/wp\/v2\/comments?post=252741"}],"version-history":[{"count":0,"href":"https:\/\/acefootball.com\/da\/wp-json\/wp\/v2\/posts\/252741\/revisions"}],"wp:featuredmedia":[{"embeddable":true,"href":"https:\/\/acefootball.com\/da\/wp-json\/wp\/v2\/media\/252749"}],"wp:attachment":[{"href":"https:\/\/acefootball.com\/da\/wp-json\/wp\/v2\/media?parent=252741"}],"wp:term":[{"taxonomy":"category","embeddable":true,"href":"https:\/\/acefootball.com\/da\/wp-json\/wp\/v2\/categories?post=252741"},{"taxonomy":"post_tag","embeddable":true,"href":"https:\/\/acefootball.com\/da\/wp-json\/wp\/v2\/tags?post=252741"}],"curies":[{"name":"wp","href":"https:\/\/api.w.org\/{rel}","templated":true}]}}