{"id":252360,"date":"2021-02-18T14:13:16","date_gmt":"2021-02-18T13:13:16","guid":{"rendered":"https:\/\/acefootball.com\/da\/?p=252360"},"modified":"2021-02-18T14:14:51","modified_gmt":"2021-02-18T13:14:51","slug":"sevilla-opslag-hitter-tager-pis-paa-barcelona-stjerne","status":"publish","type":"post","link":"https:\/\/acefootball.com\/da\/fodboldnyheder\/sevilla-opslag-hitter-tager-pis-paa-barcelona-stjerne\/","title":{"rendered":"Sevilla-opslag hitter: Tager pis p\u00e5 Barcelona-stjerne"},"content":{"rendered":"\n<h2 id=\"h-sevilla-har-modtaget-b-de-klapsalver-og-kritik-for-et-opslag-p-sociale-medier-hvor-barcelonas-gerard-piqu-figurerer\">Sevilla har modtaget b\u00e5de klapsalver og kritik for et opslag p\u00e5 sociale medier, hvor Barcelonas Gerard Piqu\u00e9 figurerer<\/h2>\n\n\n\n<div class=\"wp-block-si-widget wp-block-si-widget--center\"><si-lb-widget widget-id=\"MatchInfoWithOdds\" data-nopadding=\"true\" data-card=\"true\" width=\"440\" data-event-id=\"3497098\"><\/si-lb-widget><\/div>\n\n\n\n<p>Europa League-specialisterne fra Sevilla har i denne s\u00e6son trodset forventningerne og spillet sig videre til Champions Leagues 1\/8-finaler.<\/p>\n\n\n\n<p>Dermed bliver det ikke til et forsvar af EL-titlen fra sidste s\u00e6son, men det lever man tilsyneladende fint med i den sydspanske by.<\/p>\n\n\n\n<p>Inden onsdagens hjemmekamp mod Dortmund var man nemlig i drillehumor og lagde et billede p\u00e5 sociale medier, som indeholder en lille hilsen til FC Barcelonas Gerard Piqu\u00e9.<\/p>\n\n\n\n<figure class=\"wp-block-embed is-type-rich is-provider-twitter wp-block-embed-twitter\"><div class=\"wp-block-embed__wrapper\">\n<blockquote class=\"twitter-tweet\" data-width=\"550\" data-dnt=\"true\"><p lang=\"und\" dir=\"ltr\"><a href=\"https:\/\/t.co\/HZJ2DzUOxQ\">pic.twitter.com\/HZJ2DzUOxQ<\/a><\/p>&mdash; Sevilla FC (@SevillaFC_ENG) <a href=\"https:\/\/twitter.com\/SevillaFC_ENG\/status\/1362112803629371393?ref_src=twsrc%5Etfw\">February 17, 2021<\/a><\/blockquote><script async src=\"https:\/\/platform.twitter.com\/widgets.js\" charset=\"utf-8\"><\/script>\n<\/div><\/figure>\n\n\n\n<p>Billedet er fra ligarivalernes Champions League-kamp mod PSG, hvor Barcelona-stopperen i en situation kom til at se noget uheldig ud overfor Kylian Mbapp\u00e9.<\/p>\n\n\n\n<p>Sevilla bruger dog episoden til at symbolisere, at man langt om l\u00e6nge slap ud af Europa Leagues greb, og opslaget bliver nu b\u00e5de hyldet for sin kreativitet og kritiseret for manglende respekt.<\/p>\n\n\n\n<p>Ogs\u00e5 en anden Barcelona-stjerne havde sit hyr med Mbapp\u00e9 i tirsdagens opg\u00f8r. L\u00e6s mere her:<\/p>\n\n\n\n<figure class=\"wp-block-embed is-type-wp-embed is-provider-ace-football-danmark wp-block-embed-ace-football-danmark\"><div class=\"wp-block-embed__wrapper\">\n<blockquote class=\"wp-embedded-content\" data-secret=\"GB9d5oDNGp\"><a href=\"https:\/\/acefootball.com\/da\/fodboldnyheder\/mbappe-til-barcelona-stjerne-ville-draebe-dig-paa-gaden\/\">Mbapp\u00e9 til Barcelona-stjerne: &#8220;Ville dr\u00e6be dig p\u00e5 gaden&#8221;<\/a><\/blockquote><iframe class=\"wp-embedded-content\" sandbox=\"allow-scripts\" security=\"restricted\" style=\"position: absolute; clip: rect(1px, 1px, 1px, 1px);\" title=\"&#8220;Mbapp\u00e9 til Barcelona-stjerne: &#8220;Ville dr\u00e6be dig p\u00e5 gaden&#8221;&#8221; &#8212; Ace Football Danmark\" src=\"https:\/\/acefootball.com\/da\/fodboldnyheder\/mbappe-til-barcelona-stjerne-ville-draebe-dig-paa-gaden\/embed\/#?secret=GB9d5oDNGp\" data-secret=\"GB9d5oDNGp\" width=\"600\" height=\"338\" frameborder=\"0\" marginwidth=\"0\" marginheight=\"0\" scrolling=\"no\"><\/iframe>\n<\/div><\/figure>\n","protected":false},"excerpt":{"rendered":"<p>Sevilla har modtaget b\u00e5de klapsalver og kritik for et opslag p\u00e5 sociale medier, hvor Barcelonas Gerard Piqu\u00e9 figurerer<\/p>\n","protected":false},"author":705,"featured_media":234194,"comment_status":"open","ping_status":"closed","sticky":false,"template":"","format":"standard","meta":{"om_disable_all_campaigns":false,"push_articles_ronaldo":{"active":false,"canonical":0,"publish":false},"force_updates":null},"categories":[2470],"tags":[206,49,41,412,303,77],"enet_tags":{"league":["42","73","87"],"team":["8634","8302"],"player":["37482"],"sport_events":[3497098]},"yoast_head":"<!-- This site is optimized with the Yoast SEO plugin v18.3 - https:\/\/yoast.com\/wordpress\/plugins\/seo\/ -->\n<title>Sevilla-opslag hitter: Tager pis p\u00e5 Barcelona-stjerne<\/title>\n<meta name=\"description\" content=\"Sevilla har modtaget b\u00e5de klapsalver og kritik for et opslag p\u00e5 sociale medier, hvor Barcelonas Gerard Piqu\u00e9 figurerer\" \/>\n<meta name=\"robots\" content=\"index, follow, max-snippet:-1, max-image-preview:large, max-video-preview:-1\" \/>\n<link rel=\"canonical\" href=\"https:\/\/acefootball.com\/da\/fodboldnyheder\/sevilla-opslag-hitter-tager-pis-paa-barcelona-stjerne\/\" \/>\n<meta property=\"og:locale\" content=\"en_US\" \/>\n<meta property=\"og:type\" content=\"article\" \/>\n<meta property=\"og:title\" content=\"Sevilla-opslag hitter: Tager pis p\u00e5 Barcelona-stjerne\" \/>\n<meta property=\"og:description\" content=\"Sevilla har modtaget b\u00e5de klapsalver og kritik for et opslag p\u00e5 sociale medier, hvor Barcelonas Gerard Piqu\u00e9 figurerer\" \/>\n<meta property=\"og:url\" content=\"https:\/\/acefootball.com\/da\/fodboldnyheder\/sevilla-opslag-hitter-tager-pis-paa-barcelona-stjerne\/\" \/>\n<meta property=\"og:site_name\" content=\"Ace Football Danmark\" \/>\n<meta property=\"article:publisher\" content=\"https:\/\/www.facebook.com\/acefootballdk\" \/>\n<meta property=\"article:published_time\" content=\"2021-02-18T13:13:16+00:00\" \/>\n<meta property=\"article:modified_time\" content=\"2021-02-18T13:14:51+00:00\" \/>\n<meta property=\"og:image\" content=\"https:\/\/acefootball.com\/da\/wp-content\/uploads\/sites\/2\/2021\/02\/Laes-mere-generel-37-1.jpg\" \/>\n\t<meta property=\"og:image:width\" content=\"1920\" \/>\n\t<meta property=\"og:image:height\" content=\"1008\" \/>\n\t<meta property=\"og:image:type\" content=\"image\/jpeg\" \/>\n<meta name=\"twitter:card\" content=\"summary_large_image\" \/>\n<meta name=\"twitter:label1\" content=\"Written by\" \/>\n\t<meta name=\"twitter:data1\" content=\"Mads Dreyer\" \/>\n\t<meta name=\"twitter:label2\" content=\"Est. reading time\" \/>\n\t<meta name=\"twitter:data2\" content=\"1 minute\" \/>\n<script type=\"application\/ld+json\" class=\"yoast-schema-graph\">{\"@context\":\"https:\/\/schema.org\",\"@graph\":[{\"@type\":\"Organization\",\"@id\":\"https:\/\/acefootball.com\/da\/#organization\",\"name\":\"Ace Football\",\"url\":\"https:\/\/acefootball.com\/da\/\",\"sameAs\":[\"https:\/\/www.facebook.com\/acefootballdk\"],\"logo\":{\"@type\":\"ImageObject\",\"@id\":\"https:\/\/acefootball.com\/da\/#logo\",\"inLanguage\":\"en-US\",\"url\":\"https:\/\/acefootball.com\/da\/wp-content\/uploads\/sites\/2\/2020\/07\/Ace-Football-30-07-2020-2.png\",\"contentUrl\":\"https:\/\/acefootball.com\/da\/wp-content\/uploads\/sites\/2\/2020\/07\/Ace-Football-30-07-2020-2.png\",\"width\":1200,\"height\":600,\"caption\":\"Ace Football\"},\"image\":{\"@id\":\"https:\/\/acefootball.com\/da\/#logo\"}},{\"@type\":\"WebSite\",\"@id\":\"https:\/\/acefootball.com\/da\/#website\",\"url\":\"https:\/\/acefootball.com\/da\/\",\"name\":\"Ace Football Danmark\",\"description\":\"Nyheder, Spiltips &amp; Livescore\",\"publisher\":{\"@id\":\"https:\/\/acefootball.com\/da\/#organization\"},\"potentialAction\":[{\"@type\":\"SearchAction\",\"target\":{\"@type\":\"EntryPoint\",\"urlTemplate\":\"https:\/\/acefootball.com\/da\/?s={search_term_string}\"},\"query-input\":\"required name=search_term_string\"}],\"inLanguage\":\"en-US\"},{\"@type\":\"ImageObject\",\"@id\":\"https:\/\/acefootball.com\/da\/fodboldnyheder\/sevilla-opslag-hitter-tager-pis-paa-barcelona-stjerne\/#primaryimage\",\"inLanguage\":\"en-US\",\"url\":\"https:\/\/acefootball.com\/da\/wp-content\/uploads\/sites\/2\/2021\/02\/Laes-mere-generel-37-1.jpg\",\"contentUrl\":\"https:\/\/acefootball.com\/da\/wp-content\/uploads\/sites\/2\/2021\/02\/Laes-mere-generel-37-1.jpg\",\"width\":1920,\"height\":1008},{\"@type\":\"WebPage\",\"@id\":\"https:\/\/acefootball.com\/da\/fodboldnyheder\/sevilla-opslag-hitter-tager-pis-paa-barcelona-stjerne\/#webpage\",\"url\":\"https:\/\/acefootball.com\/da\/fodboldnyheder\/sevilla-opslag-hitter-tager-pis-paa-barcelona-stjerne\/\",\"name\":\"Sevilla-opslag hitter: Tager pis p\u00e5 Barcelona-stjerne\",\"isPartOf\":{\"@id\":\"https:\/\/acefootball.com\/da\/#website\"},\"primaryImageOfPage\":{\"@id\":\"https:\/\/acefootball.com\/da\/fodboldnyheder\/sevilla-opslag-hitter-tager-pis-paa-barcelona-stjerne\/#primaryimage\"},\"datePublished\":\"2021-02-18T13:13:16+00:00\",\"dateModified\":\"2021-02-18T13:14:51+00:00\",\"description\":\"Sevilla har modtaget b\u00e5de klapsalver og kritik for et opslag p\u00e5 sociale medier, hvor Barcelonas Gerard Piqu\u00e9 figurerer\",\"breadcrumb\":{\"@id\":\"https:\/\/acefootball.com\/da\/fodboldnyheder\/sevilla-opslag-hitter-tager-pis-paa-barcelona-stjerne\/#breadcrumb\"},\"inLanguage\":\"en-US\",\"potentialAction\":[{\"@type\":\"ReadAction\",\"target\":[\"https:\/\/acefootball.com\/da\/fodboldnyheder\/sevilla-opslag-hitter-tager-pis-paa-barcelona-stjerne\/\"]}]},{\"@type\":\"BreadcrumbList\",\"@id\":\"https:\/\/acefootball.com\/da\/fodboldnyheder\/sevilla-opslag-hitter-tager-pis-paa-barcelona-stjerne\/#breadcrumb\",\"itemListElement\":[{\"@type\":\"ListItem\",\"position\":1,\"name\":\"Home\",\"item\":\"https:\/\/acefootball.com\/da\/\"},{\"@type\":\"ListItem\",\"position\":2,\"name\":\"Sevilla-opslag hitter: Tager pis p\u00e5 Barcelona-stjerne\"}]},{\"@type\":\"Article\",\"@id\":\"https:\/\/acefootball.com\/da\/fodboldnyheder\/sevilla-opslag-hitter-tager-pis-paa-barcelona-stjerne\/#article\",\"isPartOf\":{\"@id\":\"https:\/\/acefootball.com\/da\/fodboldnyheder\/sevilla-opslag-hitter-tager-pis-paa-barcelona-stjerne\/#webpage\"},\"author\":{\"@id\":\"https:\/\/acefootball.com\/da\/#\/schema\/person\/ee67e9cf04a276f144100ffa722f10cd\"},\"headline\":\"Sevilla-opslag hitter: Tager pis p\u00e5 Barcelona-stjerne\",\"datePublished\":\"2021-02-18T13:13:16+00:00\",\"dateModified\":\"2021-02-18T13:14:51+00:00\",\"mainEntityOfPage\":{\"@id\":\"https:\/\/acefootball.com\/da\/fodboldnyheder\/sevilla-opslag-hitter-tager-pis-paa-barcelona-stjerne\/#webpage\"},\"wordCount\":181,\"commentCount\":0,\"publisher\":{\"@id\":\"https:\/\/acefootball.com\/da\/#organization\"},\"image\":{\"@id\":\"https:\/\/acefootball.com\/da\/fodboldnyheder\/sevilla-opslag-hitter-tager-pis-paa-barcelona-stjerne\/#primaryimage\"},\"thumbnailUrl\":\"https:\/\/acefootball.com\/da\/wp-content\/uploads\/sites\/2\/2020\/08\/GettyImages-1256551137.jpg\",\"keywords\":[\"Champions League\",\"Europa League\",\"FC Barcelona\",\"Gerard Piqu\u00e9\",\"La Liga\",\"Sevilla\"],\"articleSection\":[\"Offsite\"],\"inLanguage\":\"en-US\",\"potentialAction\":[{\"@type\":\"CommentAction\",\"name\":\"Comment\",\"target\":[\"https:\/\/acefootball.com\/da\/fodboldnyheder\/sevilla-opslag-hitter-tager-pis-paa-barcelona-stjerne\/#respond\"]}]},{\"@type\":\"Person\",\"@id\":\"https:\/\/acefootball.com\/da\/#\/schema\/person\/ee67e9cf04a276f144100ffa722f10cd\",\"name\":\"Mads Dreyer\",\"image\":{\"@type\":\"ImageObject\",\"@id\":\"https:\/\/acefootball.com\/da\/#personlogo\",\"inLanguage\":\"en-US\",\"url\":\"https:\/\/secure.gravatar.com\/avatar\/7c7abf72cfde9902b6a60efe60c88d4c?s=96&d=mm&r=g\",\"contentUrl\":\"https:\/\/secure.gravatar.com\/avatar\/7c7abf72cfde9902b6a60efe60c88d4c?s=96&d=mm&r=g\",\"caption\":\"Mads Dreyer\"},\"description\":\"Skribent og fodboldn\u00f8rd, der lige nu fort\u00e6ller om alt og intet i fodboldverdenen p\u00e5 acefootball.com. Uddannet i kommunikation fra Aalborg Universitet.\",\"sameAs\":[\"https:\/\/www.linkedin.com\/in\/mads-dreyer-b9b08266\/\"],\"url\":\"https:\/\/acefootball.com\/da\/fodboldnyheder\/author\/mdnronaldo\/\"}]}<\/script>\n<!-- \/ Yoast SEO plugin. -->","yoast_head_json":{"title":"Sevilla-opslag hitter: Tager pis p\u00e5 Barcelona-stjerne","description":"Sevilla har modtaget b\u00e5de klapsalver og kritik for et opslag p\u00e5 sociale medier, hvor Barcelonas Gerard Piqu\u00e9 figurerer","robots":{"index":"index","follow":"follow","max-snippet":"max-snippet:-1","max-image-preview":"max-image-preview:large","max-video-preview":"max-video-preview:-1"},"canonical":"https:\/\/acefootball.com\/da\/fodboldnyheder\/sevilla-opslag-hitter-tager-pis-paa-barcelona-stjerne\/","og_locale":"en_US","og_type":"article","og_title":"Sevilla-opslag hitter: Tager pis p\u00e5 Barcelona-stjerne","og_description":"Sevilla har modtaget b\u00e5de klapsalver og kritik for et opslag p\u00e5 sociale medier, hvor Barcelonas Gerard Piqu\u00e9 figurerer","og_url":"https:\/\/acefootball.com\/da\/fodboldnyheder\/sevilla-opslag-hitter-tager-pis-paa-barcelona-stjerne\/","og_site_name":"Ace Football Danmark","article_publisher":"https:\/\/www.facebook.com\/acefootballdk","article_published_time":"2021-02-18T13:13:16+00:00","article_modified_time":"2021-02-18T13:14:51+00:00","og_image":[{"width":1920,"height":1008,"url":"https:\/\/acefootball.com\/da\/wp-content\/uploads\/sites\/2\/2021\/02\/Laes-mere-generel-37-1.jpg","type":"image\/jpeg"}],"twitter_card":"summary_large_image","twitter_misc":{"Written by":"Mads Dreyer","Est. reading time":"1 minute"},"schema":{"@context":"https:\/\/schema.org","@graph":[{"@type":"Organization","@id":"https:\/\/acefootball.com\/da\/#organization","name":"Ace Football","url":"https:\/\/acefootball.com\/da\/","sameAs":["https:\/\/www.facebook.com\/acefootballdk"],"logo":{"@type":"ImageObject","@id":"https:\/\/acefootball.com\/da\/#logo","inLanguage":"en-US","url":"https:\/\/acefootball.com\/da\/wp-content\/uploads\/sites\/2\/2020\/07\/Ace-Football-30-07-2020-2.png","contentUrl":"https:\/\/acefootball.com\/da\/wp-content\/uploads\/sites\/2\/2020\/07\/Ace-Football-30-07-2020-2.png","width":1200,"height":600,"caption":"Ace Football"},"image":{"@id":"https:\/\/acefootball.com\/da\/#logo"}},{"@type":"WebSite","@id":"https:\/\/acefootball.com\/da\/#website","url":"https:\/\/acefootball.com\/da\/","name":"Ace Football Danmark","description":"Nyheder, Spiltips &amp; Livescore","publisher":{"@id":"https:\/\/acefootball.com\/da\/#organization"},"potentialAction":[{"@type":"SearchAction","target":{"@type":"EntryPoint","urlTemplate":"https:\/\/acefootball.com\/da\/?s={search_term_string}"},"query-input":"required name=search_term_string"}],"inLanguage":"en-US"},{"@type":"ImageObject","@id":"https:\/\/acefootball.com\/da\/fodboldnyheder\/sevilla-opslag-hitter-tager-pis-paa-barcelona-stjerne\/#primaryimage","inLanguage":"en-US","url":"https:\/\/acefootball.com\/da\/wp-content\/uploads\/sites\/2\/2021\/02\/Laes-mere-generel-37-1.jpg","contentUrl":"https:\/\/acefootball.com\/da\/wp-content\/uploads\/sites\/2\/2021\/02\/Laes-mere-generel-37-1.jpg","width":1920,"height":1008},{"@type":"WebPage","@id":"https:\/\/acefootball.com\/da\/fodboldnyheder\/sevilla-opslag-hitter-tager-pis-paa-barcelona-stjerne\/#webpage","url":"https:\/\/acefootball.com\/da\/fodboldnyheder\/sevilla-opslag-hitter-tager-pis-paa-barcelona-stjerne\/","name":"Sevilla-opslag hitter: Tager pis p\u00e5 Barcelona-stjerne","isPartOf":{"@id":"https:\/\/acefootball.com\/da\/#website"},"primaryImageOfPage":{"@id":"https:\/\/acefootball.com\/da\/fodboldnyheder\/sevilla-opslag-hitter-tager-pis-paa-barcelona-stjerne\/#primaryimage"},"datePublished":"2021-02-18T13:13:16+00:00","dateModified":"2021-02-18T13:14:51+00:00","description":"Sevilla har modtaget b\u00e5de klapsalver og kritik for et opslag p\u00e5 sociale medier, hvor Barcelonas Gerard Piqu\u00e9 figurerer","breadcrumb":{"@id":"https:\/\/acefootball.com\/da\/fodboldnyheder\/sevilla-opslag-hitter-tager-pis-paa-barcelona-stjerne\/#breadcrumb"},"inLanguage":"en-US","potentialAction":[{"@type":"ReadAction","target":["https:\/\/acefootball.com\/da\/fodboldnyheder\/sevilla-opslag-hitter-tager-pis-paa-barcelona-stjerne\/"]}]},{"@type":"BreadcrumbList","@id":"https:\/\/acefootball.com\/da\/fodboldnyheder\/sevilla-opslag-hitter-tager-pis-paa-barcelona-stjerne\/#breadcrumb","itemListElement":[{"@type":"ListItem","position":1,"name":"Home","item":"https:\/\/acefootball.com\/da\/"},{"@type":"ListItem","position":2,"name":"Sevilla-opslag hitter: Tager pis p\u00e5 Barcelona-stjerne"}]},{"@type":"Article","@id":"https:\/\/acefootball.com\/da\/fodboldnyheder\/sevilla-opslag-hitter-tager-pis-paa-barcelona-stjerne\/#article","isPartOf":{"@id":"https:\/\/acefootball.com\/da\/fodboldnyheder\/sevilla-opslag-hitter-tager-pis-paa-barcelona-stjerne\/#webpage"},"author":{"@id":"https:\/\/acefootball.com\/da\/#\/schema\/person\/ee67e9cf04a276f144100ffa722f10cd"},"headline":"Sevilla-opslag hitter: Tager pis p\u00e5 Barcelona-stjerne","datePublished":"2021-02-18T13:13:16+00:00","dateModified":"2021-02-18T13:14:51+00:00","mainEntityOfPage":{"@id":"https:\/\/acefootball.com\/da\/fodboldnyheder\/sevilla-opslag-hitter-tager-pis-paa-barcelona-stjerne\/#webpage"},"wordCount":181,"commentCount":0,"publisher":{"@id":"https:\/\/acefootball.com\/da\/#organization"},"image":{"@id":"https:\/\/acefootball.com\/da\/fodboldnyheder\/sevilla-opslag-hitter-tager-pis-paa-barcelona-stjerne\/#primaryimage"},"thumbnailUrl":"https:\/\/acefootball.com\/da\/wp-content\/uploads\/sites\/2\/2020\/08\/GettyImages-1256551137.jpg","keywords":["Champions League","Europa League","FC Barcelona","Gerard Piqu\u00e9","La Liga","Sevilla"],"articleSection":["Offsite"],"inLanguage":"en-US","potentialAction":[{"@type":"CommentAction","name":"Comment","target":["https:\/\/acefootball.com\/da\/fodboldnyheder\/sevilla-opslag-hitter-tager-pis-paa-barcelona-stjerne\/#respond"]}]},{"@type":"Person","@id":"https:\/\/acefootball.com\/da\/#\/schema\/person\/ee67e9cf04a276f144100ffa722f10cd","name":"Mads Dreyer","image":{"@type":"ImageObject","@id":"https:\/\/acefootball.com\/da\/#personlogo","inLanguage":"en-US","url":"https:\/\/secure.gravatar.com\/avatar\/7c7abf72cfde9902b6a60efe60c88d4c?s=96&d=mm&r=g","contentUrl":"https:\/\/secure.gravatar.com\/avatar\/7c7abf72cfde9902b6a60efe60c88d4c?s=96&d=mm&r=g","caption":"Mads Dreyer"},"description":"Skribent og fodboldn\u00f8rd, der lige nu fort\u00e6ller om alt og intet i fodboldverdenen p\u00e5 acefootball.com. Uddannet i kommunikation fra Aalborg Universitet.","sameAs":["https:\/\/www.linkedin.com\/in\/mads-dreyer-b9b08266\/"],"url":"https:\/\/acefootball.com\/da\/fodboldnyheder\/author\/mdnronaldo\/"}]}},"fimg_url":"https:\/\/acefootball.com\/da\/wp-content\/uploads\/sites\/2\/2020\/08\/GettyImages-1256551137.jpg","_links":{"self":[{"href":"https:\/\/acefootball.com\/da\/wp-json\/wp\/v2\/posts\/252360"}],"collection":[{"href":"https:\/\/acefootball.com\/da\/wp-json\/wp\/v2\/posts"}],"about":[{"href":"https:\/\/acefootball.com\/da\/wp-json\/wp\/v2\/types\/post"}],"author":[{"embeddable":true,"href":"https:\/\/acefootball.com\/da\/wp-json\/wp\/v2\/users\/705"}],"replies":[{"embeddable":true,"href":"https:\/\/acefootball.com\/da\/wp-json\/wp\/v2\/comments?post=252360"}],"version-history":[{"count":0,"href":"https:\/\/acefootball.com\/da\/wp-json\/wp\/v2\/posts\/252360\/revisions"}],"wp:featuredmedia":[{"embeddable":true,"href":"https:\/\/acefootball.com\/da\/wp-json\/wp\/v2\/media\/234194"}],"wp:attachment":[{"href":"https:\/\/acefootball.com\/da\/wp-json\/wp\/v2\/media?parent=252360"}],"wp:term":[{"taxonomy":"category","embeddable":true,"href":"https:\/\/acefootball.com\/da\/wp-json\/wp\/v2\/categories?post=252360"},{"taxonomy":"post_tag","embeddable":true,"href":"https:\/\/acefootball.com\/da\/wp-json\/wp\/v2\/tags?post=252360"}],"curies":[{"name":"wp","href":"https:\/\/api.w.org\/{rel}","templated":true}]}}