{"id":252110,"date":"2021-02-16T14:26:08","date_gmt":"2021-02-16T13:26:08","guid":{"rendered":"https:\/\/acefootball.com\/da\/?p=252110"},"modified":"2021-02-16T14:27:22","modified_gmt":"2021-02-16T13:27:22","slug":"forsvarsspiller-afsloerer-jeg-afviste-liverpool-i-januar","status":"publish","type":"post","link":"https:\/\/acefootball.com\/da\/fodboldnyheder\/forsvarsspiller-afsloerer-jeg-afviste-liverpool-i-januar\/","title":{"rendered":"Forsvarsspiller afsl\u00f8rer: Jeg afviste Liverpool i januar"},"content":{"rendered":"\n<h2 id=\"h-marseilles-kroatiske-midtstopper-duje-caleta-car-fort-ller-i-et-interview-at-han-afviste-et-skifte-til-liverpool-i-vinterens-transfervindue\">Marseilles kroatiske midtstopper, Duje Caleta-Car, fort\u00e6ller i et interview, at han afviste et skifte til Liverpool i vinterens transfervindue<\/h2>\n\n\n\n<p>Kriseramte Liverpool s\u00e5 sig i januar n\u00f8dsaget til at handle ind til de centrale forsvarspositioner, efter skaderne blev ved med at v\u00e6lte ind i l\u00f8bet af efter\u00e5ret.<\/p>\n\n\n\n<p>Derfor blev to relativt ubeskrevne blad hentet ind, i form af Ben Davies og Ozan Kabak, men det har givetvis heller ikke v\u00e6ret Merseyside-klubbens f\u00f8rsteprioriteter.<\/p>\n\n\n\n<p>Marseille-stopperen Duje Caleta-Car fort\u00e6ller nemlig, at han selv havde bud fra Liverpool men valgte at takke nej.<\/p>\n\n\n\n<div class=\"wp-block-si-widget wp-block-si-widget--center\"><si-lb-widget widget-id=\"PlayerSeasonStatsSnap\" data-hide-controls=\"false\" width=\"440\" data-player-id=\"557799\" data-card=\"true\"><\/si-lb-widget><\/div>\n\n\n\n<p>&#8220;Jeg modtog et tilbud fra Liverpool. Det var en stor \u00e6re for mig at vide, at s\u00e5dan en klub ville have mig, men vi besluttede os for, at jeg skulle blive. Marseille er ogs\u00e5 en stor klub, og jeg kan stadig forbedre mig meget her,&#8221; udtaler kroaten if\u00f8lge <a href=\"https:\/\/www.goal.com\/en\/news\/marseille-caleta-car-turned-down-liverpool-offer-january\/14pd1r5hz38np1rub2re6bicuc\" target=\"_blank\" rel=\"noreferrer noopener\">Goal<\/a>.<\/p>\n\n\n\n<p>Lejesvenden Ozan Kabak fik l\u00f8rdag sin startdebut for Liverpool, og tyrkeren var involveret i Leicesters sidste scoring, hvor han st\u00f8dte sammen med m\u00e5lmand Alisson.<\/p>\n\n\n\n<p>Det efterlader Liverpool med en skr\u00e6kkelig statistik for de seneste 10 Premier League-kampe. Se stillingen her:<\/p>\n\n\n\n<figure class=\"wp-block-embed is-type-wp-embed is-provider-ace-football-danmark wp-block-embed-ace-football-danmark\"><div class=\"wp-block-embed__wrapper\">\n<blockquote class=\"wp-embedded-content\" data-secret=\"tiMs0itAxW\"><a href=\"https:\/\/acefootball.com\/da\/fodboldnyheder\/haabloese-liverpool-se-premier-league-stillingen-for-de-seneste-10-kampe\/\">H\u00e5bl\u00f8se Liverpool: Se Premier League-stillingen for de seneste 10 kampe<\/a><\/blockquote><iframe class=\"wp-embedded-content\" sandbox=\"allow-scripts\" security=\"restricted\" style=\"position: absolute; clip: rect(1px, 1px, 1px, 1px);\" title=\"&#8220;H\u00e5bl\u00f8se Liverpool: Se Premier League-stillingen for de seneste 10 kampe&#8221; &#8212; Ace Football Danmark\" src=\"https:\/\/acefootball.com\/da\/fodboldnyheder\/haabloese-liverpool-se-premier-league-stillingen-for-de-seneste-10-kampe\/embed\/#?secret=tiMs0itAxW\" data-secret=\"tiMs0itAxW\" width=\"600\" height=\"338\" frameborder=\"0\" marginwidth=\"0\" marginheight=\"0\" scrolling=\"no\"><\/iframe>\n<\/div><\/figure>\n","protected":false},"excerpt":{"rendered":"<p>Marseilles kroatiske midtstopper, Duje Caleta-Car, fort\u00e6ller i et interview, at han afviste et skifte til Liverpool i vinterens transfervindue<\/p>\n","protected":false},"author":705,"featured_media":252111,"comment_status":"open","ping_status":"closed","sticky":false,"template":"","format":"standard","meta":{"om_disable_all_campaigns":false,"push_articles_ronaldo":{"active":false,"canonical":0,"publish":false},"force_updates":null},"categories":[8204],"tags":[397,132,2229,134],"enet_tags":{"league":["53","47"],"team":["8650","8592"],"sport_events":[]},"yoast_head":"<!-- This site is optimized with the Yoast SEO plugin v18.3 - https:\/\/yoast.com\/wordpress\/plugins\/seo\/ -->\n<title>Forsvarsspiller afsl\u00f8rer: Jeg afviste Liverpool i januar<\/title>\n<meta name=\"description\" content=\"Marseilles kroatiske midtstopper, Duje Caleta-Car, fort\u00e6ller i et interview, at han afviste et skifte til Liverpool i januar\" \/>\n<meta name=\"robots\" content=\"index, follow, max-snippet:-1, max-image-preview:large, max-video-preview:-1\" \/>\n<link rel=\"canonical\" href=\"https:\/\/acefootball.com\/da\/fodboldnyheder\/forsvarsspiller-afsloerer-jeg-afviste-liverpool-i-januar\/\" \/>\n<meta property=\"og:locale\" content=\"en_US\" \/>\n<meta property=\"og:type\" content=\"article\" \/>\n<meta property=\"og:title\" content=\"Forsvarsspiller afsl\u00f8rer: Jeg afviste Liverpool i januar\" \/>\n<meta property=\"og:description\" content=\"Marseilles kroatiske midtstopper, Duje Caleta-Car, fort\u00e6ller i et interview, at han afviste et skifte til Liverpool i januar\" \/>\n<meta property=\"og:url\" content=\"https:\/\/acefootball.com\/da\/fodboldnyheder\/forsvarsspiller-afsloerer-jeg-afviste-liverpool-i-januar\/\" \/>\n<meta property=\"og:site_name\" content=\"Ace Football Danmark\" \/>\n<meta property=\"article:publisher\" content=\"https:\/\/www.facebook.com\/acefootballdk\" \/>\n<meta property=\"article:published_time\" content=\"2021-02-16T13:26:08+00:00\" \/>\n<meta property=\"article:modified_time\" content=\"2021-02-16T13:27:22+00:00\" \/>\n<meta property=\"og:image\" content=\"https:\/\/acefootball.com\/da\/wp-content\/uploads\/sites\/2\/2021\/02\/GettyImages-984483570.jpg\" \/>\n\t<meta property=\"og:image:width\" content=\"1024\" \/>\n\t<meta property=\"og:image:height\" content=\"683\" \/>\n\t<meta property=\"og:image:type\" content=\"image\/jpeg\" \/>\n<meta name=\"twitter:card\" content=\"summary_large_image\" \/>\n<meta name=\"twitter:label1\" content=\"Written by\" \/>\n\t<meta name=\"twitter:data1\" content=\"Mads Dreyer\" \/>\n\t<meta name=\"twitter:label2\" content=\"Est. reading time\" \/>\n\t<meta name=\"twitter:data2\" content=\"1 minute\" \/>\n<script type=\"application\/ld+json\" class=\"yoast-schema-graph\">{\"@context\":\"https:\/\/schema.org\",\"@graph\":[{\"@type\":\"Organization\",\"@id\":\"https:\/\/acefootball.com\/da\/#organization\",\"name\":\"Ace Football\",\"url\":\"https:\/\/acefootball.com\/da\/\",\"sameAs\":[\"https:\/\/www.facebook.com\/acefootballdk\"],\"logo\":{\"@type\":\"ImageObject\",\"@id\":\"https:\/\/acefootball.com\/da\/#logo\",\"inLanguage\":\"en-US\",\"url\":\"https:\/\/acefootball.com\/da\/wp-content\/uploads\/sites\/2\/2020\/07\/Ace-Football-30-07-2020-2.png\",\"contentUrl\":\"https:\/\/acefootball.com\/da\/wp-content\/uploads\/sites\/2\/2020\/07\/Ace-Football-30-07-2020-2.png\",\"width\":1200,\"height\":600,\"caption\":\"Ace Football\"},\"image\":{\"@id\":\"https:\/\/acefootball.com\/da\/#logo\"}},{\"@type\":\"WebSite\",\"@id\":\"https:\/\/acefootball.com\/da\/#website\",\"url\":\"https:\/\/acefootball.com\/da\/\",\"name\":\"Ace Football Danmark\",\"description\":\"Nyheder, Spiltips &amp; Livescore\",\"publisher\":{\"@id\":\"https:\/\/acefootball.com\/da\/#organization\"},\"potentialAction\":[{\"@type\":\"SearchAction\",\"target\":{\"@type\":\"EntryPoint\",\"urlTemplate\":\"https:\/\/acefootball.com\/da\/?s={search_term_string}\"},\"query-input\":\"required name=search_term_string\"}],\"inLanguage\":\"en-US\"},{\"@type\":\"ImageObject\",\"@id\":\"https:\/\/acefootball.com\/da\/fodboldnyheder\/forsvarsspiller-afsloerer-jeg-afviste-liverpool-i-januar\/#primaryimage\",\"inLanguage\":\"en-US\",\"url\":\"https:\/\/acefootball.com\/da\/wp-content\/uploads\/sites\/2\/2021\/02\/GettyImages-984483570.jpg\",\"contentUrl\":\"https:\/\/acefootball.com\/da\/wp-content\/uploads\/sites\/2\/2021\/02\/GettyImages-984483570.jpg\",\"width\":1024,\"height\":683,\"caption\":\"ROSTOV-ON-DON, RUSSIA - JUNE 26: Alfred Finnbogason of Iceland is challenged by Duje Caleta-Car of Croatia during the 2018 FIFA World Cup Russia group D match between Iceland and Croatia at Rostov Arena on June 26, 2018 in Rostov-on-Don, Russia. (Photo by Clive Mason\/Getty Images)\"},{\"@type\":\"WebPage\",\"@id\":\"https:\/\/acefootball.com\/da\/fodboldnyheder\/forsvarsspiller-afsloerer-jeg-afviste-liverpool-i-januar\/#webpage\",\"url\":\"https:\/\/acefootball.com\/da\/fodboldnyheder\/forsvarsspiller-afsloerer-jeg-afviste-liverpool-i-januar\/\",\"name\":\"Forsvarsspiller afsl\u00f8rer: Jeg afviste Liverpool i januar\",\"isPartOf\":{\"@id\":\"https:\/\/acefootball.com\/da\/#website\"},\"primaryImageOfPage\":{\"@id\":\"https:\/\/acefootball.com\/da\/fodboldnyheder\/forsvarsspiller-afsloerer-jeg-afviste-liverpool-i-januar\/#primaryimage\"},\"datePublished\":\"2021-02-16T13:26:08+00:00\",\"dateModified\":\"2021-02-16T13:27:22+00:00\",\"description\":\"Marseilles kroatiske midtstopper, Duje Caleta-Car, fort\u00e6ller i et interview, at han afviste et skifte til Liverpool i januar\",\"breadcrumb\":{\"@id\":\"https:\/\/acefootball.com\/da\/fodboldnyheder\/forsvarsspiller-afsloerer-jeg-afviste-liverpool-i-januar\/#breadcrumb\"},\"inLanguage\":\"en-US\",\"potentialAction\":[{\"@type\":\"ReadAction\",\"target\":[\"https:\/\/acefootball.com\/da\/fodboldnyheder\/forsvarsspiller-afsloerer-jeg-afviste-liverpool-i-januar\/\"]}]},{\"@type\":\"BreadcrumbList\",\"@id\":\"https:\/\/acefootball.com\/da\/fodboldnyheder\/forsvarsspiller-afsloerer-jeg-afviste-liverpool-i-januar\/#breadcrumb\",\"itemListElement\":[{\"@type\":\"ListItem\",\"position\":1,\"name\":\"Home\",\"item\":\"https:\/\/acefootball.com\/da\/\"},{\"@type\":\"ListItem\",\"position\":2,\"name\":\"Forsvarsspiller afsl\u00f8rer: Jeg afviste Liverpool i januar\"}]},{\"@type\":\"Article\",\"@id\":\"https:\/\/acefootball.com\/da\/fodboldnyheder\/forsvarsspiller-afsloerer-jeg-afviste-liverpool-i-januar\/#article\",\"isPartOf\":{\"@id\":\"https:\/\/acefootball.com\/da\/fodboldnyheder\/forsvarsspiller-afsloerer-jeg-afviste-liverpool-i-januar\/#webpage\"},\"author\":{\"@id\":\"https:\/\/acefootball.com\/da\/#\/schema\/person\/ee67e9cf04a276f144100ffa722f10cd\"},\"headline\":\"Forsvarsspiller afsl\u00f8rer: Jeg afviste Liverpool i januar\",\"datePublished\":\"2021-02-16T13:26:08+00:00\",\"dateModified\":\"2021-02-16T13:27:22+00:00\",\"mainEntityOfPage\":{\"@id\":\"https:\/\/acefootball.com\/da\/fodboldnyheder\/forsvarsspiller-afsloerer-jeg-afviste-liverpool-i-januar\/#webpage\"},\"wordCount\":205,\"commentCount\":0,\"publisher\":{\"@id\":\"https:\/\/acefootball.com\/da\/#organization\"},\"image\":{\"@id\":\"https:\/\/acefootball.com\/da\/fodboldnyheder\/forsvarsspiller-afsloerer-jeg-afviste-liverpool-i-januar\/#primaryimage\"},\"thumbnailUrl\":\"https:\/\/acefootball.com\/da\/wp-content\/uploads\/sites\/2\/2021\/02\/GettyImages-984483570.jpg\",\"keywords\":[\"Ligue 1\",\"Liverpool\",\"Olympique Marseille\",\"Premier League\"],\"articleSection\":[\"Udtalelse\"],\"inLanguage\":\"en-US\",\"potentialAction\":[{\"@type\":\"CommentAction\",\"name\":\"Comment\",\"target\":[\"https:\/\/acefootball.com\/da\/fodboldnyheder\/forsvarsspiller-afsloerer-jeg-afviste-liverpool-i-januar\/#respond\"]}]},{\"@type\":\"Person\",\"@id\":\"https:\/\/acefootball.com\/da\/#\/schema\/person\/ee67e9cf04a276f144100ffa722f10cd\",\"name\":\"Mads Dreyer\",\"image\":{\"@type\":\"ImageObject\",\"@id\":\"https:\/\/acefootball.com\/da\/#personlogo\",\"inLanguage\":\"en-US\",\"url\":\"https:\/\/secure.gravatar.com\/avatar\/7c7abf72cfde9902b6a60efe60c88d4c?s=96&d=mm&r=g\",\"contentUrl\":\"https:\/\/secure.gravatar.com\/avatar\/7c7abf72cfde9902b6a60efe60c88d4c?s=96&d=mm&r=g\",\"caption\":\"Mads Dreyer\"},\"description\":\"Skribent og fodboldn\u00f8rd, der lige nu fort\u00e6ller om alt og intet i fodboldverdenen p\u00e5 acefootball.com. Uddannet i kommunikation fra Aalborg Universitet.\",\"sameAs\":[\"https:\/\/www.linkedin.com\/in\/mads-dreyer-b9b08266\/\"],\"url\":\"https:\/\/acefootball.com\/da\/fodboldnyheder\/author\/mdnronaldo\/\"}]}<\/script>\n<!-- \/ Yoast SEO plugin. -->","yoast_head_json":{"title":"Forsvarsspiller afsl\u00f8rer: Jeg afviste Liverpool i januar","description":"Marseilles kroatiske midtstopper, Duje Caleta-Car, fort\u00e6ller i et interview, at han afviste et skifte til Liverpool i januar","robots":{"index":"index","follow":"follow","max-snippet":"max-snippet:-1","max-image-preview":"max-image-preview:large","max-video-preview":"max-video-preview:-1"},"canonical":"https:\/\/acefootball.com\/da\/fodboldnyheder\/forsvarsspiller-afsloerer-jeg-afviste-liverpool-i-januar\/","og_locale":"en_US","og_type":"article","og_title":"Forsvarsspiller afsl\u00f8rer: Jeg afviste Liverpool i januar","og_description":"Marseilles kroatiske midtstopper, Duje Caleta-Car, fort\u00e6ller i et interview, at han afviste et skifte til Liverpool i januar","og_url":"https:\/\/acefootball.com\/da\/fodboldnyheder\/forsvarsspiller-afsloerer-jeg-afviste-liverpool-i-januar\/","og_site_name":"Ace Football Danmark","article_publisher":"https:\/\/www.facebook.com\/acefootballdk","article_published_time":"2021-02-16T13:26:08+00:00","article_modified_time":"2021-02-16T13:27:22+00:00","og_image":[{"width":1024,"height":683,"url":"https:\/\/acefootball.com\/da\/wp-content\/uploads\/sites\/2\/2021\/02\/GettyImages-984483570.jpg","type":"image\/jpeg"}],"twitter_card":"summary_large_image","twitter_misc":{"Written by":"Mads Dreyer","Est. reading time":"1 minute"},"schema":{"@context":"https:\/\/schema.org","@graph":[{"@type":"Organization","@id":"https:\/\/acefootball.com\/da\/#organization","name":"Ace Football","url":"https:\/\/acefootball.com\/da\/","sameAs":["https:\/\/www.facebook.com\/acefootballdk"],"logo":{"@type":"ImageObject","@id":"https:\/\/acefootball.com\/da\/#logo","inLanguage":"en-US","url":"https:\/\/acefootball.com\/da\/wp-content\/uploads\/sites\/2\/2020\/07\/Ace-Football-30-07-2020-2.png","contentUrl":"https:\/\/acefootball.com\/da\/wp-content\/uploads\/sites\/2\/2020\/07\/Ace-Football-30-07-2020-2.png","width":1200,"height":600,"caption":"Ace Football"},"image":{"@id":"https:\/\/acefootball.com\/da\/#logo"}},{"@type":"WebSite","@id":"https:\/\/acefootball.com\/da\/#website","url":"https:\/\/acefootball.com\/da\/","name":"Ace Football Danmark","description":"Nyheder, Spiltips &amp; Livescore","publisher":{"@id":"https:\/\/acefootball.com\/da\/#organization"},"potentialAction":[{"@type":"SearchAction","target":{"@type":"EntryPoint","urlTemplate":"https:\/\/acefootball.com\/da\/?s={search_term_string}"},"query-input":"required name=search_term_string"}],"inLanguage":"en-US"},{"@type":"ImageObject","@id":"https:\/\/acefootball.com\/da\/fodboldnyheder\/forsvarsspiller-afsloerer-jeg-afviste-liverpool-i-januar\/#primaryimage","inLanguage":"en-US","url":"https:\/\/acefootball.com\/da\/wp-content\/uploads\/sites\/2\/2021\/02\/GettyImages-984483570.jpg","contentUrl":"https:\/\/acefootball.com\/da\/wp-content\/uploads\/sites\/2\/2021\/02\/GettyImages-984483570.jpg","width":1024,"height":683,"caption":"ROSTOV-ON-DON, RUSSIA - JUNE 26: Alfred Finnbogason of Iceland is challenged by Duje Caleta-Car of Croatia during the 2018 FIFA World Cup Russia group D match between Iceland and Croatia at Rostov Arena on June 26, 2018 in Rostov-on-Don, Russia. (Photo by Clive Mason\/Getty Images)"},{"@type":"WebPage","@id":"https:\/\/acefootball.com\/da\/fodboldnyheder\/forsvarsspiller-afsloerer-jeg-afviste-liverpool-i-januar\/#webpage","url":"https:\/\/acefootball.com\/da\/fodboldnyheder\/forsvarsspiller-afsloerer-jeg-afviste-liverpool-i-januar\/","name":"Forsvarsspiller afsl\u00f8rer: Jeg afviste Liverpool i januar","isPartOf":{"@id":"https:\/\/acefootball.com\/da\/#website"},"primaryImageOfPage":{"@id":"https:\/\/acefootball.com\/da\/fodboldnyheder\/forsvarsspiller-afsloerer-jeg-afviste-liverpool-i-januar\/#primaryimage"},"datePublished":"2021-02-16T13:26:08+00:00","dateModified":"2021-02-16T13:27:22+00:00","description":"Marseilles kroatiske midtstopper, Duje Caleta-Car, fort\u00e6ller i et interview, at han afviste et skifte til Liverpool i januar","breadcrumb":{"@id":"https:\/\/acefootball.com\/da\/fodboldnyheder\/forsvarsspiller-afsloerer-jeg-afviste-liverpool-i-januar\/#breadcrumb"},"inLanguage":"en-US","potentialAction":[{"@type":"ReadAction","target":["https:\/\/acefootball.com\/da\/fodboldnyheder\/forsvarsspiller-afsloerer-jeg-afviste-liverpool-i-januar\/"]}]},{"@type":"BreadcrumbList","@id":"https:\/\/acefootball.com\/da\/fodboldnyheder\/forsvarsspiller-afsloerer-jeg-afviste-liverpool-i-januar\/#breadcrumb","itemListElement":[{"@type":"ListItem","position":1,"name":"Home","item":"https:\/\/acefootball.com\/da\/"},{"@type":"ListItem","position":2,"name":"Forsvarsspiller afsl\u00f8rer: Jeg afviste Liverpool i januar"}]},{"@type":"Article","@id":"https:\/\/acefootball.com\/da\/fodboldnyheder\/forsvarsspiller-afsloerer-jeg-afviste-liverpool-i-januar\/#article","isPartOf":{"@id":"https:\/\/acefootball.com\/da\/fodboldnyheder\/forsvarsspiller-afsloerer-jeg-afviste-liverpool-i-januar\/#webpage"},"author":{"@id":"https:\/\/acefootball.com\/da\/#\/schema\/person\/ee67e9cf04a276f144100ffa722f10cd"},"headline":"Forsvarsspiller afsl\u00f8rer: Jeg afviste Liverpool i januar","datePublished":"2021-02-16T13:26:08+00:00","dateModified":"2021-02-16T13:27:22+00:00","mainEntityOfPage":{"@id":"https:\/\/acefootball.com\/da\/fodboldnyheder\/forsvarsspiller-afsloerer-jeg-afviste-liverpool-i-januar\/#webpage"},"wordCount":205,"commentCount":0,"publisher":{"@id":"https:\/\/acefootball.com\/da\/#organization"},"image":{"@id":"https:\/\/acefootball.com\/da\/fodboldnyheder\/forsvarsspiller-afsloerer-jeg-afviste-liverpool-i-januar\/#primaryimage"},"thumbnailUrl":"https:\/\/acefootball.com\/da\/wp-content\/uploads\/sites\/2\/2021\/02\/GettyImages-984483570.jpg","keywords":["Ligue 1","Liverpool","Olympique Marseille","Premier League"],"articleSection":["Udtalelse"],"inLanguage":"en-US","potentialAction":[{"@type":"CommentAction","name":"Comment","target":["https:\/\/acefootball.com\/da\/fodboldnyheder\/forsvarsspiller-afsloerer-jeg-afviste-liverpool-i-januar\/#respond"]}]},{"@type":"Person","@id":"https:\/\/acefootball.com\/da\/#\/schema\/person\/ee67e9cf04a276f144100ffa722f10cd","name":"Mads Dreyer","image":{"@type":"ImageObject","@id":"https:\/\/acefootball.com\/da\/#personlogo","inLanguage":"en-US","url":"https:\/\/secure.gravatar.com\/avatar\/7c7abf72cfde9902b6a60efe60c88d4c?s=96&d=mm&r=g","contentUrl":"https:\/\/secure.gravatar.com\/avatar\/7c7abf72cfde9902b6a60efe60c88d4c?s=96&d=mm&r=g","caption":"Mads Dreyer"},"description":"Skribent og fodboldn\u00f8rd, der lige nu fort\u00e6ller om alt og intet i fodboldverdenen p\u00e5 acefootball.com. Uddannet i kommunikation fra Aalborg Universitet.","sameAs":["https:\/\/www.linkedin.com\/in\/mads-dreyer-b9b08266\/"],"url":"https:\/\/acefootball.com\/da\/fodboldnyheder\/author\/mdnronaldo\/"}]}},"fimg_url":"https:\/\/acefootball.com\/da\/wp-content\/uploads\/sites\/2\/2021\/02\/GettyImages-984483570.jpg","_links":{"self":[{"href":"https:\/\/acefootball.com\/da\/wp-json\/wp\/v2\/posts\/252110"}],"collection":[{"href":"https:\/\/acefootball.com\/da\/wp-json\/wp\/v2\/posts"}],"about":[{"href":"https:\/\/acefootball.com\/da\/wp-json\/wp\/v2\/types\/post"}],"author":[{"embeddable":true,"href":"https:\/\/acefootball.com\/da\/wp-json\/wp\/v2\/users\/705"}],"replies":[{"embeddable":true,"href":"https:\/\/acefootball.com\/da\/wp-json\/wp\/v2\/comments?post=252110"}],"version-history":[{"count":0,"href":"https:\/\/acefootball.com\/da\/wp-json\/wp\/v2\/posts\/252110\/revisions"}],"wp:featuredmedia":[{"embeddable":true,"href":"https:\/\/acefootball.com\/da\/wp-json\/wp\/v2\/media\/252111"}],"wp:attachment":[{"href":"https:\/\/acefootball.com\/da\/wp-json\/wp\/v2\/media?parent=252110"}],"wp:term":[{"taxonomy":"category","embeddable":true,"href":"https:\/\/acefootball.com\/da\/wp-json\/wp\/v2\/categories?post=252110"},{"taxonomy":"post_tag","embeddable":true,"href":"https:\/\/acefootball.com\/da\/wp-json\/wp\/v2\/tags?post=252110"}],"curies":[{"name":"wp","href":"https:\/\/api.w.org\/{rel}","templated":true}]}}