{"id":252092,"date":"2021-02-16T11:17:46","date_gmt":"2021-02-16T10:17:46","guid":{"rendered":"https:\/\/acefootball.com\/da\/?p=252092"},"modified":"2021-02-16T11:18:49","modified_gmt":"2021-02-16T10:18:49","slug":"fck-anfoerer-gaar-mod-stroemmen-korrekt-kendelse","status":"publish","type":"post","link":"https:\/\/acefootball.com\/da\/fodboldnyheder\/fck-anfoerer-gaar-mod-stroemmen-korrekt-kendelse\/","title":{"rendered":"FCK-anf\u00f8rer g\u00e5r mod str\u00f8mmen: Korrekt kendelse"},"content":{"rendered":"\n<h2 id=\"h-fc-k-benhavn-anf-rer-zeca-mener-ikke-at-victor-mpindi-skulle-have-v-ret-udvist-for-sin-omdiskuterede-tackling-i-mandagens-kamp\">FC K\u00f8benhavn-anf\u00f8rer, Zeca, mener ikke, at Victor Mpindi skulle have v\u00e6ret udvist for sin omdiskuterede tackling i mandagens kamp<\/h2>\n\n\n\n<div class=\"wp-block-si-widget wp-block-si-widget--center\"><si-lb-widget widget-id=\"MatchInfoWithOdds\" data-nopadding=\"true\" data-card=\"true\" width=\"440\" data-event-id=\"3389162\"><\/si-lb-widget><\/div>\n\n\n\n<p>Flere af seerne til mandagens Superliga-kamp mellem FC K\u00f8benhavn og S\u00f8nderjyskE kom op af s\u00e6det i f\u00f8rste halvleg, da Zeca blev nedlagt af g\u00e6sternes Victor Mpindi.<\/p>\n\n\n\n<p>S\u00f8nderjyskE-spilleren kom noget voldsomt ind i en tackling med FCK-anf\u00f8reren, hvilket resulterede i et gult kort.<\/p>\n\n\n\n<p>Meningen blandt b\u00e5de FCK-fans og neutrale seere var dog, at aktionen skulle have kostet Mpindi et direkte r\u00f8dt kort, men det er Zeca ikke selv enig i.<\/p>\n\n\n\n<figure class=\"wp-block-embed is-type-wp-embed is-provider-ace-football-danmark wp-block-embed-ace-football-danmark\"><div class=\"wp-block-embed__wrapper\">\n<blockquote class=\"wp-embedded-content\" data-secret=\"3QOZuBY7I9\"><a href=\"https:\/\/acefootball.com\/da\/fodboldnyheder\/i-chok-efter-kugleknuser-kigger-var-ikke-efter-roede-kort\/\">I chok efter kugleknuser: &#8220;Kigger VAR ikke efter r\u00f8de kort??&#8221;<\/a><\/blockquote><iframe class=\"wp-embedded-content\" sandbox=\"allow-scripts\" security=\"restricted\" style=\"position: absolute; clip: rect(1px, 1px, 1px, 1px);\" title=\"&#8220;I chok efter kugleknuser: &#8220;Kigger VAR ikke efter r\u00f8de kort??&#8221;&#8221; &#8212; Ace Football Danmark\" src=\"https:\/\/acefootball.com\/da\/fodboldnyheder\/i-chok-efter-kugleknuser-kigger-var-ikke-efter-roede-kort\/embed\/#?secret=3QOZuBY7I9\" data-secret=\"3QOZuBY7I9\" width=\"600\" height=\"338\" frameborder=\"0\" marginwidth=\"0\" marginheight=\"0\" scrolling=\"no\"><\/iframe>\n<\/div><\/figure>\n\n\n\n<p>&#8220;Det var en normal situation. Jeg fik bolden lidt p\u00e5 afstand og ramte den f\u00f8rst. Han troede, han kunne n\u00e5 den og jeg ved ikke, om han gled ogs\u00e5, men det var ikke til mere end et gult kort,&#8221; udtaler Zeca til <a href=\"https:\/\/www.bold.dk\/fodbold\/nyheder\/zeca-om-sammenstoed-korrekt-gult-til-mpindi\/\" target=\"_blank\" rel=\"noreferrer noopener\">bold.dk<\/a>.<\/p>\n\n\n\n<p>FC K\u00f8benhavn-stjernen er dog ikke sikker p\u00e5, at dommer Sandi Putros tog de rigtige beslutninger ved kampens tre straffespark.<\/p>\n\n\n\n\n        <div class=\"svf-video-single only-video\">\n            <div class=\"svf-video-container svf-embedded embedded\">\n                <script>(function(){const el = document.createElement('iframe');el.allow = 'autoplay';el.frameBorder = '0';el.classList.add('svf-video');el.allowFullscreen = true;document.currentScript.parentNode.style.display = 'none';el.src = \"https:\/\/www.viafree.dk\/embed\/sport\/id\/a4069da3-c36d-4d8c-8e21-5b0577df893d?partnerId=a788403f-2c83-488f-adb0-2650ac7278a3\";el.addEventListener( 'load', function(){ this.parentNode.style.display = ''; });document.currentScript.parentNode.insertBefore(el, document.currentScript.nextSibling);})();<\/script>\n                <noscript><iframe allow=\"autoplay\" allowfullscreen frameborder=\"0\" class=\"svf-video\" src=\"https:\/\/www.viafree.dk\/embed\/sport\/id\/a4069da3-c36d-4d8c-8e21-5b0577df893d?partnerId=a788403f-2c83-488f-adb0-2650ac7278a3\"><\/iframe><\/noscript>\n            <\/div>\n                    <\/div>\n        \n\n\n\n<p><\/p>\n","protected":false},"excerpt":{"rendered":"<p>FC K\u00f8benhavn-anf\u00f8rer, Zeca, mener ikke, at Victor Mpindi skulle have v\u00e6ret udvist for sin omdiskuterede tackling i mandagens kamp<\/p>\n","protected":false},"author":705,"featured_media":239059,"comment_status":"open","ping_status":"closed","sticky":false,"template":"","format":"standard","meta":{"om_disable_all_campaigns":false,"push_articles_ronaldo":{"active":false,"canonical":0,"publish":false},"force_updates":null},"categories":[8204],"tags":[872,16,24,588,235],"enet_tags":{"player":["11798","860919"],"team":["8391","8487"],"league":["46"],"sport_events":[3389162]},"yoast_head":"<!-- This site is optimized with the Yoast SEO plugin v18.3 - https:\/\/yoast.com\/wordpress\/plugins\/seo\/ -->\n<title>FCK-anf\u00f8rer g\u00e5r mod str\u00f8mmen: Korrekt kendelse<\/title>\n<meta name=\"description\" content=\"FC K\u00f8benhavn-anf\u00f8rer, Zeca, mener ikke, at Victor Mpindi skulle have v\u00e6ret udvist for sin omdiskuterede tackling i mandagens kamp\" \/>\n<meta name=\"robots\" content=\"index, follow, max-snippet:-1, max-image-preview:large, max-video-preview:-1\" \/>\n<link rel=\"canonical\" href=\"https:\/\/acefootball.com\/da\/fodboldnyheder\/fck-anfoerer-gaar-mod-stroemmen-korrekt-kendelse\/\" \/>\n<meta property=\"og:locale\" content=\"en_US\" \/>\n<meta property=\"og:type\" content=\"article\" \/>\n<meta property=\"og:title\" content=\"FCK-anf\u00f8rer g\u00e5r mod str\u00f8mmen: Korrekt kendelse\" \/>\n<meta property=\"og:description\" content=\"FC K\u00f8benhavn-anf\u00f8rer, Zeca, mener ikke, at Victor Mpindi skulle have v\u00e6ret udvist for sin omdiskuterede tackling i mandagens kamp\" \/>\n<meta property=\"og:url\" content=\"https:\/\/acefootball.com\/da\/fodboldnyheder\/fck-anfoerer-gaar-mod-stroemmen-korrekt-kendelse\/\" \/>\n<meta property=\"og:site_name\" content=\"Ace Football Danmark\" \/>\n<meta property=\"article:publisher\" content=\"https:\/\/www.facebook.com\/acefootballdk\" \/>\n<meta property=\"article:published_time\" content=\"2021-02-16T10:17:46+00:00\" \/>\n<meta property=\"article:modified_time\" content=\"2021-02-16T10:18:49+00:00\" \/>\n<meta property=\"og:image\" content=\"https:\/\/acefootball.com\/da\/wp-content\/uploads\/sites\/2\/2021\/02\/FCK-25-1.jpg\" \/>\n\t<meta property=\"og:image:width\" content=\"1920\" \/>\n\t<meta property=\"og:image:height\" content=\"1008\" \/>\n\t<meta property=\"og:image:type\" content=\"image\/jpeg\" \/>\n<meta name=\"twitter:card\" content=\"summary_large_image\" \/>\n<meta name=\"twitter:label1\" content=\"Written by\" \/>\n\t<meta name=\"twitter:data1\" content=\"Mads Dreyer\" \/>\n\t<meta name=\"twitter:label2\" content=\"Est. reading time\" \/>\n\t<meta name=\"twitter:data2\" content=\"1 minute\" \/>\n<script type=\"application\/ld+json\" class=\"yoast-schema-graph\">{\"@context\":\"https:\/\/schema.org\",\"@graph\":[{\"@type\":\"Organization\",\"@id\":\"https:\/\/acefootball.com\/da\/#organization\",\"name\":\"Ace Football\",\"url\":\"https:\/\/acefootball.com\/da\/\",\"sameAs\":[\"https:\/\/www.facebook.com\/acefootballdk\"],\"logo\":{\"@type\":\"ImageObject\",\"@id\":\"https:\/\/acefootball.com\/da\/#logo\",\"inLanguage\":\"en-US\",\"url\":\"https:\/\/acefootball.com\/da\/wp-content\/uploads\/sites\/2\/2020\/07\/Ace-Football-30-07-2020-2.png\",\"contentUrl\":\"https:\/\/acefootball.com\/da\/wp-content\/uploads\/sites\/2\/2020\/07\/Ace-Football-30-07-2020-2.png\",\"width\":1200,\"height\":600,\"caption\":\"Ace Football\"},\"image\":{\"@id\":\"https:\/\/acefootball.com\/da\/#logo\"}},{\"@type\":\"WebSite\",\"@id\":\"https:\/\/acefootball.com\/da\/#website\",\"url\":\"https:\/\/acefootball.com\/da\/\",\"name\":\"Ace Football Danmark\",\"description\":\"Nyheder, Spiltips &amp; Livescore\",\"publisher\":{\"@id\":\"https:\/\/acefootball.com\/da\/#organization\"},\"potentialAction\":[{\"@type\":\"SearchAction\",\"target\":{\"@type\":\"EntryPoint\",\"urlTemplate\":\"https:\/\/acefootball.com\/da\/?s={search_term_string}\"},\"query-input\":\"required name=search_term_string\"}],\"inLanguage\":\"en-US\"},{\"@type\":\"ImageObject\",\"@id\":\"https:\/\/acefootball.com\/da\/fodboldnyheder\/fck-anfoerer-gaar-mod-stroemmen-korrekt-kendelse\/#primaryimage\",\"inLanguage\":\"en-US\",\"url\":\"https:\/\/acefootball.com\/da\/wp-content\/uploads\/sites\/2\/2021\/02\/FCK-25-1.jpg\",\"contentUrl\":\"https:\/\/acefootball.com\/da\/wp-content\/uploads\/sites\/2\/2021\/02\/FCK-25-1.jpg\",\"width\":1920,\"height\":1008,\"caption\":\"zeca\"},{\"@type\":\"WebPage\",\"@id\":\"https:\/\/acefootball.com\/da\/fodboldnyheder\/fck-anfoerer-gaar-mod-stroemmen-korrekt-kendelse\/#webpage\",\"url\":\"https:\/\/acefootball.com\/da\/fodboldnyheder\/fck-anfoerer-gaar-mod-stroemmen-korrekt-kendelse\/\",\"name\":\"FCK-anf\u00f8rer g\u00e5r mod str\u00f8mmen: Korrekt kendelse\",\"isPartOf\":{\"@id\":\"https:\/\/acefootball.com\/da\/#website\"},\"primaryImageOfPage\":{\"@id\":\"https:\/\/acefootball.com\/da\/fodboldnyheder\/fck-anfoerer-gaar-mod-stroemmen-korrekt-kendelse\/#primaryimage\"},\"datePublished\":\"2021-02-16T10:17:46+00:00\",\"dateModified\":\"2021-02-16T10:18:49+00:00\",\"description\":\"FC K\u00f8benhavn-anf\u00f8rer, Zeca, mener ikke, at Victor Mpindi skulle have v\u00e6ret udvist for sin omdiskuterede tackling i mandagens kamp\",\"breadcrumb\":{\"@id\":\"https:\/\/acefootball.com\/da\/fodboldnyheder\/fck-anfoerer-gaar-mod-stroemmen-korrekt-kendelse\/#breadcrumb\"},\"inLanguage\":\"en-US\",\"potentialAction\":[{\"@type\":\"ReadAction\",\"target\":[\"https:\/\/acefootball.com\/da\/fodboldnyheder\/fck-anfoerer-gaar-mod-stroemmen-korrekt-kendelse\/\"]}]},{\"@type\":\"BreadcrumbList\",\"@id\":\"https:\/\/acefootball.com\/da\/fodboldnyheder\/fck-anfoerer-gaar-mod-stroemmen-korrekt-kendelse\/#breadcrumb\",\"itemListElement\":[{\"@type\":\"ListItem\",\"position\":1,\"name\":\"Home\",\"item\":\"https:\/\/acefootball.com\/da\/\"},{\"@type\":\"ListItem\",\"position\":2,\"name\":\"FCK-anf\u00f8rer g\u00e5r mod str\u00f8mmen: Korrekt kendelse\"}]},{\"@type\":\"Article\",\"@id\":\"https:\/\/acefootball.com\/da\/fodboldnyheder\/fck-anfoerer-gaar-mod-stroemmen-korrekt-kendelse\/#article\",\"isPartOf\":{\"@id\":\"https:\/\/acefootball.com\/da\/fodboldnyheder\/fck-anfoerer-gaar-mod-stroemmen-korrekt-kendelse\/#webpage\"},\"author\":{\"@id\":\"https:\/\/acefootball.com\/da\/#\/schema\/person\/ee67e9cf04a276f144100ffa722f10cd\"},\"headline\":\"FCK-anf\u00f8rer g\u00e5r mod str\u00f8mmen: Korrekt kendelse\",\"datePublished\":\"2021-02-16T10:17:46+00:00\",\"dateModified\":\"2021-02-16T10:18:49+00:00\",\"mainEntityOfPage\":{\"@id\":\"https:\/\/acefootball.com\/da\/fodboldnyheder\/fck-anfoerer-gaar-mod-stroemmen-korrekt-kendelse\/#webpage\"},\"wordCount\":196,\"commentCount\":0,\"publisher\":{\"@id\":\"https:\/\/acefootball.com\/da\/#organization\"},\"image\":{\"@id\":\"https:\/\/acefootball.com\/da\/fodboldnyheder\/fck-anfoerer-gaar-mod-stroemmen-korrekt-kendelse\/#primaryimage\"},\"thumbnailUrl\":\"https:\/\/acefootball.com\/da\/wp-content\/uploads\/sites\/2\/2020\/10\/GettyImages-1228833103.jpg\",\"keywords\":[\"Carlos Zeca\",\"FC K\u00f8benhavn\",\"S\u00f8nderjyskE\",\"Superligaen\",\"Victor Sylvestre Mpindi Ekani\"],\"articleSection\":[\"Udtalelse\"],\"inLanguage\":\"en-US\",\"potentialAction\":[{\"@type\":\"CommentAction\",\"name\":\"Comment\",\"target\":[\"https:\/\/acefootball.com\/da\/fodboldnyheder\/fck-anfoerer-gaar-mod-stroemmen-korrekt-kendelse\/#respond\"]}]},{\"@type\":\"Person\",\"@id\":\"https:\/\/acefootball.com\/da\/#\/schema\/person\/ee67e9cf04a276f144100ffa722f10cd\",\"name\":\"Mads Dreyer\",\"image\":{\"@type\":\"ImageObject\",\"@id\":\"https:\/\/acefootball.com\/da\/#personlogo\",\"inLanguage\":\"en-US\",\"url\":\"https:\/\/secure.gravatar.com\/avatar\/7c7abf72cfde9902b6a60efe60c88d4c?s=96&d=mm&r=g\",\"contentUrl\":\"https:\/\/secure.gravatar.com\/avatar\/7c7abf72cfde9902b6a60efe60c88d4c?s=96&d=mm&r=g\",\"caption\":\"Mads Dreyer\"},\"description\":\"Skribent og fodboldn\u00f8rd, der lige nu fort\u00e6ller om alt og intet i fodboldverdenen p\u00e5 acefootball.com. Uddannet i kommunikation fra Aalborg Universitet.\",\"sameAs\":[\"https:\/\/www.linkedin.com\/in\/mads-dreyer-b9b08266\/\"],\"url\":\"https:\/\/acefootball.com\/da\/fodboldnyheder\/author\/mdnronaldo\/\"}]}<\/script>\n<!-- \/ Yoast SEO plugin. -->","yoast_head_json":{"title":"FCK-anf\u00f8rer g\u00e5r mod str\u00f8mmen: Korrekt kendelse","description":"FC K\u00f8benhavn-anf\u00f8rer, Zeca, mener ikke, at Victor Mpindi skulle have v\u00e6ret udvist for sin omdiskuterede tackling i mandagens kamp","robots":{"index":"index","follow":"follow","max-snippet":"max-snippet:-1","max-image-preview":"max-image-preview:large","max-video-preview":"max-video-preview:-1"},"canonical":"https:\/\/acefootball.com\/da\/fodboldnyheder\/fck-anfoerer-gaar-mod-stroemmen-korrekt-kendelse\/","og_locale":"en_US","og_type":"article","og_title":"FCK-anf\u00f8rer g\u00e5r mod str\u00f8mmen: Korrekt kendelse","og_description":"FC K\u00f8benhavn-anf\u00f8rer, Zeca, mener ikke, at Victor Mpindi skulle have v\u00e6ret udvist for sin omdiskuterede tackling i mandagens kamp","og_url":"https:\/\/acefootball.com\/da\/fodboldnyheder\/fck-anfoerer-gaar-mod-stroemmen-korrekt-kendelse\/","og_site_name":"Ace Football Danmark","article_publisher":"https:\/\/www.facebook.com\/acefootballdk","article_published_time":"2021-02-16T10:17:46+00:00","article_modified_time":"2021-02-16T10:18:49+00:00","og_image":[{"width":1920,"height":1008,"url":"https:\/\/acefootball.com\/da\/wp-content\/uploads\/sites\/2\/2021\/02\/FCK-25-1.jpg","type":"image\/jpeg"}],"twitter_card":"summary_large_image","twitter_misc":{"Written by":"Mads Dreyer","Est. reading time":"1 minute"},"schema":{"@context":"https:\/\/schema.org","@graph":[{"@type":"Organization","@id":"https:\/\/acefootball.com\/da\/#organization","name":"Ace Football","url":"https:\/\/acefootball.com\/da\/","sameAs":["https:\/\/www.facebook.com\/acefootballdk"],"logo":{"@type":"ImageObject","@id":"https:\/\/acefootball.com\/da\/#logo","inLanguage":"en-US","url":"https:\/\/acefootball.com\/da\/wp-content\/uploads\/sites\/2\/2020\/07\/Ace-Football-30-07-2020-2.png","contentUrl":"https:\/\/acefootball.com\/da\/wp-content\/uploads\/sites\/2\/2020\/07\/Ace-Football-30-07-2020-2.png","width":1200,"height":600,"caption":"Ace Football"},"image":{"@id":"https:\/\/acefootball.com\/da\/#logo"}},{"@type":"WebSite","@id":"https:\/\/acefootball.com\/da\/#website","url":"https:\/\/acefootball.com\/da\/","name":"Ace Football Danmark","description":"Nyheder, Spiltips &amp; Livescore","publisher":{"@id":"https:\/\/acefootball.com\/da\/#organization"},"potentialAction":[{"@type":"SearchAction","target":{"@type":"EntryPoint","urlTemplate":"https:\/\/acefootball.com\/da\/?s={search_term_string}"},"query-input":"required name=search_term_string"}],"inLanguage":"en-US"},{"@type":"ImageObject","@id":"https:\/\/acefootball.com\/da\/fodboldnyheder\/fck-anfoerer-gaar-mod-stroemmen-korrekt-kendelse\/#primaryimage","inLanguage":"en-US","url":"https:\/\/acefootball.com\/da\/wp-content\/uploads\/sites\/2\/2021\/02\/FCK-25-1.jpg","contentUrl":"https:\/\/acefootball.com\/da\/wp-content\/uploads\/sites\/2\/2021\/02\/FCK-25-1.jpg","width":1920,"height":1008,"caption":"zeca"},{"@type":"WebPage","@id":"https:\/\/acefootball.com\/da\/fodboldnyheder\/fck-anfoerer-gaar-mod-stroemmen-korrekt-kendelse\/#webpage","url":"https:\/\/acefootball.com\/da\/fodboldnyheder\/fck-anfoerer-gaar-mod-stroemmen-korrekt-kendelse\/","name":"FCK-anf\u00f8rer g\u00e5r mod str\u00f8mmen: Korrekt kendelse","isPartOf":{"@id":"https:\/\/acefootball.com\/da\/#website"},"primaryImageOfPage":{"@id":"https:\/\/acefootball.com\/da\/fodboldnyheder\/fck-anfoerer-gaar-mod-stroemmen-korrekt-kendelse\/#primaryimage"},"datePublished":"2021-02-16T10:17:46+00:00","dateModified":"2021-02-16T10:18:49+00:00","description":"FC K\u00f8benhavn-anf\u00f8rer, Zeca, mener ikke, at Victor Mpindi skulle have v\u00e6ret udvist for sin omdiskuterede tackling i mandagens kamp","breadcrumb":{"@id":"https:\/\/acefootball.com\/da\/fodboldnyheder\/fck-anfoerer-gaar-mod-stroemmen-korrekt-kendelse\/#breadcrumb"},"inLanguage":"en-US","potentialAction":[{"@type":"ReadAction","target":["https:\/\/acefootball.com\/da\/fodboldnyheder\/fck-anfoerer-gaar-mod-stroemmen-korrekt-kendelse\/"]}]},{"@type":"BreadcrumbList","@id":"https:\/\/acefootball.com\/da\/fodboldnyheder\/fck-anfoerer-gaar-mod-stroemmen-korrekt-kendelse\/#breadcrumb","itemListElement":[{"@type":"ListItem","position":1,"name":"Home","item":"https:\/\/acefootball.com\/da\/"},{"@type":"ListItem","position":2,"name":"FCK-anf\u00f8rer g\u00e5r mod str\u00f8mmen: Korrekt kendelse"}]},{"@type":"Article","@id":"https:\/\/acefootball.com\/da\/fodboldnyheder\/fck-anfoerer-gaar-mod-stroemmen-korrekt-kendelse\/#article","isPartOf":{"@id":"https:\/\/acefootball.com\/da\/fodboldnyheder\/fck-anfoerer-gaar-mod-stroemmen-korrekt-kendelse\/#webpage"},"author":{"@id":"https:\/\/acefootball.com\/da\/#\/schema\/person\/ee67e9cf04a276f144100ffa722f10cd"},"headline":"FCK-anf\u00f8rer g\u00e5r mod str\u00f8mmen: Korrekt kendelse","datePublished":"2021-02-16T10:17:46+00:00","dateModified":"2021-02-16T10:18:49+00:00","mainEntityOfPage":{"@id":"https:\/\/acefootball.com\/da\/fodboldnyheder\/fck-anfoerer-gaar-mod-stroemmen-korrekt-kendelse\/#webpage"},"wordCount":196,"commentCount":0,"publisher":{"@id":"https:\/\/acefootball.com\/da\/#organization"},"image":{"@id":"https:\/\/acefootball.com\/da\/fodboldnyheder\/fck-anfoerer-gaar-mod-stroemmen-korrekt-kendelse\/#primaryimage"},"thumbnailUrl":"https:\/\/acefootball.com\/da\/wp-content\/uploads\/sites\/2\/2020\/10\/GettyImages-1228833103.jpg","keywords":["Carlos Zeca","FC K\u00f8benhavn","S\u00f8nderjyskE","Superligaen","Victor Sylvestre Mpindi Ekani"],"articleSection":["Udtalelse"],"inLanguage":"en-US","potentialAction":[{"@type":"CommentAction","name":"Comment","target":["https:\/\/acefootball.com\/da\/fodboldnyheder\/fck-anfoerer-gaar-mod-stroemmen-korrekt-kendelse\/#respond"]}]},{"@type":"Person","@id":"https:\/\/acefootball.com\/da\/#\/schema\/person\/ee67e9cf04a276f144100ffa722f10cd","name":"Mads Dreyer","image":{"@type":"ImageObject","@id":"https:\/\/acefootball.com\/da\/#personlogo","inLanguage":"en-US","url":"https:\/\/secure.gravatar.com\/avatar\/7c7abf72cfde9902b6a60efe60c88d4c?s=96&d=mm&r=g","contentUrl":"https:\/\/secure.gravatar.com\/avatar\/7c7abf72cfde9902b6a60efe60c88d4c?s=96&d=mm&r=g","caption":"Mads Dreyer"},"description":"Skribent og fodboldn\u00f8rd, der lige nu fort\u00e6ller om alt og intet i fodboldverdenen p\u00e5 acefootball.com. Uddannet i kommunikation fra Aalborg Universitet.","sameAs":["https:\/\/www.linkedin.com\/in\/mads-dreyer-b9b08266\/"],"url":"https:\/\/acefootball.com\/da\/fodboldnyheder\/author\/mdnronaldo\/"}]}},"fimg_url":"https:\/\/acefootball.com\/da\/wp-content\/uploads\/sites\/2\/2020\/10\/GettyImages-1228833103.jpg","_links":{"self":[{"href":"https:\/\/acefootball.com\/da\/wp-json\/wp\/v2\/posts\/252092"}],"collection":[{"href":"https:\/\/acefootball.com\/da\/wp-json\/wp\/v2\/posts"}],"about":[{"href":"https:\/\/acefootball.com\/da\/wp-json\/wp\/v2\/types\/post"}],"author":[{"embeddable":true,"href":"https:\/\/acefootball.com\/da\/wp-json\/wp\/v2\/users\/705"}],"replies":[{"embeddable":true,"href":"https:\/\/acefootball.com\/da\/wp-json\/wp\/v2\/comments?post=252092"}],"version-history":[{"count":0,"href":"https:\/\/acefootball.com\/da\/wp-json\/wp\/v2\/posts\/252092\/revisions"}],"wp:featuredmedia":[{"embeddable":true,"href":"https:\/\/acefootball.com\/da\/wp-json\/wp\/v2\/media\/239059"}],"wp:attachment":[{"href":"https:\/\/acefootball.com\/da\/wp-json\/wp\/v2\/media?parent=252092"}],"wp:term":[{"taxonomy":"category","embeddable":true,"href":"https:\/\/acefootball.com\/da\/wp-json\/wp\/v2\/categories?post=252092"},{"taxonomy":"post_tag","embeddable":true,"href":"https:\/\/acefootball.com\/da\/wp-json\/wp\/v2\/tags?post=252092"}],"curies":[{"name":"wp","href":"https:\/\/api.w.org\/{rel}","templated":true}]}}