{"id":252081,"date":"2021-02-16T10:13:12","date_gmt":"2021-02-16T09:13:12","guid":{"rendered":"https:\/\/acefootball.com\/da\/?p=252081"},"modified":"2021-02-16T10:13:13","modified_gmt":"2021-02-16T09:13:13","slug":"billede-stikker-wilczek-nu-igen-til-broendby-paa-instagram","status":"publish","type":"post","link":"https:\/\/acefootball.com\/da\/fodboldnyheder\/billede-stikker-wilczek-nu-igen-til-broendby-paa-instagram\/","title":{"rendered":"Billede: Stikker Wilczek nu igen til Br\u00f8ndby p\u00e5 Instagram?"},"content":{"rendered":"\n<h2 id=\"h-flere-brugere-p-twitter-undrer-sig-nu-over-om-fc-k-benhavn-angriberen-kamil-wilczek-igen-stikker-til-br-ndby-i-seneste-instagram-story\">Flere brugere p\u00e5 Twitter undrer sig nu over, om FC K\u00f8benhavn-angriberen Kamil Wilczek igen stikker til Br\u00f8ndby i seneste Instagram-story<\/h2>\n\n\n\n<p>Kamil Wilczek fik mandag de sidste fem minutter af FC K\u00f8benhavns sejr over S\u00f8nderjyskE, og er i dag en del af <a href=\"https:\/\/acefootball.com\/da\/fodboldnyheder\/officielt-flere-stjerner-med-i-fc-koebenhavn-truppen-til-dagens-derby\/\" target=\"_blank\" rel=\"noreferrer noopener\">FC K\u00f8benhavns reservetrup<\/a>, der klokken 13.00 spiller derby mod Br\u00f8ndby. <\/p>\n\n\n\n<p>Efter g\u00e5rsdagens sejr lagde den polske angriber en story op p\u00e5 sin Instagram-profil med sangen &#8220;Paycheck&#8221; fra kunstneren Skinz.<\/p>\n\n\n\n<p>&#8216;Paycheck&#8217; var et af de \u00f8genavne angriberen fik af nogle Br\u00f8ndby-fans efter sit skifte til FC K\u00f8benhavn, s\u00e5 nu spekulerer flere brugere p\u00e5 Twitter i, om storyen er en lille hilsen til dagens modstander fra Br\u00f8ndby:<\/p>\n\n\n\n<figure class=\"wp-block-embed is-type-rich is-provider-twitter wp-block-embed-twitter\"><div class=\"wp-block-embed__wrapper\">\n<blockquote class=\"twitter-tweet\" data-width=\"550\" data-dnt=\"true\"><p lang=\"da\" dir=\"ltr\">Wilczek sender skud ud til <a href=\"https:\/\/twitter.com\/hashtag\/Br%C3%B8ndby?src=hash&amp;ref_src=twsrc%5Etfw\">#Br\u00f8ndby<\/a>-fans. \ud83d\ude02\ud83d\udc4f\ud83d\udc47 <a href=\"https:\/\/t.co\/iZ28GUqQjP\">pic.twitter.com\/iZ28GUqQjP<\/a><\/p>&mdash; Mathias Madsen (@Mathias_Madsenn) <a href=\"https:\/\/twitter.com\/Mathias_Madsenn\/status\/1361425545528020995?ref_src=twsrc%5Etfw\">February 15, 2021<\/a><\/blockquote><script async src=\"https:\/\/platform.twitter.com\/widgets.js\" charset=\"utf-8\"><\/script>\n<\/div><\/figure>\n\n\n\n<figure class=\"wp-block-embed is-type-rich is-provider-twitter wp-block-embed-twitter\"><div class=\"wp-block-embed__wrapper\">\n<blockquote class=\"twitter-tweet\" data-width=\"550\" data-dnt=\"true\"><p lang=\"da\" dir=\"ltr\">Hvis nogen var i tvivl om, hvorvidt Wilczek trollede Br\u00f8ndby med sin l\u00e6sning i sidste uge, s\u00e5 tror jeg ikke, I beh\u00f8ver at tvivle mere. Kold r\u00f8v p\u00e5 ham der \ud83d\udc40\u2744\ufe0f <a href=\"https:\/\/twitter.com\/hashtag\/fcklive?src=hash&amp;ref_src=twsrc%5Etfw\">#fcklive<\/a> <a href=\"https:\/\/twitter.com\/hashtag\/sldk?src=hash&amp;ref_src=twsrc%5Etfw\">#sldk<\/a> <a href=\"https:\/\/t.co\/rG5889RajI\">pic.twitter.com\/rG5889RajI<\/a><\/p>&mdash; Amalie Bremer (@amaliebremer) <a href=\"https:\/\/twitter.com\/amaliebremer\/status\/1361423256088010752?ref_src=twsrc%5Etfw\">February 15, 2021<\/a><\/blockquote><script async src=\"https:\/\/platform.twitter.com\/widgets.js\" charset=\"utf-8\"><\/script>\n<\/div><\/figure>\n\n\n\n<figure class=\"wp-block-embed is-type-rich is-provider-twitter wp-block-embed-twitter\"><div class=\"wp-block-embed__wrapper\">\n<blockquote class=\"twitter-tweet\" data-width=\"550\" data-dnt=\"true\"><p lang=\"und\" dir=\"ltr\">\ud83d\ude04\ud83d\ude04 <a href=\"https:\/\/twitter.com\/hashtag\/fcklive?src=hash&amp;ref_src=twsrc%5Etfw\">#fcklive<\/a> <a href=\"https:\/\/twitter.com\/hashtag\/BIF?src=hash&amp;ref_src=twsrc%5Etfw\">#BIF<\/a> <a href=\"https:\/\/t.co\/tTo6Ya4kBV\">pic.twitter.com\/tTo6Ya4kBV<\/a><\/p>&mdash; Frederik Drejer (@FrederikDrejer) <a href=\"https:\/\/twitter.com\/FrederikDrejer\/status\/1361423478361120774?ref_src=twsrc%5Etfw\">February 15, 2021<\/a><\/blockquote><script async src=\"https:\/\/platform.twitter.com\/widgets.js\" charset=\"utf-8\"><\/script>\n<\/div><\/figure>\n\n\n\n<p>Fornyligt skabte et andet billede fra polakken en del postyr, da han delte et billede af en bog, der ligeledes kunne referere til hans forhold med Br\u00f8ndbys fans. Det kan du l\u00e6se mere om herunder:<\/p>\n\n\n\n<figure class=\"wp-block-embed is-type-wp-embed is-provider-ace-football-danmark wp-block-embed-ace-football-danmark\"><div class=\"wp-block-embed__wrapper\">\n<blockquote class=\"wp-embedded-content\" data-secret=\"48N18EDf9m\"><a href=\"https:\/\/acefootball.com\/da\/fodboldnyheder\/wilczek-opslag-skaber-undren-hvad-er-det-for-en-bog\/\">Wilczek-opslag skaber undren: Hvad er det for en bog?<\/a><\/blockquote><iframe class=\"wp-embedded-content\" sandbox=\"allow-scripts\" security=\"restricted\" style=\"position: absolute; clip: rect(1px, 1px, 1px, 1px);\" title=\"&#8220;Wilczek-opslag skaber undren: Hvad er det for en bog?&#8221; &#8212; Ace Football Danmark\" src=\"https:\/\/acefootball.com\/da\/fodboldnyheder\/wilczek-opslag-skaber-undren-hvad-er-det-for-en-bog\/embed\/#?secret=48N18EDf9m\" data-secret=\"48N18EDf9m\" width=\"600\" height=\"338\" frameborder=\"0\" marginwidth=\"0\" marginheight=\"0\" scrolling=\"no\"><\/iframe>\n<\/div><\/figure>\n","protected":false},"excerpt":{"rendered":"<p>Flere brugere p\u00e5 Twitter undrer sig nu over, om FC K\u00f8benhavn-angriberen Kamil Wilczek igen stikker til Br\u00f8ndby i seneste Instagram-story<\/p>\n","protected":false},"author":43,"featured_media":239822,"comment_status":"open","ping_status":"closed","sticky":false,"template":"","format":"standard","meta":{"om_disable_all_campaigns":false,"push_articles_ronaldo":{"active":false,"canonical":0,"publish":false},"force_updates":null},"categories":[1],"tags":[53,16,958,588],"enet_tags":{"team":["8595","8391"],"player":["105535"],"league":["46"],"sport_events":[]},"yoast_head":"<!-- This site is optimized with the Yoast SEO plugin v18.3 - https:\/\/yoast.com\/wordpress\/plugins\/seo\/ -->\n<title>Billede: Stikker Wilczek nu igen til Br\u00f8ndby p\u00e5 Instagram?<\/title>\n<meta name=\"description\" content=\"Flere brugere p\u00e5 Twitter undrer sig nu over, om FC K\u00f8benhavn-angriberen Kamil Wilczek igen stikker til Br\u00f8ndby i seneste Instagram-story\" \/>\n<meta name=\"robots\" content=\"index, follow, max-snippet:-1, max-image-preview:large, max-video-preview:-1\" \/>\n<link rel=\"canonical\" href=\"https:\/\/acefootball.com\/da\/fodboldnyheder\/billede-stikker-wilczek-nu-igen-til-broendby-paa-instagram\/\" \/>\n<meta property=\"og:locale\" content=\"en_US\" \/>\n<meta property=\"og:type\" content=\"article\" \/>\n<meta property=\"og:title\" content=\"Billede: Stikker Wilczek nu igen til Br\u00f8ndby p\u00e5 Instagram?\" \/>\n<meta property=\"og:description\" content=\"Flere brugere p\u00e5 Twitter undrer sig nu over, om FC K\u00f8benhavn-angriberen Kamil Wilczek igen stikker til Br\u00f8ndby i seneste Instagram-story\" \/>\n<meta property=\"og:url\" content=\"https:\/\/acefootball.com\/da\/fodboldnyheder\/billede-stikker-wilczek-nu-igen-til-broendby-paa-instagram\/\" \/>\n<meta property=\"og:site_name\" content=\"Ace Football Danmark\" \/>\n<meta property=\"article:publisher\" content=\"https:\/\/www.facebook.com\/acefootballdk\" \/>\n<meta property=\"article:published_time\" content=\"2021-02-16T09:13:12+00:00\" \/>\n<meta property=\"article:modified_time\" content=\"2021-02-16T09:13:13+00:00\" \/>\n<meta property=\"og:image\" content=\"https:\/\/acefootball.com\/da\/wp-content\/uploads\/sites\/2\/2021\/02\/Laes-mere-generel-65.jpg\" \/>\n\t<meta property=\"og:image:width\" content=\"1920\" \/>\n\t<meta property=\"og:image:height\" content=\"1008\" \/>\n\t<meta property=\"og:image:type\" content=\"image\/jpeg\" \/>\n<meta name=\"twitter:card\" content=\"summary_large_image\" \/>\n<meta name=\"twitter:label1\" content=\"Written by\" \/>\n\t<meta name=\"twitter:data1\" content=\"Mikki M\u00f8ller-Iversen\" \/>\n\t<meta name=\"twitter:label2\" content=\"Est. reading time\" \/>\n\t<meta name=\"twitter:data2\" content=\"1 minute\" \/>\n<script type=\"application\/ld+json\" class=\"yoast-schema-graph\">{\"@context\":\"https:\/\/schema.org\",\"@graph\":[{\"@type\":\"Organization\",\"@id\":\"https:\/\/acefootball.com\/da\/#organization\",\"name\":\"Ace Football\",\"url\":\"https:\/\/acefootball.com\/da\/\",\"sameAs\":[\"https:\/\/www.facebook.com\/acefootballdk\"],\"logo\":{\"@type\":\"ImageObject\",\"@id\":\"https:\/\/acefootball.com\/da\/#logo\",\"inLanguage\":\"en-US\",\"url\":\"https:\/\/acefootball.com\/da\/wp-content\/uploads\/sites\/2\/2020\/07\/Ace-Football-30-07-2020-2.png\",\"contentUrl\":\"https:\/\/acefootball.com\/da\/wp-content\/uploads\/sites\/2\/2020\/07\/Ace-Football-30-07-2020-2.png\",\"width\":1200,\"height\":600,\"caption\":\"Ace Football\"},\"image\":{\"@id\":\"https:\/\/acefootball.com\/da\/#logo\"}},{\"@type\":\"WebSite\",\"@id\":\"https:\/\/acefootball.com\/da\/#website\",\"url\":\"https:\/\/acefootball.com\/da\/\",\"name\":\"Ace Football Danmark\",\"description\":\"Nyheder, Spiltips &amp; Livescore\",\"publisher\":{\"@id\":\"https:\/\/acefootball.com\/da\/#organization\"},\"potentialAction\":[{\"@type\":\"SearchAction\",\"target\":{\"@type\":\"EntryPoint\",\"urlTemplate\":\"https:\/\/acefootball.com\/da\/?s={search_term_string}\"},\"query-input\":\"required name=search_term_string\"}],\"inLanguage\":\"en-US\"},{\"@type\":\"ImageObject\",\"@id\":\"https:\/\/acefootball.com\/da\/fodboldnyheder\/billede-stikker-wilczek-nu-igen-til-broendby-paa-instagram\/#primaryimage\",\"inLanguage\":\"en-US\",\"url\":\"https:\/\/acefootball.com\/da\/wp-content\/uploads\/sites\/2\/2021\/02\/Laes-mere-generel-65.jpg\",\"contentUrl\":\"https:\/\/acefootball.com\/da\/wp-content\/uploads\/sites\/2\/2021\/02\/Laes-mere-generel-65.jpg\",\"width\":1920,\"height\":1008},{\"@type\":\"WebPage\",\"@id\":\"https:\/\/acefootball.com\/da\/fodboldnyheder\/billede-stikker-wilczek-nu-igen-til-broendby-paa-instagram\/#webpage\",\"url\":\"https:\/\/acefootball.com\/da\/fodboldnyheder\/billede-stikker-wilczek-nu-igen-til-broendby-paa-instagram\/\",\"name\":\"Billede: Stikker Wilczek nu igen til Br\u00f8ndby p\u00e5 Instagram?\",\"isPartOf\":{\"@id\":\"https:\/\/acefootball.com\/da\/#website\"},\"primaryImageOfPage\":{\"@id\":\"https:\/\/acefootball.com\/da\/fodboldnyheder\/billede-stikker-wilczek-nu-igen-til-broendby-paa-instagram\/#primaryimage\"},\"datePublished\":\"2021-02-16T09:13:12+00:00\",\"dateModified\":\"2021-02-16T09:13:13+00:00\",\"description\":\"Flere brugere p\u00e5 Twitter undrer sig nu over, om FC K\u00f8benhavn-angriberen Kamil Wilczek igen stikker til Br\u00f8ndby i seneste Instagram-story\",\"breadcrumb\":{\"@id\":\"https:\/\/acefootball.com\/da\/fodboldnyheder\/billede-stikker-wilczek-nu-igen-til-broendby-paa-instagram\/#breadcrumb\"},\"inLanguage\":\"en-US\",\"potentialAction\":[{\"@type\":\"ReadAction\",\"target\":[\"https:\/\/acefootball.com\/da\/fodboldnyheder\/billede-stikker-wilczek-nu-igen-til-broendby-paa-instagram\/\"]}]},{\"@type\":\"BreadcrumbList\",\"@id\":\"https:\/\/acefootball.com\/da\/fodboldnyheder\/billede-stikker-wilczek-nu-igen-til-broendby-paa-instagram\/#breadcrumb\",\"itemListElement\":[{\"@type\":\"ListItem\",\"position\":1,\"name\":\"Home\",\"item\":\"https:\/\/acefootball.com\/da\/\"},{\"@type\":\"ListItem\",\"position\":2,\"name\":\"Billede: Stikker Wilczek nu igen til Br\u00f8ndby p\u00e5 Instagram?\"}]},{\"@type\":\"Article\",\"@id\":\"https:\/\/acefootball.com\/da\/fodboldnyheder\/billede-stikker-wilczek-nu-igen-til-broendby-paa-instagram\/#article\",\"isPartOf\":{\"@id\":\"https:\/\/acefootball.com\/da\/fodboldnyheder\/billede-stikker-wilczek-nu-igen-til-broendby-paa-instagram\/#webpage\"},\"author\":{\"@id\":\"https:\/\/acefootball.com\/da\/#\/schema\/person\/017c0abe4a8e92938220bf6c097dda93\"},\"headline\":\"Billede: Stikker Wilczek nu igen til Br\u00f8ndby p\u00e5 Instagram?\",\"datePublished\":\"2021-02-16T09:13:12+00:00\",\"dateModified\":\"2021-02-16T09:13:13+00:00\",\"mainEntityOfPage\":{\"@id\":\"https:\/\/acefootball.com\/da\/fodboldnyheder\/billede-stikker-wilczek-nu-igen-til-broendby-paa-instagram\/#webpage\"},\"wordCount\":184,\"commentCount\":0,\"publisher\":{\"@id\":\"https:\/\/acefootball.com\/da\/#organization\"},\"image\":{\"@id\":\"https:\/\/acefootball.com\/da\/fodboldnyheder\/billede-stikker-wilczek-nu-igen-til-broendby-paa-instagram\/#primaryimage\"},\"thumbnailUrl\":\"https:\/\/acefootball.com\/da\/wp-content\/uploads\/sites\/2\/2020\/10\/GettyImages-1228692011.jpg\",\"keywords\":[\"Br\u00f8ndby IF\",\"FC K\u00f8benhavn\",\"Kamil Wilczek\",\"Superligaen\"],\"articleSection\":[\"Nyhed\"],\"inLanguage\":\"en-US\",\"potentialAction\":[{\"@type\":\"CommentAction\",\"name\":\"Comment\",\"target\":[\"https:\/\/acefootball.com\/da\/fodboldnyheder\/billede-stikker-wilczek-nu-igen-til-broendby-paa-instagram\/#respond\"]}]},{\"@type\":\"Person\",\"@id\":\"https:\/\/acefootball.com\/da\/#\/schema\/person\/017c0abe4a8e92938220bf6c097dda93\",\"name\":\"Mikki M\u00f8ller-Iversen\",\"image\":{\"@type\":\"ImageObject\",\"@id\":\"https:\/\/acefootball.com\/da\/#personlogo\",\"inLanguage\":\"en-US\",\"url\":\"https:\/\/secure.gravatar.com\/avatar\/e05b419e8b5ae5fcf516800181b96aa2?s=96&d=mm&r=g\",\"contentUrl\":\"https:\/\/secure.gravatar.com\/avatar\/e05b419e8b5ae5fcf516800181b96aa2?s=96&d=mm&r=g\",\"caption\":\"Mikki M\u00f8ller-Iversen\"},\"description\":\"Social Media Manager and writer at Ace Football. Main focus on Danish football and special stories.\",\"sameAs\":[\"https:\/\/www.linkedin.com\/in\/mikki-mller-iversen-26a3a689\/\"],\"url\":\"https:\/\/acefootball.com\/da\/fodboldnyheder\/author\/mmironaldo\/\"}]}<\/script>\n<!-- \/ Yoast SEO plugin. -->","yoast_head_json":{"title":"Billede: Stikker Wilczek nu igen til Br\u00f8ndby p\u00e5 Instagram?","description":"Flere brugere p\u00e5 Twitter undrer sig nu over, om FC K\u00f8benhavn-angriberen Kamil Wilczek igen stikker til Br\u00f8ndby i seneste Instagram-story","robots":{"index":"index","follow":"follow","max-snippet":"max-snippet:-1","max-image-preview":"max-image-preview:large","max-video-preview":"max-video-preview:-1"},"canonical":"https:\/\/acefootball.com\/da\/fodboldnyheder\/billede-stikker-wilczek-nu-igen-til-broendby-paa-instagram\/","og_locale":"en_US","og_type":"article","og_title":"Billede: Stikker Wilczek nu igen til Br\u00f8ndby p\u00e5 Instagram?","og_description":"Flere brugere p\u00e5 Twitter undrer sig nu over, om FC K\u00f8benhavn-angriberen Kamil Wilczek igen stikker til Br\u00f8ndby i seneste Instagram-story","og_url":"https:\/\/acefootball.com\/da\/fodboldnyheder\/billede-stikker-wilczek-nu-igen-til-broendby-paa-instagram\/","og_site_name":"Ace Football Danmark","article_publisher":"https:\/\/www.facebook.com\/acefootballdk","article_published_time":"2021-02-16T09:13:12+00:00","article_modified_time":"2021-02-16T09:13:13+00:00","og_image":[{"width":1920,"height":1008,"url":"https:\/\/acefootball.com\/da\/wp-content\/uploads\/sites\/2\/2021\/02\/Laes-mere-generel-65.jpg","type":"image\/jpeg"}],"twitter_card":"summary_large_image","twitter_misc":{"Written by":"Mikki M\u00f8ller-Iversen","Est. reading time":"1 minute"},"schema":{"@context":"https:\/\/schema.org","@graph":[{"@type":"Organization","@id":"https:\/\/acefootball.com\/da\/#organization","name":"Ace Football","url":"https:\/\/acefootball.com\/da\/","sameAs":["https:\/\/www.facebook.com\/acefootballdk"],"logo":{"@type":"ImageObject","@id":"https:\/\/acefootball.com\/da\/#logo","inLanguage":"en-US","url":"https:\/\/acefootball.com\/da\/wp-content\/uploads\/sites\/2\/2020\/07\/Ace-Football-30-07-2020-2.png","contentUrl":"https:\/\/acefootball.com\/da\/wp-content\/uploads\/sites\/2\/2020\/07\/Ace-Football-30-07-2020-2.png","width":1200,"height":600,"caption":"Ace Football"},"image":{"@id":"https:\/\/acefootball.com\/da\/#logo"}},{"@type":"WebSite","@id":"https:\/\/acefootball.com\/da\/#website","url":"https:\/\/acefootball.com\/da\/","name":"Ace Football Danmark","description":"Nyheder, Spiltips &amp; Livescore","publisher":{"@id":"https:\/\/acefootball.com\/da\/#organization"},"potentialAction":[{"@type":"SearchAction","target":{"@type":"EntryPoint","urlTemplate":"https:\/\/acefootball.com\/da\/?s={search_term_string}"},"query-input":"required name=search_term_string"}],"inLanguage":"en-US"},{"@type":"ImageObject","@id":"https:\/\/acefootball.com\/da\/fodboldnyheder\/billede-stikker-wilczek-nu-igen-til-broendby-paa-instagram\/#primaryimage","inLanguage":"en-US","url":"https:\/\/acefootball.com\/da\/wp-content\/uploads\/sites\/2\/2021\/02\/Laes-mere-generel-65.jpg","contentUrl":"https:\/\/acefootball.com\/da\/wp-content\/uploads\/sites\/2\/2021\/02\/Laes-mere-generel-65.jpg","width":1920,"height":1008},{"@type":"WebPage","@id":"https:\/\/acefootball.com\/da\/fodboldnyheder\/billede-stikker-wilczek-nu-igen-til-broendby-paa-instagram\/#webpage","url":"https:\/\/acefootball.com\/da\/fodboldnyheder\/billede-stikker-wilczek-nu-igen-til-broendby-paa-instagram\/","name":"Billede: Stikker Wilczek nu igen til Br\u00f8ndby p\u00e5 Instagram?","isPartOf":{"@id":"https:\/\/acefootball.com\/da\/#website"},"primaryImageOfPage":{"@id":"https:\/\/acefootball.com\/da\/fodboldnyheder\/billede-stikker-wilczek-nu-igen-til-broendby-paa-instagram\/#primaryimage"},"datePublished":"2021-02-16T09:13:12+00:00","dateModified":"2021-02-16T09:13:13+00:00","description":"Flere brugere p\u00e5 Twitter undrer sig nu over, om FC K\u00f8benhavn-angriberen Kamil Wilczek igen stikker til Br\u00f8ndby i seneste Instagram-story","breadcrumb":{"@id":"https:\/\/acefootball.com\/da\/fodboldnyheder\/billede-stikker-wilczek-nu-igen-til-broendby-paa-instagram\/#breadcrumb"},"inLanguage":"en-US","potentialAction":[{"@type":"ReadAction","target":["https:\/\/acefootball.com\/da\/fodboldnyheder\/billede-stikker-wilczek-nu-igen-til-broendby-paa-instagram\/"]}]},{"@type":"BreadcrumbList","@id":"https:\/\/acefootball.com\/da\/fodboldnyheder\/billede-stikker-wilczek-nu-igen-til-broendby-paa-instagram\/#breadcrumb","itemListElement":[{"@type":"ListItem","position":1,"name":"Home","item":"https:\/\/acefootball.com\/da\/"},{"@type":"ListItem","position":2,"name":"Billede: Stikker Wilczek nu igen til Br\u00f8ndby p\u00e5 Instagram?"}]},{"@type":"Article","@id":"https:\/\/acefootball.com\/da\/fodboldnyheder\/billede-stikker-wilczek-nu-igen-til-broendby-paa-instagram\/#article","isPartOf":{"@id":"https:\/\/acefootball.com\/da\/fodboldnyheder\/billede-stikker-wilczek-nu-igen-til-broendby-paa-instagram\/#webpage"},"author":{"@id":"https:\/\/acefootball.com\/da\/#\/schema\/person\/017c0abe4a8e92938220bf6c097dda93"},"headline":"Billede: Stikker Wilczek nu igen til Br\u00f8ndby p\u00e5 Instagram?","datePublished":"2021-02-16T09:13:12+00:00","dateModified":"2021-02-16T09:13:13+00:00","mainEntityOfPage":{"@id":"https:\/\/acefootball.com\/da\/fodboldnyheder\/billede-stikker-wilczek-nu-igen-til-broendby-paa-instagram\/#webpage"},"wordCount":184,"commentCount":0,"publisher":{"@id":"https:\/\/acefootball.com\/da\/#organization"},"image":{"@id":"https:\/\/acefootball.com\/da\/fodboldnyheder\/billede-stikker-wilczek-nu-igen-til-broendby-paa-instagram\/#primaryimage"},"thumbnailUrl":"https:\/\/acefootball.com\/da\/wp-content\/uploads\/sites\/2\/2020\/10\/GettyImages-1228692011.jpg","keywords":["Br\u00f8ndby IF","FC K\u00f8benhavn","Kamil Wilczek","Superligaen"],"articleSection":["Nyhed"],"inLanguage":"en-US","potentialAction":[{"@type":"CommentAction","name":"Comment","target":["https:\/\/acefootball.com\/da\/fodboldnyheder\/billede-stikker-wilczek-nu-igen-til-broendby-paa-instagram\/#respond"]}]},{"@type":"Person","@id":"https:\/\/acefootball.com\/da\/#\/schema\/person\/017c0abe4a8e92938220bf6c097dda93","name":"Mikki M\u00f8ller-Iversen","image":{"@type":"ImageObject","@id":"https:\/\/acefootball.com\/da\/#personlogo","inLanguage":"en-US","url":"https:\/\/secure.gravatar.com\/avatar\/e05b419e8b5ae5fcf516800181b96aa2?s=96&d=mm&r=g","contentUrl":"https:\/\/secure.gravatar.com\/avatar\/e05b419e8b5ae5fcf516800181b96aa2?s=96&d=mm&r=g","caption":"Mikki M\u00f8ller-Iversen"},"description":"Social Media Manager and writer at Ace Football. Main focus on Danish football and special stories.","sameAs":["https:\/\/www.linkedin.com\/in\/mikki-mller-iversen-26a3a689\/"],"url":"https:\/\/acefootball.com\/da\/fodboldnyheder\/author\/mmironaldo\/"}]}},"fimg_url":"https:\/\/acefootball.com\/da\/wp-content\/uploads\/sites\/2\/2020\/10\/GettyImages-1228692011.jpg","_links":{"self":[{"href":"https:\/\/acefootball.com\/da\/wp-json\/wp\/v2\/posts\/252081"}],"collection":[{"href":"https:\/\/acefootball.com\/da\/wp-json\/wp\/v2\/posts"}],"about":[{"href":"https:\/\/acefootball.com\/da\/wp-json\/wp\/v2\/types\/post"}],"author":[{"embeddable":true,"href":"https:\/\/acefootball.com\/da\/wp-json\/wp\/v2\/users\/43"}],"replies":[{"embeddable":true,"href":"https:\/\/acefootball.com\/da\/wp-json\/wp\/v2\/comments?post=252081"}],"version-history":[{"count":0,"href":"https:\/\/acefootball.com\/da\/wp-json\/wp\/v2\/posts\/252081\/revisions"}],"wp:featuredmedia":[{"embeddable":true,"href":"https:\/\/acefootball.com\/da\/wp-json\/wp\/v2\/media\/239822"}],"wp:attachment":[{"href":"https:\/\/acefootball.com\/da\/wp-json\/wp\/v2\/media?parent=252081"}],"wp:term":[{"taxonomy":"category","embeddable":true,"href":"https:\/\/acefootball.com\/da\/wp-json\/wp\/v2\/categories?post=252081"},{"taxonomy":"post_tag","embeddable":true,"href":"https:\/\/acefootball.com\/da\/wp-json\/wp\/v2\/tags?post=252081"}],"curies":[{"name":"wp","href":"https:\/\/api.w.org\/{rel}","templated":true}]}}