{"id":252068,"date":"2021-02-16T09:23:55","date_gmt":"2021-02-16T08:23:55","guid":{"rendered":"https:\/\/acefootball.com\/da\/?p=252068"},"modified":"2021-02-16T09:23:56","modified_gmt":"2021-02-16T08:23:56","slug":"officielt-flere-stjerner-med-i-fc-koebenhavn-truppen-til-dagens-derby","status":"publish","type":"post","link":"https:\/\/acefootball.com\/da\/fodboldnyheder\/officielt-flere-stjerner-med-i-fc-koebenhavn-truppen-til-dagens-derby\/","title":{"rendered":"Officielt: Flere stjerner med i FC K\u00f8benhavn-truppen til dagens derby"},"content":{"rendered":"\n<h2 id=\"h-fc-k-benhavn-har-netop-offentliggjort-truppen-til-dagens-reserveholdsderby-og-der-er-flere-prominente-navne-iblandt\">FC K\u00f8benhavn har netop offentliggjort truppen til dagens reserveholdsderby, og der er flere prominente navne iblandt<\/h2>\n\n\n\n<p>Klokken 13.00 sparkes dagens reservekamp mellem FC K\u00f8benhavn og Br\u00f8ndby i gang.<\/p>\n\n\n\n<p>FC K\u00f8benhavn har til kampen ikke sparet p\u00e5 de prominente navne, hvor stjerner som Kamil Wilczek, Mohamed Daramy, Lukas Lerager, Andreas Bjelland og Bryan Oviedo er blandt navnene i k\u00f8benhavnernes trup.<\/p>\n\n\n\n<p><a href=\"https:\/\/www.fck.dk\/nyhed\/reservetrup-mod-broendby-if\" target=\"_blank\" rel=\"noreferrer noopener\">FC K\u00f8benhavns trup<\/a> til kampen:<\/p>\n\n\n\n<p>5 Andreas Bjelland<br>8 Nicolaj Thomsen<br>9 Kamil Wilczek<br>11 Mohamed Daramy<br>12 Lukas Lerager<br>13 Sten Grytebust<br>19 Bryan Oviedo<br>26 Marios Oikonomou<br>31 Matias Riikonen<br>34 Victor Kristiansen<br>36 Valdemar Lund Jensen<br>38 H\u00e1kon Arnor Haraldsson<br>42 William B\u00f8ving<br>45 Rasmus H\u00f8jlund<br>48 Roony Bardghji<br>49 Ali Almosawe<br>50 Orri \u00d3skarsson<\/p>\n\n\n\n<p>Opg\u00f8ret kan ses p\u00e5 FC K\u00f8benhavns Facebook-side lige <em><a href=\"https:\/\/www.facebook.com\/FCKobenhavn\/posts\/10158007789702944\"><strong>her<\/strong><\/a><\/em>.<\/p>\n\n\n\n<p>Normalvis er k\u00f8benhavnerdebyet den mest sete Superliga-kamp om \u00e5ret. I efter\u00e5ret var det dog lidt anderledes, hvilket du kan l\u00e6se mere om herunder:<\/p>\n\n\n\n<figure class=\"wp-block-embed is-type-wp-embed is-provider-ace-football-danmark wp-block-embed-ace-football-danmark\"><div class=\"wp-block-embed__wrapper\">\n<blockquote class=\"wp-embedded-content\" data-secret=\"auwTcVVmXE\"><a href=\"https:\/\/acefootball.com\/da\/fodboldnyheder\/superligaens-overraskende-seertal-koebenhavnerderby-skuffer-faelt\/\">Superligaens overraskende seertal: K\u00f8benhavnerderby skuffer f\u00e6lt<\/a><\/blockquote><iframe class=\"wp-embedded-content\" sandbox=\"allow-scripts\" security=\"restricted\" style=\"position: absolute; clip: rect(1px, 1px, 1px, 1px);\" title=\"&#8220;Superligaens overraskende seertal: K\u00f8benhavnerderby skuffer f\u00e6lt&#8221; &#8212; Ace Football Danmark\" src=\"https:\/\/acefootball.com\/da\/fodboldnyheder\/superligaens-overraskende-seertal-koebenhavnerderby-skuffer-faelt\/embed\/#?secret=auwTcVVmXE\" data-secret=\"auwTcVVmXE\" width=\"600\" height=\"338\" frameborder=\"0\" marginwidth=\"0\" marginheight=\"0\" scrolling=\"no\"><\/iframe>\n<\/div><\/figure>\n","protected":false},"excerpt":{"rendered":"<p>FC K\u00f8benhavn har netop offentliggjort truppen til dagens reserveholdsderby, og der er flere prominente navne iblandt<\/p>\n","protected":false},"author":43,"featured_media":252071,"comment_status":"open","ping_status":"closed","sticky":false,"template":"","format":"standard","meta":{"om_disable_all_campaigns":false,"push_articles_ronaldo":{"active":false,"canonical":0,"publish":false},"force_updates":null},"categories":[1],"tags":[53,16,588],"enet_tags":{"team":["8595","8391"],"league":["46"],"sport_events":[]},"yoast_head":"<!-- This site is optimized with the Yoast SEO plugin v18.3 - https:\/\/yoast.com\/wordpress\/plugins\/seo\/ -->\n<title>Officielt: Flere stjerner med i FC K\u00f8benhavn-truppen til dagens derby<\/title>\n<meta name=\"description\" content=\"FC K\u00f8benhavn har netop offentliggjort truppen til dagens reserveholdsderby, og der er flere prominente navne iblandt\" \/>\n<meta name=\"robots\" content=\"index, follow, max-snippet:-1, max-image-preview:large, max-video-preview:-1\" \/>\n<link rel=\"canonical\" href=\"https:\/\/acefootball.com\/da\/fodboldnyheder\/officielt-flere-stjerner-med-i-fc-koebenhavn-truppen-til-dagens-derby\/\" \/>\n<meta property=\"og:locale\" content=\"en_US\" \/>\n<meta property=\"og:type\" content=\"article\" \/>\n<meta property=\"og:title\" content=\"Officielt: Flere stjerner med i FC K\u00f8benhavn-truppen til dagens derby\" \/>\n<meta property=\"og:description\" content=\"FC K\u00f8benhavn har netop offentliggjort truppen til dagens reserveholdsderby, og der er flere prominente navne iblandt\" \/>\n<meta property=\"og:url\" content=\"https:\/\/acefootball.com\/da\/fodboldnyheder\/officielt-flere-stjerner-med-i-fc-koebenhavn-truppen-til-dagens-derby\/\" \/>\n<meta property=\"og:site_name\" content=\"Ace Football Danmark\" \/>\n<meta property=\"article:publisher\" content=\"https:\/\/www.facebook.com\/acefootballdk\" \/>\n<meta property=\"article:published_time\" content=\"2021-02-16T08:23:55+00:00\" \/>\n<meta property=\"article:modified_time\" content=\"2021-02-16T08:23:56+00:00\" \/>\n<meta property=\"og:image\" content=\"https:\/\/acefootball.com\/da\/wp-content\/uploads\/sites\/2\/2021\/02\/GettyImages-1228616292-1.jpg\" \/>\n\t<meta property=\"og:image:width\" content=\"1024\" \/>\n\t<meta property=\"og:image:height\" content=\"636\" \/>\n\t<meta property=\"og:image:type\" content=\"image\/jpeg\" \/>\n<meta name=\"twitter:card\" content=\"summary_large_image\" \/>\n<meta name=\"twitter:label1\" content=\"Written by\" \/>\n\t<meta name=\"twitter:data1\" content=\"Mikki M\u00f8ller-Iversen\" \/>\n\t<meta name=\"twitter:label2\" content=\"Est. reading time\" \/>\n\t<meta name=\"twitter:data2\" content=\"1 minute\" \/>\n<script type=\"application\/ld+json\" class=\"yoast-schema-graph\">{\"@context\":\"https:\/\/schema.org\",\"@graph\":[{\"@type\":\"Organization\",\"@id\":\"https:\/\/acefootball.com\/da\/#organization\",\"name\":\"Ace Football\",\"url\":\"https:\/\/acefootball.com\/da\/\",\"sameAs\":[\"https:\/\/www.facebook.com\/acefootballdk\"],\"logo\":{\"@type\":\"ImageObject\",\"@id\":\"https:\/\/acefootball.com\/da\/#logo\",\"inLanguage\":\"en-US\",\"url\":\"https:\/\/acefootball.com\/da\/wp-content\/uploads\/sites\/2\/2020\/07\/Ace-Football-30-07-2020-2.png\",\"contentUrl\":\"https:\/\/acefootball.com\/da\/wp-content\/uploads\/sites\/2\/2020\/07\/Ace-Football-30-07-2020-2.png\",\"width\":1200,\"height\":600,\"caption\":\"Ace Football\"},\"image\":{\"@id\":\"https:\/\/acefootball.com\/da\/#logo\"}},{\"@type\":\"WebSite\",\"@id\":\"https:\/\/acefootball.com\/da\/#website\",\"url\":\"https:\/\/acefootball.com\/da\/\",\"name\":\"Ace Football Danmark\",\"description\":\"Nyheder, Spiltips &amp; Livescore\",\"publisher\":{\"@id\":\"https:\/\/acefootball.com\/da\/#organization\"},\"potentialAction\":[{\"@type\":\"SearchAction\",\"target\":{\"@type\":\"EntryPoint\",\"urlTemplate\":\"https:\/\/acefootball.com\/da\/?s={search_term_string}\"},\"query-input\":\"required name=search_term_string\"}],\"inLanguage\":\"en-US\"},{\"@type\":\"ImageObject\",\"@id\":\"https:\/\/acefootball.com\/da\/fodboldnyheder\/officielt-flere-stjerner-med-i-fc-koebenhavn-truppen-til-dagens-derby\/#primaryimage\",\"inLanguage\":\"en-US\",\"url\":\"https:\/\/acefootball.com\/da\/wp-content\/uploads\/sites\/2\/2021\/02\/GettyImages-1228616292-1.jpg\",\"contentUrl\":\"https:\/\/acefootball.com\/da\/wp-content\/uploads\/sites\/2\/2021\/02\/GettyImages-1228616292-1.jpg\",\"width\":1024,\"height\":636,\"caption\":\"COPENHAGEN, DENMARK - SEPTEMBER 20: Kevin Mensah of Brondby IF shaking hands with Viktor Fischer of FC Copenhagen prior to the Danish 3F Superliga match between FC Copenhagen and Brondby IF at Parken on September 20, 2020 in Copenhagen, Denmark. (Photo by Lars Ronbog \/ FrontZoneSport via Getty Images)\"},{\"@type\":\"WebPage\",\"@id\":\"https:\/\/acefootball.com\/da\/fodboldnyheder\/officielt-flere-stjerner-med-i-fc-koebenhavn-truppen-til-dagens-derby\/#webpage\",\"url\":\"https:\/\/acefootball.com\/da\/fodboldnyheder\/officielt-flere-stjerner-med-i-fc-koebenhavn-truppen-til-dagens-derby\/\",\"name\":\"Officielt: Flere stjerner med i FC K\u00f8benhavn-truppen til dagens derby\",\"isPartOf\":{\"@id\":\"https:\/\/acefootball.com\/da\/#website\"},\"primaryImageOfPage\":{\"@id\":\"https:\/\/acefootball.com\/da\/fodboldnyheder\/officielt-flere-stjerner-med-i-fc-koebenhavn-truppen-til-dagens-derby\/#primaryimage\"},\"datePublished\":\"2021-02-16T08:23:55+00:00\",\"dateModified\":\"2021-02-16T08:23:56+00:00\",\"description\":\"FC K\u00f8benhavn har netop offentliggjort truppen til dagens reserveholdsderby, og der er flere prominente navne iblandt\",\"breadcrumb\":{\"@id\":\"https:\/\/acefootball.com\/da\/fodboldnyheder\/officielt-flere-stjerner-med-i-fc-koebenhavn-truppen-til-dagens-derby\/#breadcrumb\"},\"inLanguage\":\"en-US\",\"potentialAction\":[{\"@type\":\"ReadAction\",\"target\":[\"https:\/\/acefootball.com\/da\/fodboldnyheder\/officielt-flere-stjerner-med-i-fc-koebenhavn-truppen-til-dagens-derby\/\"]}]},{\"@type\":\"BreadcrumbList\",\"@id\":\"https:\/\/acefootball.com\/da\/fodboldnyheder\/officielt-flere-stjerner-med-i-fc-koebenhavn-truppen-til-dagens-derby\/#breadcrumb\",\"itemListElement\":[{\"@type\":\"ListItem\",\"position\":1,\"name\":\"Home\",\"item\":\"https:\/\/acefootball.com\/da\/\"},{\"@type\":\"ListItem\",\"position\":2,\"name\":\"Officielt: Flere stjerner med i FC K\u00f8benhavn-truppen til dagens derby\"}]},{\"@type\":\"Article\",\"@id\":\"https:\/\/acefootball.com\/da\/fodboldnyheder\/officielt-flere-stjerner-med-i-fc-koebenhavn-truppen-til-dagens-derby\/#article\",\"isPartOf\":{\"@id\":\"https:\/\/acefootball.com\/da\/fodboldnyheder\/officielt-flere-stjerner-med-i-fc-koebenhavn-truppen-til-dagens-derby\/#webpage\"},\"author\":{\"@id\":\"https:\/\/acefootball.com\/da\/#\/schema\/person\/017c0abe4a8e92938220bf6c097dda93\"},\"headline\":\"Officielt: Flere stjerner med i FC K\u00f8benhavn-truppen til dagens derby\",\"datePublished\":\"2021-02-16T08:23:55+00:00\",\"dateModified\":\"2021-02-16T08:23:56+00:00\",\"mainEntityOfPage\":{\"@id\":\"https:\/\/acefootball.com\/da\/fodboldnyheder\/officielt-flere-stjerner-med-i-fc-koebenhavn-truppen-til-dagens-derby\/#webpage\"},\"wordCount\":162,\"commentCount\":0,\"publisher\":{\"@id\":\"https:\/\/acefootball.com\/da\/#organization\"},\"image\":{\"@id\":\"https:\/\/acefootball.com\/da\/fodboldnyheder\/officielt-flere-stjerner-med-i-fc-koebenhavn-truppen-til-dagens-derby\/#primaryimage\"},\"thumbnailUrl\":\"https:\/\/acefootball.com\/da\/wp-content\/uploads\/sites\/2\/2021\/02\/GettyImages-1228616292.jpg\",\"keywords\":[\"Br\u00f8ndby IF\",\"FC K\u00f8benhavn\",\"Superligaen\"],\"articleSection\":[\"Nyhed\"],\"inLanguage\":\"en-US\",\"potentialAction\":[{\"@type\":\"CommentAction\",\"name\":\"Comment\",\"target\":[\"https:\/\/acefootball.com\/da\/fodboldnyheder\/officielt-flere-stjerner-med-i-fc-koebenhavn-truppen-til-dagens-derby\/#respond\"]}]},{\"@type\":\"Person\",\"@id\":\"https:\/\/acefootball.com\/da\/#\/schema\/person\/017c0abe4a8e92938220bf6c097dda93\",\"name\":\"Mikki M\u00f8ller-Iversen\",\"image\":{\"@type\":\"ImageObject\",\"@id\":\"https:\/\/acefootball.com\/da\/#personlogo\",\"inLanguage\":\"en-US\",\"url\":\"https:\/\/secure.gravatar.com\/avatar\/e05b419e8b5ae5fcf516800181b96aa2?s=96&d=mm&r=g\",\"contentUrl\":\"https:\/\/secure.gravatar.com\/avatar\/e05b419e8b5ae5fcf516800181b96aa2?s=96&d=mm&r=g\",\"caption\":\"Mikki M\u00f8ller-Iversen\"},\"description\":\"Social Media Manager and writer at Ace Football. Main focus on Danish football and special stories.\",\"sameAs\":[\"https:\/\/www.linkedin.com\/in\/mikki-mller-iversen-26a3a689\/\"],\"url\":\"https:\/\/acefootball.com\/da\/fodboldnyheder\/author\/mmironaldo\/\"}]}<\/script>\n<!-- \/ Yoast SEO plugin. -->","yoast_head_json":{"title":"Officielt: Flere stjerner med i FC K\u00f8benhavn-truppen til dagens derby","description":"FC K\u00f8benhavn har netop offentliggjort truppen til dagens reserveholdsderby, og der er flere prominente navne iblandt","robots":{"index":"index","follow":"follow","max-snippet":"max-snippet:-1","max-image-preview":"max-image-preview:large","max-video-preview":"max-video-preview:-1"},"canonical":"https:\/\/acefootball.com\/da\/fodboldnyheder\/officielt-flere-stjerner-med-i-fc-koebenhavn-truppen-til-dagens-derby\/","og_locale":"en_US","og_type":"article","og_title":"Officielt: Flere stjerner med i FC K\u00f8benhavn-truppen til dagens derby","og_description":"FC K\u00f8benhavn har netop offentliggjort truppen til dagens reserveholdsderby, og der er flere prominente navne iblandt","og_url":"https:\/\/acefootball.com\/da\/fodboldnyheder\/officielt-flere-stjerner-med-i-fc-koebenhavn-truppen-til-dagens-derby\/","og_site_name":"Ace Football Danmark","article_publisher":"https:\/\/www.facebook.com\/acefootballdk","article_published_time":"2021-02-16T08:23:55+00:00","article_modified_time":"2021-02-16T08:23:56+00:00","og_image":[{"width":1024,"height":636,"url":"https:\/\/acefootball.com\/da\/wp-content\/uploads\/sites\/2\/2021\/02\/GettyImages-1228616292-1.jpg","type":"image\/jpeg"}],"twitter_card":"summary_large_image","twitter_misc":{"Written by":"Mikki M\u00f8ller-Iversen","Est. reading time":"1 minute"},"schema":{"@context":"https:\/\/schema.org","@graph":[{"@type":"Organization","@id":"https:\/\/acefootball.com\/da\/#organization","name":"Ace Football","url":"https:\/\/acefootball.com\/da\/","sameAs":["https:\/\/www.facebook.com\/acefootballdk"],"logo":{"@type":"ImageObject","@id":"https:\/\/acefootball.com\/da\/#logo","inLanguage":"en-US","url":"https:\/\/acefootball.com\/da\/wp-content\/uploads\/sites\/2\/2020\/07\/Ace-Football-30-07-2020-2.png","contentUrl":"https:\/\/acefootball.com\/da\/wp-content\/uploads\/sites\/2\/2020\/07\/Ace-Football-30-07-2020-2.png","width":1200,"height":600,"caption":"Ace Football"},"image":{"@id":"https:\/\/acefootball.com\/da\/#logo"}},{"@type":"WebSite","@id":"https:\/\/acefootball.com\/da\/#website","url":"https:\/\/acefootball.com\/da\/","name":"Ace Football Danmark","description":"Nyheder, Spiltips &amp; Livescore","publisher":{"@id":"https:\/\/acefootball.com\/da\/#organization"},"potentialAction":[{"@type":"SearchAction","target":{"@type":"EntryPoint","urlTemplate":"https:\/\/acefootball.com\/da\/?s={search_term_string}"},"query-input":"required name=search_term_string"}],"inLanguage":"en-US"},{"@type":"ImageObject","@id":"https:\/\/acefootball.com\/da\/fodboldnyheder\/officielt-flere-stjerner-med-i-fc-koebenhavn-truppen-til-dagens-derby\/#primaryimage","inLanguage":"en-US","url":"https:\/\/acefootball.com\/da\/wp-content\/uploads\/sites\/2\/2021\/02\/GettyImages-1228616292-1.jpg","contentUrl":"https:\/\/acefootball.com\/da\/wp-content\/uploads\/sites\/2\/2021\/02\/GettyImages-1228616292-1.jpg","width":1024,"height":636,"caption":"COPENHAGEN, DENMARK - SEPTEMBER 20: Kevin Mensah of Brondby IF shaking hands with Viktor Fischer of FC Copenhagen prior to the Danish 3F Superliga match between FC Copenhagen and Brondby IF at Parken on September 20, 2020 in Copenhagen, Denmark. (Photo by Lars Ronbog \/ FrontZoneSport via Getty Images)"},{"@type":"WebPage","@id":"https:\/\/acefootball.com\/da\/fodboldnyheder\/officielt-flere-stjerner-med-i-fc-koebenhavn-truppen-til-dagens-derby\/#webpage","url":"https:\/\/acefootball.com\/da\/fodboldnyheder\/officielt-flere-stjerner-med-i-fc-koebenhavn-truppen-til-dagens-derby\/","name":"Officielt: Flere stjerner med i FC K\u00f8benhavn-truppen til dagens derby","isPartOf":{"@id":"https:\/\/acefootball.com\/da\/#website"},"primaryImageOfPage":{"@id":"https:\/\/acefootball.com\/da\/fodboldnyheder\/officielt-flere-stjerner-med-i-fc-koebenhavn-truppen-til-dagens-derby\/#primaryimage"},"datePublished":"2021-02-16T08:23:55+00:00","dateModified":"2021-02-16T08:23:56+00:00","description":"FC K\u00f8benhavn har netop offentliggjort truppen til dagens reserveholdsderby, og der er flere prominente navne iblandt","breadcrumb":{"@id":"https:\/\/acefootball.com\/da\/fodboldnyheder\/officielt-flere-stjerner-med-i-fc-koebenhavn-truppen-til-dagens-derby\/#breadcrumb"},"inLanguage":"en-US","potentialAction":[{"@type":"ReadAction","target":["https:\/\/acefootball.com\/da\/fodboldnyheder\/officielt-flere-stjerner-med-i-fc-koebenhavn-truppen-til-dagens-derby\/"]}]},{"@type":"BreadcrumbList","@id":"https:\/\/acefootball.com\/da\/fodboldnyheder\/officielt-flere-stjerner-med-i-fc-koebenhavn-truppen-til-dagens-derby\/#breadcrumb","itemListElement":[{"@type":"ListItem","position":1,"name":"Home","item":"https:\/\/acefootball.com\/da\/"},{"@type":"ListItem","position":2,"name":"Officielt: Flere stjerner med i FC K\u00f8benhavn-truppen til dagens derby"}]},{"@type":"Article","@id":"https:\/\/acefootball.com\/da\/fodboldnyheder\/officielt-flere-stjerner-med-i-fc-koebenhavn-truppen-til-dagens-derby\/#article","isPartOf":{"@id":"https:\/\/acefootball.com\/da\/fodboldnyheder\/officielt-flere-stjerner-med-i-fc-koebenhavn-truppen-til-dagens-derby\/#webpage"},"author":{"@id":"https:\/\/acefootball.com\/da\/#\/schema\/person\/017c0abe4a8e92938220bf6c097dda93"},"headline":"Officielt: Flere stjerner med i FC K\u00f8benhavn-truppen til dagens derby","datePublished":"2021-02-16T08:23:55+00:00","dateModified":"2021-02-16T08:23:56+00:00","mainEntityOfPage":{"@id":"https:\/\/acefootball.com\/da\/fodboldnyheder\/officielt-flere-stjerner-med-i-fc-koebenhavn-truppen-til-dagens-derby\/#webpage"},"wordCount":162,"commentCount":0,"publisher":{"@id":"https:\/\/acefootball.com\/da\/#organization"},"image":{"@id":"https:\/\/acefootball.com\/da\/fodboldnyheder\/officielt-flere-stjerner-med-i-fc-koebenhavn-truppen-til-dagens-derby\/#primaryimage"},"thumbnailUrl":"https:\/\/acefootball.com\/da\/wp-content\/uploads\/sites\/2\/2021\/02\/GettyImages-1228616292.jpg","keywords":["Br\u00f8ndby IF","FC K\u00f8benhavn","Superligaen"],"articleSection":["Nyhed"],"inLanguage":"en-US","potentialAction":[{"@type":"CommentAction","name":"Comment","target":["https:\/\/acefootball.com\/da\/fodboldnyheder\/officielt-flere-stjerner-med-i-fc-koebenhavn-truppen-til-dagens-derby\/#respond"]}]},{"@type":"Person","@id":"https:\/\/acefootball.com\/da\/#\/schema\/person\/017c0abe4a8e92938220bf6c097dda93","name":"Mikki M\u00f8ller-Iversen","image":{"@type":"ImageObject","@id":"https:\/\/acefootball.com\/da\/#personlogo","inLanguage":"en-US","url":"https:\/\/secure.gravatar.com\/avatar\/e05b419e8b5ae5fcf516800181b96aa2?s=96&d=mm&r=g","contentUrl":"https:\/\/secure.gravatar.com\/avatar\/e05b419e8b5ae5fcf516800181b96aa2?s=96&d=mm&r=g","caption":"Mikki M\u00f8ller-Iversen"},"description":"Social Media Manager and writer at Ace Football. Main focus on Danish football and special stories.","sameAs":["https:\/\/www.linkedin.com\/in\/mikki-mller-iversen-26a3a689\/"],"url":"https:\/\/acefootball.com\/da\/fodboldnyheder\/author\/mmironaldo\/"}]}},"fimg_url":"https:\/\/acefootball.com\/da\/wp-content\/uploads\/sites\/2\/2021\/02\/GettyImages-1228616292.jpg","_links":{"self":[{"href":"https:\/\/acefootball.com\/da\/wp-json\/wp\/v2\/posts\/252068"}],"collection":[{"href":"https:\/\/acefootball.com\/da\/wp-json\/wp\/v2\/posts"}],"about":[{"href":"https:\/\/acefootball.com\/da\/wp-json\/wp\/v2\/types\/post"}],"author":[{"embeddable":true,"href":"https:\/\/acefootball.com\/da\/wp-json\/wp\/v2\/users\/43"}],"replies":[{"embeddable":true,"href":"https:\/\/acefootball.com\/da\/wp-json\/wp\/v2\/comments?post=252068"}],"version-history":[{"count":0,"href":"https:\/\/acefootball.com\/da\/wp-json\/wp\/v2\/posts\/252068\/revisions"}],"wp:featuredmedia":[{"embeddable":true,"href":"https:\/\/acefootball.com\/da\/wp-json\/wp\/v2\/media\/252071"}],"wp:attachment":[{"href":"https:\/\/acefootball.com\/da\/wp-json\/wp\/v2\/media?parent=252068"}],"wp:term":[{"taxonomy":"category","embeddable":true,"href":"https:\/\/acefootball.com\/da\/wp-json\/wp\/v2\/categories?post=252068"},{"taxonomy":"post_tag","embeddable":true,"href":"https:\/\/acefootball.com\/da\/wp-json\/wp\/v2\/tags?post=252068"}],"curies":[{"name":"wp","href":"https:\/\/api.w.org\/{rel}","templated":true}]}}