{"id":252067,"date":"2021-02-16T09:17:58","date_gmt":"2021-02-16T08:17:58","guid":{"rendered":"https:\/\/acefootball.com\/da\/?p=252067"},"modified":"2021-02-16T09:19:12","modified_gmt":"2021-02-16T08:19:12","slug":"fck-boss-glad-for-nyt-format-det-er-rart-at-se","status":"publish","type":"post","link":"https:\/\/acefootball.com\/da\/fodboldnyheder\/fck-boss-glad-for-nyt-format-det-er-rart-at-se\/","title":{"rendered":"FCK-boss glad for nyt format: Det er rart at se"},"content":{"rendered":"\n<h2 id=\"h-storinvestor-i-fc-k-benhavn-lars-seier-er-glad-for-den-nye-arbejdsfordeling-i-klubbens-sportslige-afdeling\">Storinvestor i FC K\u00f8benhavn, Lars Seier, er glad for den nye arbejdsfordeling i klubbens sportslige afdeling<\/h2>\n\n\n\n<p>Mandagen b\u00f8d p\u00e5 endnu en sejr til FC K\u00f8benhavn, og klubben har nu vundet alle tre kampe i Superligaen siden for\u00e5rsstart.<\/p>\n\n\n\n<p>Dermed ser Jess Thorup ud til at have f\u00e5et styr p\u00e5 tropperne siden sin ans\u00e6ttelse i november, og til forskel fra tidligere skal FCK-tr\u00e6neren nu ogs\u00e5 kun fokusere p\u00e5, hvad der sker p\u00e5 banen.<\/p>\n\n\n\n<p>I forbindelse med fyringen af St\u00e5le Solbakken valgte klubbens bestyrelse nemlig at g\u00e5 v\u00e6k fra manager-rollen og fordele de sportslige arbejdsopgaver p\u00e5 to stillinger &#8211; en cheftr\u00e6ner og en sportsdirekt\u00f8r.<\/p>\n\n\n\n\n        <div class=\"svf-video-single only-video\">\n            <div class=\"svf-video-container svf-embedded embedded\">\n                <script>(function(){const el = document.createElement('iframe');el.allow = 'autoplay';el.frameBorder = '0';el.classList.add('svf-video');el.allowFullscreen = true;document.currentScript.parentNode.style.display = 'none';el.src = \"https:\/\/www.viafree.dk\/embed\/sport\/id\/a4069da3-c36d-4d8c-8e21-5b0577df893d?partnerId=a788403f-2c83-488f-adb0-2650ac7278a3\";el.addEventListener( 'load', function(){ this.parentNode.style.display = ''; });document.currentScript.parentNode.insertBefore(el, document.currentScript.nextSibling);})();<\/script>\n                <noscript><iframe allow=\"autoplay\" allowfullscreen frameborder=\"0\" class=\"svf-video\" src=\"https:\/\/www.viafree.dk\/embed\/sport\/id\/a4069da3-c36d-4d8c-8e21-5b0577df893d?partnerId=a788403f-2c83-488f-adb0-2650ac7278a3\"><\/iframe><\/noscript>\n            <\/div>\n                    <\/div>\n        \n\n\n\n<p><\/p>\n\n\n\n<p>Det er en beslutning, der f\u00e5r stor opbakning af investoren Lars Seier. Det fort\u00e6ller han i <a href=\"https:\/\/viaplay.dk\/film\/loveboss-lars-seier-2021\" target=\"_blank\" rel=\"noreferrer noopener\">Viaplay-udsendelsen &#8216;L\u00f8veboss &#8211; Lars Seier&#8217;<\/a>.<\/p>\n\n\n\n<p>&#8220;Jeg synes, det er rart at se ansvaret blive fordelt p\u00e5 lidt flere h\u00e6nder. Strukturelt var det m\u00e5ske en lidt us\u00e6dvanlig struktur i klubben. Det har intet at g\u00f8re med personen. Jeg er umiddelbart mere tryg ved, at det er fordelt over lidt flere h\u00e6nder,&#8221; siger Seier if\u00f8lge <a href=\"https:\/\/www.bt.dk\/superligaen\/lars-seier-fejer-kritik-af-vejen-intet-i-vejen-med-fck-bestyrelse\" target=\"_blank\" rel=\"noreferrer noopener\">B.T.<\/a><\/p>\n\n\n\n<p>Stillingen som sportsdirekt\u00f8r bliver fra april besat af Peter &#8216;PC&#8217; Christiansen, der kommer til fra AGF.<\/p>\n\n\n\n<figure class=\"wp-block-embed is-type-wp-embed is-provider-ace-football-danmark wp-block-embed-ace-football-danmark\"><div class=\"wp-block-embed__wrapper\">\n<blockquote class=\"wp-embedded-content\" data-secret=\"ihocpVmnXq\"><a href=\"https:\/\/acefootball.com\/da\/fodboldnyheder\/fck-profil-ikke-tilfredse-trods-sejr-sloeset-indsats\/\">FCK-profil ikke tilfreds trods sejr: Sl\u00f8set indsats<\/a><\/blockquote><iframe class=\"wp-embedded-content\" sandbox=\"allow-scripts\" security=\"restricted\" style=\"position: absolute; clip: rect(1px, 1px, 1px, 1px);\" title=\"&#8220;FCK-profil ikke tilfreds trods sejr: Sl\u00f8set indsats&#8221; &#8212; Ace Football Danmark\" src=\"https:\/\/acefootball.com\/da\/fodboldnyheder\/fck-profil-ikke-tilfredse-trods-sejr-sloeset-indsats\/embed\/#?secret=ihocpVmnXq\" data-secret=\"ihocpVmnXq\" width=\"600\" height=\"338\" frameborder=\"0\" marginwidth=\"0\" marginheight=\"0\" scrolling=\"no\"><\/iframe>\n<\/div><\/figure>\n","protected":false},"excerpt":{"rendered":"<p>Storinvestor i FC K\u00f8benhavn, Lars Seier, er glad for den nye arbejdsfordeling i klubbens sportslige afdeling<\/p>\n","protected":false},"author":705,"featured_media":235349,"comment_status":"open","ping_status":"closed","sticky":false,"template":"","format":"standard","meta":{"om_disable_all_campaigns":false,"push_articles_ronaldo":{"active":false,"canonical":0,"publish":false},"force_updates":null},"categories":[8204],"tags":[16,588],"enet_tags":{"team":["8391"],"league":["46"],"sport_events":[]},"yoast_head":"<!-- This site is optimized with the Yoast SEO plugin v18.3 - https:\/\/yoast.com\/wordpress\/plugins\/seo\/ -->\n<title>FCK-boss glad for nyt format: Det er rart at se<\/title>\n<meta name=\"description\" content=\"Storinvestor i FC K\u00f8benhavn, Lars Seier, er glad for den nye arbejdsfordeling i klubbens sportslige afdeling\" \/>\n<meta name=\"robots\" content=\"index, follow, max-snippet:-1, max-image-preview:large, max-video-preview:-1\" \/>\n<link rel=\"canonical\" href=\"https:\/\/acefootball.com\/da\/fodboldnyheder\/fck-boss-glad-for-nyt-format-det-er-rart-at-se\/\" \/>\n<meta property=\"og:locale\" content=\"en_US\" \/>\n<meta property=\"og:type\" content=\"article\" \/>\n<meta property=\"og:title\" content=\"FCK-boss glad for nyt format: Det er rart at se\" \/>\n<meta property=\"og:description\" content=\"Storinvestor i FC K\u00f8benhavn, Lars Seier, er glad for den nye arbejdsfordeling i klubbens sportslige afdeling\" \/>\n<meta property=\"og:url\" content=\"https:\/\/acefootball.com\/da\/fodboldnyheder\/fck-boss-glad-for-nyt-format-det-er-rart-at-se\/\" \/>\n<meta property=\"og:site_name\" content=\"Ace Football Danmark\" \/>\n<meta property=\"article:publisher\" content=\"https:\/\/www.facebook.com\/acefootballdk\" \/>\n<meta property=\"article:published_time\" content=\"2021-02-16T08:17:58+00:00\" \/>\n<meta property=\"article:modified_time\" content=\"2021-02-16T08:19:12+00:00\" \/>\n<meta property=\"og:image\" content=\"https:\/\/acefootball.com\/da\/wp-content\/uploads\/sites\/2\/2021\/02\/FCK-24-1.jpg\" \/>\n\t<meta property=\"og:image:width\" content=\"1920\" \/>\n\t<meta property=\"og:image:height\" content=\"1008\" \/>\n\t<meta property=\"og:image:type\" content=\"image\/jpeg\" \/>\n<meta name=\"twitter:card\" content=\"summary_large_image\" \/>\n<meta name=\"twitter:label1\" content=\"Written by\" \/>\n\t<meta name=\"twitter:data1\" content=\"Mads Dreyer\" \/>\n\t<meta name=\"twitter:label2\" content=\"Est. reading time\" \/>\n\t<meta name=\"twitter:data2\" content=\"1 minute\" \/>\n<script type=\"application\/ld+json\" class=\"yoast-schema-graph\">{\"@context\":\"https:\/\/schema.org\",\"@graph\":[{\"@type\":\"Organization\",\"@id\":\"https:\/\/acefootball.com\/da\/#organization\",\"name\":\"Ace Football\",\"url\":\"https:\/\/acefootball.com\/da\/\",\"sameAs\":[\"https:\/\/www.facebook.com\/acefootballdk\"],\"logo\":{\"@type\":\"ImageObject\",\"@id\":\"https:\/\/acefootball.com\/da\/#logo\",\"inLanguage\":\"en-US\",\"url\":\"https:\/\/acefootball.com\/da\/wp-content\/uploads\/sites\/2\/2020\/07\/Ace-Football-30-07-2020-2.png\",\"contentUrl\":\"https:\/\/acefootball.com\/da\/wp-content\/uploads\/sites\/2\/2020\/07\/Ace-Football-30-07-2020-2.png\",\"width\":1200,\"height\":600,\"caption\":\"Ace Football\"},\"image\":{\"@id\":\"https:\/\/acefootball.com\/da\/#logo\"}},{\"@type\":\"WebSite\",\"@id\":\"https:\/\/acefootball.com\/da\/#website\",\"url\":\"https:\/\/acefootball.com\/da\/\",\"name\":\"Ace Football Danmark\",\"description\":\"Nyheder, Spiltips &amp; Livescore\",\"publisher\":{\"@id\":\"https:\/\/acefootball.com\/da\/#organization\"},\"potentialAction\":[{\"@type\":\"SearchAction\",\"target\":{\"@type\":\"EntryPoint\",\"urlTemplate\":\"https:\/\/acefootball.com\/da\/?s={search_term_string}\"},\"query-input\":\"required name=search_term_string\"}],\"inLanguage\":\"en-US\"},{\"@type\":\"ImageObject\",\"@id\":\"https:\/\/acefootball.com\/da\/fodboldnyheder\/fck-boss-glad-for-nyt-format-det-er-rart-at-se\/#primaryimage\",\"inLanguage\":\"en-US\",\"url\":\"https:\/\/acefootball.com\/da\/wp-content\/uploads\/sites\/2\/2021\/02\/FCK-24-1.jpg\",\"contentUrl\":\"https:\/\/acefootball.com\/da\/wp-content\/uploads\/sites\/2\/2021\/02\/FCK-24-1.jpg\",\"width\":1920,\"height\":1008,\"caption\":\"seier\"},{\"@type\":\"WebPage\",\"@id\":\"https:\/\/acefootball.com\/da\/fodboldnyheder\/fck-boss-glad-for-nyt-format-det-er-rart-at-se\/#webpage\",\"url\":\"https:\/\/acefootball.com\/da\/fodboldnyheder\/fck-boss-glad-for-nyt-format-det-er-rart-at-se\/\",\"name\":\"FCK-boss glad for nyt format: Det er rart at se\",\"isPartOf\":{\"@id\":\"https:\/\/acefootball.com\/da\/#website\"},\"primaryImageOfPage\":{\"@id\":\"https:\/\/acefootball.com\/da\/fodboldnyheder\/fck-boss-glad-for-nyt-format-det-er-rart-at-se\/#primaryimage\"},\"datePublished\":\"2021-02-16T08:17:58+00:00\",\"dateModified\":\"2021-02-16T08:19:12+00:00\",\"description\":\"Storinvestor i FC K\u00f8benhavn, Lars Seier, er glad for den nye arbejdsfordeling i klubbens sportslige afdeling\",\"breadcrumb\":{\"@id\":\"https:\/\/acefootball.com\/da\/fodboldnyheder\/fck-boss-glad-for-nyt-format-det-er-rart-at-se\/#breadcrumb\"},\"inLanguage\":\"en-US\",\"potentialAction\":[{\"@type\":\"ReadAction\",\"target\":[\"https:\/\/acefootball.com\/da\/fodboldnyheder\/fck-boss-glad-for-nyt-format-det-er-rart-at-se\/\"]}]},{\"@type\":\"BreadcrumbList\",\"@id\":\"https:\/\/acefootball.com\/da\/fodboldnyheder\/fck-boss-glad-for-nyt-format-det-er-rart-at-se\/#breadcrumb\",\"itemListElement\":[{\"@type\":\"ListItem\",\"position\":1,\"name\":\"Home\",\"item\":\"https:\/\/acefootball.com\/da\/\"},{\"@type\":\"ListItem\",\"position\":2,\"name\":\"FCK-boss glad for nyt format: Det er rart at se\"}]},{\"@type\":\"Article\",\"@id\":\"https:\/\/acefootball.com\/da\/fodboldnyheder\/fck-boss-glad-for-nyt-format-det-er-rart-at-se\/#article\",\"isPartOf\":{\"@id\":\"https:\/\/acefootball.com\/da\/fodboldnyheder\/fck-boss-glad-for-nyt-format-det-er-rart-at-se\/#webpage\"},\"author\":{\"@id\":\"https:\/\/acefootball.com\/da\/#\/schema\/person\/ee67e9cf04a276f144100ffa722f10cd\"},\"headline\":\"FCK-boss glad for nyt format: Det er rart at se\",\"datePublished\":\"2021-02-16T08:17:58+00:00\",\"dateModified\":\"2021-02-16T08:19:12+00:00\",\"mainEntityOfPage\":{\"@id\":\"https:\/\/acefootball.com\/da\/fodboldnyheder\/fck-boss-glad-for-nyt-format-det-er-rart-at-se\/#webpage\"},\"wordCount\":241,\"commentCount\":0,\"publisher\":{\"@id\":\"https:\/\/acefootball.com\/da\/#organization\"},\"image\":{\"@id\":\"https:\/\/acefootball.com\/da\/fodboldnyheder\/fck-boss-glad-for-nyt-format-det-er-rart-at-se\/#primaryimage\"},\"thumbnailUrl\":\"https:\/\/acefootball.com\/da\/wp-content\/uploads\/sites\/2\/2020\/08\/GettyImages-1129037027.jpg\",\"keywords\":[\"FC K\u00f8benhavn\",\"Superligaen\"],\"articleSection\":[\"Udtalelse\"],\"inLanguage\":\"en-US\",\"potentialAction\":[{\"@type\":\"CommentAction\",\"name\":\"Comment\",\"target\":[\"https:\/\/acefootball.com\/da\/fodboldnyheder\/fck-boss-glad-for-nyt-format-det-er-rart-at-se\/#respond\"]}]},{\"@type\":\"Person\",\"@id\":\"https:\/\/acefootball.com\/da\/#\/schema\/person\/ee67e9cf04a276f144100ffa722f10cd\",\"name\":\"Mads Dreyer\",\"image\":{\"@type\":\"ImageObject\",\"@id\":\"https:\/\/acefootball.com\/da\/#personlogo\",\"inLanguage\":\"en-US\",\"url\":\"https:\/\/secure.gravatar.com\/avatar\/7c7abf72cfde9902b6a60efe60c88d4c?s=96&d=mm&r=g\",\"contentUrl\":\"https:\/\/secure.gravatar.com\/avatar\/7c7abf72cfde9902b6a60efe60c88d4c?s=96&d=mm&r=g\",\"caption\":\"Mads Dreyer\"},\"description\":\"Skribent og fodboldn\u00f8rd, der lige nu fort\u00e6ller om alt og intet i fodboldverdenen p\u00e5 acefootball.com. Uddannet i kommunikation fra Aalborg Universitet.\",\"sameAs\":[\"https:\/\/www.linkedin.com\/in\/mads-dreyer-b9b08266\/\"],\"url\":\"https:\/\/acefootball.com\/da\/fodboldnyheder\/author\/mdnronaldo\/\"}]}<\/script>\n<!-- \/ Yoast SEO plugin. -->","yoast_head_json":{"title":"FCK-boss glad for nyt format: Det er rart at se","description":"Storinvestor i FC K\u00f8benhavn, Lars Seier, er glad for den nye arbejdsfordeling i klubbens sportslige afdeling","robots":{"index":"index","follow":"follow","max-snippet":"max-snippet:-1","max-image-preview":"max-image-preview:large","max-video-preview":"max-video-preview:-1"},"canonical":"https:\/\/acefootball.com\/da\/fodboldnyheder\/fck-boss-glad-for-nyt-format-det-er-rart-at-se\/","og_locale":"en_US","og_type":"article","og_title":"FCK-boss glad for nyt format: Det er rart at se","og_description":"Storinvestor i FC K\u00f8benhavn, Lars Seier, er glad for den nye arbejdsfordeling i klubbens sportslige afdeling","og_url":"https:\/\/acefootball.com\/da\/fodboldnyheder\/fck-boss-glad-for-nyt-format-det-er-rart-at-se\/","og_site_name":"Ace Football Danmark","article_publisher":"https:\/\/www.facebook.com\/acefootballdk","article_published_time":"2021-02-16T08:17:58+00:00","article_modified_time":"2021-02-16T08:19:12+00:00","og_image":[{"width":1920,"height":1008,"url":"https:\/\/acefootball.com\/da\/wp-content\/uploads\/sites\/2\/2021\/02\/FCK-24-1.jpg","type":"image\/jpeg"}],"twitter_card":"summary_large_image","twitter_misc":{"Written by":"Mads Dreyer","Est. reading time":"1 minute"},"schema":{"@context":"https:\/\/schema.org","@graph":[{"@type":"Organization","@id":"https:\/\/acefootball.com\/da\/#organization","name":"Ace Football","url":"https:\/\/acefootball.com\/da\/","sameAs":["https:\/\/www.facebook.com\/acefootballdk"],"logo":{"@type":"ImageObject","@id":"https:\/\/acefootball.com\/da\/#logo","inLanguage":"en-US","url":"https:\/\/acefootball.com\/da\/wp-content\/uploads\/sites\/2\/2020\/07\/Ace-Football-30-07-2020-2.png","contentUrl":"https:\/\/acefootball.com\/da\/wp-content\/uploads\/sites\/2\/2020\/07\/Ace-Football-30-07-2020-2.png","width":1200,"height":600,"caption":"Ace Football"},"image":{"@id":"https:\/\/acefootball.com\/da\/#logo"}},{"@type":"WebSite","@id":"https:\/\/acefootball.com\/da\/#website","url":"https:\/\/acefootball.com\/da\/","name":"Ace Football Danmark","description":"Nyheder, Spiltips &amp; Livescore","publisher":{"@id":"https:\/\/acefootball.com\/da\/#organization"},"potentialAction":[{"@type":"SearchAction","target":{"@type":"EntryPoint","urlTemplate":"https:\/\/acefootball.com\/da\/?s={search_term_string}"},"query-input":"required name=search_term_string"}],"inLanguage":"en-US"},{"@type":"ImageObject","@id":"https:\/\/acefootball.com\/da\/fodboldnyheder\/fck-boss-glad-for-nyt-format-det-er-rart-at-se\/#primaryimage","inLanguage":"en-US","url":"https:\/\/acefootball.com\/da\/wp-content\/uploads\/sites\/2\/2021\/02\/FCK-24-1.jpg","contentUrl":"https:\/\/acefootball.com\/da\/wp-content\/uploads\/sites\/2\/2021\/02\/FCK-24-1.jpg","width":1920,"height":1008,"caption":"seier"},{"@type":"WebPage","@id":"https:\/\/acefootball.com\/da\/fodboldnyheder\/fck-boss-glad-for-nyt-format-det-er-rart-at-se\/#webpage","url":"https:\/\/acefootball.com\/da\/fodboldnyheder\/fck-boss-glad-for-nyt-format-det-er-rart-at-se\/","name":"FCK-boss glad for nyt format: Det er rart at se","isPartOf":{"@id":"https:\/\/acefootball.com\/da\/#website"},"primaryImageOfPage":{"@id":"https:\/\/acefootball.com\/da\/fodboldnyheder\/fck-boss-glad-for-nyt-format-det-er-rart-at-se\/#primaryimage"},"datePublished":"2021-02-16T08:17:58+00:00","dateModified":"2021-02-16T08:19:12+00:00","description":"Storinvestor i FC K\u00f8benhavn, Lars Seier, er glad for den nye arbejdsfordeling i klubbens sportslige afdeling","breadcrumb":{"@id":"https:\/\/acefootball.com\/da\/fodboldnyheder\/fck-boss-glad-for-nyt-format-det-er-rart-at-se\/#breadcrumb"},"inLanguage":"en-US","potentialAction":[{"@type":"ReadAction","target":["https:\/\/acefootball.com\/da\/fodboldnyheder\/fck-boss-glad-for-nyt-format-det-er-rart-at-se\/"]}]},{"@type":"BreadcrumbList","@id":"https:\/\/acefootball.com\/da\/fodboldnyheder\/fck-boss-glad-for-nyt-format-det-er-rart-at-se\/#breadcrumb","itemListElement":[{"@type":"ListItem","position":1,"name":"Home","item":"https:\/\/acefootball.com\/da\/"},{"@type":"ListItem","position":2,"name":"FCK-boss glad for nyt format: Det er rart at se"}]},{"@type":"Article","@id":"https:\/\/acefootball.com\/da\/fodboldnyheder\/fck-boss-glad-for-nyt-format-det-er-rart-at-se\/#article","isPartOf":{"@id":"https:\/\/acefootball.com\/da\/fodboldnyheder\/fck-boss-glad-for-nyt-format-det-er-rart-at-se\/#webpage"},"author":{"@id":"https:\/\/acefootball.com\/da\/#\/schema\/person\/ee67e9cf04a276f144100ffa722f10cd"},"headline":"FCK-boss glad for nyt format: Det er rart at se","datePublished":"2021-02-16T08:17:58+00:00","dateModified":"2021-02-16T08:19:12+00:00","mainEntityOfPage":{"@id":"https:\/\/acefootball.com\/da\/fodboldnyheder\/fck-boss-glad-for-nyt-format-det-er-rart-at-se\/#webpage"},"wordCount":241,"commentCount":0,"publisher":{"@id":"https:\/\/acefootball.com\/da\/#organization"},"image":{"@id":"https:\/\/acefootball.com\/da\/fodboldnyheder\/fck-boss-glad-for-nyt-format-det-er-rart-at-se\/#primaryimage"},"thumbnailUrl":"https:\/\/acefootball.com\/da\/wp-content\/uploads\/sites\/2\/2020\/08\/GettyImages-1129037027.jpg","keywords":["FC K\u00f8benhavn","Superligaen"],"articleSection":["Udtalelse"],"inLanguage":"en-US","potentialAction":[{"@type":"CommentAction","name":"Comment","target":["https:\/\/acefootball.com\/da\/fodboldnyheder\/fck-boss-glad-for-nyt-format-det-er-rart-at-se\/#respond"]}]},{"@type":"Person","@id":"https:\/\/acefootball.com\/da\/#\/schema\/person\/ee67e9cf04a276f144100ffa722f10cd","name":"Mads Dreyer","image":{"@type":"ImageObject","@id":"https:\/\/acefootball.com\/da\/#personlogo","inLanguage":"en-US","url":"https:\/\/secure.gravatar.com\/avatar\/7c7abf72cfde9902b6a60efe60c88d4c?s=96&d=mm&r=g","contentUrl":"https:\/\/secure.gravatar.com\/avatar\/7c7abf72cfde9902b6a60efe60c88d4c?s=96&d=mm&r=g","caption":"Mads Dreyer"},"description":"Skribent og fodboldn\u00f8rd, der lige nu fort\u00e6ller om alt og intet i fodboldverdenen p\u00e5 acefootball.com. Uddannet i kommunikation fra Aalborg Universitet.","sameAs":["https:\/\/www.linkedin.com\/in\/mads-dreyer-b9b08266\/"],"url":"https:\/\/acefootball.com\/da\/fodboldnyheder\/author\/mdnronaldo\/"}]}},"fimg_url":"https:\/\/acefootball.com\/da\/wp-content\/uploads\/sites\/2\/2020\/08\/GettyImages-1129037027.jpg","_links":{"self":[{"href":"https:\/\/acefootball.com\/da\/wp-json\/wp\/v2\/posts\/252067"}],"collection":[{"href":"https:\/\/acefootball.com\/da\/wp-json\/wp\/v2\/posts"}],"about":[{"href":"https:\/\/acefootball.com\/da\/wp-json\/wp\/v2\/types\/post"}],"author":[{"embeddable":true,"href":"https:\/\/acefootball.com\/da\/wp-json\/wp\/v2\/users\/705"}],"replies":[{"embeddable":true,"href":"https:\/\/acefootball.com\/da\/wp-json\/wp\/v2\/comments?post=252067"}],"version-history":[{"count":0,"href":"https:\/\/acefootball.com\/da\/wp-json\/wp\/v2\/posts\/252067\/revisions"}],"wp:featuredmedia":[{"embeddable":true,"href":"https:\/\/acefootball.com\/da\/wp-json\/wp\/v2\/media\/235349"}],"wp:attachment":[{"href":"https:\/\/acefootball.com\/da\/wp-json\/wp\/v2\/media?parent=252067"}],"wp:term":[{"taxonomy":"category","embeddable":true,"href":"https:\/\/acefootball.com\/da\/wp-json\/wp\/v2\/categories?post=252067"},{"taxonomy":"post_tag","embeddable":true,"href":"https:\/\/acefootball.com\/da\/wp-json\/wp\/v2\/tags?post=252067"}],"curies":[{"name":"wp","href":"https:\/\/api.w.org\/{rel}","templated":true}]}}