{"id":252030,"date":"2021-02-15T17:53:20","date_gmt":"2021-02-15T16:53:20","guid":{"rendered":"https:\/\/acefootball.com\/da\/?p=252030"},"modified":"2021-02-15T17:56:16","modified_gmt":"2021-02-15T16:56:16","slug":"blev-kaldt-den-nye-messi-nu-skifter-han-til-serie-d","status":"publish","type":"post","link":"https:\/\/acefootball.com\/da\/fodboldnyheder\/blev-kaldt-den-nye-messi-nu-skifter-han-til-serie-d\/","title":{"rendered":"Blev kaldt &#8216;den nye Messi&#8217;: Nu skifter han til Serie D"},"content":{"rendered":"\n<h2 id=\"h-det-tidligere-barcelona-talent-gai-assulin-skifter-til-ac-crema-fra-den-fjerdebedste-italienske-r-kke-serie-d\">Det tidligere Barcelona-talent, Gai Assulin, skifter til AC Crema fra den fjerdebedste italienske r\u00e6kke, Serie D<\/h2>\n\n\n\n<p>Imens Lionel Messi havde sl\u00e5et i gennem som den nye store stjerne i FC Barcelona, l\u00e5 den n\u00e6ste p\u00e5 lur.<\/p>\n\n\n\n<p>Israelske Gai Assulin blev udr\u00e5bt som argentinerens efterf\u00f8lger, da han ligesom sin forg\u00e6nger var kommet i gennem akademiet La Masia, men det lykkedes aldrig at f\u00e5 et gennembrud.<\/p>\n\n\n\n<p>I stedet tog Assulin i 2010 videre til Manchester City, hvor det heller ikke blev til det store. Siden da har offensivspilleren v\u00e6ret rundt i mindre spanske klubber, men nu g\u00e5r turen til Italien.<\/p>\n\n\n\n<p>Her er den 29-\u00e5rige israeler blevet pr\u00e6senteret i klubben AC Crema, som frister en tilv\u00e6relse i landets fjerdebedste r\u00e6kke, Serie D.<\/p>\n\n\n\n<figure class=\"wp-block-embed is-type-rich is-provider-facebook wp-block-embed-facebook\"><div class=\"wp-block-embed__wrapper\">\n<div id=\"fb-root\"><\/div><script async=\"1\" defer=\"1\" crossorigin=\"anonymous\" src=\"https:\/\/connect.facebook.net\/nl_BE\/sdk.js#xfbml=1&amp;version=v9.0\" nonce=\"0u6FEv0O\"><\/script><div class=\"fb-post\" data-href=\"https:\/\/www.facebook.com\/crema1908\/photos\/a.10152143454065989\/10157499175540989\/\" data-width=\"640\"><blockquote cite=\"https:\/\/www.facebook.com\/crema1908\/photos\/a.10152143454065989\/10157499175540989\/?type=3\" class=\"fb-xfbml-parse-ignore\"><p>SERIE D, L\u2019EX BARCELLONA GAI ASSULIN AL CREMA: \u201cFINALMENTE IN ITALIA, CONQUISTATO DA UNA SOCIET\u00c0 CHE UNISCE AGONISMO E&#8230;<\/p>Posted by <a href=\"https:\/\/www.facebook.com\/46113190988\">A.C. Crema 1908<\/a> on&nbsp;<a href=\"https:\/\/www.facebook.com\/crema1908\/photos\/a.10152143454065989\/10157499175540989\/?type=3\">Saturday, February 13, 2021<\/a><\/blockquote><\/div>\n<\/div><\/figure>\n\n\n\n<figure class=\"wp-block-embed is-type-rich is-provider-twitter wp-block-embed-twitter\"><div class=\"wp-block-embed__wrapper\">\n<blockquote class=\"twitter-tweet\" data-width=\"550\" data-dnt=\"true\"><p lang=\"es\" dir=\"ltr\">Con 18 a\u00f1os, Guardiola hizo debutar al que muchos llamaban   el nuevo Messi. El Israel\u00ed Gai Assulin pas\u00f3 por Manchester City, Racing, H\u00e9rcules, Granada, Mallorca y Sabadell, entre otros. Con 29 a\u00f1os ficha por AC Crema (Serie D italiana). Las comparaciones a veces son prematuras <a href=\"https:\/\/t.co\/Y5wTQsxgo5\">pic.twitter.com\/Y5wTQsxgo5<\/a><\/p>&mdash; Jorge Abizanda (@JorgeAbizanda) <a href=\"https:\/\/twitter.com\/JorgeAbizanda\/status\/1361289953943126019?ref_src=twsrc%5Etfw\">February 15, 2021<\/a><\/blockquote><script async src=\"https:\/\/platform.twitter.com\/widgets.js\" charset=\"utf-8\"><\/script>\n<\/div><\/figure>\n\n\n\n<p>I Crema skal Assulin i \u00f8vrigt spille under den tidligere Liverpool-spiller, Andrea Dossena, der er cheftr\u00e6ner i klubben.<\/p>\n\n\n\n<p>Er du i tvivl om, hvordan La Liga og de andre store ligaer slutter? F\u00e5 svaret her:<\/p>\n\n\n\n<figure class=\"wp-block-embed is-type-wp-embed is-provider-ace-football-danmark wp-block-embed-ace-football-danmark\"><div class=\"wp-block-embed__wrapper\">\n<blockquote class=\"wp-embedded-content\" data-secret=\"sxbbJozGri\"><a href=\"https:\/\/acefootball.com\/da\/fodboldnyheder\/forudsigelse-saadan-slutter-de-europaeiske-ligaer\/\">Forudsigelse: S\u00e5dan slutter de europ\u00e6iske ligaer<\/a><\/blockquote><iframe class=\"wp-embedded-content\" sandbox=\"allow-scripts\" security=\"restricted\" style=\"position: absolute; clip: rect(1px, 1px, 1px, 1px);\" title=\"&#8220;Forudsigelse: S\u00e5dan slutter de europ\u00e6iske ligaer&#8221; &#8212; Ace Football Danmark\" src=\"https:\/\/acefootball.com\/da\/fodboldnyheder\/forudsigelse-saadan-slutter-de-europaeiske-ligaer\/embed\/#?secret=sxbbJozGri\" data-secret=\"sxbbJozGri\" width=\"600\" height=\"338\" frameborder=\"0\" marginwidth=\"0\" marginheight=\"0\" scrolling=\"no\"><\/iframe>\n<\/div><\/figure>\n","protected":false},"excerpt":{"rendered":"<p>Det tidligere Barcelona-talent, Gai Assulin, skifter til AC Crema fra den fjerdebedste italienske r\u00e6kke, Serie D<\/p>\n","protected":false},"author":705,"featured_media":252032,"comment_status":"open","ping_status":"closed","sticky":false,"template":"","format":"standard","meta":{"om_disable_all_campaigns":false,"push_articles_ronaldo":{"active":false,"canonical":0,"publish":false},"force_updates":null},"categories":[7],"tags":[41,303],"enet_tags":{"team":["8634"],"league":["87"],"sport_events":[]},"yoast_head":"<!-- This site is optimized with the Yoast SEO plugin v18.3 - https:\/\/yoast.com\/wordpress\/plugins\/seo\/ -->\n<title>Blev kaldt &#039;den nye Messi&#039;: Nu skifter han til Serie D<\/title>\n<meta name=\"description\" content=\"Det tidligere Barcelona-talent, Gai Assulin, skifter til AC Crema fra den fjerdebedste italienske r\u00e6kke, Serie D\" \/>\n<meta name=\"robots\" content=\"index, follow, max-snippet:-1, max-image-preview:large, max-video-preview:-1\" \/>\n<link rel=\"canonical\" href=\"https:\/\/acefootball.com\/da\/fodboldnyheder\/blev-kaldt-den-nye-messi-nu-skifter-han-til-serie-d\/\" \/>\n<meta property=\"og:locale\" content=\"en_US\" \/>\n<meta property=\"og:type\" content=\"article\" \/>\n<meta property=\"og:title\" content=\"Blev kaldt &#039;den nye Messi&#039;: Nu skifter han til Serie D\" \/>\n<meta property=\"og:description\" content=\"Det tidligere Barcelona-talent, Gai Assulin, skifter til AC Crema fra den fjerdebedste italienske r\u00e6kke, Serie D\" \/>\n<meta property=\"og:url\" content=\"https:\/\/acefootball.com\/da\/fodboldnyheder\/blev-kaldt-den-nye-messi-nu-skifter-han-til-serie-d\/\" \/>\n<meta property=\"og:site_name\" content=\"Ace Football Danmark\" \/>\n<meta property=\"article:publisher\" content=\"https:\/\/www.facebook.com\/acefootballdk\" \/>\n<meta property=\"article:published_time\" content=\"2021-02-15T16:53:20+00:00\" \/>\n<meta property=\"article:modified_time\" content=\"2021-02-15T16:56:16+00:00\" \/>\n<meta property=\"og:image\" content=\"https:\/\/acefootball.com\/da\/wp-content\/uploads\/sites\/2\/2021\/02\/Laes-mere-generel-2-5.jpg\" \/>\n\t<meta property=\"og:image:width\" content=\"1920\" \/>\n\t<meta property=\"og:image:height\" content=\"1008\" \/>\n\t<meta property=\"og:image:type\" content=\"image\/jpeg\" \/>\n<meta name=\"twitter:card\" content=\"summary_large_image\" \/>\n<meta name=\"twitter:label1\" content=\"Written by\" \/>\n\t<meta name=\"twitter:data1\" content=\"Mads Dreyer\" \/>\n\t<meta name=\"twitter:label2\" content=\"Est. reading time\" \/>\n\t<meta name=\"twitter:data2\" content=\"1 minute\" \/>\n<script type=\"application\/ld+json\" class=\"yoast-schema-graph\">{\"@context\":\"https:\/\/schema.org\",\"@graph\":[{\"@type\":\"Organization\",\"@id\":\"https:\/\/acefootball.com\/da\/#organization\",\"name\":\"Ace Football\",\"url\":\"https:\/\/acefootball.com\/da\/\",\"sameAs\":[\"https:\/\/www.facebook.com\/acefootballdk\"],\"logo\":{\"@type\":\"ImageObject\",\"@id\":\"https:\/\/acefootball.com\/da\/#logo\",\"inLanguage\":\"en-US\",\"url\":\"https:\/\/acefootball.com\/da\/wp-content\/uploads\/sites\/2\/2020\/07\/Ace-Football-30-07-2020-2.png\",\"contentUrl\":\"https:\/\/acefootball.com\/da\/wp-content\/uploads\/sites\/2\/2020\/07\/Ace-Football-30-07-2020-2.png\",\"width\":1200,\"height\":600,\"caption\":\"Ace Football\"},\"image\":{\"@id\":\"https:\/\/acefootball.com\/da\/#logo\"}},{\"@type\":\"WebSite\",\"@id\":\"https:\/\/acefootball.com\/da\/#website\",\"url\":\"https:\/\/acefootball.com\/da\/\",\"name\":\"Ace Football Danmark\",\"description\":\"Nyheder, Spiltips &amp; Livescore\",\"publisher\":{\"@id\":\"https:\/\/acefootball.com\/da\/#organization\"},\"potentialAction\":[{\"@type\":\"SearchAction\",\"target\":{\"@type\":\"EntryPoint\",\"urlTemplate\":\"https:\/\/acefootball.com\/da\/?s={search_term_string}\"},\"query-input\":\"required name=search_term_string\"}],\"inLanguage\":\"en-US\"},{\"@type\":\"ImageObject\",\"@id\":\"https:\/\/acefootball.com\/da\/fodboldnyheder\/blev-kaldt-den-nye-messi-nu-skifter-han-til-serie-d\/#primaryimage\",\"inLanguage\":\"en-US\",\"url\":\"https:\/\/acefootball.com\/da\/wp-content\/uploads\/sites\/2\/2021\/02\/Laes-mere-generel-2-5.jpg\",\"contentUrl\":\"https:\/\/acefootball.com\/da\/wp-content\/uploads\/sites\/2\/2021\/02\/Laes-mere-generel-2-5.jpg\",\"width\":1920,\"height\":1008,\"caption\":\"assulin\"},{\"@type\":\"WebPage\",\"@id\":\"https:\/\/acefootball.com\/da\/fodboldnyheder\/blev-kaldt-den-nye-messi-nu-skifter-han-til-serie-d\/#webpage\",\"url\":\"https:\/\/acefootball.com\/da\/fodboldnyheder\/blev-kaldt-den-nye-messi-nu-skifter-han-til-serie-d\/\",\"name\":\"Blev kaldt 'den nye Messi': Nu skifter han til Serie D\",\"isPartOf\":{\"@id\":\"https:\/\/acefootball.com\/da\/#website\"},\"primaryImageOfPage\":{\"@id\":\"https:\/\/acefootball.com\/da\/fodboldnyheder\/blev-kaldt-den-nye-messi-nu-skifter-han-til-serie-d\/#primaryimage\"},\"datePublished\":\"2021-02-15T16:53:20+00:00\",\"dateModified\":\"2021-02-15T16:56:16+00:00\",\"description\":\"Det tidligere Barcelona-talent, Gai Assulin, skifter til AC Crema fra den fjerdebedste italienske r\u00e6kke, Serie D\",\"breadcrumb\":{\"@id\":\"https:\/\/acefootball.com\/da\/fodboldnyheder\/blev-kaldt-den-nye-messi-nu-skifter-han-til-serie-d\/#breadcrumb\"},\"inLanguage\":\"en-US\",\"potentialAction\":[{\"@type\":\"ReadAction\",\"target\":[\"https:\/\/acefootball.com\/da\/fodboldnyheder\/blev-kaldt-den-nye-messi-nu-skifter-han-til-serie-d\/\"]}]},{\"@type\":\"BreadcrumbList\",\"@id\":\"https:\/\/acefootball.com\/da\/fodboldnyheder\/blev-kaldt-den-nye-messi-nu-skifter-han-til-serie-d\/#breadcrumb\",\"itemListElement\":[{\"@type\":\"ListItem\",\"position\":1,\"name\":\"Home\",\"item\":\"https:\/\/acefootball.com\/da\/\"},{\"@type\":\"ListItem\",\"position\":2,\"name\":\"Blev kaldt &#8216;den nye Messi&#8217;: Nu skifter han til Serie D\"}]},{\"@type\":\"Article\",\"@id\":\"https:\/\/acefootball.com\/da\/fodboldnyheder\/blev-kaldt-den-nye-messi-nu-skifter-han-til-serie-d\/#article\",\"isPartOf\":{\"@id\":\"https:\/\/acefootball.com\/da\/fodboldnyheder\/blev-kaldt-den-nye-messi-nu-skifter-han-til-serie-d\/#webpage\"},\"author\":{\"@id\":\"https:\/\/acefootball.com\/da\/#\/schema\/person\/ee67e9cf04a276f144100ffa722f10cd\"},\"headline\":\"Blev kaldt &#8216;den nye Messi&#8217;: Nu skifter han til Serie D\",\"datePublished\":\"2021-02-15T16:53:20+00:00\",\"dateModified\":\"2021-02-15T16:56:16+00:00\",\"mainEntityOfPage\":{\"@id\":\"https:\/\/acefootball.com\/da\/fodboldnyheder\/blev-kaldt-den-nye-messi-nu-skifter-han-til-serie-d\/#webpage\"},\"wordCount\":195,\"commentCount\":0,\"publisher\":{\"@id\":\"https:\/\/acefootball.com\/da\/#organization\"},\"image\":{\"@id\":\"https:\/\/acefootball.com\/da\/fodboldnyheder\/blev-kaldt-den-nye-messi-nu-skifter-han-til-serie-d\/#primaryimage\"},\"thumbnailUrl\":\"https:\/\/acefootball.com\/da\/wp-content\/uploads\/sites\/2\/2021\/02\/Untitled-design-1-1.jpg\",\"keywords\":[\"FC Barcelona\",\"La Liga\"],\"articleSection\":[\"Transfer\"],\"inLanguage\":\"en-US\",\"potentialAction\":[{\"@type\":\"CommentAction\",\"name\":\"Comment\",\"target\":[\"https:\/\/acefootball.com\/da\/fodboldnyheder\/blev-kaldt-den-nye-messi-nu-skifter-han-til-serie-d\/#respond\"]}]},{\"@type\":\"Person\",\"@id\":\"https:\/\/acefootball.com\/da\/#\/schema\/person\/ee67e9cf04a276f144100ffa722f10cd\",\"name\":\"Mads Dreyer\",\"image\":{\"@type\":\"ImageObject\",\"@id\":\"https:\/\/acefootball.com\/da\/#personlogo\",\"inLanguage\":\"en-US\",\"url\":\"https:\/\/secure.gravatar.com\/avatar\/7c7abf72cfde9902b6a60efe60c88d4c?s=96&d=mm&r=g\",\"contentUrl\":\"https:\/\/secure.gravatar.com\/avatar\/7c7abf72cfde9902b6a60efe60c88d4c?s=96&d=mm&r=g\",\"caption\":\"Mads Dreyer\"},\"description\":\"Skribent og fodboldn\u00f8rd, der lige nu fort\u00e6ller om alt og intet i fodboldverdenen p\u00e5 acefootball.com. Uddannet i kommunikation fra Aalborg Universitet.\",\"sameAs\":[\"https:\/\/www.linkedin.com\/in\/mads-dreyer-b9b08266\/\"],\"url\":\"https:\/\/acefootball.com\/da\/fodboldnyheder\/author\/mdnronaldo\/\"}]}<\/script>\n<!-- \/ Yoast SEO plugin. -->","yoast_head_json":{"title":"Blev kaldt 'den nye Messi': Nu skifter han til Serie D","description":"Det tidligere Barcelona-talent, Gai Assulin, skifter til AC Crema fra den fjerdebedste italienske r\u00e6kke, Serie D","robots":{"index":"index","follow":"follow","max-snippet":"max-snippet:-1","max-image-preview":"max-image-preview:large","max-video-preview":"max-video-preview:-1"},"canonical":"https:\/\/acefootball.com\/da\/fodboldnyheder\/blev-kaldt-den-nye-messi-nu-skifter-han-til-serie-d\/","og_locale":"en_US","og_type":"article","og_title":"Blev kaldt 'den nye Messi': Nu skifter han til Serie D","og_description":"Det tidligere Barcelona-talent, Gai Assulin, skifter til AC Crema fra den fjerdebedste italienske r\u00e6kke, Serie D","og_url":"https:\/\/acefootball.com\/da\/fodboldnyheder\/blev-kaldt-den-nye-messi-nu-skifter-han-til-serie-d\/","og_site_name":"Ace Football Danmark","article_publisher":"https:\/\/www.facebook.com\/acefootballdk","article_published_time":"2021-02-15T16:53:20+00:00","article_modified_time":"2021-02-15T16:56:16+00:00","og_image":[{"width":1920,"height":1008,"url":"https:\/\/acefootball.com\/da\/wp-content\/uploads\/sites\/2\/2021\/02\/Laes-mere-generel-2-5.jpg","type":"image\/jpeg"}],"twitter_card":"summary_large_image","twitter_misc":{"Written by":"Mads Dreyer","Est. reading time":"1 minute"},"schema":{"@context":"https:\/\/schema.org","@graph":[{"@type":"Organization","@id":"https:\/\/acefootball.com\/da\/#organization","name":"Ace Football","url":"https:\/\/acefootball.com\/da\/","sameAs":["https:\/\/www.facebook.com\/acefootballdk"],"logo":{"@type":"ImageObject","@id":"https:\/\/acefootball.com\/da\/#logo","inLanguage":"en-US","url":"https:\/\/acefootball.com\/da\/wp-content\/uploads\/sites\/2\/2020\/07\/Ace-Football-30-07-2020-2.png","contentUrl":"https:\/\/acefootball.com\/da\/wp-content\/uploads\/sites\/2\/2020\/07\/Ace-Football-30-07-2020-2.png","width":1200,"height":600,"caption":"Ace Football"},"image":{"@id":"https:\/\/acefootball.com\/da\/#logo"}},{"@type":"WebSite","@id":"https:\/\/acefootball.com\/da\/#website","url":"https:\/\/acefootball.com\/da\/","name":"Ace Football Danmark","description":"Nyheder, Spiltips &amp; Livescore","publisher":{"@id":"https:\/\/acefootball.com\/da\/#organization"},"potentialAction":[{"@type":"SearchAction","target":{"@type":"EntryPoint","urlTemplate":"https:\/\/acefootball.com\/da\/?s={search_term_string}"},"query-input":"required name=search_term_string"}],"inLanguage":"en-US"},{"@type":"ImageObject","@id":"https:\/\/acefootball.com\/da\/fodboldnyheder\/blev-kaldt-den-nye-messi-nu-skifter-han-til-serie-d\/#primaryimage","inLanguage":"en-US","url":"https:\/\/acefootball.com\/da\/wp-content\/uploads\/sites\/2\/2021\/02\/Laes-mere-generel-2-5.jpg","contentUrl":"https:\/\/acefootball.com\/da\/wp-content\/uploads\/sites\/2\/2021\/02\/Laes-mere-generel-2-5.jpg","width":1920,"height":1008,"caption":"assulin"},{"@type":"WebPage","@id":"https:\/\/acefootball.com\/da\/fodboldnyheder\/blev-kaldt-den-nye-messi-nu-skifter-han-til-serie-d\/#webpage","url":"https:\/\/acefootball.com\/da\/fodboldnyheder\/blev-kaldt-den-nye-messi-nu-skifter-han-til-serie-d\/","name":"Blev kaldt 'den nye Messi': Nu skifter han til Serie D","isPartOf":{"@id":"https:\/\/acefootball.com\/da\/#website"},"primaryImageOfPage":{"@id":"https:\/\/acefootball.com\/da\/fodboldnyheder\/blev-kaldt-den-nye-messi-nu-skifter-han-til-serie-d\/#primaryimage"},"datePublished":"2021-02-15T16:53:20+00:00","dateModified":"2021-02-15T16:56:16+00:00","description":"Det tidligere Barcelona-talent, Gai Assulin, skifter til AC Crema fra den fjerdebedste italienske r\u00e6kke, Serie D","breadcrumb":{"@id":"https:\/\/acefootball.com\/da\/fodboldnyheder\/blev-kaldt-den-nye-messi-nu-skifter-han-til-serie-d\/#breadcrumb"},"inLanguage":"en-US","potentialAction":[{"@type":"ReadAction","target":["https:\/\/acefootball.com\/da\/fodboldnyheder\/blev-kaldt-den-nye-messi-nu-skifter-han-til-serie-d\/"]}]},{"@type":"BreadcrumbList","@id":"https:\/\/acefootball.com\/da\/fodboldnyheder\/blev-kaldt-den-nye-messi-nu-skifter-han-til-serie-d\/#breadcrumb","itemListElement":[{"@type":"ListItem","position":1,"name":"Home","item":"https:\/\/acefootball.com\/da\/"},{"@type":"ListItem","position":2,"name":"Blev kaldt &#8216;den nye Messi&#8217;: Nu skifter han til Serie D"}]},{"@type":"Article","@id":"https:\/\/acefootball.com\/da\/fodboldnyheder\/blev-kaldt-den-nye-messi-nu-skifter-han-til-serie-d\/#article","isPartOf":{"@id":"https:\/\/acefootball.com\/da\/fodboldnyheder\/blev-kaldt-den-nye-messi-nu-skifter-han-til-serie-d\/#webpage"},"author":{"@id":"https:\/\/acefootball.com\/da\/#\/schema\/person\/ee67e9cf04a276f144100ffa722f10cd"},"headline":"Blev kaldt &#8216;den nye Messi&#8217;: Nu skifter han til Serie D","datePublished":"2021-02-15T16:53:20+00:00","dateModified":"2021-02-15T16:56:16+00:00","mainEntityOfPage":{"@id":"https:\/\/acefootball.com\/da\/fodboldnyheder\/blev-kaldt-den-nye-messi-nu-skifter-han-til-serie-d\/#webpage"},"wordCount":195,"commentCount":0,"publisher":{"@id":"https:\/\/acefootball.com\/da\/#organization"},"image":{"@id":"https:\/\/acefootball.com\/da\/fodboldnyheder\/blev-kaldt-den-nye-messi-nu-skifter-han-til-serie-d\/#primaryimage"},"thumbnailUrl":"https:\/\/acefootball.com\/da\/wp-content\/uploads\/sites\/2\/2021\/02\/Untitled-design-1-1.jpg","keywords":["FC Barcelona","La Liga"],"articleSection":["Transfer"],"inLanguage":"en-US","potentialAction":[{"@type":"CommentAction","name":"Comment","target":["https:\/\/acefootball.com\/da\/fodboldnyheder\/blev-kaldt-den-nye-messi-nu-skifter-han-til-serie-d\/#respond"]}]},{"@type":"Person","@id":"https:\/\/acefootball.com\/da\/#\/schema\/person\/ee67e9cf04a276f144100ffa722f10cd","name":"Mads Dreyer","image":{"@type":"ImageObject","@id":"https:\/\/acefootball.com\/da\/#personlogo","inLanguage":"en-US","url":"https:\/\/secure.gravatar.com\/avatar\/7c7abf72cfde9902b6a60efe60c88d4c?s=96&d=mm&r=g","contentUrl":"https:\/\/secure.gravatar.com\/avatar\/7c7abf72cfde9902b6a60efe60c88d4c?s=96&d=mm&r=g","caption":"Mads Dreyer"},"description":"Skribent og fodboldn\u00f8rd, der lige nu fort\u00e6ller om alt og intet i fodboldverdenen p\u00e5 acefootball.com. Uddannet i kommunikation fra Aalborg Universitet.","sameAs":["https:\/\/www.linkedin.com\/in\/mads-dreyer-b9b08266\/"],"url":"https:\/\/acefootball.com\/da\/fodboldnyheder\/author\/mdnronaldo\/"}]}},"fimg_url":"https:\/\/acefootball.com\/da\/wp-content\/uploads\/sites\/2\/2021\/02\/Untitled-design-1-1.jpg","_links":{"self":[{"href":"https:\/\/acefootball.com\/da\/wp-json\/wp\/v2\/posts\/252030"}],"collection":[{"href":"https:\/\/acefootball.com\/da\/wp-json\/wp\/v2\/posts"}],"about":[{"href":"https:\/\/acefootball.com\/da\/wp-json\/wp\/v2\/types\/post"}],"author":[{"embeddable":true,"href":"https:\/\/acefootball.com\/da\/wp-json\/wp\/v2\/users\/705"}],"replies":[{"embeddable":true,"href":"https:\/\/acefootball.com\/da\/wp-json\/wp\/v2\/comments?post=252030"}],"version-history":[{"count":0,"href":"https:\/\/acefootball.com\/da\/wp-json\/wp\/v2\/posts\/252030\/revisions"}],"wp:featuredmedia":[{"embeddable":true,"href":"https:\/\/acefootball.com\/da\/wp-json\/wp\/v2\/media\/252032"}],"wp:attachment":[{"href":"https:\/\/acefootball.com\/da\/wp-json\/wp\/v2\/media?parent=252030"}],"wp:term":[{"taxonomy":"category","embeddable":true,"href":"https:\/\/acefootball.com\/da\/wp-json\/wp\/v2\/categories?post=252030"},{"taxonomy":"post_tag","embeddable":true,"href":"https:\/\/acefootball.com\/da\/wp-json\/wp\/v2\/tags?post=252030"}],"curies":[{"name":"wp","href":"https:\/\/api.w.org\/{rel}","templated":true}]}}