{"id":251883,"date":"2021-02-14T17:29:04","date_gmt":"2021-02-14T16:29:04","guid":{"rendered":"https:\/\/acefootball.com\/da\/?p=251883"},"modified":"2021-02-14T18:48:58","modified_gmt":"2021-02-14T17:48:58","slug":"superliga-spiller-sables-ned-det-skal-give-karantaene","status":"publish","type":"post","link":"https:\/\/acefootball.com\/da\/fodboldnyheder\/superliga-spiller-sables-ned-det-skal-give-karantaene\/","title":{"rendered":"Superliga-spiller sables for film: Det skal give karant\u00e6ne!"},"content":{"rendered":"\n<h2 id=\"h-vejles-allan-sousa-f-r-stor-kritik-for-en-situation-hvor-han-bliver-voldsomt-anklaget-for-at-filme-i-dagens-kamp-mod-fc-nordsj-lland\">Vejles Allan Sousa f\u00e5r stor kritik for en situation, hvor han bliver voldsomt anklaget for at filme, i dagens kamp mod FC Nordsj\u00e6lland<\/h2>\n\n\n\n<div class=\"wp-block-si-widget wp-block-si-widget--center\"><si-lb-widget widget-id=\"MatchInfoWithOdds\" data-nopadding=\"true\" data-card=\"true\" width=\"440\" data-event-id=\"3389167\"><\/si-lb-widget><\/div>\n\n\n\n<p>S\u00f8ndagens tidlige Superliga-opg\u00f8r mellem Vejle Boldklub og FC Nordsj\u00e6lland blev en ganske underholdende aff\u00e6re med en drabelig afslutning.<\/p>\n\n\n\n<p>En enkelt situation m\u00f8der dog stor kritik p\u00e5 sociale medier, og den er helt specifikt rettet mod Vejles Allan Sousa.<\/p>\n\n\n\n\n        <div class=\"svf-video-single only-video\">\n            <div class=\"svf-video-container svf-embedded embedded\">\n                <script>(function(){const el = document.createElement('iframe');el.allow = 'autoplay';el.frameBorder = '0';el.classList.add('svf-video');el.allowFullscreen = true;document.currentScript.parentNode.style.display = 'none';el.src = \"https:\/\/www.viafree.dk\/embed\/sport\/id\/afee007a-d269-4856-b19f-7869d4db9389?partnerId=a788403f-2c83-488f-adb0-2650ac7278a3\";el.addEventListener( 'load', function(){ this.parentNode.style.display = ''; });document.currentScript.parentNode.insertBefore(el, document.currentScript.nextSibling);})();<\/script>\n                <noscript><iframe allow=\"autoplay\" allowfullscreen frameborder=\"0\" class=\"svf-video\" src=\"https:\/\/www.viafree.dk\/embed\/sport\/id\/afee007a-d269-4856-b19f-7869d4db9389?partnerId=a788403f-2c83-488f-adb0-2650ac7278a3\"><\/iframe><\/noscript>\n            <\/div>\n                    <\/div>\n        \n\n\n\n<p><\/p>\n\n\n\n<p>Den teknisk st\u00e6rke brasilianer var i duel med g\u00e6sternes Kamaldeen Sulemana, og her kunne man pludselig se Vejle-spilleren rulle rundt p\u00e5 gr\u00e6st\u00e6ppet med h\u00e6nderne for hovedet.<\/p>\n\n\n\n<p>P\u00e5 de langsomme gengivelser var det dog sv\u00e6rt at f\u00e5 \u00f8je p\u00e5 kontakten, og det f\u00e5r nu flere seere til at kr\u00e6ve karant\u00e6ne til offensivspilleren for fors\u00f8g p\u00e5 film.<\/p>\n\n\n\n<p>Du kan se episoden i videoen her:<\/p>\n\n\n\n\n        <div class=\"svf-video-single only-video\">\n            <div class=\"svf-video-container svf-embedded embedded\">\n                <script>(function(){const el = document.createElement('iframe');el.allow = 'autoplay';el.frameBorder = '0';el.classList.add('svf-video');el.allowFullscreen = true;document.currentScript.parentNode.style.display = 'none';el.src = \"https:\/\/www.viafree.dk\/embed\/sport\/id\/760ae799-fb7d-4a66-a6f5-1da98b063d6c?partnerId=a788403f-2c83-488f-adb0-2650ac7278a3\";el.addEventListener( 'load', function(){ this.parentNode.style.display = ''; });document.currentScript.parentNode.insertBefore(el, document.currentScript.nextSibling);})();<\/script>\n                <noscript><iframe allow=\"autoplay\" allowfullscreen frameborder=\"0\" class=\"svf-video\" src=\"https:\/\/www.viafree.dk\/embed\/sport\/id\/760ae799-fb7d-4a66-a6f5-1da98b063d6c?partnerId=a788403f-2c83-488f-adb0-2650ac7278a3\"><\/iframe><\/noscript>\n            <\/div>\n                    <\/div>\n        \n\n\n\n<p><\/p>\n\n\n\n<figure class=\"wp-block-image size-large\"><img loading=\"lazy\" width=\"591\" height=\"233\" src=\"https:\/\/acefootball.com\/da\/wp-content\/uploads\/sites\/2\/2021\/02\/image-90.png\" alt=\"\" class=\"wp-image-251885\" srcset=\"https:\/\/acefootball.com\/da\/wp-content\/uploads\/sites\/2\/2021\/02\/image-90.png 591w, https:\/\/acefootball.com\/da\/wp-content\/uploads\/sites\/2\/2021\/02\/image-90-300x118.png 300w\" sizes=\"(max-width: 591px) 100vw, 591px\" \/><\/figure>\n\n\n\n<figure class=\"wp-block-image size-large\"><img loading=\"lazy\" width=\"589\" height=\"290\" src=\"https:\/\/acefootball.com\/da\/wp-content\/uploads\/sites\/2\/2021\/02\/image-91.png\" alt=\"\" class=\"wp-image-251886\" srcset=\"https:\/\/acefootball.com\/da\/wp-content\/uploads\/sites\/2\/2021\/02\/image-91.png 589w, https:\/\/acefootball.com\/da\/wp-content\/uploads\/sites\/2\/2021\/02\/image-91-300x148.png 300w\" sizes=\"(max-width: 589px) 100vw, 589px\" \/><\/figure>\n\n\n\n<figure class=\"wp-block-image size-large\"><img loading=\"lazy\" width=\"590\" height=\"200\" src=\"https:\/\/acefootball.com\/da\/wp-content\/uploads\/sites\/2\/2021\/02\/image-92.png\" alt=\"\" class=\"wp-image-251887\" srcset=\"https:\/\/acefootball.com\/da\/wp-content\/uploads\/sites\/2\/2021\/02\/image-92.png 590w, https:\/\/acefootball.com\/da\/wp-content\/uploads\/sites\/2\/2021\/02\/image-92-300x102.png 300w\" sizes=\"(max-width: 590px) 100vw, 590px\" \/><\/figure>\n\n\n\n<figure class=\"wp-block-image size-large\"><img loading=\"lazy\" width=\"589\" height=\"233\" src=\"https:\/\/acefootball.com\/da\/wp-content\/uploads\/sites\/2\/2021\/02\/image-94.png\" alt=\"\" class=\"wp-image-251889\" srcset=\"https:\/\/acefootball.com\/da\/wp-content\/uploads\/sites\/2\/2021\/02\/image-94.png 589w, https:\/\/acefootball.com\/da\/wp-content\/uploads\/sites\/2\/2021\/02\/image-94-300x119.png 300w\" sizes=\"(max-width: 589px) 100vw, 589px\" \/><\/figure>\n\n\n\n<figure class=\"wp-block-embed is-type-wp-embed is-provider-ace-football-danmark wp-block-embed-ace-football-danmark\"><div class=\"wp-block-embed__wrapper\">\n<blockquote class=\"wp-embedded-content\" data-secret=\"5wUHvyZeM0\"><a href=\"https:\/\/acefootball.com\/da\/fodboldnyheder\/top-10-de-yngste-danske-landsholdsdebutanter-nogensinde\/\">Top 10: De yngste danske landsholdsdebutanter nogensinde<\/a><\/blockquote><iframe class=\"wp-embedded-content\" sandbox=\"allow-scripts\" security=\"restricted\" style=\"position: absolute; clip: rect(1px, 1px, 1px, 1px);\" title=\"&#8220;Top 10: De yngste danske landsholdsdebutanter nogensinde&#8221; &#8212; Ace Football Danmark\" src=\"https:\/\/acefootball.com\/da\/fodboldnyheder\/top-10-de-yngste-danske-landsholdsdebutanter-nogensinde\/embed\/#?secret=5wUHvyZeM0\" data-secret=\"5wUHvyZeM0\" width=\"600\" height=\"338\" frameborder=\"0\" marginwidth=\"0\" marginheight=\"0\" scrolling=\"no\"><\/iframe>\n<\/div><\/figure>\n","protected":false},"excerpt":{"rendered":"<p>Vejles Allan Sousa f\u00e5r stor kritik for en situation, hvor han bliver voldsomt anklaget for at filme, i dagens kamp mod FC Nordsj\u00e6lland<\/p>\n","protected":false},"author":705,"featured_media":237903,"comment_status":"open","ping_status":"closed","sticky":false,"template":"","format":"video","meta":{"om_disable_all_campaigns":false,"push_articles_ronaldo":{"active":false,"canonical":0,"publish":false},"force_updates":null},"categories":[8098],"tags":[4416,47,588,521],"enet_tags":{"player":["828510"],"team":["10202","8231"],"league":["46"],"sport_events":[3389167]},"yoast_head":"<!-- This site is optimized with the Yoast SEO plugin v18.3 - https:\/\/yoast.com\/wordpress\/plugins\/seo\/ -->\n<title>Superliga-spiller sables for film: Det skal give karant\u00e6ne!<\/title>\n<meta name=\"description\" content=\"Vejles Allan Sousa f\u00e5r stor kritik for en situation, hvor han bliver voldsomt anklaget for at filme, i dagens kamp mod FC Nordsj\u00e6lland\" \/>\n<meta name=\"robots\" content=\"index, follow, max-snippet:-1, max-image-preview:large, max-video-preview:-1\" \/>\n<link rel=\"canonical\" href=\"https:\/\/acefootball.com\/da\/fodboldnyheder\/superliga-spiller-sables-ned-det-skal-give-karantaene\/\" \/>\n<meta property=\"og:locale\" content=\"en_US\" \/>\n<meta property=\"og:type\" content=\"article\" \/>\n<meta property=\"og:title\" content=\"Superliga-spiller sables for film: Det skal give karant\u00e6ne!\" \/>\n<meta property=\"og:description\" content=\"Vejles Allan Sousa f\u00e5r stor kritik for en situation, hvor han bliver voldsomt anklaget for at filme, i dagens kamp mod FC Nordsj\u00e6lland\" \/>\n<meta property=\"og:url\" content=\"https:\/\/acefootball.com\/da\/fodboldnyheder\/superliga-spiller-sables-ned-det-skal-give-karantaene\/\" \/>\n<meta property=\"og:site_name\" content=\"Ace Football Danmark\" \/>\n<meta property=\"article:publisher\" content=\"https:\/\/www.facebook.com\/acefootballdk\" \/>\n<meta property=\"article:published_time\" content=\"2021-02-14T16:29:04+00:00\" \/>\n<meta property=\"article:modified_time\" content=\"2021-02-14T17:48:58+00:00\" \/>\n<meta property=\"og:image\" content=\"https:\/\/acefootball.com\/da\/wp-content\/uploads\/sites\/2\/2021\/02\/Video-generel-1-4.jpg\" \/>\n\t<meta property=\"og:image:width\" content=\"1920\" \/>\n\t<meta property=\"og:image:height\" content=\"1008\" \/>\n\t<meta property=\"og:image:type\" content=\"image\/jpeg\" \/>\n<meta name=\"twitter:card\" content=\"summary_large_image\" \/>\n<meta name=\"twitter:label1\" content=\"Written by\" \/>\n\t<meta name=\"twitter:data1\" content=\"Mads Dreyer\" \/>\n\t<meta name=\"twitter:label2\" content=\"Est. reading time\" \/>\n\t<meta name=\"twitter:data2\" content=\"2 minutes\" \/>\n<script type=\"application\/ld+json\" class=\"yoast-schema-graph\">{\"@context\":\"https:\/\/schema.org\",\"@graph\":[{\"@type\":\"Organization\",\"@id\":\"https:\/\/acefootball.com\/da\/#organization\",\"name\":\"Ace Football\",\"url\":\"https:\/\/acefootball.com\/da\/\",\"sameAs\":[\"https:\/\/www.facebook.com\/acefootballdk\"],\"logo\":{\"@type\":\"ImageObject\",\"@id\":\"https:\/\/acefootball.com\/da\/#logo\",\"inLanguage\":\"en-US\",\"url\":\"https:\/\/acefootball.com\/da\/wp-content\/uploads\/sites\/2\/2020\/07\/Ace-Football-30-07-2020-2.png\",\"contentUrl\":\"https:\/\/acefootball.com\/da\/wp-content\/uploads\/sites\/2\/2020\/07\/Ace-Football-30-07-2020-2.png\",\"width\":1200,\"height\":600,\"caption\":\"Ace Football\"},\"image\":{\"@id\":\"https:\/\/acefootball.com\/da\/#logo\"}},{\"@type\":\"WebSite\",\"@id\":\"https:\/\/acefootball.com\/da\/#website\",\"url\":\"https:\/\/acefootball.com\/da\/\",\"name\":\"Ace Football Danmark\",\"description\":\"Nyheder, Spiltips &amp; Livescore\",\"publisher\":{\"@id\":\"https:\/\/acefootball.com\/da\/#organization\"},\"potentialAction\":[{\"@type\":\"SearchAction\",\"target\":{\"@type\":\"EntryPoint\",\"urlTemplate\":\"https:\/\/acefootball.com\/da\/?s={search_term_string}\"},\"query-input\":\"required name=search_term_string\"}],\"inLanguage\":\"en-US\"},{\"@type\":\"ImageObject\",\"@id\":\"https:\/\/acefootball.com\/da\/fodboldnyheder\/superliga-spiller-sables-ned-det-skal-give-karantaene\/#primaryimage\",\"inLanguage\":\"en-US\",\"url\":\"https:\/\/acefootball.com\/da\/wp-content\/uploads\/sites\/2\/2021\/02\/Video-generel-1-4.jpg\",\"contentUrl\":\"https:\/\/acefootball.com\/da\/wp-content\/uploads\/sites\/2\/2021\/02\/Video-generel-1-4.jpg\",\"width\":1920,\"height\":1008,\"caption\":\"allan sousa\"},{\"@type\":\"WebPage\",\"@id\":\"https:\/\/acefootball.com\/da\/fodboldnyheder\/superliga-spiller-sables-ned-det-skal-give-karantaene\/#webpage\",\"url\":\"https:\/\/acefootball.com\/da\/fodboldnyheder\/superliga-spiller-sables-ned-det-skal-give-karantaene\/\",\"name\":\"Superliga-spiller sables for film: Det skal give karant\u00e6ne!\",\"isPartOf\":{\"@id\":\"https:\/\/acefootball.com\/da\/#website\"},\"primaryImageOfPage\":{\"@id\":\"https:\/\/acefootball.com\/da\/fodboldnyheder\/superliga-spiller-sables-ned-det-skal-give-karantaene\/#primaryimage\"},\"datePublished\":\"2021-02-14T16:29:04+00:00\",\"dateModified\":\"2021-02-14T17:48:58+00:00\",\"description\":\"Vejles Allan Sousa f\u00e5r stor kritik for en situation, hvor han bliver voldsomt anklaget for at filme, i dagens kamp mod FC Nordsj\u00e6lland\",\"breadcrumb\":{\"@id\":\"https:\/\/acefootball.com\/da\/fodboldnyheder\/superliga-spiller-sables-ned-det-skal-give-karantaene\/#breadcrumb\"},\"inLanguage\":\"en-US\",\"potentialAction\":[{\"@type\":\"ReadAction\",\"target\":[\"https:\/\/acefootball.com\/da\/fodboldnyheder\/superliga-spiller-sables-ned-det-skal-give-karantaene\/\"]}]},{\"@type\":\"BreadcrumbList\",\"@id\":\"https:\/\/acefootball.com\/da\/fodboldnyheder\/superliga-spiller-sables-ned-det-skal-give-karantaene\/#breadcrumb\",\"itemListElement\":[{\"@type\":\"ListItem\",\"position\":1,\"name\":\"Home\",\"item\":\"https:\/\/acefootball.com\/da\/\"},{\"@type\":\"ListItem\",\"position\":2,\"name\":\"Superliga-spiller sables for film: Det skal give karant\u00e6ne!\"}]},{\"@type\":\"Article\",\"@id\":\"https:\/\/acefootball.com\/da\/fodboldnyheder\/superliga-spiller-sables-ned-det-skal-give-karantaene\/#article\",\"isPartOf\":{\"@id\":\"https:\/\/acefootball.com\/da\/fodboldnyheder\/superliga-spiller-sables-ned-det-skal-give-karantaene\/#webpage\"},\"author\":{\"@id\":\"https:\/\/acefootball.com\/da\/#\/schema\/person\/ee67e9cf04a276f144100ffa722f10cd\"},\"headline\":\"Superliga-spiller sables for film: Det skal give karant\u00e6ne!\",\"datePublished\":\"2021-02-14T16:29:04+00:00\",\"dateModified\":\"2021-02-14T17:48:58+00:00\",\"mainEntityOfPage\":{\"@id\":\"https:\/\/acefootball.com\/da\/fodboldnyheder\/superliga-spiller-sables-ned-det-skal-give-karantaene\/#webpage\"},\"wordCount\":184,\"commentCount\":0,\"publisher\":{\"@id\":\"https:\/\/acefootball.com\/da\/#organization\"},\"image\":{\"@id\":\"https:\/\/acefootball.com\/da\/fodboldnyheder\/superliga-spiller-sables-ned-det-skal-give-karantaene\/#primaryimage\"},\"thumbnailUrl\":\"https:\/\/acefootball.com\/da\/wp-content\/uploads\/sites\/2\/2020\/09\/GettyImages-1228516151.jpg\",\"keywords\":[\"Allan Sousa\",\"FC Nordsj\u00e6lland\",\"Superligaen\",\"Vejle Boldklub\"],\"articleSection\":[\"Video\"],\"inLanguage\":\"en-US\",\"potentialAction\":[{\"@type\":\"CommentAction\",\"name\":\"Comment\",\"target\":[\"https:\/\/acefootball.com\/da\/fodboldnyheder\/superliga-spiller-sables-ned-det-skal-give-karantaene\/#respond\"]}]},{\"@type\":\"Person\",\"@id\":\"https:\/\/acefootball.com\/da\/#\/schema\/person\/ee67e9cf04a276f144100ffa722f10cd\",\"name\":\"Mads Dreyer\",\"image\":{\"@type\":\"ImageObject\",\"@id\":\"https:\/\/acefootball.com\/da\/#personlogo\",\"inLanguage\":\"en-US\",\"url\":\"https:\/\/secure.gravatar.com\/avatar\/7c7abf72cfde9902b6a60efe60c88d4c?s=96&d=mm&r=g\",\"contentUrl\":\"https:\/\/secure.gravatar.com\/avatar\/7c7abf72cfde9902b6a60efe60c88d4c?s=96&d=mm&r=g\",\"caption\":\"Mads Dreyer\"},\"description\":\"Skribent og fodboldn\u00f8rd, der lige nu fort\u00e6ller om alt og intet i fodboldverdenen p\u00e5 acefootball.com. Uddannet i kommunikation fra Aalborg Universitet.\",\"sameAs\":[\"https:\/\/www.linkedin.com\/in\/mads-dreyer-b9b08266\/\"],\"url\":\"https:\/\/acefootball.com\/da\/fodboldnyheder\/author\/mdnronaldo\/\"}]}<\/script>\n<!-- \/ Yoast SEO plugin. -->","yoast_head_json":{"title":"Superliga-spiller sables for film: Det skal give karant\u00e6ne!","description":"Vejles Allan Sousa f\u00e5r stor kritik for en situation, hvor han bliver voldsomt anklaget for at filme, i dagens kamp mod FC Nordsj\u00e6lland","robots":{"index":"index","follow":"follow","max-snippet":"max-snippet:-1","max-image-preview":"max-image-preview:large","max-video-preview":"max-video-preview:-1"},"canonical":"https:\/\/acefootball.com\/da\/fodboldnyheder\/superliga-spiller-sables-ned-det-skal-give-karantaene\/","og_locale":"en_US","og_type":"article","og_title":"Superliga-spiller sables for film: Det skal give karant\u00e6ne!","og_description":"Vejles Allan Sousa f\u00e5r stor kritik for en situation, hvor han bliver voldsomt anklaget for at filme, i dagens kamp mod FC Nordsj\u00e6lland","og_url":"https:\/\/acefootball.com\/da\/fodboldnyheder\/superliga-spiller-sables-ned-det-skal-give-karantaene\/","og_site_name":"Ace Football Danmark","article_publisher":"https:\/\/www.facebook.com\/acefootballdk","article_published_time":"2021-02-14T16:29:04+00:00","article_modified_time":"2021-02-14T17:48:58+00:00","og_image":[{"width":1920,"height":1008,"url":"https:\/\/acefootball.com\/da\/wp-content\/uploads\/sites\/2\/2021\/02\/Video-generel-1-4.jpg","type":"image\/jpeg"}],"twitter_card":"summary_large_image","twitter_misc":{"Written by":"Mads Dreyer","Est. reading time":"2 minutes"},"schema":{"@context":"https:\/\/schema.org","@graph":[{"@type":"Organization","@id":"https:\/\/acefootball.com\/da\/#organization","name":"Ace Football","url":"https:\/\/acefootball.com\/da\/","sameAs":["https:\/\/www.facebook.com\/acefootballdk"],"logo":{"@type":"ImageObject","@id":"https:\/\/acefootball.com\/da\/#logo","inLanguage":"en-US","url":"https:\/\/acefootball.com\/da\/wp-content\/uploads\/sites\/2\/2020\/07\/Ace-Football-30-07-2020-2.png","contentUrl":"https:\/\/acefootball.com\/da\/wp-content\/uploads\/sites\/2\/2020\/07\/Ace-Football-30-07-2020-2.png","width":1200,"height":600,"caption":"Ace Football"},"image":{"@id":"https:\/\/acefootball.com\/da\/#logo"}},{"@type":"WebSite","@id":"https:\/\/acefootball.com\/da\/#website","url":"https:\/\/acefootball.com\/da\/","name":"Ace Football Danmark","description":"Nyheder, Spiltips &amp; Livescore","publisher":{"@id":"https:\/\/acefootball.com\/da\/#organization"},"potentialAction":[{"@type":"SearchAction","target":{"@type":"EntryPoint","urlTemplate":"https:\/\/acefootball.com\/da\/?s={search_term_string}"},"query-input":"required name=search_term_string"}],"inLanguage":"en-US"},{"@type":"ImageObject","@id":"https:\/\/acefootball.com\/da\/fodboldnyheder\/superliga-spiller-sables-ned-det-skal-give-karantaene\/#primaryimage","inLanguage":"en-US","url":"https:\/\/acefootball.com\/da\/wp-content\/uploads\/sites\/2\/2021\/02\/Video-generel-1-4.jpg","contentUrl":"https:\/\/acefootball.com\/da\/wp-content\/uploads\/sites\/2\/2021\/02\/Video-generel-1-4.jpg","width":1920,"height":1008,"caption":"allan sousa"},{"@type":"WebPage","@id":"https:\/\/acefootball.com\/da\/fodboldnyheder\/superliga-spiller-sables-ned-det-skal-give-karantaene\/#webpage","url":"https:\/\/acefootball.com\/da\/fodboldnyheder\/superliga-spiller-sables-ned-det-skal-give-karantaene\/","name":"Superliga-spiller sables for film: Det skal give karant\u00e6ne!","isPartOf":{"@id":"https:\/\/acefootball.com\/da\/#website"},"primaryImageOfPage":{"@id":"https:\/\/acefootball.com\/da\/fodboldnyheder\/superliga-spiller-sables-ned-det-skal-give-karantaene\/#primaryimage"},"datePublished":"2021-02-14T16:29:04+00:00","dateModified":"2021-02-14T17:48:58+00:00","description":"Vejles Allan Sousa f\u00e5r stor kritik for en situation, hvor han bliver voldsomt anklaget for at filme, i dagens kamp mod FC Nordsj\u00e6lland","breadcrumb":{"@id":"https:\/\/acefootball.com\/da\/fodboldnyheder\/superliga-spiller-sables-ned-det-skal-give-karantaene\/#breadcrumb"},"inLanguage":"en-US","potentialAction":[{"@type":"ReadAction","target":["https:\/\/acefootball.com\/da\/fodboldnyheder\/superliga-spiller-sables-ned-det-skal-give-karantaene\/"]}]},{"@type":"BreadcrumbList","@id":"https:\/\/acefootball.com\/da\/fodboldnyheder\/superliga-spiller-sables-ned-det-skal-give-karantaene\/#breadcrumb","itemListElement":[{"@type":"ListItem","position":1,"name":"Home","item":"https:\/\/acefootball.com\/da\/"},{"@type":"ListItem","position":2,"name":"Superliga-spiller sables for film: Det skal give karant\u00e6ne!"}]},{"@type":"Article","@id":"https:\/\/acefootball.com\/da\/fodboldnyheder\/superliga-spiller-sables-ned-det-skal-give-karantaene\/#article","isPartOf":{"@id":"https:\/\/acefootball.com\/da\/fodboldnyheder\/superliga-spiller-sables-ned-det-skal-give-karantaene\/#webpage"},"author":{"@id":"https:\/\/acefootball.com\/da\/#\/schema\/person\/ee67e9cf04a276f144100ffa722f10cd"},"headline":"Superliga-spiller sables for film: Det skal give karant\u00e6ne!","datePublished":"2021-02-14T16:29:04+00:00","dateModified":"2021-02-14T17:48:58+00:00","mainEntityOfPage":{"@id":"https:\/\/acefootball.com\/da\/fodboldnyheder\/superliga-spiller-sables-ned-det-skal-give-karantaene\/#webpage"},"wordCount":184,"commentCount":0,"publisher":{"@id":"https:\/\/acefootball.com\/da\/#organization"},"image":{"@id":"https:\/\/acefootball.com\/da\/fodboldnyheder\/superliga-spiller-sables-ned-det-skal-give-karantaene\/#primaryimage"},"thumbnailUrl":"https:\/\/acefootball.com\/da\/wp-content\/uploads\/sites\/2\/2020\/09\/GettyImages-1228516151.jpg","keywords":["Allan Sousa","FC Nordsj\u00e6lland","Superligaen","Vejle Boldklub"],"articleSection":["Video"],"inLanguage":"en-US","potentialAction":[{"@type":"CommentAction","name":"Comment","target":["https:\/\/acefootball.com\/da\/fodboldnyheder\/superliga-spiller-sables-ned-det-skal-give-karantaene\/#respond"]}]},{"@type":"Person","@id":"https:\/\/acefootball.com\/da\/#\/schema\/person\/ee67e9cf04a276f144100ffa722f10cd","name":"Mads Dreyer","image":{"@type":"ImageObject","@id":"https:\/\/acefootball.com\/da\/#personlogo","inLanguage":"en-US","url":"https:\/\/secure.gravatar.com\/avatar\/7c7abf72cfde9902b6a60efe60c88d4c?s=96&d=mm&r=g","contentUrl":"https:\/\/secure.gravatar.com\/avatar\/7c7abf72cfde9902b6a60efe60c88d4c?s=96&d=mm&r=g","caption":"Mads Dreyer"},"description":"Skribent og fodboldn\u00f8rd, der lige nu fort\u00e6ller om alt og intet i fodboldverdenen p\u00e5 acefootball.com. Uddannet i kommunikation fra Aalborg Universitet.","sameAs":["https:\/\/www.linkedin.com\/in\/mads-dreyer-b9b08266\/"],"url":"https:\/\/acefootball.com\/da\/fodboldnyheder\/author\/mdnronaldo\/"}]}},"fimg_url":"https:\/\/acefootball.com\/da\/wp-content\/uploads\/sites\/2\/2020\/09\/GettyImages-1228516151.jpg","_links":{"self":[{"href":"https:\/\/acefootball.com\/da\/wp-json\/wp\/v2\/posts\/251883"}],"collection":[{"href":"https:\/\/acefootball.com\/da\/wp-json\/wp\/v2\/posts"}],"about":[{"href":"https:\/\/acefootball.com\/da\/wp-json\/wp\/v2\/types\/post"}],"author":[{"embeddable":true,"href":"https:\/\/acefootball.com\/da\/wp-json\/wp\/v2\/users\/705"}],"replies":[{"embeddable":true,"href":"https:\/\/acefootball.com\/da\/wp-json\/wp\/v2\/comments?post=251883"}],"version-history":[{"count":0,"href":"https:\/\/acefootball.com\/da\/wp-json\/wp\/v2\/posts\/251883\/revisions"}],"wp:featuredmedia":[{"embeddable":true,"href":"https:\/\/acefootball.com\/da\/wp-json\/wp\/v2\/media\/237903"}],"wp:attachment":[{"href":"https:\/\/acefootball.com\/da\/wp-json\/wp\/v2\/media?parent=251883"}],"wp:term":[{"taxonomy":"category","embeddable":true,"href":"https:\/\/acefootball.com\/da\/wp-json\/wp\/v2\/categories?post=251883"},{"taxonomy":"post_tag","embeddable":true,"href":"https:\/\/acefootball.com\/da\/wp-json\/wp\/v2\/tags?post=251883"}],"curies":[{"name":"wp","href":"https:\/\/api.w.org\/{rel}","templated":true}]}}