{"id":251858,"date":"2021-02-14T14:19:46","date_gmt":"2021-02-14T13:19:46","guid":{"rendered":"https:\/\/acefootball.com\/da\/?p=251858"},"modified":"2021-02-14T14:21:59","modified_gmt":"2021-02-14T13:21:59","slug":"hyldes-efter-maal-i-lyndebut-klasse-schone","status":"publish","type":"post","link":"https:\/\/acefootball.com\/da\/fodboldnyheder\/hyldes-efter-maal-i-lyndebut-klasse-schone\/","title":{"rendered":"Hyldes efter m\u00e5l i lyndebut: &#8220;(K)Lasse Sch\u00f6ne!&#8221;"},"content":{"rendered":"\n<h2 id=\"h-lasse-sch-ne-blev-i-sidste-minut-kastet-ind-i-startopstillingen-for-heerenveen-i-dagens-kamp-mod-az-alkmaar\">Lasse Sch\u00f6ne blev i sidste minut kastet ind i startopstillingen for Heerenveen i dagens kamp mod AZ Alkmaar<\/h2>\n\n\n\n<div class=\"wp-block-si-widget wp-block-si-widget--center\"><si-lb-widget widget-id=\"MatchInfoWithOdds\" data-nopadding=\"true\" data-card=\"true\" width=\"440\" data-event-id=\"3377656\"><\/si-lb-widget><\/div>\n\n\n\n<p>I fredags kunne Lasse Sch\u00f6ne vende tilbage til hollandsk fodbold, da han skrev under p\u00e5 en kontrakt med Heerenveen, og dermed sluttede vinterens klubjagt.<\/p>\n\n\n\n<p>Den danske landsholdsspiller var grundet den sene ankomst derfor kun tilt\u00e6nkt en plads p\u00e5 b\u00e6nken til s\u00f8ndagens kamp mod AZ Alkmaar, men det \u00e6ndrede en skade til Jordy Veerman p\u00e5.<\/p>\n\n\n\n<p>I stedet blev Sch\u00f6ne smidt ind fra start til en lyndebut, og selvom Heerenveen endte med at tabe kampen, kunne danskeren juble over allerede at komme p\u00e5 m\u00e5ltavlen efter mindre end en times spil.<\/p>\n\n\n\n<p>Et indl\u00e6g af Siem de Jong fandt Lasse Sch\u00f6ne p\u00e5 bagerste stolpe, hvor bolden blot skulle flyttes det sidste stykke over stregen. Her svigtede han ikke.<\/p>\n\n\n\n<p>Selvom m\u00e5let ikke var det bedste i karrieren, hylder de hollandske fans alligevel den 34-\u00e5rige debutant i stor stil p\u00e5 sociale medier.<\/p>\n\n\n\n<figure class=\"wp-block-embed is-type-rich is-provider-twitter wp-block-embed-twitter\"><div class=\"wp-block-embed__wrapper\">\n<blockquote class=\"twitter-tweet\" data-width=\"550\" data-dnt=\"true\"><p lang=\"de\" dir=\"ltr\">(K)Lasse Sch\u00f6ne! <a href=\"https:\/\/twitter.com\/hashtag\/azhee?src=hash&amp;ref_src=twsrc%5Etfw\">#azhee<\/a><\/p>&mdash; kevin Bergsma (@KevinBergsma_) <a href=\"https:\/\/twitter.com\/KevinBergsma_\/status\/1360929965076840454?ref_src=twsrc%5Etfw\">February 14, 2021<\/a><\/blockquote><script async src=\"https:\/\/platform.twitter.com\/widgets.js\" charset=\"utf-8\"><\/script>\n<\/div><\/figure>\n\n\n\n<figure class=\"wp-block-embed is-type-rich is-provider-twitter wp-block-embed-twitter\"><div class=\"wp-block-embed__wrapper\">\n<blockquote class=\"twitter-tweet\" data-width=\"550\" data-dnt=\"true\"><p lang=\"nl\" dir=\"ltr\">Jaaaaa, klasse Lasse \ud83d\ude4c\ud83d\ude4c <a href=\"https:\/\/twitter.com\/LasseSchone_?ref_src=twsrc%5Etfw\">@LasseSchone_<\/a> Mooie assist van <a href=\"https:\/\/twitter.com\/siemdejong?ref_src=twsrc%5Etfw\">@siemdejong<\/a> <a href=\"https:\/\/twitter.com\/hashtag\/Ajaxtandem?src=hash&amp;ref_src=twsrc%5Etfw\">#Ajaxtandem<\/a> \ud83d\udc4f\ud83d\udc4f <a href=\"https:\/\/twitter.com\/hashtag\/azhee?src=hash&amp;ref_src=twsrc%5Etfw\">#azhee<\/a><\/p>&mdash; Brigitta Koele (@Brigitta3008) <a href=\"https:\/\/twitter.com\/Brigitta3008\/status\/1360928857457627137?ref_src=twsrc%5Etfw\">February 14, 2021<\/a><\/blockquote><script async src=\"https:\/\/platform.twitter.com\/widgets.js\" charset=\"utf-8\"><\/script>\n<\/div><\/figure>\n\n\n\n<p>Det g\u00e5r ogs\u00e5 glimrende for en anden landsholdsspiller, da Kasper Schmeichel lige har rundt en flot milep\u00e6l i Premier League:<\/p>\n\n\n\n<figure class=\"wp-block-embed is-type-wp-embed is-provider-ace-football-danmark wp-block-embed-ace-football-danmark\"><div class=\"wp-block-embed__wrapper\">\n<blockquote class=\"wp-embedded-content\" data-secret=\"JYk74YSzwo\"><a href=\"https:\/\/acefootball.com\/da\/fodboldnyheder\/sin-fars-efternavn-vaerdig-kasper-iron-wrist-schmeichel-hyldes-for-rekord\/\">&#8216;Sin fars efternavn v\u00e6rdig&#8217; &#8211; Kasper &#8216;Iron Wrist&#8217; Schmeichel hyldes for rekord<\/a><\/blockquote><iframe class=\"wp-embedded-content\" sandbox=\"allow-scripts\" security=\"restricted\" style=\"position: absolute; clip: rect(1px, 1px, 1px, 1px);\" title=\"&#8220;&#8216;Sin fars efternavn v\u00e6rdig&#8217; &#8211; Kasper &#8216;Iron Wrist&#8217; Schmeichel hyldes for rekord&#8221; &#8212; Ace Football Danmark\" src=\"https:\/\/acefootball.com\/da\/fodboldnyheder\/sin-fars-efternavn-vaerdig-kasper-iron-wrist-schmeichel-hyldes-for-rekord\/embed\/#?secret=JYk74YSzwo\" data-secret=\"JYk74YSzwo\" width=\"600\" height=\"338\" frameborder=\"0\" marginwidth=\"0\" marginheight=\"0\" scrolling=\"no\"><\/iframe>\n<\/div><\/figure>\n","protected":false},"excerpt":{"rendered":"<p>Lasse Sch\u00f6ne blev i sidste minut kastet ind i startopstillingen for Heerenveen i dagens kamp mod AZ Alkmaar<\/p>\n","protected":false},"author":705,"featured_media":238979,"comment_status":"open","ping_status":"closed","sticky":false,"template":"","format":"standard","meta":{"om_disable_all_campaigns":false,"push_articles_ronaldo":{"active":false,"canonical":0,"publish":false},"force_updates":null},"categories":[8060],"tags":[873,692,2073,587],"enet_tags":{"league":["57"],"team":["8238","10228"],"player":["39213"],"sport_events":[3377656]},"yoast_head":"<!-- This site is optimized with the Yoast SEO plugin v18.3 - https:\/\/yoast.com\/wordpress\/plugins\/seo\/ -->\n<title>Hyldes efter m\u00e5l i lyndebut: &quot;(K)Lasse Sch\u00f6ne!&quot;<\/title>\n<meta name=\"description\" content=\"Lasse Sch\u00f6ne blev i sidste minut kastet ind i startopstillingen for Heerenveen i dagens kamp mod AZ Alkmaar\" \/>\n<meta name=\"robots\" content=\"index, follow, max-snippet:-1, max-image-preview:large, max-video-preview:-1\" \/>\n<link rel=\"canonical\" href=\"https:\/\/acefootball.com\/da\/fodboldnyheder\/hyldes-efter-maal-i-lyndebut-klasse-schone\/\" \/>\n<meta property=\"og:locale\" content=\"en_US\" \/>\n<meta property=\"og:type\" content=\"article\" \/>\n<meta property=\"og:title\" content=\"Hyldes efter m\u00e5l i lyndebut: &quot;(K)Lasse Sch\u00f6ne!&quot;\" \/>\n<meta property=\"og:description\" content=\"Lasse Sch\u00f6ne blev i sidste minut kastet ind i startopstillingen for Heerenveen i dagens kamp mod AZ Alkmaar\" \/>\n<meta property=\"og:url\" content=\"https:\/\/acefootball.com\/da\/fodboldnyheder\/hyldes-efter-maal-i-lyndebut-klasse-schone\/\" \/>\n<meta property=\"og:site_name\" content=\"Ace Football Danmark\" \/>\n<meta property=\"article:publisher\" content=\"https:\/\/www.facebook.com\/acefootballdk\" \/>\n<meta property=\"article:published_time\" content=\"2021-02-14T13:19:46+00:00\" \/>\n<meta property=\"article:modified_time\" content=\"2021-02-14T13:21:59+00:00\" \/>\n<meta property=\"og:image\" content=\"https:\/\/acefootball.com\/da\/wp-content\/uploads\/sites\/2\/2021\/02\/Laes-mere-generel-2-4.jpg\" \/>\n\t<meta property=\"og:image:width\" content=\"1920\" \/>\n\t<meta property=\"og:image:height\" content=\"1008\" \/>\n\t<meta property=\"og:image:type\" content=\"image\/jpeg\" \/>\n<meta name=\"twitter:card\" content=\"summary_large_image\" \/>\n<meta name=\"twitter:label1\" content=\"Written by\" \/>\n\t<meta name=\"twitter:data1\" content=\"Mads Dreyer\" \/>\n\t<meta name=\"twitter:label2\" content=\"Est. reading time\" \/>\n\t<meta name=\"twitter:data2\" content=\"1 minute\" \/>\n<script type=\"application\/ld+json\" class=\"yoast-schema-graph\">{\"@context\":\"https:\/\/schema.org\",\"@graph\":[{\"@type\":\"Organization\",\"@id\":\"https:\/\/acefootball.com\/da\/#organization\",\"name\":\"Ace Football\",\"url\":\"https:\/\/acefootball.com\/da\/\",\"sameAs\":[\"https:\/\/www.facebook.com\/acefootballdk\"],\"logo\":{\"@type\":\"ImageObject\",\"@id\":\"https:\/\/acefootball.com\/da\/#logo\",\"inLanguage\":\"en-US\",\"url\":\"https:\/\/acefootball.com\/da\/wp-content\/uploads\/sites\/2\/2020\/07\/Ace-Football-30-07-2020-2.png\",\"contentUrl\":\"https:\/\/acefootball.com\/da\/wp-content\/uploads\/sites\/2\/2020\/07\/Ace-Football-30-07-2020-2.png\",\"width\":1200,\"height\":600,\"caption\":\"Ace Football\"},\"image\":{\"@id\":\"https:\/\/acefootball.com\/da\/#logo\"}},{\"@type\":\"WebSite\",\"@id\":\"https:\/\/acefootball.com\/da\/#website\",\"url\":\"https:\/\/acefootball.com\/da\/\",\"name\":\"Ace Football Danmark\",\"description\":\"Nyheder, Spiltips &amp; Livescore\",\"publisher\":{\"@id\":\"https:\/\/acefootball.com\/da\/#organization\"},\"potentialAction\":[{\"@type\":\"SearchAction\",\"target\":{\"@type\":\"EntryPoint\",\"urlTemplate\":\"https:\/\/acefootball.com\/da\/?s={search_term_string}\"},\"query-input\":\"required name=search_term_string\"}],\"inLanguage\":\"en-US\"},{\"@type\":\"ImageObject\",\"@id\":\"https:\/\/acefootball.com\/da\/fodboldnyheder\/hyldes-efter-maal-i-lyndebut-klasse-schone\/#primaryimage\",\"inLanguage\":\"en-US\",\"url\":\"https:\/\/acefootball.com\/da\/wp-content\/uploads\/sites\/2\/2021\/02\/Laes-mere-generel-2-4.jpg\",\"contentUrl\":\"https:\/\/acefootball.com\/da\/wp-content\/uploads\/sites\/2\/2021\/02\/Laes-mere-generel-2-4.jpg\",\"width\":1920,\"height\":1008,\"caption\":\"lasse sch\u00f8ne\"},{\"@type\":\"WebPage\",\"@id\":\"https:\/\/acefootball.com\/da\/fodboldnyheder\/hyldes-efter-maal-i-lyndebut-klasse-schone\/#webpage\",\"url\":\"https:\/\/acefootball.com\/da\/fodboldnyheder\/hyldes-efter-maal-i-lyndebut-klasse-schone\/\",\"name\":\"Hyldes efter m\u00e5l i lyndebut: \\\"(K)Lasse Sch\u00f6ne!\\\"\",\"isPartOf\":{\"@id\":\"https:\/\/acefootball.com\/da\/#website\"},\"primaryImageOfPage\":{\"@id\":\"https:\/\/acefootball.com\/da\/fodboldnyheder\/hyldes-efter-maal-i-lyndebut-klasse-schone\/#primaryimage\"},\"datePublished\":\"2021-02-14T13:19:46+00:00\",\"dateModified\":\"2021-02-14T13:21:59+00:00\",\"description\":\"Lasse Sch\u00f6ne blev i sidste minut kastet ind i startopstillingen for Heerenveen i dagens kamp mod AZ Alkmaar\",\"breadcrumb\":{\"@id\":\"https:\/\/acefootball.com\/da\/fodboldnyheder\/hyldes-efter-maal-i-lyndebut-klasse-schone\/#breadcrumb\"},\"inLanguage\":\"en-US\",\"potentialAction\":[{\"@type\":\"ReadAction\",\"target\":[\"https:\/\/acefootball.com\/da\/fodboldnyheder\/hyldes-efter-maal-i-lyndebut-klasse-schone\/\"]}]},{\"@type\":\"BreadcrumbList\",\"@id\":\"https:\/\/acefootball.com\/da\/fodboldnyheder\/hyldes-efter-maal-i-lyndebut-klasse-schone\/#breadcrumb\",\"itemListElement\":[{\"@type\":\"ListItem\",\"position\":1,\"name\":\"Home\",\"item\":\"https:\/\/acefootball.com\/da\/\"},{\"@type\":\"ListItem\",\"position\":2,\"name\":\"Hyldes efter m\u00e5l i lyndebut: &#8220;(K)Lasse Sch\u00f6ne!&#8221;\"}]},{\"@type\":\"Article\",\"@id\":\"https:\/\/acefootball.com\/da\/fodboldnyheder\/hyldes-efter-maal-i-lyndebut-klasse-schone\/#article\",\"isPartOf\":{\"@id\":\"https:\/\/acefootball.com\/da\/fodboldnyheder\/hyldes-efter-maal-i-lyndebut-klasse-schone\/#webpage\"},\"author\":{\"@id\":\"https:\/\/acefootball.com\/da\/#\/schema\/person\/ee67e9cf04a276f144100ffa722f10cd\"},\"headline\":\"Hyldes efter m\u00e5l i lyndebut: &#8220;(K)Lasse Sch\u00f6ne!&#8221;\",\"datePublished\":\"2021-02-14T13:19:46+00:00\",\"dateModified\":\"2021-02-14T13:21:59+00:00\",\"mainEntityOfPage\":{\"@id\":\"https:\/\/acefootball.com\/da\/fodboldnyheder\/hyldes-efter-maal-i-lyndebut-klasse-schone\/#webpage\"},\"wordCount\":237,\"commentCount\":0,\"publisher\":{\"@id\":\"https:\/\/acefootball.com\/da\/#organization\"},\"image\":{\"@id\":\"https:\/\/acefootball.com\/da\/fodboldnyheder\/hyldes-efter-maal-i-lyndebut-klasse-schone\/#primaryimage\"},\"thumbnailUrl\":\"https:\/\/acefootball.com\/da\/wp-content\/uploads\/sites\/2\/2020\/10\/GettyImages-1175411208.jpg\",\"keywords\":[\"\u00c6resdivisionen\",\"Danmark\",\"Heerenveen\",\"Lasse Sch\u00f6ne\"],\"articleSection\":[\"Reaktion\"],\"inLanguage\":\"en-US\",\"potentialAction\":[{\"@type\":\"CommentAction\",\"name\":\"Comment\",\"target\":[\"https:\/\/acefootball.com\/da\/fodboldnyheder\/hyldes-efter-maal-i-lyndebut-klasse-schone\/#respond\"]}]},{\"@type\":\"Person\",\"@id\":\"https:\/\/acefootball.com\/da\/#\/schema\/person\/ee67e9cf04a276f144100ffa722f10cd\",\"name\":\"Mads Dreyer\",\"image\":{\"@type\":\"ImageObject\",\"@id\":\"https:\/\/acefootball.com\/da\/#personlogo\",\"inLanguage\":\"en-US\",\"url\":\"https:\/\/secure.gravatar.com\/avatar\/7c7abf72cfde9902b6a60efe60c88d4c?s=96&d=mm&r=g\",\"contentUrl\":\"https:\/\/secure.gravatar.com\/avatar\/7c7abf72cfde9902b6a60efe60c88d4c?s=96&d=mm&r=g\",\"caption\":\"Mads Dreyer\"},\"description\":\"Skribent og fodboldn\u00f8rd, der lige nu fort\u00e6ller om alt og intet i fodboldverdenen p\u00e5 acefootball.com. Uddannet i kommunikation fra Aalborg Universitet.\",\"sameAs\":[\"https:\/\/www.linkedin.com\/in\/mads-dreyer-b9b08266\/\"],\"url\":\"https:\/\/acefootball.com\/da\/fodboldnyheder\/author\/mdnronaldo\/\"}]}<\/script>\n<!-- \/ Yoast SEO plugin. -->","yoast_head_json":{"title":"Hyldes efter m\u00e5l i lyndebut: \"(K)Lasse Sch\u00f6ne!\"","description":"Lasse Sch\u00f6ne blev i sidste minut kastet ind i startopstillingen for Heerenveen i dagens kamp mod AZ Alkmaar","robots":{"index":"index","follow":"follow","max-snippet":"max-snippet:-1","max-image-preview":"max-image-preview:large","max-video-preview":"max-video-preview:-1"},"canonical":"https:\/\/acefootball.com\/da\/fodboldnyheder\/hyldes-efter-maal-i-lyndebut-klasse-schone\/","og_locale":"en_US","og_type":"article","og_title":"Hyldes efter m\u00e5l i lyndebut: \"(K)Lasse Sch\u00f6ne!\"","og_description":"Lasse Sch\u00f6ne blev i sidste minut kastet ind i startopstillingen for Heerenveen i dagens kamp mod AZ Alkmaar","og_url":"https:\/\/acefootball.com\/da\/fodboldnyheder\/hyldes-efter-maal-i-lyndebut-klasse-schone\/","og_site_name":"Ace Football Danmark","article_publisher":"https:\/\/www.facebook.com\/acefootballdk","article_published_time":"2021-02-14T13:19:46+00:00","article_modified_time":"2021-02-14T13:21:59+00:00","og_image":[{"width":1920,"height":1008,"url":"https:\/\/acefootball.com\/da\/wp-content\/uploads\/sites\/2\/2021\/02\/Laes-mere-generel-2-4.jpg","type":"image\/jpeg"}],"twitter_card":"summary_large_image","twitter_misc":{"Written by":"Mads Dreyer","Est. reading time":"1 minute"},"schema":{"@context":"https:\/\/schema.org","@graph":[{"@type":"Organization","@id":"https:\/\/acefootball.com\/da\/#organization","name":"Ace Football","url":"https:\/\/acefootball.com\/da\/","sameAs":["https:\/\/www.facebook.com\/acefootballdk"],"logo":{"@type":"ImageObject","@id":"https:\/\/acefootball.com\/da\/#logo","inLanguage":"en-US","url":"https:\/\/acefootball.com\/da\/wp-content\/uploads\/sites\/2\/2020\/07\/Ace-Football-30-07-2020-2.png","contentUrl":"https:\/\/acefootball.com\/da\/wp-content\/uploads\/sites\/2\/2020\/07\/Ace-Football-30-07-2020-2.png","width":1200,"height":600,"caption":"Ace Football"},"image":{"@id":"https:\/\/acefootball.com\/da\/#logo"}},{"@type":"WebSite","@id":"https:\/\/acefootball.com\/da\/#website","url":"https:\/\/acefootball.com\/da\/","name":"Ace Football Danmark","description":"Nyheder, Spiltips &amp; Livescore","publisher":{"@id":"https:\/\/acefootball.com\/da\/#organization"},"potentialAction":[{"@type":"SearchAction","target":{"@type":"EntryPoint","urlTemplate":"https:\/\/acefootball.com\/da\/?s={search_term_string}"},"query-input":"required name=search_term_string"}],"inLanguage":"en-US"},{"@type":"ImageObject","@id":"https:\/\/acefootball.com\/da\/fodboldnyheder\/hyldes-efter-maal-i-lyndebut-klasse-schone\/#primaryimage","inLanguage":"en-US","url":"https:\/\/acefootball.com\/da\/wp-content\/uploads\/sites\/2\/2021\/02\/Laes-mere-generel-2-4.jpg","contentUrl":"https:\/\/acefootball.com\/da\/wp-content\/uploads\/sites\/2\/2021\/02\/Laes-mere-generel-2-4.jpg","width":1920,"height":1008,"caption":"lasse sch\u00f8ne"},{"@type":"WebPage","@id":"https:\/\/acefootball.com\/da\/fodboldnyheder\/hyldes-efter-maal-i-lyndebut-klasse-schone\/#webpage","url":"https:\/\/acefootball.com\/da\/fodboldnyheder\/hyldes-efter-maal-i-lyndebut-klasse-schone\/","name":"Hyldes efter m\u00e5l i lyndebut: \"(K)Lasse Sch\u00f6ne!\"","isPartOf":{"@id":"https:\/\/acefootball.com\/da\/#website"},"primaryImageOfPage":{"@id":"https:\/\/acefootball.com\/da\/fodboldnyheder\/hyldes-efter-maal-i-lyndebut-klasse-schone\/#primaryimage"},"datePublished":"2021-02-14T13:19:46+00:00","dateModified":"2021-02-14T13:21:59+00:00","description":"Lasse Sch\u00f6ne blev i sidste minut kastet ind i startopstillingen for Heerenveen i dagens kamp mod AZ Alkmaar","breadcrumb":{"@id":"https:\/\/acefootball.com\/da\/fodboldnyheder\/hyldes-efter-maal-i-lyndebut-klasse-schone\/#breadcrumb"},"inLanguage":"en-US","potentialAction":[{"@type":"ReadAction","target":["https:\/\/acefootball.com\/da\/fodboldnyheder\/hyldes-efter-maal-i-lyndebut-klasse-schone\/"]}]},{"@type":"BreadcrumbList","@id":"https:\/\/acefootball.com\/da\/fodboldnyheder\/hyldes-efter-maal-i-lyndebut-klasse-schone\/#breadcrumb","itemListElement":[{"@type":"ListItem","position":1,"name":"Home","item":"https:\/\/acefootball.com\/da\/"},{"@type":"ListItem","position":2,"name":"Hyldes efter m\u00e5l i lyndebut: &#8220;(K)Lasse Sch\u00f6ne!&#8221;"}]},{"@type":"Article","@id":"https:\/\/acefootball.com\/da\/fodboldnyheder\/hyldes-efter-maal-i-lyndebut-klasse-schone\/#article","isPartOf":{"@id":"https:\/\/acefootball.com\/da\/fodboldnyheder\/hyldes-efter-maal-i-lyndebut-klasse-schone\/#webpage"},"author":{"@id":"https:\/\/acefootball.com\/da\/#\/schema\/person\/ee67e9cf04a276f144100ffa722f10cd"},"headline":"Hyldes efter m\u00e5l i lyndebut: &#8220;(K)Lasse Sch\u00f6ne!&#8221;","datePublished":"2021-02-14T13:19:46+00:00","dateModified":"2021-02-14T13:21:59+00:00","mainEntityOfPage":{"@id":"https:\/\/acefootball.com\/da\/fodboldnyheder\/hyldes-efter-maal-i-lyndebut-klasse-schone\/#webpage"},"wordCount":237,"commentCount":0,"publisher":{"@id":"https:\/\/acefootball.com\/da\/#organization"},"image":{"@id":"https:\/\/acefootball.com\/da\/fodboldnyheder\/hyldes-efter-maal-i-lyndebut-klasse-schone\/#primaryimage"},"thumbnailUrl":"https:\/\/acefootball.com\/da\/wp-content\/uploads\/sites\/2\/2020\/10\/GettyImages-1175411208.jpg","keywords":["\u00c6resdivisionen","Danmark","Heerenveen","Lasse Sch\u00f6ne"],"articleSection":["Reaktion"],"inLanguage":"en-US","potentialAction":[{"@type":"CommentAction","name":"Comment","target":["https:\/\/acefootball.com\/da\/fodboldnyheder\/hyldes-efter-maal-i-lyndebut-klasse-schone\/#respond"]}]},{"@type":"Person","@id":"https:\/\/acefootball.com\/da\/#\/schema\/person\/ee67e9cf04a276f144100ffa722f10cd","name":"Mads Dreyer","image":{"@type":"ImageObject","@id":"https:\/\/acefootball.com\/da\/#personlogo","inLanguage":"en-US","url":"https:\/\/secure.gravatar.com\/avatar\/7c7abf72cfde9902b6a60efe60c88d4c?s=96&d=mm&r=g","contentUrl":"https:\/\/secure.gravatar.com\/avatar\/7c7abf72cfde9902b6a60efe60c88d4c?s=96&d=mm&r=g","caption":"Mads Dreyer"},"description":"Skribent og fodboldn\u00f8rd, der lige nu fort\u00e6ller om alt og intet i fodboldverdenen p\u00e5 acefootball.com. Uddannet i kommunikation fra Aalborg Universitet.","sameAs":["https:\/\/www.linkedin.com\/in\/mads-dreyer-b9b08266\/"],"url":"https:\/\/acefootball.com\/da\/fodboldnyheder\/author\/mdnronaldo\/"}]}},"fimg_url":"https:\/\/acefootball.com\/da\/wp-content\/uploads\/sites\/2\/2020\/10\/GettyImages-1175411208.jpg","_links":{"self":[{"href":"https:\/\/acefootball.com\/da\/wp-json\/wp\/v2\/posts\/251858"}],"collection":[{"href":"https:\/\/acefootball.com\/da\/wp-json\/wp\/v2\/posts"}],"about":[{"href":"https:\/\/acefootball.com\/da\/wp-json\/wp\/v2\/types\/post"}],"author":[{"embeddable":true,"href":"https:\/\/acefootball.com\/da\/wp-json\/wp\/v2\/users\/705"}],"replies":[{"embeddable":true,"href":"https:\/\/acefootball.com\/da\/wp-json\/wp\/v2\/comments?post=251858"}],"version-history":[{"count":0,"href":"https:\/\/acefootball.com\/da\/wp-json\/wp\/v2\/posts\/251858\/revisions"}],"wp:featuredmedia":[{"embeddable":true,"href":"https:\/\/acefootball.com\/da\/wp-json\/wp\/v2\/media\/238979"}],"wp:attachment":[{"href":"https:\/\/acefootball.com\/da\/wp-json\/wp\/v2\/media?parent=251858"}],"wp:term":[{"taxonomy":"category","embeddable":true,"href":"https:\/\/acefootball.com\/da\/wp-json\/wp\/v2\/categories?post=251858"},{"taxonomy":"post_tag","embeddable":true,"href":"https:\/\/acefootball.com\/da\/wp-json\/wp\/v2\/tags?post=251858"}],"curies":[{"name":"wp","href":"https:\/\/api.w.org\/{rel}","templated":true}]}}