{"id":251661,"date":"2021-02-11T15:44:38","date_gmt":"2021-02-11T14:44:38","guid":{"rendered":"https:\/\/acefootball.com\/da\/?p=251661"},"modified":"2021-02-11T15:45:25","modified_gmt":"2021-02-11T14:45:25","slug":"billede-eksotisk-fck-spiller-blaeser-paa-frostgraderne","status":"publish","type":"post","link":"https:\/\/acefootball.com\/da\/fodboldnyheder\/billede-eksotisk-fck-spiller-blaeser-paa-frostgraderne\/","title":{"rendered":"Billede: Eksotisk FCK-spiller bl\u00e6ser p\u00e5 frostgraderne"},"content":{"rendered":"\n<h2 id=\"h-den-gr-ske-forsvarsspiller-marios-oikonomou-har-overrasket-ved-at-troppe-op-i-shorts-til-tr-ningen-i-fc-k-benhavn\">Den gr\u00e6ske forsvarsspiller Marios Oikonomou har overrasket ved at troppe op i shorts til tr\u00e6ningen i FC K\u00f8benhavn<\/h2>\n\n\n\n<p>Det vejr, der i \u00f8jeblikket h\u00e6rger landet, indbyder ikke ligefrem til bare ben, men en spiller i FC K\u00f8benhavn har ikke ladet frostgraderne p\u00e5virke t\u00f8jvalget.<\/p>\n\n\n\n<p>Overraskende er det dog, at spilleren er opvokset under sydligere himmelstr\u00f8g. Der er nemlig tale om gr\u00e6ske Marios Oikonomou.<\/p>\n\n\n\n<p>Forsvarsspilleren troppede nemlig op til tr\u00e6ning if\u00f8rt shorts, hvilket har v\u00e6kket en smule opsigt p\u00e5 sociale medier.<\/p>\n\n\n\n<figure class=\"wp-block-image\"><img src=\"https:\/\/pbs.twimg.com\/media\/Et8en7WWQAM7Mca?format=jpg&amp;name=900x900\" alt=\"Billede\" \/><\/figure>\n\n\n\n<p>Har du set de seneste odds p\u00e5 favoritterne til at tage Superliga-titlen. Tjek dem ud her:<\/p>\n\n\n\n<figure class=\"wp-block-embed is-type-wp-embed is-provider-ace-football-danmark wp-block-embed-ace-football-danmark\"><div class=\"wp-block-embed__wrapper\">\n<blockquote class=\"wp-embedded-content\" data-secret=\"c3z3373qYx\"><a href=\"https:\/\/acefootball.com\/da\/fodboldnyheder\/nu-vender-det-bookmakerne-tror-mere-paa-fck-end-broendby\/\">Nu vender det: Bookmakerne tror mere p\u00e5 FCK end Br\u00f8ndby<\/a><\/blockquote><iframe class=\"wp-embedded-content\" sandbox=\"allow-scripts\" security=\"restricted\" style=\"position: absolute; clip: rect(1px, 1px, 1px, 1px);\" title=\"&#8220;Nu vender det: Bookmakerne tror mere p\u00e5 FCK end Br\u00f8ndby&#8221; &#8212; Ace Football Danmark\" src=\"https:\/\/acefootball.com\/da\/fodboldnyheder\/nu-vender-det-bookmakerne-tror-mere-paa-fck-end-broendby\/embed\/#?secret=c3z3373qYx\" data-secret=\"c3z3373qYx\" width=\"600\" height=\"338\" frameborder=\"0\" marginwidth=\"0\" marginheight=\"0\" scrolling=\"no\"><\/iframe>\n<\/div><\/figure>\n","protected":false},"excerpt":{"rendered":"<p>Den gr\u00e6ske forsvarsspiller Marios Oikonomou har overrasket ved at troppe op i shorts til tr\u00e6ningen i FC K\u00f8benhavn<\/p>\n","protected":false},"author":705,"featured_media":236472,"comment_status":"open","ping_status":"closed","sticky":false,"template":"","format":"standard","meta":{"om_disable_all_campaigns":false,"push_articles_ronaldo":{"active":false,"canonical":0,"publish":false},"force_updates":null},"categories":[2470],"tags":[16,8445,588],"enet_tags":{"team":["8391"],"league":["46"],"sport_events":[]},"yoast_head":"<!-- This site is optimized with the Yoast SEO plugin v18.3 - https:\/\/yoast.com\/wordpress\/plugins\/seo\/ -->\n<title>Billede: Eksotisk FCK-spiller bl\u00e6ser p\u00e5 frostgraderne<\/title>\n<meta name=\"description\" content=\"Den gr\u00e6ske forsvarsspiller Marios Oikonomou har overrasket ved at troppe op i shorts til tr\u00e6ningen i FC K\u00f8benhavn\" \/>\n<meta name=\"robots\" content=\"index, follow, max-snippet:-1, max-image-preview:large, max-video-preview:-1\" \/>\n<link rel=\"canonical\" href=\"https:\/\/acefootball.com\/da\/fodboldnyheder\/billede-eksotisk-fck-spiller-blaeser-paa-frostgraderne\/\" \/>\n<meta property=\"og:locale\" content=\"en_US\" \/>\n<meta property=\"og:type\" content=\"article\" \/>\n<meta property=\"og:title\" content=\"Billede: Eksotisk FCK-spiller bl\u00e6ser p\u00e5 frostgraderne\" \/>\n<meta property=\"og:description\" content=\"Den gr\u00e6ske forsvarsspiller Marios Oikonomou har overrasket ved at troppe op i shorts til tr\u00e6ningen i FC K\u00f8benhavn\" \/>\n<meta property=\"og:url\" content=\"https:\/\/acefootball.com\/da\/fodboldnyheder\/billede-eksotisk-fck-spiller-blaeser-paa-frostgraderne\/\" \/>\n<meta property=\"og:site_name\" content=\"Ace Football Danmark\" \/>\n<meta property=\"article:publisher\" content=\"https:\/\/www.facebook.com\/acefootballdk\" \/>\n<meta property=\"article:published_time\" content=\"2021-02-11T14:44:38+00:00\" \/>\n<meta property=\"article:modified_time\" content=\"2021-02-11T14:45:25+00:00\" \/>\n<meta property=\"og:image\" content=\"https:\/\/acefootball.com\/da\/wp-content\/uploads\/sites\/2\/2021\/02\/FCK-23-1.jpg\" \/>\n\t<meta property=\"og:image:width\" content=\"1920\" \/>\n\t<meta property=\"og:image:height\" content=\"1008\" \/>\n\t<meta property=\"og:image:type\" content=\"image\/jpeg\" \/>\n<meta name=\"twitter:card\" content=\"summary_large_image\" \/>\n<meta name=\"twitter:label1\" content=\"Written by\" \/>\n\t<meta name=\"twitter:data1\" content=\"Mads Dreyer\" \/>\n\t<meta name=\"twitter:label2\" content=\"Est. reading time\" \/>\n\t<meta name=\"twitter:data2\" content=\"1 minute\" \/>\n<script type=\"application\/ld+json\" class=\"yoast-schema-graph\">{\"@context\":\"https:\/\/schema.org\",\"@graph\":[{\"@type\":\"Organization\",\"@id\":\"https:\/\/acefootball.com\/da\/#organization\",\"name\":\"Ace Football\",\"url\":\"https:\/\/acefootball.com\/da\/\",\"sameAs\":[\"https:\/\/www.facebook.com\/acefootballdk\"],\"logo\":{\"@type\":\"ImageObject\",\"@id\":\"https:\/\/acefootball.com\/da\/#logo\",\"inLanguage\":\"en-US\",\"url\":\"https:\/\/acefootball.com\/da\/wp-content\/uploads\/sites\/2\/2020\/07\/Ace-Football-30-07-2020-2.png\",\"contentUrl\":\"https:\/\/acefootball.com\/da\/wp-content\/uploads\/sites\/2\/2020\/07\/Ace-Football-30-07-2020-2.png\",\"width\":1200,\"height\":600,\"caption\":\"Ace Football\"},\"image\":{\"@id\":\"https:\/\/acefootball.com\/da\/#logo\"}},{\"@type\":\"WebSite\",\"@id\":\"https:\/\/acefootball.com\/da\/#website\",\"url\":\"https:\/\/acefootball.com\/da\/\",\"name\":\"Ace Football Danmark\",\"description\":\"Nyheder, Spiltips &amp; Livescore\",\"publisher\":{\"@id\":\"https:\/\/acefootball.com\/da\/#organization\"},\"potentialAction\":[{\"@type\":\"SearchAction\",\"target\":{\"@type\":\"EntryPoint\",\"urlTemplate\":\"https:\/\/acefootball.com\/da\/?s={search_term_string}\"},\"query-input\":\"required name=search_term_string\"}],\"inLanguage\":\"en-US\"},{\"@type\":\"ImageObject\",\"@id\":\"https:\/\/acefootball.com\/da\/fodboldnyheder\/billede-eksotisk-fck-spiller-blaeser-paa-frostgraderne\/#primaryimage\",\"inLanguage\":\"en-US\",\"url\":\"https:\/\/acefootball.com\/da\/wp-content\/uploads\/sites\/2\/2021\/02\/FCK-23-1.jpg\",\"contentUrl\":\"https:\/\/acefootball.com\/da\/wp-content\/uploads\/sites\/2\/2021\/02\/FCK-23-1.jpg\",\"width\":1920,\"height\":1008},{\"@type\":\"WebPage\",\"@id\":\"https:\/\/acefootball.com\/da\/fodboldnyheder\/billede-eksotisk-fck-spiller-blaeser-paa-frostgraderne\/#webpage\",\"url\":\"https:\/\/acefootball.com\/da\/fodboldnyheder\/billede-eksotisk-fck-spiller-blaeser-paa-frostgraderne\/\",\"name\":\"Billede: Eksotisk FCK-spiller bl\u00e6ser p\u00e5 frostgraderne\",\"isPartOf\":{\"@id\":\"https:\/\/acefootball.com\/da\/#website\"},\"primaryImageOfPage\":{\"@id\":\"https:\/\/acefootball.com\/da\/fodboldnyheder\/billede-eksotisk-fck-spiller-blaeser-paa-frostgraderne\/#primaryimage\"},\"datePublished\":\"2021-02-11T14:44:38+00:00\",\"dateModified\":\"2021-02-11T14:45:25+00:00\",\"description\":\"Den gr\u00e6ske forsvarsspiller Marios Oikonomou har overrasket ved at troppe op i shorts til tr\u00e6ningen i FC K\u00f8benhavn\",\"breadcrumb\":{\"@id\":\"https:\/\/acefootball.com\/da\/fodboldnyheder\/billede-eksotisk-fck-spiller-blaeser-paa-frostgraderne\/#breadcrumb\"},\"inLanguage\":\"en-US\",\"potentialAction\":[{\"@type\":\"ReadAction\",\"target\":[\"https:\/\/acefootball.com\/da\/fodboldnyheder\/billede-eksotisk-fck-spiller-blaeser-paa-frostgraderne\/\"]}]},{\"@type\":\"BreadcrumbList\",\"@id\":\"https:\/\/acefootball.com\/da\/fodboldnyheder\/billede-eksotisk-fck-spiller-blaeser-paa-frostgraderne\/#breadcrumb\",\"itemListElement\":[{\"@type\":\"ListItem\",\"position\":1,\"name\":\"Home\",\"item\":\"https:\/\/acefootball.com\/da\/\"},{\"@type\":\"ListItem\",\"position\":2,\"name\":\"Billede: Eksotisk FCK-spiller bl\u00e6ser p\u00e5 frostgraderne\"}]},{\"@type\":\"Article\",\"@id\":\"https:\/\/acefootball.com\/da\/fodboldnyheder\/billede-eksotisk-fck-spiller-blaeser-paa-frostgraderne\/#article\",\"isPartOf\":{\"@id\":\"https:\/\/acefootball.com\/da\/fodboldnyheder\/billede-eksotisk-fck-spiller-blaeser-paa-frostgraderne\/#webpage\"},\"author\":{\"@id\":\"https:\/\/acefootball.com\/da\/#\/schema\/person\/ee67e9cf04a276f144100ffa722f10cd\"},\"headline\":\"Billede: Eksotisk FCK-spiller bl\u00e6ser p\u00e5 frostgraderne\",\"datePublished\":\"2021-02-11T14:44:38+00:00\",\"dateModified\":\"2021-02-11T14:45:25+00:00\",\"mainEntityOfPage\":{\"@id\":\"https:\/\/acefootball.com\/da\/fodboldnyheder\/billede-eksotisk-fck-spiller-blaeser-paa-frostgraderne\/#webpage\"},\"wordCount\":120,\"commentCount\":0,\"publisher\":{\"@id\":\"https:\/\/acefootball.com\/da\/#organization\"},\"image\":{\"@id\":\"https:\/\/acefootball.com\/da\/fodboldnyheder\/billede-eksotisk-fck-spiller-blaeser-paa-frostgraderne\/#primaryimage\"},\"thumbnailUrl\":\"https:\/\/acefootball.com\/da\/wp-content\/uploads\/sites\/2\/2020\/09\/GettyImages-1228382405.jpg\",\"keywords\":[\"FC K\u00f8benhavn\",\"Marios Oikonomou\",\"Superligaen\"],\"articleSection\":[\"Offsite\"],\"inLanguage\":\"en-US\",\"potentialAction\":[{\"@type\":\"CommentAction\",\"name\":\"Comment\",\"target\":[\"https:\/\/acefootball.com\/da\/fodboldnyheder\/billede-eksotisk-fck-spiller-blaeser-paa-frostgraderne\/#respond\"]}]},{\"@type\":\"Person\",\"@id\":\"https:\/\/acefootball.com\/da\/#\/schema\/person\/ee67e9cf04a276f144100ffa722f10cd\",\"name\":\"Mads Dreyer\",\"image\":{\"@type\":\"ImageObject\",\"@id\":\"https:\/\/acefootball.com\/da\/#personlogo\",\"inLanguage\":\"en-US\",\"url\":\"https:\/\/secure.gravatar.com\/avatar\/7c7abf72cfde9902b6a60efe60c88d4c?s=96&d=mm&r=g\",\"contentUrl\":\"https:\/\/secure.gravatar.com\/avatar\/7c7abf72cfde9902b6a60efe60c88d4c?s=96&d=mm&r=g\",\"caption\":\"Mads Dreyer\"},\"description\":\"Skribent og fodboldn\u00f8rd, der lige nu fort\u00e6ller om alt og intet i fodboldverdenen p\u00e5 acefootball.com. Uddannet i kommunikation fra Aalborg Universitet.\",\"sameAs\":[\"https:\/\/www.linkedin.com\/in\/mads-dreyer-b9b08266\/\"],\"url\":\"https:\/\/acefootball.com\/da\/fodboldnyheder\/author\/mdnronaldo\/\"}]}<\/script>\n<!-- \/ Yoast SEO plugin. -->","yoast_head_json":{"title":"Billede: Eksotisk FCK-spiller bl\u00e6ser p\u00e5 frostgraderne","description":"Den gr\u00e6ske forsvarsspiller Marios Oikonomou har overrasket ved at troppe op i shorts til tr\u00e6ningen i FC K\u00f8benhavn","robots":{"index":"index","follow":"follow","max-snippet":"max-snippet:-1","max-image-preview":"max-image-preview:large","max-video-preview":"max-video-preview:-1"},"canonical":"https:\/\/acefootball.com\/da\/fodboldnyheder\/billede-eksotisk-fck-spiller-blaeser-paa-frostgraderne\/","og_locale":"en_US","og_type":"article","og_title":"Billede: Eksotisk FCK-spiller bl\u00e6ser p\u00e5 frostgraderne","og_description":"Den gr\u00e6ske forsvarsspiller Marios Oikonomou har overrasket ved at troppe op i shorts til tr\u00e6ningen i FC K\u00f8benhavn","og_url":"https:\/\/acefootball.com\/da\/fodboldnyheder\/billede-eksotisk-fck-spiller-blaeser-paa-frostgraderne\/","og_site_name":"Ace Football Danmark","article_publisher":"https:\/\/www.facebook.com\/acefootballdk","article_published_time":"2021-02-11T14:44:38+00:00","article_modified_time":"2021-02-11T14:45:25+00:00","og_image":[{"width":1920,"height":1008,"url":"https:\/\/acefootball.com\/da\/wp-content\/uploads\/sites\/2\/2021\/02\/FCK-23-1.jpg","type":"image\/jpeg"}],"twitter_card":"summary_large_image","twitter_misc":{"Written by":"Mads Dreyer","Est. reading time":"1 minute"},"schema":{"@context":"https:\/\/schema.org","@graph":[{"@type":"Organization","@id":"https:\/\/acefootball.com\/da\/#organization","name":"Ace Football","url":"https:\/\/acefootball.com\/da\/","sameAs":["https:\/\/www.facebook.com\/acefootballdk"],"logo":{"@type":"ImageObject","@id":"https:\/\/acefootball.com\/da\/#logo","inLanguage":"en-US","url":"https:\/\/acefootball.com\/da\/wp-content\/uploads\/sites\/2\/2020\/07\/Ace-Football-30-07-2020-2.png","contentUrl":"https:\/\/acefootball.com\/da\/wp-content\/uploads\/sites\/2\/2020\/07\/Ace-Football-30-07-2020-2.png","width":1200,"height":600,"caption":"Ace Football"},"image":{"@id":"https:\/\/acefootball.com\/da\/#logo"}},{"@type":"WebSite","@id":"https:\/\/acefootball.com\/da\/#website","url":"https:\/\/acefootball.com\/da\/","name":"Ace Football Danmark","description":"Nyheder, Spiltips &amp; Livescore","publisher":{"@id":"https:\/\/acefootball.com\/da\/#organization"},"potentialAction":[{"@type":"SearchAction","target":{"@type":"EntryPoint","urlTemplate":"https:\/\/acefootball.com\/da\/?s={search_term_string}"},"query-input":"required name=search_term_string"}],"inLanguage":"en-US"},{"@type":"ImageObject","@id":"https:\/\/acefootball.com\/da\/fodboldnyheder\/billede-eksotisk-fck-spiller-blaeser-paa-frostgraderne\/#primaryimage","inLanguage":"en-US","url":"https:\/\/acefootball.com\/da\/wp-content\/uploads\/sites\/2\/2021\/02\/FCK-23-1.jpg","contentUrl":"https:\/\/acefootball.com\/da\/wp-content\/uploads\/sites\/2\/2021\/02\/FCK-23-1.jpg","width":1920,"height":1008},{"@type":"WebPage","@id":"https:\/\/acefootball.com\/da\/fodboldnyheder\/billede-eksotisk-fck-spiller-blaeser-paa-frostgraderne\/#webpage","url":"https:\/\/acefootball.com\/da\/fodboldnyheder\/billede-eksotisk-fck-spiller-blaeser-paa-frostgraderne\/","name":"Billede: Eksotisk FCK-spiller bl\u00e6ser p\u00e5 frostgraderne","isPartOf":{"@id":"https:\/\/acefootball.com\/da\/#website"},"primaryImageOfPage":{"@id":"https:\/\/acefootball.com\/da\/fodboldnyheder\/billede-eksotisk-fck-spiller-blaeser-paa-frostgraderne\/#primaryimage"},"datePublished":"2021-02-11T14:44:38+00:00","dateModified":"2021-02-11T14:45:25+00:00","description":"Den gr\u00e6ske forsvarsspiller Marios Oikonomou har overrasket ved at troppe op i shorts til tr\u00e6ningen i FC K\u00f8benhavn","breadcrumb":{"@id":"https:\/\/acefootball.com\/da\/fodboldnyheder\/billede-eksotisk-fck-spiller-blaeser-paa-frostgraderne\/#breadcrumb"},"inLanguage":"en-US","potentialAction":[{"@type":"ReadAction","target":["https:\/\/acefootball.com\/da\/fodboldnyheder\/billede-eksotisk-fck-spiller-blaeser-paa-frostgraderne\/"]}]},{"@type":"BreadcrumbList","@id":"https:\/\/acefootball.com\/da\/fodboldnyheder\/billede-eksotisk-fck-spiller-blaeser-paa-frostgraderne\/#breadcrumb","itemListElement":[{"@type":"ListItem","position":1,"name":"Home","item":"https:\/\/acefootball.com\/da\/"},{"@type":"ListItem","position":2,"name":"Billede: Eksotisk FCK-spiller bl\u00e6ser p\u00e5 frostgraderne"}]},{"@type":"Article","@id":"https:\/\/acefootball.com\/da\/fodboldnyheder\/billede-eksotisk-fck-spiller-blaeser-paa-frostgraderne\/#article","isPartOf":{"@id":"https:\/\/acefootball.com\/da\/fodboldnyheder\/billede-eksotisk-fck-spiller-blaeser-paa-frostgraderne\/#webpage"},"author":{"@id":"https:\/\/acefootball.com\/da\/#\/schema\/person\/ee67e9cf04a276f144100ffa722f10cd"},"headline":"Billede: Eksotisk FCK-spiller bl\u00e6ser p\u00e5 frostgraderne","datePublished":"2021-02-11T14:44:38+00:00","dateModified":"2021-02-11T14:45:25+00:00","mainEntityOfPage":{"@id":"https:\/\/acefootball.com\/da\/fodboldnyheder\/billede-eksotisk-fck-spiller-blaeser-paa-frostgraderne\/#webpage"},"wordCount":120,"commentCount":0,"publisher":{"@id":"https:\/\/acefootball.com\/da\/#organization"},"image":{"@id":"https:\/\/acefootball.com\/da\/fodboldnyheder\/billede-eksotisk-fck-spiller-blaeser-paa-frostgraderne\/#primaryimage"},"thumbnailUrl":"https:\/\/acefootball.com\/da\/wp-content\/uploads\/sites\/2\/2020\/09\/GettyImages-1228382405.jpg","keywords":["FC K\u00f8benhavn","Marios Oikonomou","Superligaen"],"articleSection":["Offsite"],"inLanguage":"en-US","potentialAction":[{"@type":"CommentAction","name":"Comment","target":["https:\/\/acefootball.com\/da\/fodboldnyheder\/billede-eksotisk-fck-spiller-blaeser-paa-frostgraderne\/#respond"]}]},{"@type":"Person","@id":"https:\/\/acefootball.com\/da\/#\/schema\/person\/ee67e9cf04a276f144100ffa722f10cd","name":"Mads Dreyer","image":{"@type":"ImageObject","@id":"https:\/\/acefootball.com\/da\/#personlogo","inLanguage":"en-US","url":"https:\/\/secure.gravatar.com\/avatar\/7c7abf72cfde9902b6a60efe60c88d4c?s=96&d=mm&r=g","contentUrl":"https:\/\/secure.gravatar.com\/avatar\/7c7abf72cfde9902b6a60efe60c88d4c?s=96&d=mm&r=g","caption":"Mads Dreyer"},"description":"Skribent og fodboldn\u00f8rd, der lige nu fort\u00e6ller om alt og intet i fodboldverdenen p\u00e5 acefootball.com. Uddannet i kommunikation fra Aalborg Universitet.","sameAs":["https:\/\/www.linkedin.com\/in\/mads-dreyer-b9b08266\/"],"url":"https:\/\/acefootball.com\/da\/fodboldnyheder\/author\/mdnronaldo\/"}]}},"fimg_url":"https:\/\/acefootball.com\/da\/wp-content\/uploads\/sites\/2\/2020\/09\/GettyImages-1228382405.jpg","_links":{"self":[{"href":"https:\/\/acefootball.com\/da\/wp-json\/wp\/v2\/posts\/251661"}],"collection":[{"href":"https:\/\/acefootball.com\/da\/wp-json\/wp\/v2\/posts"}],"about":[{"href":"https:\/\/acefootball.com\/da\/wp-json\/wp\/v2\/types\/post"}],"author":[{"embeddable":true,"href":"https:\/\/acefootball.com\/da\/wp-json\/wp\/v2\/users\/705"}],"replies":[{"embeddable":true,"href":"https:\/\/acefootball.com\/da\/wp-json\/wp\/v2\/comments?post=251661"}],"version-history":[{"count":0,"href":"https:\/\/acefootball.com\/da\/wp-json\/wp\/v2\/posts\/251661\/revisions"}],"wp:featuredmedia":[{"embeddable":true,"href":"https:\/\/acefootball.com\/da\/wp-json\/wp\/v2\/media\/236472"}],"wp:attachment":[{"href":"https:\/\/acefootball.com\/da\/wp-json\/wp\/v2\/media?parent=251661"}],"wp:term":[{"taxonomy":"category","embeddable":true,"href":"https:\/\/acefootball.com\/da\/wp-json\/wp\/v2\/categories?post=251661"},{"taxonomy":"post_tag","embeddable":true,"href":"https:\/\/acefootball.com\/da\/wp-json\/wp\/v2\/tags?post=251661"}],"curies":[{"name":"wp","href":"https:\/\/api.w.org\/{rel}","templated":true}]}}