{"id":251598,"date":"2021-02-11T10:44:31","date_gmt":"2021-02-11T09:44:31","guid":{"rendered":"https:\/\/acefootball.com\/da\/?p=251598"},"modified":"2021-02-11T10:44:32","modified_gmt":"2021-02-11T09:44:32","slug":"kaempe-kaos-braekker-benet-og-ambulancen-gaar-i-staa","status":"publish","type":"post","link":"https:\/\/acefootball.com\/da\/fodboldnyheder\/kaempe-kaos-braekker-benet-og-ambulancen-gaar-i-staa\/","title":{"rendered":"K\u00e6mpe kaos: Br\u00e6kker benet og ambulancen g\u00e5r i st\u00e5"},"content":{"rendered":"\n<h2 id=\"h-alt-gik-galt-i-onsdagens-pokalkamp-mellem-braga-og-porto-der-b-de-b-d-p-et-br-kket-ben-og-en-tam-ambulance\">Alt gik galt i onsdagens pokalkamp mellem Braga og Porto, der b\u00e5de b\u00f8d p\u00e5 et br\u00e6kket ben og en tam ambulance<\/h2>\n\n\n\n<p>Onsdag aften blev bestemt ikke den heldigste for Bragas David Carmo, da han og holdet m\u00f8dte Porto i den portugisiske pokalturnering.<\/p>\n\n\n\n<p>Midt i anden halvleg kom forsvarstalentet nemlig galt afsted i en duel med Luis D\u00edaz, der i f\u00f8rste omgang s\u00e5 relativt harml\u00f8s ud.<\/p>\n\n\n\n<p>Braga-m\u00e5lmanden reagerede dog voldsomt, og de efterf\u00f8lgende billeder viste da ogs\u00e5, at Carmo var kommet slemt til skade. Du kan se situationen her:<\/p>\n\n\n\n<figure class=\"wp-block-embed is-type-rich is-provider-twitter wp-block-embed-twitter\"><div class=\"wp-block-embed__wrapper\">\n<blockquote class=\"twitter-tweet\" data-width=\"550\" data-dnt=\"true\"><p lang=\"en\" dir=\"ltr\">LFC target David Carmo got subbed off after sustaining a horrific ankle\/leg injury during today&#39;s Cup game vs Porto \ud83d\ude2c<a href=\"https:\/\/t.co\/SVlefZKMrX\">pic.twitter.com\/SVlefZKMrX<\/a><\/p>&mdash; LFC Transfer Room (@LFCTransferRoom) <a href=\"https:\/\/twitter.com\/LFCTransferRoom\/status\/1359635878772166668?ref_src=twsrc%5Etfw\">February 10, 2021<\/a><\/blockquote><script async src=\"https:\/\/platform.twitter.com\/widgets.js\" charset=\"utf-8\"><\/script>\n<\/div><\/figure>\n\n\n\n<p>Her stoppede uheldet dog ikke for den 21-\u00e5rige forsvarsspiller.<\/p>\n\n\n\n<p>Efter l\u00e6ngere tids behandling blev Carmo i sidste ende transporteret ud af stadion i en ambulance, men der var tilsyneladende ogs\u00e5 noget galt med k\u00f8ret\u00f8jet.<\/p>\n\n\n\n<p>Det bet\u00f8d, at spillere fra begge hold m\u00e5tte skubbe bilen i gang, hvorefter den selv kunne trille ud af gr\u00e6sbanen. Det lykkedes forh\u00e5bentligt Carmo at ankomme til hospitalet uden yderligere problemer.<\/p>\n\n\n\n<figure class=\"wp-block-embed is-type-rich is-provider-twitter wp-block-embed-twitter\"><div class=\"wp-block-embed__wrapper\">\n<blockquote class=\"twitter-tweet\" data-width=\"550\" data-dnt=\"true\"><p lang=\"pt\" dir=\"ltr\">Todos juntos por David Carmo \ud83d\udcaa For\u00e7a, craque \ud83d\ude4f<a href=\"https:\/\/twitter.com\/SCBragaOficial?ref_src=twsrc%5Etfw\">@SCBragaOficial<\/a> | <a href=\"https:\/\/twitter.com\/FCPorto?ref_src=twsrc%5Etfw\">@FCPorto<\/a> <a href=\"https:\/\/twitter.com\/hashtag\/sporttvportugal?src=hash&amp;ref_src=twsrc%5Etfw\">#sporttvportugal<\/a> <a href=\"https:\/\/twitter.com\/hashtag\/Ta%C3%A7aDePortugal?src=hash&amp;ref_src=twsrc%5Etfw\">#Ta\u00e7aDePortugal<\/a> <a href=\"https:\/\/twitter.com\/hashtag\/SCBraga?src=hash&amp;ref_src=twsrc%5Etfw\">#SCBraga<\/a> <a href=\"https:\/\/twitter.com\/hashtag\/Braga?src=hash&amp;ref_src=twsrc%5Etfw\">#Braga<\/a> <a href=\"https:\/\/twitter.com\/hashtag\/FCPorto?src=hash&amp;ref_src=twsrc%5Etfw\">#FCPorto<\/a> <a href=\"https:\/\/twitter.com\/hashtag\/Porto?src=hash&amp;ref_src=twsrc%5Etfw\">#Porto<\/a> <a href=\"https:\/\/twitter.com\/hashtag\/SCBFCP?src=hash&amp;ref_src=twsrc%5Etfw\">#SCBFCP<\/a> <a href=\"https:\/\/twitter.com\/hashtag\/davidcarmo?src=hash&amp;ref_src=twsrc%5Etfw\">#davidcarmo<\/a> <a href=\"https:\/\/t.co\/eX9QVzTcwD\">pic.twitter.com\/eX9QVzTcwD<\/a><\/p>&mdash; SPORT TV (@SPORTTVPortugal) <a href=\"https:\/\/twitter.com\/SPORTTVPortugal\/status\/1359622604324282374?ref_src=twsrc%5Etfw\">February 10, 2021<\/a><\/blockquote><script async src=\"https:\/\/platform.twitter.com\/widgets.js\" charset=\"utf-8\"><\/script>\n<\/div><\/figure>\n\n\n\n<p>Samme aften kunne man ogs\u00e5 se en yderst afd\u00e6mpet reaktion fra Carlo Ancelotti, da Everton scorede sejrsm\u00e5let i et vildt drama mod Tottenham:<\/p>\n\n\n\n<figure class=\"wp-block-embed is-type-wp-embed is-provider-ace-football-danmark wp-block-embed-ace-football-danmark\"><div class=\"wp-block-embed__wrapper\">\n<blockquote class=\"wp-embedded-content\" data-secret=\"N4um9zWdgN\"><a href=\"https:\/\/acefootball.com\/da\/fodboldnyheder\/video-carlo-ancelotti-med-aarets-koeligste-jubelscene-i-fa-cup-drama\/\">Video: Carlo Ancelotti med \u00e5rets k\u00f8ligste jubelscene i FA Cup-drama<\/a><\/blockquote><iframe class=\"wp-embedded-content\" sandbox=\"allow-scripts\" security=\"restricted\" style=\"position: absolute; clip: rect(1px, 1px, 1px, 1px);\" title=\"&#8220;Video: Carlo Ancelotti med \u00e5rets k\u00f8ligste jubelscene i FA Cup-drama&#8221; &#8212; Ace Football Danmark\" src=\"https:\/\/acefootball.com\/da\/fodboldnyheder\/video-carlo-ancelotti-med-aarets-koeligste-jubelscene-i-fa-cup-drama\/embed\/#?secret=N4um9zWdgN\" data-secret=\"N4um9zWdgN\" width=\"600\" height=\"338\" frameborder=\"0\" marginwidth=\"0\" marginheight=\"0\" scrolling=\"no\"><\/iframe>\n<\/div><\/figure>\n","protected":false},"excerpt":{"rendered":"<p>Alt gik galt i onsdagens pokalkamp mellem Braga og Porto, der b\u00e5de b\u00f8d p\u00e5 et br\u00e6kket ben og en tam ambulance<\/p>\n","protected":false},"author":705,"featured_media":251604,"comment_status":"open","ping_status":"closed","sticky":false,"template":"","format":"video","meta":{"om_disable_all_campaigns":false,"push_articles_ronaldo":{"active":false,"canonical":0,"publish":false},"force_updates":null},"categories":[8098],"tags":[1137,1125,3238],"enet_tags":{"team":["10264","9773"],"league":["61"],"sport_events":[]},"yoast_head":"<!-- This site is optimized with the Yoast SEO plugin v18.3 - https:\/\/yoast.com\/wordpress\/plugins\/seo\/ -->\n<title>K\u00e6mpe kaos: Br\u00e6kker benet og ambulancen g\u00e5r i st\u00e5<\/title>\n<meta name=\"description\" content=\"Alt gik galt i onsdagens pokalkamp mellem Braga og Porto, der b\u00e5de b\u00f8d p\u00e5 et br\u00e6kket ben og en tam ambulance\" \/>\n<meta name=\"robots\" content=\"index, follow, max-snippet:-1, max-image-preview:large, max-video-preview:-1\" \/>\n<link rel=\"canonical\" href=\"https:\/\/acefootball.com\/da\/fodboldnyheder\/kaempe-kaos-braekker-benet-og-ambulancen-gaar-i-staa\/\" \/>\n<meta property=\"og:locale\" content=\"en_US\" \/>\n<meta property=\"og:type\" content=\"article\" \/>\n<meta property=\"og:title\" content=\"K\u00e6mpe kaos: Br\u00e6kker benet og ambulancen g\u00e5r i st\u00e5\" \/>\n<meta property=\"og:description\" content=\"Alt gik galt i onsdagens pokalkamp mellem Braga og Porto, der b\u00e5de b\u00f8d p\u00e5 et br\u00e6kket ben og en tam ambulance\" \/>\n<meta property=\"og:url\" content=\"https:\/\/acefootball.com\/da\/fodboldnyheder\/kaempe-kaos-braekker-benet-og-ambulancen-gaar-i-staa\/\" \/>\n<meta property=\"og:site_name\" content=\"Ace Football Danmark\" \/>\n<meta property=\"article:publisher\" content=\"https:\/\/www.facebook.com\/acefootballdk\" \/>\n<meta property=\"article:published_time\" content=\"2021-02-11T09:44:31+00:00\" \/>\n<meta property=\"article:modified_time\" content=\"2021-02-11T09:44:32+00:00\" \/>\n<meta property=\"og:image\" content=\"https:\/\/acefootball.com\/da\/wp-content\/uploads\/sites\/2\/2021\/02\/Video-generel-10-3.jpg\" \/>\n\t<meta property=\"og:image:width\" content=\"1920\" \/>\n\t<meta property=\"og:image:height\" content=\"1008\" \/>\n\t<meta property=\"og:image:type\" content=\"image\/jpeg\" \/>\n<meta name=\"twitter:card\" content=\"summary_large_image\" \/>\n<meta name=\"twitter:label1\" content=\"Written by\" \/>\n\t<meta name=\"twitter:data1\" content=\"Mads Dreyer\" \/>\n\t<meta name=\"twitter:label2\" content=\"Est. reading time\" \/>\n\t<meta name=\"twitter:data2\" content=\"1 minute\" \/>\n<script type=\"application\/ld+json\" class=\"yoast-schema-graph\">{\"@context\":\"https:\/\/schema.org\",\"@graph\":[{\"@type\":\"Organization\",\"@id\":\"https:\/\/acefootball.com\/da\/#organization\",\"name\":\"Ace Football\",\"url\":\"https:\/\/acefootball.com\/da\/\",\"sameAs\":[\"https:\/\/www.facebook.com\/acefootballdk\"],\"logo\":{\"@type\":\"ImageObject\",\"@id\":\"https:\/\/acefootball.com\/da\/#logo\",\"inLanguage\":\"en-US\",\"url\":\"https:\/\/acefootball.com\/da\/wp-content\/uploads\/sites\/2\/2020\/07\/Ace-Football-30-07-2020-2.png\",\"contentUrl\":\"https:\/\/acefootball.com\/da\/wp-content\/uploads\/sites\/2\/2020\/07\/Ace-Football-30-07-2020-2.png\",\"width\":1200,\"height\":600,\"caption\":\"Ace Football\"},\"image\":{\"@id\":\"https:\/\/acefootball.com\/da\/#logo\"}},{\"@type\":\"WebSite\",\"@id\":\"https:\/\/acefootball.com\/da\/#website\",\"url\":\"https:\/\/acefootball.com\/da\/\",\"name\":\"Ace Football Danmark\",\"description\":\"Nyheder, Spiltips &amp; Livescore\",\"publisher\":{\"@id\":\"https:\/\/acefootball.com\/da\/#organization\"},\"potentialAction\":[{\"@type\":\"SearchAction\",\"target\":{\"@type\":\"EntryPoint\",\"urlTemplate\":\"https:\/\/acefootball.com\/da\/?s={search_term_string}\"},\"query-input\":\"required name=search_term_string\"}],\"inLanguage\":\"en-US\"},{\"@type\":\"ImageObject\",\"@id\":\"https:\/\/acefootball.com\/da\/fodboldnyheder\/kaempe-kaos-braekker-benet-og-ambulancen-gaar-i-staa\/#primaryimage\",\"inLanguage\":\"en-US\",\"url\":\"https:\/\/acefootball.com\/da\/wp-content\/uploads\/sites\/2\/2021\/02\/Video-generel-10-3.jpg\",\"contentUrl\":\"https:\/\/acefootball.com\/da\/wp-content\/uploads\/sites\/2\/2021\/02\/Video-generel-10-3.jpg\",\"width\":1920,\"height\":1008},{\"@type\":\"WebPage\",\"@id\":\"https:\/\/acefootball.com\/da\/fodboldnyheder\/kaempe-kaos-braekker-benet-og-ambulancen-gaar-i-staa\/#webpage\",\"url\":\"https:\/\/acefootball.com\/da\/fodboldnyheder\/kaempe-kaos-braekker-benet-og-ambulancen-gaar-i-staa\/\",\"name\":\"K\u00e6mpe kaos: Br\u00e6kker benet og ambulancen g\u00e5r i st\u00e5\",\"isPartOf\":{\"@id\":\"https:\/\/acefootball.com\/da\/#website\"},\"primaryImageOfPage\":{\"@id\":\"https:\/\/acefootball.com\/da\/fodboldnyheder\/kaempe-kaos-braekker-benet-og-ambulancen-gaar-i-staa\/#primaryimage\"},\"datePublished\":\"2021-02-11T09:44:31+00:00\",\"dateModified\":\"2021-02-11T09:44:32+00:00\",\"description\":\"Alt gik galt i onsdagens pokalkamp mellem Braga og Porto, der b\u00e5de b\u00f8d p\u00e5 et br\u00e6kket ben og en tam ambulance\",\"breadcrumb\":{\"@id\":\"https:\/\/acefootball.com\/da\/fodboldnyheder\/kaempe-kaos-braekker-benet-og-ambulancen-gaar-i-staa\/#breadcrumb\"},\"inLanguage\":\"en-US\",\"potentialAction\":[{\"@type\":\"ReadAction\",\"target\":[\"https:\/\/acefootball.com\/da\/fodboldnyheder\/kaempe-kaos-braekker-benet-og-ambulancen-gaar-i-staa\/\"]}]},{\"@type\":\"BreadcrumbList\",\"@id\":\"https:\/\/acefootball.com\/da\/fodboldnyheder\/kaempe-kaos-braekker-benet-og-ambulancen-gaar-i-staa\/#breadcrumb\",\"itemListElement\":[{\"@type\":\"ListItem\",\"position\":1,\"name\":\"Home\",\"item\":\"https:\/\/acefootball.com\/da\/\"},{\"@type\":\"ListItem\",\"position\":2,\"name\":\"K\u00e6mpe kaos: Br\u00e6kker benet og ambulancen g\u00e5r i st\u00e5\"}]},{\"@type\":\"Article\",\"@id\":\"https:\/\/acefootball.com\/da\/fodboldnyheder\/kaempe-kaos-braekker-benet-og-ambulancen-gaar-i-staa\/#article\",\"isPartOf\":{\"@id\":\"https:\/\/acefootball.com\/da\/fodboldnyheder\/kaempe-kaos-braekker-benet-og-ambulancen-gaar-i-staa\/#webpage\"},\"author\":{\"@id\":\"https:\/\/acefootball.com\/da\/#\/schema\/person\/ee67e9cf04a276f144100ffa722f10cd\"},\"headline\":\"K\u00e6mpe kaos: Br\u00e6kker benet og ambulancen g\u00e5r i st\u00e5\",\"datePublished\":\"2021-02-11T09:44:31+00:00\",\"dateModified\":\"2021-02-11T09:44:32+00:00\",\"mainEntityOfPage\":{\"@id\":\"https:\/\/acefootball.com\/da\/fodboldnyheder\/kaempe-kaos-braekker-benet-og-ambulancen-gaar-i-staa\/#webpage\"},\"wordCount\":223,\"commentCount\":0,\"publisher\":{\"@id\":\"https:\/\/acefootball.com\/da\/#organization\"},\"image\":{\"@id\":\"https:\/\/acefootball.com\/da\/fodboldnyheder\/kaempe-kaos-braekker-benet-og-ambulancen-gaar-i-staa\/#primaryimage\"},\"thumbnailUrl\":\"https:\/\/acefootball.com\/da\/wp-content\/uploads\/sites\/2\/2021\/02\/Untitled-design-37.jpg\",\"keywords\":[\"Braga\",\"FC Porto\",\"Primeira Liga\"],\"articleSection\":[\"Video\"],\"inLanguage\":\"en-US\",\"potentialAction\":[{\"@type\":\"CommentAction\",\"name\":\"Comment\",\"target\":[\"https:\/\/acefootball.com\/da\/fodboldnyheder\/kaempe-kaos-braekker-benet-og-ambulancen-gaar-i-staa\/#respond\"]}]},{\"@type\":\"Person\",\"@id\":\"https:\/\/acefootball.com\/da\/#\/schema\/person\/ee67e9cf04a276f144100ffa722f10cd\",\"name\":\"Mads Dreyer\",\"image\":{\"@type\":\"ImageObject\",\"@id\":\"https:\/\/acefootball.com\/da\/#personlogo\",\"inLanguage\":\"en-US\",\"url\":\"https:\/\/secure.gravatar.com\/avatar\/7c7abf72cfde9902b6a60efe60c88d4c?s=96&d=mm&r=g\",\"contentUrl\":\"https:\/\/secure.gravatar.com\/avatar\/7c7abf72cfde9902b6a60efe60c88d4c?s=96&d=mm&r=g\",\"caption\":\"Mads Dreyer\"},\"description\":\"Skribent og fodboldn\u00f8rd, der lige nu fort\u00e6ller om alt og intet i fodboldverdenen p\u00e5 acefootball.com. Uddannet i kommunikation fra Aalborg Universitet.\",\"sameAs\":[\"https:\/\/www.linkedin.com\/in\/mads-dreyer-b9b08266\/\"],\"url\":\"https:\/\/acefootball.com\/da\/fodboldnyheder\/author\/mdnronaldo\/\"}]}<\/script>\n<!-- \/ Yoast SEO plugin. -->","yoast_head_json":{"title":"K\u00e6mpe kaos: Br\u00e6kker benet og ambulancen g\u00e5r i st\u00e5","description":"Alt gik galt i onsdagens pokalkamp mellem Braga og Porto, der b\u00e5de b\u00f8d p\u00e5 et br\u00e6kket ben og en tam ambulance","robots":{"index":"index","follow":"follow","max-snippet":"max-snippet:-1","max-image-preview":"max-image-preview:large","max-video-preview":"max-video-preview:-1"},"canonical":"https:\/\/acefootball.com\/da\/fodboldnyheder\/kaempe-kaos-braekker-benet-og-ambulancen-gaar-i-staa\/","og_locale":"en_US","og_type":"article","og_title":"K\u00e6mpe kaos: Br\u00e6kker benet og ambulancen g\u00e5r i st\u00e5","og_description":"Alt gik galt i onsdagens pokalkamp mellem Braga og Porto, der b\u00e5de b\u00f8d p\u00e5 et br\u00e6kket ben og en tam ambulance","og_url":"https:\/\/acefootball.com\/da\/fodboldnyheder\/kaempe-kaos-braekker-benet-og-ambulancen-gaar-i-staa\/","og_site_name":"Ace Football Danmark","article_publisher":"https:\/\/www.facebook.com\/acefootballdk","article_published_time":"2021-02-11T09:44:31+00:00","article_modified_time":"2021-02-11T09:44:32+00:00","og_image":[{"width":1920,"height":1008,"url":"https:\/\/acefootball.com\/da\/wp-content\/uploads\/sites\/2\/2021\/02\/Video-generel-10-3.jpg","type":"image\/jpeg"}],"twitter_card":"summary_large_image","twitter_misc":{"Written by":"Mads Dreyer","Est. reading time":"1 minute"},"schema":{"@context":"https:\/\/schema.org","@graph":[{"@type":"Organization","@id":"https:\/\/acefootball.com\/da\/#organization","name":"Ace Football","url":"https:\/\/acefootball.com\/da\/","sameAs":["https:\/\/www.facebook.com\/acefootballdk"],"logo":{"@type":"ImageObject","@id":"https:\/\/acefootball.com\/da\/#logo","inLanguage":"en-US","url":"https:\/\/acefootball.com\/da\/wp-content\/uploads\/sites\/2\/2020\/07\/Ace-Football-30-07-2020-2.png","contentUrl":"https:\/\/acefootball.com\/da\/wp-content\/uploads\/sites\/2\/2020\/07\/Ace-Football-30-07-2020-2.png","width":1200,"height":600,"caption":"Ace Football"},"image":{"@id":"https:\/\/acefootball.com\/da\/#logo"}},{"@type":"WebSite","@id":"https:\/\/acefootball.com\/da\/#website","url":"https:\/\/acefootball.com\/da\/","name":"Ace Football Danmark","description":"Nyheder, Spiltips &amp; Livescore","publisher":{"@id":"https:\/\/acefootball.com\/da\/#organization"},"potentialAction":[{"@type":"SearchAction","target":{"@type":"EntryPoint","urlTemplate":"https:\/\/acefootball.com\/da\/?s={search_term_string}"},"query-input":"required name=search_term_string"}],"inLanguage":"en-US"},{"@type":"ImageObject","@id":"https:\/\/acefootball.com\/da\/fodboldnyheder\/kaempe-kaos-braekker-benet-og-ambulancen-gaar-i-staa\/#primaryimage","inLanguage":"en-US","url":"https:\/\/acefootball.com\/da\/wp-content\/uploads\/sites\/2\/2021\/02\/Video-generel-10-3.jpg","contentUrl":"https:\/\/acefootball.com\/da\/wp-content\/uploads\/sites\/2\/2021\/02\/Video-generel-10-3.jpg","width":1920,"height":1008},{"@type":"WebPage","@id":"https:\/\/acefootball.com\/da\/fodboldnyheder\/kaempe-kaos-braekker-benet-og-ambulancen-gaar-i-staa\/#webpage","url":"https:\/\/acefootball.com\/da\/fodboldnyheder\/kaempe-kaos-braekker-benet-og-ambulancen-gaar-i-staa\/","name":"K\u00e6mpe kaos: Br\u00e6kker benet og ambulancen g\u00e5r i st\u00e5","isPartOf":{"@id":"https:\/\/acefootball.com\/da\/#website"},"primaryImageOfPage":{"@id":"https:\/\/acefootball.com\/da\/fodboldnyheder\/kaempe-kaos-braekker-benet-og-ambulancen-gaar-i-staa\/#primaryimage"},"datePublished":"2021-02-11T09:44:31+00:00","dateModified":"2021-02-11T09:44:32+00:00","description":"Alt gik galt i onsdagens pokalkamp mellem Braga og Porto, der b\u00e5de b\u00f8d p\u00e5 et br\u00e6kket ben og en tam ambulance","breadcrumb":{"@id":"https:\/\/acefootball.com\/da\/fodboldnyheder\/kaempe-kaos-braekker-benet-og-ambulancen-gaar-i-staa\/#breadcrumb"},"inLanguage":"en-US","potentialAction":[{"@type":"ReadAction","target":["https:\/\/acefootball.com\/da\/fodboldnyheder\/kaempe-kaos-braekker-benet-og-ambulancen-gaar-i-staa\/"]}]},{"@type":"BreadcrumbList","@id":"https:\/\/acefootball.com\/da\/fodboldnyheder\/kaempe-kaos-braekker-benet-og-ambulancen-gaar-i-staa\/#breadcrumb","itemListElement":[{"@type":"ListItem","position":1,"name":"Home","item":"https:\/\/acefootball.com\/da\/"},{"@type":"ListItem","position":2,"name":"K\u00e6mpe kaos: Br\u00e6kker benet og ambulancen g\u00e5r i st\u00e5"}]},{"@type":"Article","@id":"https:\/\/acefootball.com\/da\/fodboldnyheder\/kaempe-kaos-braekker-benet-og-ambulancen-gaar-i-staa\/#article","isPartOf":{"@id":"https:\/\/acefootball.com\/da\/fodboldnyheder\/kaempe-kaos-braekker-benet-og-ambulancen-gaar-i-staa\/#webpage"},"author":{"@id":"https:\/\/acefootball.com\/da\/#\/schema\/person\/ee67e9cf04a276f144100ffa722f10cd"},"headline":"K\u00e6mpe kaos: Br\u00e6kker benet og ambulancen g\u00e5r i st\u00e5","datePublished":"2021-02-11T09:44:31+00:00","dateModified":"2021-02-11T09:44:32+00:00","mainEntityOfPage":{"@id":"https:\/\/acefootball.com\/da\/fodboldnyheder\/kaempe-kaos-braekker-benet-og-ambulancen-gaar-i-staa\/#webpage"},"wordCount":223,"commentCount":0,"publisher":{"@id":"https:\/\/acefootball.com\/da\/#organization"},"image":{"@id":"https:\/\/acefootball.com\/da\/fodboldnyheder\/kaempe-kaos-braekker-benet-og-ambulancen-gaar-i-staa\/#primaryimage"},"thumbnailUrl":"https:\/\/acefootball.com\/da\/wp-content\/uploads\/sites\/2\/2021\/02\/Untitled-design-37.jpg","keywords":["Braga","FC Porto","Primeira Liga"],"articleSection":["Video"],"inLanguage":"en-US","potentialAction":[{"@type":"CommentAction","name":"Comment","target":["https:\/\/acefootball.com\/da\/fodboldnyheder\/kaempe-kaos-braekker-benet-og-ambulancen-gaar-i-staa\/#respond"]}]},{"@type":"Person","@id":"https:\/\/acefootball.com\/da\/#\/schema\/person\/ee67e9cf04a276f144100ffa722f10cd","name":"Mads Dreyer","image":{"@type":"ImageObject","@id":"https:\/\/acefootball.com\/da\/#personlogo","inLanguage":"en-US","url":"https:\/\/secure.gravatar.com\/avatar\/7c7abf72cfde9902b6a60efe60c88d4c?s=96&d=mm&r=g","contentUrl":"https:\/\/secure.gravatar.com\/avatar\/7c7abf72cfde9902b6a60efe60c88d4c?s=96&d=mm&r=g","caption":"Mads Dreyer"},"description":"Skribent og fodboldn\u00f8rd, der lige nu fort\u00e6ller om alt og intet i fodboldverdenen p\u00e5 acefootball.com. Uddannet i kommunikation fra Aalborg Universitet.","sameAs":["https:\/\/www.linkedin.com\/in\/mads-dreyer-b9b08266\/"],"url":"https:\/\/acefootball.com\/da\/fodboldnyheder\/author\/mdnronaldo\/"}]}},"fimg_url":"https:\/\/acefootball.com\/da\/wp-content\/uploads\/sites\/2\/2021\/02\/Untitled-design-37.jpg","_links":{"self":[{"href":"https:\/\/acefootball.com\/da\/wp-json\/wp\/v2\/posts\/251598"}],"collection":[{"href":"https:\/\/acefootball.com\/da\/wp-json\/wp\/v2\/posts"}],"about":[{"href":"https:\/\/acefootball.com\/da\/wp-json\/wp\/v2\/types\/post"}],"author":[{"embeddable":true,"href":"https:\/\/acefootball.com\/da\/wp-json\/wp\/v2\/users\/705"}],"replies":[{"embeddable":true,"href":"https:\/\/acefootball.com\/da\/wp-json\/wp\/v2\/comments?post=251598"}],"version-history":[{"count":0,"href":"https:\/\/acefootball.com\/da\/wp-json\/wp\/v2\/posts\/251598\/revisions"}],"wp:featuredmedia":[{"embeddable":true,"href":"https:\/\/acefootball.com\/da\/wp-json\/wp\/v2\/media\/251604"}],"wp:attachment":[{"href":"https:\/\/acefootball.com\/da\/wp-json\/wp\/v2\/media?parent=251598"}],"wp:term":[{"taxonomy":"category","embeddable":true,"href":"https:\/\/acefootball.com\/da\/wp-json\/wp\/v2\/categories?post=251598"},{"taxonomy":"post_tag","embeddable":true,"href":"https:\/\/acefootball.com\/da\/wp-json\/wp\/v2\/tags?post=251598"}],"curies":[{"name":"wp","href":"https:\/\/api.w.org\/{rel}","templated":true}]}}