{"id":251583,"date":"2021-02-11T10:06:11","date_gmt":"2021-02-11T09:06:11","guid":{"rendered":"https:\/\/acefootball.com\/da\/?p=251583"},"modified":"2021-02-11T10:06:12","modified_gmt":"2021-02-11T09:06:12","slug":"saetter-alle-til-vaegs-husker-du-superliga-profilens-vilde-spurt","status":"publish","type":"post","link":"https:\/\/acefootball.com\/da\/fodboldnyheder\/saetter-alle-til-vaegs-husker-du-superliga-profilens-vilde-spurt\/","title":{"rendered":"S\u00e6tter alle til v\u00e6gs: Husker du Superliga-profilens vilde spurt?"},"content":{"rendered":"\n<h2 id=\"h-fc-midtjyllands-paulinho-havde-mere-end-god-fart-i-st-vlerne-da-han-i-sidste-s-son-spurtede-tilbage-for-at-stoppe-edgar-babayan\">FC Midtjyllands Paulinho havde mere end god fart i st\u00f8vlerne, da han i sidste s\u00e6son spurtede tilbage for at stoppe Edgar Babayan<\/h2>\n\n\n\n<div class=\"wp-block-si-widget wp-block-si-widget--center\"><si-lb-widget widget-id=\"MatchInfo\" width=\"440\" data-card=\"true\" data-language=\"da\" data-provider=\"comeon\" data-event-id=\"3050184\"><\/si-lb-widget><\/div>\n\n\n\n<p>I denne s\u00e6son ligger FC Nordsj\u00e6llands Kamaldeen Sulemana med den h\u00f8jest registrerede topfart i Superligaen efter at v\u00e6re n\u00e5et p\u00e5 35,2 km\/t.<\/p>\n\n\n\n<p>Det er en ganske habil fart, men den kommer ikke i n\u00e6rheden af en vild sprint fra FC Midtjylland-backen Paulinho, der i sidste s\u00e6son lagde fra land med 36,2 km\/t.<\/p>\n\n\n\n<p>Brasilianeren fik benene p\u00e5 nakken, da Hobros Edgar Babayan str\u00f8g afsted i en fril\u00f8ber, som Paulinho p\u00e5 mirakul\u00f8s vis fik stoppet.<\/p>\n\n\n\n<p>Du kan se den vilde sprint her:<\/p>\n\n\n\n<figure class=\"wp-block-embed is-type-rich is-provider-twitter wp-block-embed-twitter\"><div class=\"wp-block-embed__wrapper\">\n<blockquote class=\"twitter-tweet\" data-width=\"550\" data-dnt=\"true\"><p lang=\"da\" dir=\"ltr\">Det her tilbagel\u00f8b af Paulinho \u26a1\u26a1\u26a1<br><br>36.2 km\/t <a href=\"https:\/\/twitter.com\/Paulinho29_?ref_src=twsrc%5Etfw\">@Paulinho29_<\/a><a href=\"https:\/\/twitter.com\/hashtag\/HOBFCM?src=hash&amp;ref_src=twsrc%5Etfw\">#HOBFCM<\/a> | <a href=\"https:\/\/twitter.com\/hashtag\/sldk?src=hash&amp;ref_src=twsrc%5Etfw\">#sldk<\/a> <a href=\"https:\/\/t.co\/2oMXzaaFYA\">pic.twitter.com\/2oMXzaaFYA<\/a><\/p>&mdash; FC Midtjylland (@fcmidtjylland) <a href=\"https:\/\/twitter.com\/fcmidtjylland\/status\/1231924147913134082?ref_src=twsrc%5Etfw\">February 24, 2020<\/a><\/blockquote><script async src=\"https:\/\/platform.twitter.com\/widgets.js\" charset=\"utf-8\"><\/script>\n<\/div><\/figure>\n","protected":false},"excerpt":{"rendered":"<p>FC Midtjyllands Paulinho havde mere end god fart i st\u00f8vlerne, da han i sidste s\u00e6son spurtede tilbage for at stoppe Edgar Babayan<\/p>\n","protected":false},"author":347,"featured_media":251586,"comment_status":"open","ping_status":"closed","sticky":false,"template":"","format":"video","meta":{"om_disable_all_campaigns":false,"push_articles_ronaldo":{"active":false,"canonical":0,"publish":false},"force_updates":null},"categories":[8098],"tags":[51,248,588],"enet_tags":{"team":["8113"],"player":["94258"],"league":["46"],"sport_events":[3050184]},"yoast_head":"<!-- This site is optimized with the Yoast SEO plugin v18.3 - https:\/\/yoast.com\/wordpress\/plugins\/seo\/ -->\n<title>S\u00e6tter alle til v\u00e6gs: Husker du Superliga-profilens vilde spurt?<\/title>\n<meta name=\"description\" content=\"FC Midtjyllands Paulinho havde mere end god fart i st\u00f8vlerne, da han i sidste s\u00e6son spurtede tilbage for at stoppe Edgar Babayan\" \/>\n<meta name=\"robots\" content=\"index, follow, max-snippet:-1, max-image-preview:large, max-video-preview:-1\" \/>\n<link rel=\"canonical\" href=\"https:\/\/ronaldo.com\/dk\/fodboldnyheder\/video-paulinho-laver-hidsigt-returloeb-mod-hobro\/\" \/>\n<meta property=\"og:locale\" content=\"en_US\" \/>\n<meta property=\"og:type\" content=\"article\" \/>\n<meta property=\"og:title\" content=\"S\u00e6tter alle til v\u00e6gs: Husker du Superliga-profilens vilde spurt?\" \/>\n<meta property=\"og:description\" content=\"FC Midtjyllands Paulinho havde mere end god fart i st\u00f8vlerne, da han i sidste s\u00e6son spurtede tilbage for at stoppe Edgar Babayan\" \/>\n<meta property=\"og:url\" content=\"https:\/\/acefootball.com\/da\/fodboldnyheder\/saetter-alle-til-vaegs-husker-du-superliga-profilens-vilde-spurt\/\" \/>\n<meta property=\"og:site_name\" content=\"Ace Football Danmark\" \/>\n<meta property=\"article:publisher\" content=\"https:\/\/www.facebook.com\/acefootballdk\" \/>\n<meta property=\"article:published_time\" content=\"2021-02-11T09:06:11+00:00\" \/>\n<meta property=\"article:modified_time\" content=\"2021-02-11T09:06:12+00:00\" \/>\n<meta property=\"og:image\" content=\"https:\/\/acefootball.com\/da\/wp-content\/uploads\/sites\/2\/2021\/02\/Video-generel-9-3.jpg\" \/>\n\t<meta property=\"og:image:width\" content=\"1920\" \/>\n\t<meta property=\"og:image:height\" content=\"1008\" \/>\n\t<meta property=\"og:image:type\" content=\"image\/jpeg\" \/>\n<meta name=\"twitter:card\" content=\"summary_large_image\" \/>\n<meta name=\"twitter:label1\" content=\"Written by\" \/>\n\t<meta name=\"twitter:data1\" content=\"Nicolaj M. J\u00f8rgensen\" \/>\n\t<meta name=\"twitter:label2\" content=\"Est. reading time\" \/>\n\t<meta name=\"twitter:data2\" content=\"1 minute\" \/>\n<script type=\"application\/ld+json\" class=\"yoast-schema-graph\">{\"@context\":\"https:\/\/schema.org\",\"@graph\":[{\"@type\":\"Organization\",\"@id\":\"https:\/\/acefootball.com\/da\/#organization\",\"name\":\"Ace Football\",\"url\":\"https:\/\/acefootball.com\/da\/\",\"sameAs\":[\"https:\/\/www.facebook.com\/acefootballdk\"],\"logo\":{\"@type\":\"ImageObject\",\"@id\":\"https:\/\/acefootball.com\/da\/#logo\",\"inLanguage\":\"en-US\",\"url\":\"https:\/\/acefootball.com\/da\/wp-content\/uploads\/sites\/2\/2020\/07\/Ace-Football-30-07-2020-2.png\",\"contentUrl\":\"https:\/\/acefootball.com\/da\/wp-content\/uploads\/sites\/2\/2020\/07\/Ace-Football-30-07-2020-2.png\",\"width\":1200,\"height\":600,\"caption\":\"Ace Football\"},\"image\":{\"@id\":\"https:\/\/acefootball.com\/da\/#logo\"}},{\"@type\":\"WebSite\",\"@id\":\"https:\/\/acefootball.com\/da\/#website\",\"url\":\"https:\/\/acefootball.com\/da\/\",\"name\":\"Ace Football Danmark\",\"description\":\"Nyheder, Spiltips &amp; Livescore\",\"publisher\":{\"@id\":\"https:\/\/acefootball.com\/da\/#organization\"},\"potentialAction\":[{\"@type\":\"SearchAction\",\"target\":{\"@type\":\"EntryPoint\",\"urlTemplate\":\"https:\/\/acefootball.com\/da\/?s={search_term_string}\"},\"query-input\":\"required name=search_term_string\"}],\"inLanguage\":\"en-US\"},{\"@type\":\"ImageObject\",\"@id\":\"https:\/\/acefootball.com\/da\/fodboldnyheder\/saetter-alle-til-vaegs-husker-du-superliga-profilens-vilde-spurt\/#primaryimage\",\"inLanguage\":\"en-US\",\"url\":\"https:\/\/acefootball.com\/da\/wp-content\/uploads\/sites\/2\/2021\/02\/Video-generel-9-3.jpg\",\"contentUrl\":\"https:\/\/acefootball.com\/da\/wp-content\/uploads\/sites\/2\/2021\/02\/Video-generel-9-3.jpg\",\"width\":1920,\"height\":1008},{\"@type\":\"WebPage\",\"@id\":\"https:\/\/acefootball.com\/da\/fodboldnyheder\/saetter-alle-til-vaegs-husker-du-superliga-profilens-vilde-spurt\/#webpage\",\"url\":\"https:\/\/acefootball.com\/da\/fodboldnyheder\/saetter-alle-til-vaegs-husker-du-superliga-profilens-vilde-spurt\/\",\"name\":\"S\u00e6tter alle til v\u00e6gs: Husker du Superliga-profilens vilde spurt?\",\"isPartOf\":{\"@id\":\"https:\/\/acefootball.com\/da\/#website\"},\"primaryImageOfPage\":{\"@id\":\"https:\/\/acefootball.com\/da\/fodboldnyheder\/saetter-alle-til-vaegs-husker-du-superliga-profilens-vilde-spurt\/#primaryimage\"},\"datePublished\":\"2021-02-11T09:06:11+00:00\",\"dateModified\":\"2021-02-11T09:06:12+00:00\",\"description\":\"FC Midtjyllands Paulinho havde mere end god fart i st\u00f8vlerne, da han i sidste s\u00e6son spurtede tilbage for at stoppe Edgar Babayan\",\"breadcrumb\":{\"@id\":\"https:\/\/acefootball.com\/da\/fodboldnyheder\/saetter-alle-til-vaegs-husker-du-superliga-profilens-vilde-spurt\/#breadcrumb\"},\"inLanguage\":\"en-US\",\"potentialAction\":[{\"@type\":\"ReadAction\",\"target\":[\"https:\/\/acefootball.com\/da\/fodboldnyheder\/saetter-alle-til-vaegs-husker-du-superliga-profilens-vilde-spurt\/\"]}]},{\"@type\":\"BreadcrumbList\",\"@id\":\"https:\/\/acefootball.com\/da\/fodboldnyheder\/saetter-alle-til-vaegs-husker-du-superliga-profilens-vilde-spurt\/#breadcrumb\",\"itemListElement\":[{\"@type\":\"ListItem\",\"position\":1,\"name\":\"Home\",\"item\":\"https:\/\/acefootball.com\/da\/\"},{\"@type\":\"ListItem\",\"position\":2,\"name\":\"S\u00e6tter alle til v\u00e6gs: Husker du Superliga-profilens vilde spurt?\"}]},{\"@type\":\"Article\",\"@id\":\"https:\/\/acefootball.com\/da\/fodboldnyheder\/saetter-alle-til-vaegs-husker-du-superliga-profilens-vilde-spurt\/#article\",\"isPartOf\":{\"@id\":\"https:\/\/acefootball.com\/da\/fodboldnyheder\/saetter-alle-til-vaegs-husker-du-superliga-profilens-vilde-spurt\/#webpage\"},\"author\":{\"@id\":\"https:\/\/acefootball.com\/da\/#\/schema\/person\/cc86c6803d8c93f30230e4dbed2a3844\"},\"headline\":\"S\u00e6tter alle til v\u00e6gs: Husker du Superliga-profilens vilde spurt?\",\"datePublished\":\"2021-02-11T09:06:11+00:00\",\"dateModified\":\"2021-02-11T09:06:12+00:00\",\"mainEntityOfPage\":{\"@id\":\"https:\/\/acefootball.com\/da\/fodboldnyheder\/saetter-alle-til-vaegs-husker-du-superliga-profilens-vilde-spurt\/#webpage\"},\"wordCount\":130,\"commentCount\":0,\"publisher\":{\"@id\":\"https:\/\/acefootball.com\/da\/#organization\"},\"image\":{\"@id\":\"https:\/\/acefootball.com\/da\/fodboldnyheder\/saetter-alle-til-vaegs-husker-du-superliga-profilens-vilde-spurt\/#primaryimage\"},\"thumbnailUrl\":\"https:\/\/acefootball.com\/da\/wp-content\/uploads\/sites\/2\/2021\/02\/Design-uden-navn-2020-02-24T155042.374.png\",\"keywords\":[\"FC Midtjylland\",\"Paulinho\",\"Superligaen\"],\"articleSection\":[\"Video\"],\"inLanguage\":\"en-US\",\"potentialAction\":[{\"@type\":\"CommentAction\",\"name\":\"Comment\",\"target\":[\"https:\/\/acefootball.com\/da\/fodboldnyheder\/saetter-alle-til-vaegs-husker-du-superliga-profilens-vilde-spurt\/#respond\"]}]},{\"@type\":\"Person\",\"@id\":\"https:\/\/acefootball.com\/da\/#\/schema\/person\/cc86c6803d8c93f30230e4dbed2a3844\",\"name\":\"Nicolaj M. J\u00f8rgensen\",\"image\":{\"@type\":\"ImageObject\",\"@id\":\"https:\/\/acefootball.com\/da\/#personlogo\",\"inLanguage\":\"en-US\",\"url\":\"https:\/\/secure.gravatar.com\/avatar\/757fd92a7fd5c1d31c37aee3425e7f74?s=96&d=mm&r=g\",\"contentUrl\":\"https:\/\/secure.gravatar.com\/avatar\/757fd92a7fd5c1d31c37aee3425e7f74?s=96&d=mm&r=g\",\"caption\":\"Nicolaj M. J\u00f8rgensen\"},\"url\":\"https:\/\/acefootball.com\/da\/fodboldnyheder\/author\/nicolajmortenj\/\"}]}<\/script>\n<!-- \/ Yoast SEO plugin. -->","yoast_head_json":{"title":"S\u00e6tter alle til v\u00e6gs: Husker du Superliga-profilens vilde spurt?","description":"FC Midtjyllands Paulinho havde mere end god fart i st\u00f8vlerne, da han i sidste s\u00e6son spurtede tilbage for at stoppe Edgar Babayan","robots":{"index":"index","follow":"follow","max-snippet":"max-snippet:-1","max-image-preview":"max-image-preview:large","max-video-preview":"max-video-preview:-1"},"canonical":"https:\/\/ronaldo.com\/dk\/fodboldnyheder\/video-paulinho-laver-hidsigt-returloeb-mod-hobro\/","og_locale":"en_US","og_type":"article","og_title":"S\u00e6tter alle til v\u00e6gs: Husker du Superliga-profilens vilde spurt?","og_description":"FC Midtjyllands Paulinho havde mere end god fart i st\u00f8vlerne, da han i sidste s\u00e6son spurtede tilbage for at stoppe Edgar Babayan","og_url":"https:\/\/acefootball.com\/da\/fodboldnyheder\/saetter-alle-til-vaegs-husker-du-superliga-profilens-vilde-spurt\/","og_site_name":"Ace Football Danmark","article_publisher":"https:\/\/www.facebook.com\/acefootballdk","article_published_time":"2021-02-11T09:06:11+00:00","article_modified_time":"2021-02-11T09:06:12+00:00","og_image":[{"width":1920,"height":1008,"url":"https:\/\/acefootball.com\/da\/wp-content\/uploads\/sites\/2\/2021\/02\/Video-generel-9-3.jpg","type":"image\/jpeg"}],"twitter_card":"summary_large_image","twitter_misc":{"Written by":"Nicolaj M. J\u00f8rgensen","Est. reading time":"1 minute"},"schema":{"@context":"https:\/\/schema.org","@graph":[{"@type":"Organization","@id":"https:\/\/acefootball.com\/da\/#organization","name":"Ace Football","url":"https:\/\/acefootball.com\/da\/","sameAs":["https:\/\/www.facebook.com\/acefootballdk"],"logo":{"@type":"ImageObject","@id":"https:\/\/acefootball.com\/da\/#logo","inLanguage":"en-US","url":"https:\/\/acefootball.com\/da\/wp-content\/uploads\/sites\/2\/2020\/07\/Ace-Football-30-07-2020-2.png","contentUrl":"https:\/\/acefootball.com\/da\/wp-content\/uploads\/sites\/2\/2020\/07\/Ace-Football-30-07-2020-2.png","width":1200,"height":600,"caption":"Ace Football"},"image":{"@id":"https:\/\/acefootball.com\/da\/#logo"}},{"@type":"WebSite","@id":"https:\/\/acefootball.com\/da\/#website","url":"https:\/\/acefootball.com\/da\/","name":"Ace Football Danmark","description":"Nyheder, Spiltips &amp; Livescore","publisher":{"@id":"https:\/\/acefootball.com\/da\/#organization"},"potentialAction":[{"@type":"SearchAction","target":{"@type":"EntryPoint","urlTemplate":"https:\/\/acefootball.com\/da\/?s={search_term_string}"},"query-input":"required name=search_term_string"}],"inLanguage":"en-US"},{"@type":"ImageObject","@id":"https:\/\/acefootball.com\/da\/fodboldnyheder\/saetter-alle-til-vaegs-husker-du-superliga-profilens-vilde-spurt\/#primaryimage","inLanguage":"en-US","url":"https:\/\/acefootball.com\/da\/wp-content\/uploads\/sites\/2\/2021\/02\/Video-generel-9-3.jpg","contentUrl":"https:\/\/acefootball.com\/da\/wp-content\/uploads\/sites\/2\/2021\/02\/Video-generel-9-3.jpg","width":1920,"height":1008},{"@type":"WebPage","@id":"https:\/\/acefootball.com\/da\/fodboldnyheder\/saetter-alle-til-vaegs-husker-du-superliga-profilens-vilde-spurt\/#webpage","url":"https:\/\/acefootball.com\/da\/fodboldnyheder\/saetter-alle-til-vaegs-husker-du-superliga-profilens-vilde-spurt\/","name":"S\u00e6tter alle til v\u00e6gs: Husker du Superliga-profilens vilde spurt?","isPartOf":{"@id":"https:\/\/acefootball.com\/da\/#website"},"primaryImageOfPage":{"@id":"https:\/\/acefootball.com\/da\/fodboldnyheder\/saetter-alle-til-vaegs-husker-du-superliga-profilens-vilde-spurt\/#primaryimage"},"datePublished":"2021-02-11T09:06:11+00:00","dateModified":"2021-02-11T09:06:12+00:00","description":"FC Midtjyllands Paulinho havde mere end god fart i st\u00f8vlerne, da han i sidste s\u00e6son spurtede tilbage for at stoppe Edgar Babayan","breadcrumb":{"@id":"https:\/\/acefootball.com\/da\/fodboldnyheder\/saetter-alle-til-vaegs-husker-du-superliga-profilens-vilde-spurt\/#breadcrumb"},"inLanguage":"en-US","potentialAction":[{"@type":"ReadAction","target":["https:\/\/acefootball.com\/da\/fodboldnyheder\/saetter-alle-til-vaegs-husker-du-superliga-profilens-vilde-spurt\/"]}]},{"@type":"BreadcrumbList","@id":"https:\/\/acefootball.com\/da\/fodboldnyheder\/saetter-alle-til-vaegs-husker-du-superliga-profilens-vilde-spurt\/#breadcrumb","itemListElement":[{"@type":"ListItem","position":1,"name":"Home","item":"https:\/\/acefootball.com\/da\/"},{"@type":"ListItem","position":2,"name":"S\u00e6tter alle til v\u00e6gs: Husker du Superliga-profilens vilde spurt?"}]},{"@type":"Article","@id":"https:\/\/acefootball.com\/da\/fodboldnyheder\/saetter-alle-til-vaegs-husker-du-superliga-profilens-vilde-spurt\/#article","isPartOf":{"@id":"https:\/\/acefootball.com\/da\/fodboldnyheder\/saetter-alle-til-vaegs-husker-du-superliga-profilens-vilde-spurt\/#webpage"},"author":{"@id":"https:\/\/acefootball.com\/da\/#\/schema\/person\/cc86c6803d8c93f30230e4dbed2a3844"},"headline":"S\u00e6tter alle til v\u00e6gs: Husker du Superliga-profilens vilde spurt?","datePublished":"2021-02-11T09:06:11+00:00","dateModified":"2021-02-11T09:06:12+00:00","mainEntityOfPage":{"@id":"https:\/\/acefootball.com\/da\/fodboldnyheder\/saetter-alle-til-vaegs-husker-du-superliga-profilens-vilde-spurt\/#webpage"},"wordCount":130,"commentCount":0,"publisher":{"@id":"https:\/\/acefootball.com\/da\/#organization"},"image":{"@id":"https:\/\/acefootball.com\/da\/fodboldnyheder\/saetter-alle-til-vaegs-husker-du-superliga-profilens-vilde-spurt\/#primaryimage"},"thumbnailUrl":"https:\/\/acefootball.com\/da\/wp-content\/uploads\/sites\/2\/2021\/02\/Design-uden-navn-2020-02-24T155042.374.png","keywords":["FC Midtjylland","Paulinho","Superligaen"],"articleSection":["Video"],"inLanguage":"en-US","potentialAction":[{"@type":"CommentAction","name":"Comment","target":["https:\/\/acefootball.com\/da\/fodboldnyheder\/saetter-alle-til-vaegs-husker-du-superliga-profilens-vilde-spurt\/#respond"]}]},{"@type":"Person","@id":"https:\/\/acefootball.com\/da\/#\/schema\/person\/cc86c6803d8c93f30230e4dbed2a3844","name":"Nicolaj M. J\u00f8rgensen","image":{"@type":"ImageObject","@id":"https:\/\/acefootball.com\/da\/#personlogo","inLanguage":"en-US","url":"https:\/\/secure.gravatar.com\/avatar\/757fd92a7fd5c1d31c37aee3425e7f74?s=96&d=mm&r=g","contentUrl":"https:\/\/secure.gravatar.com\/avatar\/757fd92a7fd5c1d31c37aee3425e7f74?s=96&d=mm&r=g","caption":"Nicolaj M. J\u00f8rgensen"},"url":"https:\/\/acefootball.com\/da\/fodboldnyheder\/author\/nicolajmortenj\/"}]}},"fimg_url":"https:\/\/acefootball.com\/da\/wp-content\/uploads\/sites\/2\/2021\/02\/Design-uden-navn-2020-02-24T155042.374.png","_links":{"self":[{"href":"https:\/\/acefootball.com\/da\/wp-json\/wp\/v2\/posts\/251583"}],"collection":[{"href":"https:\/\/acefootball.com\/da\/wp-json\/wp\/v2\/posts"}],"about":[{"href":"https:\/\/acefootball.com\/da\/wp-json\/wp\/v2\/types\/post"}],"author":[{"embeddable":true,"href":"https:\/\/acefootball.com\/da\/wp-json\/wp\/v2\/users\/347"}],"replies":[{"embeddable":true,"href":"https:\/\/acefootball.com\/da\/wp-json\/wp\/v2\/comments?post=251583"}],"version-history":[{"count":0,"href":"https:\/\/acefootball.com\/da\/wp-json\/wp\/v2\/posts\/251583\/revisions"}],"wp:featuredmedia":[{"embeddable":true,"href":"https:\/\/acefootball.com\/da\/wp-json\/wp\/v2\/media\/251586"}],"wp:attachment":[{"href":"https:\/\/acefootball.com\/da\/wp-json\/wp\/v2\/media?parent=251583"}],"wp:term":[{"taxonomy":"category","embeddable":true,"href":"https:\/\/acefootball.com\/da\/wp-json\/wp\/v2\/categories?post=251583"},{"taxonomy":"post_tag","embeddable":true,"href":"https:\/\/acefootball.com\/da\/wp-json\/wp\/v2\/tags?post=251583"}],"curies":[{"name":"wp","href":"https:\/\/api.w.org\/{rel}","templated":true}]}}