{"id":251495,"date":"2021-02-10T17:07:10","date_gmt":"2021-02-10T16:07:10","guid":{"rendered":"https:\/\/acefootball.com\/da\/?p=251495"},"modified":"2021-02-10T17:10:28","modified_gmt":"2021-02-10T16:10:28","slug":"vaerre-end-frygtet-saadan-kommer-nyt-inter-logo-til-at-se-ud","status":"publish","type":"post","link":"https:\/\/acefootball.com\/da\/fodboldnyheder\/vaerre-end-frygtet-saadan-kommer-nyt-inter-logo-til-at-se-ud\/","title":{"rendered":"V\u00e6rre end frygtet: S\u00e5dan kommer nyt Inter-logo til at se ud"},"content":{"rendered":"\n<h2 id=\"h-inter-er-p-vej-til-at-skifte-logoet-ud-til-en-mere-simpel-version-og-det-f-r-i-den-grad-h-rde-ord-med-p-vejen\">Inter er p\u00e5 vej til at skifte logoet ud til en mere simpel version, og det f\u00e5r i den grad h\u00e5rde ord med p\u00e5 vejen<\/h2>\n\n\n\n<p>I starten af \u00e5ret kom det frem, at Inter ville skifte logo, da klubbens kinesiske ejere ville g\u00f8re brandet mere kommercielt med en mere minimalistisk version.<\/p>\n\n\n\n<p>For et par uger siden dukkede der s\u00e5 et bud op p\u00e5 sociale medier med visse \u00e6ndringer, men hvor selve logoet fremstod ganske elegant og guldfarvet. Du kan se det i artiklen her:<\/p>\n\n\n\n<figure class=\"wp-block-embed is-type-wp-embed is-provider-ace-football-danmark wp-block-embed-ace-football-danmark\"><div class=\"wp-block-embed__wrapper\">\n<blockquote class=\"wp-embedded-content\" data-secret=\"u8ZE6BCBfA\"><a href=\"https:\/\/acefootball.com\/da\/fodboldnyheder\/leaked-inter-skifter-navn-og-faar-nyt-logo-se-det-her\/\">Leaked: Inter skifter navn og f\u00e5r nyt logo &#8211; se det her<\/a><\/blockquote><iframe class=\"wp-embedded-content\" sandbox=\"allow-scripts\" security=\"restricted\" style=\"position: absolute; clip: rect(1px, 1px, 1px, 1px);\" title=\"&#8220;Leaked: Inter skifter navn og f\u00e5r nyt logo &#8211; se det her&#8221; &#8212; Ace Football Danmark\" src=\"https:\/\/acefootball.com\/da\/fodboldnyheder\/leaked-inter-skifter-navn-og-faar-nyt-logo-se-det-her\/embed\/#?secret=u8ZE6BCBfA\" data-secret=\"u8ZE6BCBfA\" width=\"600\" height=\"338\" frameborder=\"0\" marginwidth=\"0\" marginheight=\"0\" scrolling=\"no\"><\/iframe>\n<\/div><\/figure>\n\n\n\n<p>Nu skulle der dog v\u00e6re sikkerhed om, hvordan det nye Inter-logo kommer til at se ud, da en ans\u00f8gning om varem\u00e6rke er blevet l\u00e6kket til den italienske presse.<\/p>\n\n\n\n<p>Og ganske vist er de centrale elementer pr\u00e6cis, som tidligere fremvist, men i stedet for guldfarverne f\u00e5r det officielle logo klubbens farver: bl\u00e5, sort og hvid.<\/p>\n\n\n\n<figure class=\"wp-block-embed is-type-rich is-provider-twitter wp-block-embed-twitter\"><div class=\"wp-block-embed__wrapper\">\n<blockquote class=\"twitter-tweet\" data-width=\"550\" data-dnt=\"true\"><p lang=\"en\" dir=\"ltr\">Leaks of <a href=\"https:\/\/twitter.com\/hashtag\/Inter?src=hash&amp;ref_src=twsrc%5Etfw\">#Inter<\/a>\u2019s new logo were confirmed thanks to a trademark application filed by the club. <a href=\"https:\/\/t.co\/qA76ZTZmFQ\">https:\/\/t.co\/qA76ZTZmFQ<\/a> <a href=\"https:\/\/twitter.com\/hashtag\/FCIM?src=hash&amp;ref_src=twsrc%5Etfw\">#FCIM<\/a> <a href=\"https:\/\/twitter.com\/hashtag\/SerieA?src=hash&amp;ref_src=twsrc%5Etfw\">#SerieA<\/a> <a href=\"https:\/\/twitter.com\/hashtag\/Calcio?src=hash&amp;ref_src=twsrc%5Etfw\">#Calcio<\/a> <a href=\"https:\/\/t.co\/sfLRuwfRNa\">pic.twitter.com\/sfLRuwfRNa<\/a><\/p>&mdash; footballitalia (@footballitalia) <a href=\"https:\/\/twitter.com\/footballitalia\/status\/1359478424323170305?ref_src=twsrc%5Etfw\">February 10, 2021<\/a><\/blockquote><script async src=\"https:\/\/platform.twitter.com\/widgets.js\" charset=\"utf-8\"><\/script>\n<\/div><\/figure>\n\n\n\n<p>Reaktionen p\u00e5 den f\u00f8rste udgave var ikke gode, men ovenst\u00e5ende valg har f\u00e5et endnu f\u00e6rre rosende ord med p\u00e5 vejen p\u00e5 sociale medier.<\/p>\n\n\n\n<p>Flere skriver, at det er blevet v\u00e6rre, og at det ligner et et generisk klublogo fra et computerspil.<\/p>\n\n\n\n<figure class=\"wp-block-embed is-type-wp-embed is-provider-ace-football-danmark wp-block-embed-ace-football-danmark\"><div class=\"wp-block-embed__wrapper\">\n<blockquote class=\"wp-embedded-content\" data-secret=\"wSHu7o8mhU\"><a href=\"https:\/\/acefootball.com\/da\/fodboldnyheder\/video-af-36-aarige-ronaldo-gaar-viralt-saetter-eriksen-og-co-af-med-vilde-driblinger\/\">Video af 36-\u00e5rige Ronaldo g\u00e5r viralt: S\u00e6tter Eriksen og co. af med vilde driblinger<\/a><\/blockquote><iframe class=\"wp-embedded-content\" sandbox=\"allow-scripts\" security=\"restricted\" style=\"position: absolute; clip: rect(1px, 1px, 1px, 1px);\" title=\"&#8220;Video af 36-\u00e5rige Ronaldo g\u00e5r viralt: S\u00e6tter Eriksen og co. af med vilde driblinger&#8221; &#8212; Ace Football Danmark\" src=\"https:\/\/acefootball.com\/da\/fodboldnyheder\/video-af-36-aarige-ronaldo-gaar-viralt-saetter-eriksen-og-co-af-med-vilde-driblinger\/embed\/#?secret=wSHu7o8mhU\" data-secret=\"wSHu7o8mhU\" width=\"600\" height=\"338\" frameborder=\"0\" marginwidth=\"0\" marginheight=\"0\" scrolling=\"no\"><\/iframe>\n<\/div><\/figure>\n","protected":false},"excerpt":{"rendered":"<p>Inter er p\u00e5 vej til at skifte logoet ud til en mere simpel version, og det f\u00e5r i den grad h\u00e5rde ord med p\u00e5 vejen<\/p>\n","protected":false},"author":705,"featured_media":250257,"comment_status":"open","ping_status":"closed","sticky":false,"template":"","format":"standard","meta":{"om_disable_all_campaigns":false,"push_articles_ronaldo":{"active":false,"canonical":0,"publish":false},"force_updates":null},"categories":[1],"tags":[394,131],"enet_tags":{"team":["8636"],"league":["55"],"sport_events":[]},"yoast_head":"<!-- This site is optimized with the Yoast SEO plugin v18.3 - https:\/\/yoast.com\/wordpress\/plugins\/seo\/ -->\n<title>V\u00e6rre end frygtet: S\u00e5dan kommer nyt Inter-logo til at se ud<\/title>\n<meta name=\"description\" content=\"Inter er p\u00e5 vej til at skifte logoet ud til en mere simpel version, og det f\u00e5r i den grad h\u00e5rde ord med p\u00e5 vejen\" \/>\n<meta name=\"robots\" content=\"index, follow, max-snippet:-1, max-image-preview:large, max-video-preview:-1\" \/>\n<link rel=\"canonical\" href=\"https:\/\/acefootball.com\/da\/fodboldnyheder\/vaerre-end-frygtet-saadan-kommer-nyt-inter-logo-til-at-se-ud\/\" \/>\n<meta property=\"og:locale\" content=\"en_US\" \/>\n<meta property=\"og:type\" content=\"article\" \/>\n<meta property=\"og:title\" content=\"V\u00e6rre end frygtet: S\u00e5dan kommer nyt Inter-logo til at se ud\" \/>\n<meta property=\"og:description\" content=\"Inter er p\u00e5 vej til at skifte logoet ud til en mere simpel version, og det f\u00e5r i den grad h\u00e5rde ord med p\u00e5 vejen\" \/>\n<meta property=\"og:url\" content=\"https:\/\/acefootball.com\/da\/fodboldnyheder\/vaerre-end-frygtet-saadan-kommer-nyt-inter-logo-til-at-se-ud\/\" \/>\n<meta property=\"og:site_name\" content=\"Ace Football Danmark\" \/>\n<meta property=\"article:publisher\" content=\"https:\/\/www.facebook.com\/acefootballdk\" \/>\n<meta property=\"article:published_time\" content=\"2021-02-10T16:07:10+00:00\" \/>\n<meta property=\"article:modified_time\" content=\"2021-02-10T16:10:28+00:00\" \/>\n<meta property=\"og:image\" content=\"https:\/\/acefootball.com\/da\/wp-content\/uploads\/sites\/2\/2021\/02\/Laes-mere-generel-1-4.jpg\" \/>\n\t<meta property=\"og:image:width\" content=\"1920\" \/>\n\t<meta property=\"og:image:height\" content=\"1008\" \/>\n\t<meta property=\"og:image:type\" content=\"image\/jpeg\" \/>\n<meta name=\"twitter:card\" content=\"summary_large_image\" \/>\n<meta name=\"twitter:label1\" content=\"Written by\" \/>\n\t<meta name=\"twitter:data1\" content=\"Mads Dreyer\" \/>\n\t<meta name=\"twitter:label2\" content=\"Est. reading time\" \/>\n\t<meta name=\"twitter:data2\" content=\"1 minute\" \/>\n<script type=\"application\/ld+json\" class=\"yoast-schema-graph\">{\"@context\":\"https:\/\/schema.org\",\"@graph\":[{\"@type\":\"Organization\",\"@id\":\"https:\/\/acefootball.com\/da\/#organization\",\"name\":\"Ace Football\",\"url\":\"https:\/\/acefootball.com\/da\/\",\"sameAs\":[\"https:\/\/www.facebook.com\/acefootballdk\"],\"logo\":{\"@type\":\"ImageObject\",\"@id\":\"https:\/\/acefootball.com\/da\/#logo\",\"inLanguage\":\"en-US\",\"url\":\"https:\/\/acefootball.com\/da\/wp-content\/uploads\/sites\/2\/2020\/07\/Ace-Football-30-07-2020-2.png\",\"contentUrl\":\"https:\/\/acefootball.com\/da\/wp-content\/uploads\/sites\/2\/2020\/07\/Ace-Football-30-07-2020-2.png\",\"width\":1200,\"height\":600,\"caption\":\"Ace Football\"},\"image\":{\"@id\":\"https:\/\/acefootball.com\/da\/#logo\"}},{\"@type\":\"WebSite\",\"@id\":\"https:\/\/acefootball.com\/da\/#website\",\"url\":\"https:\/\/acefootball.com\/da\/\",\"name\":\"Ace Football Danmark\",\"description\":\"Nyheder, Spiltips &amp; Livescore\",\"publisher\":{\"@id\":\"https:\/\/acefootball.com\/da\/#organization\"},\"potentialAction\":[{\"@type\":\"SearchAction\",\"target\":{\"@type\":\"EntryPoint\",\"urlTemplate\":\"https:\/\/acefootball.com\/da\/?s={search_term_string}\"},\"query-input\":\"required name=search_term_string\"}],\"inLanguage\":\"en-US\"},{\"@type\":\"ImageObject\",\"@id\":\"https:\/\/acefootball.com\/da\/fodboldnyheder\/vaerre-end-frygtet-saadan-kommer-nyt-inter-logo-til-at-se-ud\/#primaryimage\",\"inLanguage\":\"en-US\",\"url\":\"https:\/\/acefootball.com\/da\/wp-content\/uploads\/sites\/2\/2021\/02\/Laes-mere-generel-1-4.jpg\",\"contentUrl\":\"https:\/\/acefootball.com\/da\/wp-content\/uploads\/sites\/2\/2021\/02\/Laes-mere-generel-1-4.jpg\",\"width\":1920,\"height\":1008},{\"@type\":\"WebPage\",\"@id\":\"https:\/\/acefootball.com\/da\/fodboldnyheder\/vaerre-end-frygtet-saadan-kommer-nyt-inter-logo-til-at-se-ud\/#webpage\",\"url\":\"https:\/\/acefootball.com\/da\/fodboldnyheder\/vaerre-end-frygtet-saadan-kommer-nyt-inter-logo-til-at-se-ud\/\",\"name\":\"V\u00e6rre end frygtet: S\u00e5dan kommer nyt Inter-logo til at se ud\",\"isPartOf\":{\"@id\":\"https:\/\/acefootball.com\/da\/#website\"},\"primaryImageOfPage\":{\"@id\":\"https:\/\/acefootball.com\/da\/fodboldnyheder\/vaerre-end-frygtet-saadan-kommer-nyt-inter-logo-til-at-se-ud\/#primaryimage\"},\"datePublished\":\"2021-02-10T16:07:10+00:00\",\"dateModified\":\"2021-02-10T16:10:28+00:00\",\"description\":\"Inter er p\u00e5 vej til at skifte logoet ud til en mere simpel version, og det f\u00e5r i den grad h\u00e5rde ord med p\u00e5 vejen\",\"breadcrumb\":{\"@id\":\"https:\/\/acefootball.com\/da\/fodboldnyheder\/vaerre-end-frygtet-saadan-kommer-nyt-inter-logo-til-at-se-ud\/#breadcrumb\"},\"inLanguage\":\"en-US\",\"potentialAction\":[{\"@type\":\"ReadAction\",\"target\":[\"https:\/\/acefootball.com\/da\/fodboldnyheder\/vaerre-end-frygtet-saadan-kommer-nyt-inter-logo-til-at-se-ud\/\"]}]},{\"@type\":\"BreadcrumbList\",\"@id\":\"https:\/\/acefootball.com\/da\/fodboldnyheder\/vaerre-end-frygtet-saadan-kommer-nyt-inter-logo-til-at-se-ud\/#breadcrumb\",\"itemListElement\":[{\"@type\":\"ListItem\",\"position\":1,\"name\":\"Home\",\"item\":\"https:\/\/acefootball.com\/da\/\"},{\"@type\":\"ListItem\",\"position\":2,\"name\":\"V\u00e6rre end frygtet: S\u00e5dan kommer nyt Inter-logo til at se ud\"}]},{\"@type\":\"Article\",\"@id\":\"https:\/\/acefootball.com\/da\/fodboldnyheder\/vaerre-end-frygtet-saadan-kommer-nyt-inter-logo-til-at-se-ud\/#article\",\"isPartOf\":{\"@id\":\"https:\/\/acefootball.com\/da\/fodboldnyheder\/vaerre-end-frygtet-saadan-kommer-nyt-inter-logo-til-at-se-ud\/#webpage\"},\"author\":{\"@id\":\"https:\/\/acefootball.com\/da\/#\/schema\/person\/ee67e9cf04a276f144100ffa722f10cd\"},\"headline\":\"V\u00e6rre end frygtet: S\u00e5dan kommer nyt Inter-logo til at se ud\",\"datePublished\":\"2021-02-10T16:07:10+00:00\",\"dateModified\":\"2021-02-10T16:10:28+00:00\",\"mainEntityOfPage\":{\"@id\":\"https:\/\/acefootball.com\/da\/fodboldnyheder\/vaerre-end-frygtet-saadan-kommer-nyt-inter-logo-til-at-se-ud\/#webpage\"},\"wordCount\":224,\"commentCount\":0,\"publisher\":{\"@id\":\"https:\/\/acefootball.com\/da\/#organization\"},\"image\":{\"@id\":\"https:\/\/acefootball.com\/da\/fodboldnyheder\/vaerre-end-frygtet-saadan-kommer-nyt-inter-logo-til-at-se-ud\/#primaryimage\"},\"thumbnailUrl\":\"https:\/\/acefootball.com\/da\/wp-content\/uploads\/sites\/2\/2021\/01\/GettyImages-1299490393.jpg\",\"keywords\":[\"Inter Milan\",\"Serie A\"],\"articleSection\":[\"Nyhed\"],\"inLanguage\":\"en-US\",\"potentialAction\":[{\"@type\":\"CommentAction\",\"name\":\"Comment\",\"target\":[\"https:\/\/acefootball.com\/da\/fodboldnyheder\/vaerre-end-frygtet-saadan-kommer-nyt-inter-logo-til-at-se-ud\/#respond\"]}]},{\"@type\":\"Person\",\"@id\":\"https:\/\/acefootball.com\/da\/#\/schema\/person\/ee67e9cf04a276f144100ffa722f10cd\",\"name\":\"Mads Dreyer\",\"image\":{\"@type\":\"ImageObject\",\"@id\":\"https:\/\/acefootball.com\/da\/#personlogo\",\"inLanguage\":\"en-US\",\"url\":\"https:\/\/secure.gravatar.com\/avatar\/7c7abf72cfde9902b6a60efe60c88d4c?s=96&d=mm&r=g\",\"contentUrl\":\"https:\/\/secure.gravatar.com\/avatar\/7c7abf72cfde9902b6a60efe60c88d4c?s=96&d=mm&r=g\",\"caption\":\"Mads Dreyer\"},\"description\":\"Skribent og fodboldn\u00f8rd, der lige nu fort\u00e6ller om alt og intet i fodboldverdenen p\u00e5 acefootball.com. Uddannet i kommunikation fra Aalborg Universitet.\",\"sameAs\":[\"https:\/\/www.linkedin.com\/in\/mads-dreyer-b9b08266\/\"],\"url\":\"https:\/\/acefootball.com\/da\/fodboldnyheder\/author\/mdnronaldo\/\"}]}<\/script>\n<!-- \/ Yoast SEO plugin. -->","yoast_head_json":{"title":"V\u00e6rre end frygtet: S\u00e5dan kommer nyt Inter-logo til at se ud","description":"Inter er p\u00e5 vej til at skifte logoet ud til en mere simpel version, og det f\u00e5r i den grad h\u00e5rde ord med p\u00e5 vejen","robots":{"index":"index","follow":"follow","max-snippet":"max-snippet:-1","max-image-preview":"max-image-preview:large","max-video-preview":"max-video-preview:-1"},"canonical":"https:\/\/acefootball.com\/da\/fodboldnyheder\/vaerre-end-frygtet-saadan-kommer-nyt-inter-logo-til-at-se-ud\/","og_locale":"en_US","og_type":"article","og_title":"V\u00e6rre end frygtet: S\u00e5dan kommer nyt Inter-logo til at se ud","og_description":"Inter er p\u00e5 vej til at skifte logoet ud til en mere simpel version, og det f\u00e5r i den grad h\u00e5rde ord med p\u00e5 vejen","og_url":"https:\/\/acefootball.com\/da\/fodboldnyheder\/vaerre-end-frygtet-saadan-kommer-nyt-inter-logo-til-at-se-ud\/","og_site_name":"Ace Football Danmark","article_publisher":"https:\/\/www.facebook.com\/acefootballdk","article_published_time":"2021-02-10T16:07:10+00:00","article_modified_time":"2021-02-10T16:10:28+00:00","og_image":[{"width":1920,"height":1008,"url":"https:\/\/acefootball.com\/da\/wp-content\/uploads\/sites\/2\/2021\/02\/Laes-mere-generel-1-4.jpg","type":"image\/jpeg"}],"twitter_card":"summary_large_image","twitter_misc":{"Written by":"Mads Dreyer","Est. reading time":"1 minute"},"schema":{"@context":"https:\/\/schema.org","@graph":[{"@type":"Organization","@id":"https:\/\/acefootball.com\/da\/#organization","name":"Ace Football","url":"https:\/\/acefootball.com\/da\/","sameAs":["https:\/\/www.facebook.com\/acefootballdk"],"logo":{"@type":"ImageObject","@id":"https:\/\/acefootball.com\/da\/#logo","inLanguage":"en-US","url":"https:\/\/acefootball.com\/da\/wp-content\/uploads\/sites\/2\/2020\/07\/Ace-Football-30-07-2020-2.png","contentUrl":"https:\/\/acefootball.com\/da\/wp-content\/uploads\/sites\/2\/2020\/07\/Ace-Football-30-07-2020-2.png","width":1200,"height":600,"caption":"Ace Football"},"image":{"@id":"https:\/\/acefootball.com\/da\/#logo"}},{"@type":"WebSite","@id":"https:\/\/acefootball.com\/da\/#website","url":"https:\/\/acefootball.com\/da\/","name":"Ace Football Danmark","description":"Nyheder, Spiltips &amp; Livescore","publisher":{"@id":"https:\/\/acefootball.com\/da\/#organization"},"potentialAction":[{"@type":"SearchAction","target":{"@type":"EntryPoint","urlTemplate":"https:\/\/acefootball.com\/da\/?s={search_term_string}"},"query-input":"required name=search_term_string"}],"inLanguage":"en-US"},{"@type":"ImageObject","@id":"https:\/\/acefootball.com\/da\/fodboldnyheder\/vaerre-end-frygtet-saadan-kommer-nyt-inter-logo-til-at-se-ud\/#primaryimage","inLanguage":"en-US","url":"https:\/\/acefootball.com\/da\/wp-content\/uploads\/sites\/2\/2021\/02\/Laes-mere-generel-1-4.jpg","contentUrl":"https:\/\/acefootball.com\/da\/wp-content\/uploads\/sites\/2\/2021\/02\/Laes-mere-generel-1-4.jpg","width":1920,"height":1008},{"@type":"WebPage","@id":"https:\/\/acefootball.com\/da\/fodboldnyheder\/vaerre-end-frygtet-saadan-kommer-nyt-inter-logo-til-at-se-ud\/#webpage","url":"https:\/\/acefootball.com\/da\/fodboldnyheder\/vaerre-end-frygtet-saadan-kommer-nyt-inter-logo-til-at-se-ud\/","name":"V\u00e6rre end frygtet: S\u00e5dan kommer nyt Inter-logo til at se ud","isPartOf":{"@id":"https:\/\/acefootball.com\/da\/#website"},"primaryImageOfPage":{"@id":"https:\/\/acefootball.com\/da\/fodboldnyheder\/vaerre-end-frygtet-saadan-kommer-nyt-inter-logo-til-at-se-ud\/#primaryimage"},"datePublished":"2021-02-10T16:07:10+00:00","dateModified":"2021-02-10T16:10:28+00:00","description":"Inter er p\u00e5 vej til at skifte logoet ud til en mere simpel version, og det f\u00e5r i den grad h\u00e5rde ord med p\u00e5 vejen","breadcrumb":{"@id":"https:\/\/acefootball.com\/da\/fodboldnyheder\/vaerre-end-frygtet-saadan-kommer-nyt-inter-logo-til-at-se-ud\/#breadcrumb"},"inLanguage":"en-US","potentialAction":[{"@type":"ReadAction","target":["https:\/\/acefootball.com\/da\/fodboldnyheder\/vaerre-end-frygtet-saadan-kommer-nyt-inter-logo-til-at-se-ud\/"]}]},{"@type":"BreadcrumbList","@id":"https:\/\/acefootball.com\/da\/fodboldnyheder\/vaerre-end-frygtet-saadan-kommer-nyt-inter-logo-til-at-se-ud\/#breadcrumb","itemListElement":[{"@type":"ListItem","position":1,"name":"Home","item":"https:\/\/acefootball.com\/da\/"},{"@type":"ListItem","position":2,"name":"V\u00e6rre end frygtet: S\u00e5dan kommer nyt Inter-logo til at se ud"}]},{"@type":"Article","@id":"https:\/\/acefootball.com\/da\/fodboldnyheder\/vaerre-end-frygtet-saadan-kommer-nyt-inter-logo-til-at-se-ud\/#article","isPartOf":{"@id":"https:\/\/acefootball.com\/da\/fodboldnyheder\/vaerre-end-frygtet-saadan-kommer-nyt-inter-logo-til-at-se-ud\/#webpage"},"author":{"@id":"https:\/\/acefootball.com\/da\/#\/schema\/person\/ee67e9cf04a276f144100ffa722f10cd"},"headline":"V\u00e6rre end frygtet: S\u00e5dan kommer nyt Inter-logo til at se ud","datePublished":"2021-02-10T16:07:10+00:00","dateModified":"2021-02-10T16:10:28+00:00","mainEntityOfPage":{"@id":"https:\/\/acefootball.com\/da\/fodboldnyheder\/vaerre-end-frygtet-saadan-kommer-nyt-inter-logo-til-at-se-ud\/#webpage"},"wordCount":224,"commentCount":0,"publisher":{"@id":"https:\/\/acefootball.com\/da\/#organization"},"image":{"@id":"https:\/\/acefootball.com\/da\/fodboldnyheder\/vaerre-end-frygtet-saadan-kommer-nyt-inter-logo-til-at-se-ud\/#primaryimage"},"thumbnailUrl":"https:\/\/acefootball.com\/da\/wp-content\/uploads\/sites\/2\/2021\/01\/GettyImages-1299490393.jpg","keywords":["Inter Milan","Serie A"],"articleSection":["Nyhed"],"inLanguage":"en-US","potentialAction":[{"@type":"CommentAction","name":"Comment","target":["https:\/\/acefootball.com\/da\/fodboldnyheder\/vaerre-end-frygtet-saadan-kommer-nyt-inter-logo-til-at-se-ud\/#respond"]}]},{"@type":"Person","@id":"https:\/\/acefootball.com\/da\/#\/schema\/person\/ee67e9cf04a276f144100ffa722f10cd","name":"Mads Dreyer","image":{"@type":"ImageObject","@id":"https:\/\/acefootball.com\/da\/#personlogo","inLanguage":"en-US","url":"https:\/\/secure.gravatar.com\/avatar\/7c7abf72cfde9902b6a60efe60c88d4c?s=96&d=mm&r=g","contentUrl":"https:\/\/secure.gravatar.com\/avatar\/7c7abf72cfde9902b6a60efe60c88d4c?s=96&d=mm&r=g","caption":"Mads Dreyer"},"description":"Skribent og fodboldn\u00f8rd, der lige nu fort\u00e6ller om alt og intet i fodboldverdenen p\u00e5 acefootball.com. Uddannet i kommunikation fra Aalborg Universitet.","sameAs":["https:\/\/www.linkedin.com\/in\/mads-dreyer-b9b08266\/"],"url":"https:\/\/acefootball.com\/da\/fodboldnyheder\/author\/mdnronaldo\/"}]}},"fimg_url":"https:\/\/acefootball.com\/da\/wp-content\/uploads\/sites\/2\/2021\/01\/GettyImages-1299490393.jpg","_links":{"self":[{"href":"https:\/\/acefootball.com\/da\/wp-json\/wp\/v2\/posts\/251495"}],"collection":[{"href":"https:\/\/acefootball.com\/da\/wp-json\/wp\/v2\/posts"}],"about":[{"href":"https:\/\/acefootball.com\/da\/wp-json\/wp\/v2\/types\/post"}],"author":[{"embeddable":true,"href":"https:\/\/acefootball.com\/da\/wp-json\/wp\/v2\/users\/705"}],"replies":[{"embeddable":true,"href":"https:\/\/acefootball.com\/da\/wp-json\/wp\/v2\/comments?post=251495"}],"version-history":[{"count":0,"href":"https:\/\/acefootball.com\/da\/wp-json\/wp\/v2\/posts\/251495\/revisions"}],"wp:featuredmedia":[{"embeddable":true,"href":"https:\/\/acefootball.com\/da\/wp-json\/wp\/v2\/media\/250257"}],"wp:attachment":[{"href":"https:\/\/acefootball.com\/da\/wp-json\/wp\/v2\/media?parent=251495"}],"wp:term":[{"taxonomy":"category","embeddable":true,"href":"https:\/\/acefootball.com\/da\/wp-json\/wp\/v2\/categories?post=251495"},{"taxonomy":"post_tag","embeddable":true,"href":"https:\/\/acefootball.com\/da\/wp-json\/wp\/v2\/tags?post=251495"}],"curies":[{"name":"wp","href":"https:\/\/api.w.org\/{rel}","templated":true}]}}