{"id":251463,"date":"2021-02-10T13:44:15","date_gmt":"2021-02-10T12:44:15","guid":{"rendered":"https:\/\/acefootball.com\/da\/?p=251463"},"modified":"2021-02-10T13:50:55","modified_gmt":"2021-02-10T12:50:55","slug":"werge-hyldes-efter-stop-fodboldstemmen-fra-min-barndom","status":"publish","type":"post","link":"https:\/\/acefootball.com\/da\/fodboldnyheder\/werge-hyldes-efter-stop-fodboldstemmen-fra-min-barndom\/","title":{"rendered":"Werge hyldes efter stop: Fodboldstemmen fra min barndom!"},"content":{"rendered":"\n<h2 id=\"h-carsten-werge-skifter-tilv-relsen-som-kommentator-p-viasat-ud-med-et-job-som-fodboldredakt-r-p-tv2-og-han-bliver-nu-hyldet-p-de-sociale-medier\">Carsten Werge skifter tilv\u00e6relsen som kommentator p\u00e5 Viasat ud med et job som fodboldredakt\u00f8r p\u00e5 TV2, og han bliver nu hyldet p\u00e5 de sociale medier<\/h2>\n\n\n\n<p>TV2 kunne onsdag pr\u00e6sentere Carsten Werge som ny fodboldredakt\u00f8r p\u00e5 stationens redaktion, og det er i den grad en popul\u00e6r herrer, der tiltr\u00e6der i sin nye rolle til april. <\/p>\n\n\n\n<p>Werge har i mere end 22 \u00e5r arbejdet som fodboldkommentator, studiev\u00e6rt og reporter hos TV3\/NENT, og nu l\u00e6gger han alts\u00e5 mikrofonen p\u00e5 hylden for at hellige sig til det redaktionelle arbejde hos TV2.<\/p>\n\n\n\n<p>Nyheden har da ogs\u00e5 f\u00e5et folk til tasterne p\u00e5 de sociale medier, hvor Werge hyldes for at v\u00e6re stemmen til mange uforglemmelige fodbold\u00f8jeblikke, og det kommer folk til at savne ham for.<\/p>\n\n\n\n<p>Se et udsnit af opslagene her:<\/p>\n\n\n\n<figure class=\"wp-block-embed is-type-rich is-provider-twitter wp-block-embed-twitter\"><div class=\"wp-block-embed__wrapper\">\n<blockquote class=\"twitter-tweet\" data-width=\"550\" data-dnt=\"true\"><p lang=\"da\" dir=\"ltr\">Legende er ikke en d\u00e6kkende beskrivelse af Werge. Det har v\u00e6ret en uds\u00f8gt \u00e6re at f\u00e5 lov at arbejde ved siden af en mand, der har sat s\u00e5 eftertrykkeligt aftryk p\u00e5 faget. En forn\u00f8jelse menneskeligt og et privilegie fagligt. Fuld af respekt. Du er lyden af fodbold \ud83c\udfc6 P\u00f8j p\u00f8j, gamle! <a href=\"https:\/\/t.co\/rIsZxqMAIK\">pic.twitter.com\/rIsZxqMAIK<\/a><\/p>&mdash; Jon Pagh (@JonPagh) <a href=\"https:\/\/twitter.com\/JonPagh\/status\/1359478763390697472?ref_src=twsrc%5Etfw\">February 10, 2021<\/a><\/blockquote><script async src=\"https:\/\/platform.twitter.com\/widgets.js\" charset=\"utf-8\"><\/script>\n<\/div><\/figure>\n\n\n\n<figure class=\"wp-block-embed is-type-rich is-provider-twitter wp-block-embed-twitter\"><div class=\"wp-block-embed__wrapper\">\n<blockquote class=\"twitter-tweet\" data-width=\"550\" data-dnt=\"true\"><p lang=\"da\" dir=\"ltr\">Jeg nedl\u00e6gger veto. Fodboldstemmen fra min barndom kan ikke bare forsvinde. <a href=\"https:\/\/twitter.com\/hashtag\/sldk?src=hash&amp;ref_src=twsrc%5Etfw\">#sldk<\/a> <a href=\"https:\/\/t.co\/vQXZx7swbL\">https:\/\/t.co\/vQXZx7swbL<\/a><\/p>&mdash; Benjamin Lillelund (@lillelundb) <a href=\"https:\/\/twitter.com\/lillelundb\/status\/1359475450788126723?ref_src=twsrc%5Etfw\">February 10, 2021<\/a><\/blockquote><script async src=\"https:\/\/platform.twitter.com\/widgets.js\" charset=\"utf-8\"><\/script>\n<\/div><\/figure>\n\n\n\n<figure class=\"wp-block-embed is-type-rich is-provider-twitter wp-block-embed-twitter\"><div class=\"wp-block-embed__wrapper\">\n<blockquote class=\"twitter-tweet\" data-width=\"550\" data-dnt=\"true\"><p lang=\"da\" dir=\"ltr\">Tak for kampene, <a href=\"https:\/\/twitter.com\/wergecw?ref_src=twsrc%5Etfw\">@wergecw<\/a>. CL bliver ikke helt det samme uden dig. Held og lykke p\u00e5 TV2.<\/p>&mdash; Den hemmelige Cul\u00e9 (@BarcaRelated) <a href=\"https:\/\/twitter.com\/BarcaRelated\/status\/1359475399856713734?ref_src=twsrc%5Etfw\">February 10, 2021<\/a><\/blockquote><script async src=\"https:\/\/platform.twitter.com\/widgets.js\" charset=\"utf-8\"><\/script>\n<\/div><\/figure>\n\n\n\n<figure class=\"wp-block-embed is-type-rich is-provider-twitter wp-block-embed-twitter\"><div class=\"wp-block-embed__wrapper\">\n<blockquote class=\"twitter-tweet\" data-width=\"550\" data-dnt=\"true\"><p lang=\"da\" dir=\"ltr\">Kommer godt nok til at savne dig  <a href=\"https:\/\/twitter.com\/wergecw?ref_src=twsrc%5Etfw\">@wergecw<\/a><\/p>&mdash; Luna Christofi (@ChristofiLuna) <a href=\"https:\/\/twitter.com\/ChristofiLuna\/status\/1359478083020091395?ref_src=twsrc%5Etfw\">February 10, 2021<\/a><\/blockquote><script async src=\"https:\/\/platform.twitter.com\/widgets.js\" charset=\"utf-8\"><\/script>\n<\/div><\/figure>\n\n\n\n<figure class=\"wp-block-embed is-type-rich is-provider-twitter wp-block-embed-twitter\"><div class=\"wp-block-embed__wrapper\">\n<blockquote class=\"twitter-tweet\" data-width=\"550\" data-dnt=\"true\"><p lang=\"da\" dir=\"ltr\">Det kan godt v\u00e6re, Carsten Werge har v\u00e6ret meget udsk\u00e6ldt den seneste tid. Men de seneste 23 \u00e5r har han kommenteret fodbold for NENT, og han er lyden af Superliga for mig. En utrolig flot karriere hos NENT, hvor han virkelig har sat aftryk p\u00e5 dansk sportsjournalistik. <a href=\"https:\/\/twitter.com\/hashtag\/dkmedier?src=hash&amp;ref_src=twsrc%5Etfw\">#dkmedier<\/a><\/p>&mdash; Marcus Linkhorst (@MarcusLinkhorst) <a href=\"https:\/\/twitter.com\/MarcusLinkhorst\/status\/1359476486407913477?ref_src=twsrc%5Etfw\">February 10, 2021<\/a><\/blockquote><script async src=\"https:\/\/platform.twitter.com\/widgets.js\" charset=\"utf-8\"><\/script>\n<\/div><\/figure>\n\n\n\n<figure class=\"wp-block-embed is-type-rich is-provider-twitter wp-block-embed-twitter\"><div class=\"wp-block-embed__wrapper\">\n<blockquote class=\"twitter-tweet\" data-width=\"550\" data-dnt=\"true\"><p lang=\"da\" dir=\"ltr\">For mig er Carsten Werge lyden af Champions League og Superligaen. Den st\u00f8rste danske kommentator i nyere tid. Det bliver m\u00e6rkeligt at skulle se de store CHL kampe uden Werge ved mikrofonen. \u00d8v \u00f8v.<\/p>&mdash; Daniel Holm (@DanielHolm9) <a href=\"https:\/\/twitter.com\/DanielHolm9\/status\/1359476288646438915?ref_src=twsrc%5Etfw\">February 10, 2021<\/a><\/blockquote><script async src=\"https:\/\/platform.twitter.com\/widgets.js\" charset=\"utf-8\"><\/script>\n<\/div><\/figure>\n\n\n\n<figure class=\"wp-block-embed is-type-rich is-provider-twitter wp-block-embed-twitter\"><div class=\"wp-block-embed__wrapper\">\n<blockquote class=\"twitter-tweet\" data-width=\"550\" data-dnt=\"true\"><p lang=\"da\" dir=\"ltr\">Wow, st\u00e6rk signing. Vil savne Carsten bag mikrofonen men selv de st\u00f8rste spillere takker jo af, og g\u00e5r s\u00e5 indimellem tr\u00e6nervejen. Er sikker p\u00e5 det nok skal blive en succes.<\/p>&mdash; Carsten Fog Hansen (@cfoghansen) <a href=\"https:\/\/twitter.com\/cfoghansen\/status\/1359474312978321408?ref_src=twsrc%5Etfw\">February 10, 2021<\/a><\/blockquote><script async src=\"https:\/\/platform.twitter.com\/widgets.js\" charset=\"utf-8\"><\/script>\n<\/div><\/figure>\n\n\n\n<figure class=\"wp-block-embed is-type-rich is-provider-twitter wp-block-embed-twitter\"><div class=\"wp-block-embed__wrapper\">\n<blockquote class=\"twitter-tweet\" data-width=\"550\" data-dnt=\"true\"><p lang=\"da\" dir=\"ltr\">Jeg kommer til at savne <a href=\"https:\/\/twitter.com\/wergecw?ref_src=twsrc%5Etfw\">@wergecw<\/a>. En utrolig dygtig journalist og kommentator og, ja, rapk\u00e6ftet, men ogs\u00e5 et meget rart og dejligt menneske. Held og lykke p\u00e5 TV2.<\/p>&mdash; Jonas Schwartz (@JonasSchwartz75) <a href=\"https:\/\/twitter.com\/JonasSchwartz75\/status\/1359480396799483904?ref_src=twsrc%5Etfw\">February 10, 2021<\/a><\/blockquote><script async src=\"https:\/\/platform.twitter.com\/widgets.js\" charset=\"utf-8\"><\/script>\n<\/div><\/figure>\n\n\n\n<p>61-\u00e5rige Carsten Werge har sidste arbejdsdag hos Viasat p\u00e5 mandag.<\/p>\n","protected":false},"excerpt":{"rendered":"<p>Carsten Werge skifter tilv\u00e6relsen som kommentator p\u00e5 Viasat ud med et job som fodboldredakt\u00f8r p\u00e5 TV2, og bliver nu hyldet p\u00e5 de sociale medier<\/p>\n","protected":false},"author":43,"featured_media":251472,"comment_status":"open","ping_status":"closed","sticky":false,"template":"","format":"standard","meta":{"om_disable_all_campaigns":false,"push_articles_ronaldo":{"active":false,"canonical":0,"publish":false},"force_updates":null},"categories":[1],"tags":[206,692,588],"enet_tags":{"league":["42","46"],"team":["8238"],"sport_events":[]},"yoast_head":"<!-- This site is optimized with the Yoast SEO plugin v18.3 - https:\/\/yoast.com\/wordpress\/plugins\/seo\/ -->\n<title>Werge hyldes efter stop: Fodboldstemmen fra min barndom!<\/title>\n<meta name=\"description\" content=\"Carsten Werge skifter tilv\u00e6relsen som kommentator p\u00e5 Viasat ud med et job som fodboldredakt\u00f8r p\u00e5 TV2, og bliver nu hyldet p\u00e5 de sociale medier\" \/>\n<meta name=\"robots\" content=\"index, follow, max-snippet:-1, max-image-preview:large, max-video-preview:-1\" \/>\n<link rel=\"canonical\" href=\"https:\/\/acefootball.com\/da\/fodboldnyheder\/werge-hyldes-efter-stop-fodboldstemmen-fra-min-barndom\/\" \/>\n<meta property=\"og:locale\" content=\"en_US\" \/>\n<meta property=\"og:type\" content=\"article\" \/>\n<meta property=\"og:title\" content=\"Werge hyldes efter stop: Fodboldstemmen fra min barndom!\" \/>\n<meta property=\"og:description\" content=\"Carsten Werge skifter tilv\u00e6relsen som kommentator p\u00e5 Viasat ud med et job som fodboldredakt\u00f8r p\u00e5 TV2, og bliver nu hyldet p\u00e5 de sociale medier\" \/>\n<meta property=\"og:url\" content=\"https:\/\/acefootball.com\/da\/fodboldnyheder\/werge-hyldes-efter-stop-fodboldstemmen-fra-min-barndom\/\" \/>\n<meta property=\"og:site_name\" content=\"Ace Football Danmark\" \/>\n<meta property=\"article:publisher\" content=\"https:\/\/www.facebook.com\/acefootballdk\" \/>\n<meta property=\"article:published_time\" content=\"2021-02-10T12:44:15+00:00\" \/>\n<meta property=\"article:modified_time\" content=\"2021-02-10T12:50:55+00:00\" \/>\n<meta property=\"og:image\" content=\"https:\/\/acefootball.com\/da\/wp-content\/uploads\/sites\/2\/2021\/02\/Laes-mere-generel-50.jpg\" \/>\n\t<meta property=\"og:image:width\" content=\"1920\" \/>\n\t<meta property=\"og:image:height\" content=\"1008\" \/>\n\t<meta property=\"og:image:type\" content=\"image\/jpeg\" \/>\n<meta name=\"twitter:card\" content=\"summary_large_image\" \/>\n<meta name=\"twitter:label1\" content=\"Written by\" \/>\n\t<meta name=\"twitter:data1\" content=\"Mikki M\u00f8ller-Iversen\" \/>\n\t<meta name=\"twitter:label2\" content=\"Est. reading time\" \/>\n\t<meta name=\"twitter:data2\" content=\"1 minute\" \/>\n<script type=\"application\/ld+json\" class=\"yoast-schema-graph\">{\"@context\":\"https:\/\/schema.org\",\"@graph\":[{\"@type\":\"Organization\",\"@id\":\"https:\/\/acefootball.com\/da\/#organization\",\"name\":\"Ace Football\",\"url\":\"https:\/\/acefootball.com\/da\/\",\"sameAs\":[\"https:\/\/www.facebook.com\/acefootballdk\"],\"logo\":{\"@type\":\"ImageObject\",\"@id\":\"https:\/\/acefootball.com\/da\/#logo\",\"inLanguage\":\"en-US\",\"url\":\"https:\/\/acefootball.com\/da\/wp-content\/uploads\/sites\/2\/2020\/07\/Ace-Football-30-07-2020-2.png\",\"contentUrl\":\"https:\/\/acefootball.com\/da\/wp-content\/uploads\/sites\/2\/2020\/07\/Ace-Football-30-07-2020-2.png\",\"width\":1200,\"height\":600,\"caption\":\"Ace Football\"},\"image\":{\"@id\":\"https:\/\/acefootball.com\/da\/#logo\"}},{\"@type\":\"WebSite\",\"@id\":\"https:\/\/acefootball.com\/da\/#website\",\"url\":\"https:\/\/acefootball.com\/da\/\",\"name\":\"Ace Football Danmark\",\"description\":\"Nyheder, Spiltips &amp; Livescore\",\"publisher\":{\"@id\":\"https:\/\/acefootball.com\/da\/#organization\"},\"potentialAction\":[{\"@type\":\"SearchAction\",\"target\":{\"@type\":\"EntryPoint\",\"urlTemplate\":\"https:\/\/acefootball.com\/da\/?s={search_term_string}\"},\"query-input\":\"required name=search_term_string\"}],\"inLanguage\":\"en-US\"},{\"@type\":\"ImageObject\",\"@id\":\"https:\/\/acefootball.com\/da\/fodboldnyheder\/werge-hyldes-efter-stop-fodboldstemmen-fra-min-barndom\/#primaryimage\",\"inLanguage\":\"en-US\",\"url\":\"https:\/\/acefootball.com\/da\/wp-content\/uploads\/sites\/2\/2021\/02\/Laes-mere-generel-50.jpg\",\"contentUrl\":\"https:\/\/acefootball.com\/da\/wp-content\/uploads\/sites\/2\/2021\/02\/Laes-mere-generel-50.jpg\",\"width\":1920,\"height\":1008},{\"@type\":\"WebPage\",\"@id\":\"https:\/\/acefootball.com\/da\/fodboldnyheder\/werge-hyldes-efter-stop-fodboldstemmen-fra-min-barndom\/#webpage\",\"url\":\"https:\/\/acefootball.com\/da\/fodboldnyheder\/werge-hyldes-efter-stop-fodboldstemmen-fra-min-barndom\/\",\"name\":\"Werge hyldes efter stop: Fodboldstemmen fra min barndom!\",\"isPartOf\":{\"@id\":\"https:\/\/acefootball.com\/da\/#website\"},\"primaryImageOfPage\":{\"@id\":\"https:\/\/acefootball.com\/da\/fodboldnyheder\/werge-hyldes-efter-stop-fodboldstemmen-fra-min-barndom\/#primaryimage\"},\"datePublished\":\"2021-02-10T12:44:15+00:00\",\"dateModified\":\"2021-02-10T12:50:55+00:00\",\"description\":\"Carsten Werge skifter tilv\u00e6relsen som kommentator p\u00e5 Viasat ud med et job som fodboldredakt\u00f8r p\u00e5 TV2, og bliver nu hyldet p\u00e5 de sociale medier\",\"breadcrumb\":{\"@id\":\"https:\/\/acefootball.com\/da\/fodboldnyheder\/werge-hyldes-efter-stop-fodboldstemmen-fra-min-barndom\/#breadcrumb\"},\"inLanguage\":\"en-US\",\"potentialAction\":[{\"@type\":\"ReadAction\",\"target\":[\"https:\/\/acefootball.com\/da\/fodboldnyheder\/werge-hyldes-efter-stop-fodboldstemmen-fra-min-barndom\/\"]}]},{\"@type\":\"BreadcrumbList\",\"@id\":\"https:\/\/acefootball.com\/da\/fodboldnyheder\/werge-hyldes-efter-stop-fodboldstemmen-fra-min-barndom\/#breadcrumb\",\"itemListElement\":[{\"@type\":\"ListItem\",\"position\":1,\"name\":\"Home\",\"item\":\"https:\/\/acefootball.com\/da\/\"},{\"@type\":\"ListItem\",\"position\":2,\"name\":\"Werge hyldes efter stop: Fodboldstemmen fra min barndom!\"}]},{\"@type\":\"Article\",\"@id\":\"https:\/\/acefootball.com\/da\/fodboldnyheder\/werge-hyldes-efter-stop-fodboldstemmen-fra-min-barndom\/#article\",\"isPartOf\":{\"@id\":\"https:\/\/acefootball.com\/da\/fodboldnyheder\/werge-hyldes-efter-stop-fodboldstemmen-fra-min-barndom\/#webpage\"},\"author\":{\"@id\":\"https:\/\/acefootball.com\/da\/#\/schema\/person\/017c0abe4a8e92938220bf6c097dda93\"},\"headline\":\"Werge hyldes efter stop: Fodboldstemmen fra min barndom!\",\"datePublished\":\"2021-02-10T12:44:15+00:00\",\"dateModified\":\"2021-02-10T12:50:55+00:00\",\"mainEntityOfPage\":{\"@id\":\"https:\/\/acefootball.com\/da\/fodboldnyheder\/werge-hyldes-efter-stop-fodboldstemmen-fra-min-barndom\/#webpage\"},\"wordCount\":195,\"commentCount\":0,\"publisher\":{\"@id\":\"https:\/\/acefootball.com\/da\/#organization\"},\"image\":{\"@id\":\"https:\/\/acefootball.com\/da\/fodboldnyheder\/werge-hyldes-efter-stop-fodboldstemmen-fra-min-barndom\/#primaryimage\"},\"thumbnailUrl\":\"https:\/\/acefootball.com\/da\/wp-content\/uploads\/sites\/2\/2021\/02\/GettyImages-504426797.jpg\",\"keywords\":[\"Champions League\",\"Danmark\",\"Superligaen\"],\"articleSection\":[\"Nyhed\"],\"inLanguage\":\"en-US\",\"potentialAction\":[{\"@type\":\"CommentAction\",\"name\":\"Comment\",\"target\":[\"https:\/\/acefootball.com\/da\/fodboldnyheder\/werge-hyldes-efter-stop-fodboldstemmen-fra-min-barndom\/#respond\"]}]},{\"@type\":\"Person\",\"@id\":\"https:\/\/acefootball.com\/da\/#\/schema\/person\/017c0abe4a8e92938220bf6c097dda93\",\"name\":\"Mikki M\u00f8ller-Iversen\",\"image\":{\"@type\":\"ImageObject\",\"@id\":\"https:\/\/acefootball.com\/da\/#personlogo\",\"inLanguage\":\"en-US\",\"url\":\"https:\/\/secure.gravatar.com\/avatar\/e05b419e8b5ae5fcf516800181b96aa2?s=96&d=mm&r=g\",\"contentUrl\":\"https:\/\/secure.gravatar.com\/avatar\/e05b419e8b5ae5fcf516800181b96aa2?s=96&d=mm&r=g\",\"caption\":\"Mikki M\u00f8ller-Iversen\"},\"description\":\"Social Media Manager and writer at Ace Football. Main focus on Danish football and special stories.\",\"sameAs\":[\"https:\/\/www.linkedin.com\/in\/mikki-mller-iversen-26a3a689\/\"],\"url\":\"https:\/\/acefootball.com\/da\/fodboldnyheder\/author\/mmironaldo\/\"}]}<\/script>\n<!-- \/ Yoast SEO plugin. -->","yoast_head_json":{"title":"Werge hyldes efter stop: Fodboldstemmen fra min barndom!","description":"Carsten Werge skifter tilv\u00e6relsen som kommentator p\u00e5 Viasat ud med et job som fodboldredakt\u00f8r p\u00e5 TV2, og bliver nu hyldet p\u00e5 de sociale medier","robots":{"index":"index","follow":"follow","max-snippet":"max-snippet:-1","max-image-preview":"max-image-preview:large","max-video-preview":"max-video-preview:-1"},"canonical":"https:\/\/acefootball.com\/da\/fodboldnyheder\/werge-hyldes-efter-stop-fodboldstemmen-fra-min-barndom\/","og_locale":"en_US","og_type":"article","og_title":"Werge hyldes efter stop: Fodboldstemmen fra min barndom!","og_description":"Carsten Werge skifter tilv\u00e6relsen som kommentator p\u00e5 Viasat ud med et job som fodboldredakt\u00f8r p\u00e5 TV2, og bliver nu hyldet p\u00e5 de sociale medier","og_url":"https:\/\/acefootball.com\/da\/fodboldnyheder\/werge-hyldes-efter-stop-fodboldstemmen-fra-min-barndom\/","og_site_name":"Ace Football Danmark","article_publisher":"https:\/\/www.facebook.com\/acefootballdk","article_published_time":"2021-02-10T12:44:15+00:00","article_modified_time":"2021-02-10T12:50:55+00:00","og_image":[{"width":1920,"height":1008,"url":"https:\/\/acefootball.com\/da\/wp-content\/uploads\/sites\/2\/2021\/02\/Laes-mere-generel-50.jpg","type":"image\/jpeg"}],"twitter_card":"summary_large_image","twitter_misc":{"Written by":"Mikki M\u00f8ller-Iversen","Est. reading time":"1 minute"},"schema":{"@context":"https:\/\/schema.org","@graph":[{"@type":"Organization","@id":"https:\/\/acefootball.com\/da\/#organization","name":"Ace Football","url":"https:\/\/acefootball.com\/da\/","sameAs":["https:\/\/www.facebook.com\/acefootballdk"],"logo":{"@type":"ImageObject","@id":"https:\/\/acefootball.com\/da\/#logo","inLanguage":"en-US","url":"https:\/\/acefootball.com\/da\/wp-content\/uploads\/sites\/2\/2020\/07\/Ace-Football-30-07-2020-2.png","contentUrl":"https:\/\/acefootball.com\/da\/wp-content\/uploads\/sites\/2\/2020\/07\/Ace-Football-30-07-2020-2.png","width":1200,"height":600,"caption":"Ace Football"},"image":{"@id":"https:\/\/acefootball.com\/da\/#logo"}},{"@type":"WebSite","@id":"https:\/\/acefootball.com\/da\/#website","url":"https:\/\/acefootball.com\/da\/","name":"Ace Football Danmark","description":"Nyheder, Spiltips &amp; Livescore","publisher":{"@id":"https:\/\/acefootball.com\/da\/#organization"},"potentialAction":[{"@type":"SearchAction","target":{"@type":"EntryPoint","urlTemplate":"https:\/\/acefootball.com\/da\/?s={search_term_string}"},"query-input":"required name=search_term_string"}],"inLanguage":"en-US"},{"@type":"ImageObject","@id":"https:\/\/acefootball.com\/da\/fodboldnyheder\/werge-hyldes-efter-stop-fodboldstemmen-fra-min-barndom\/#primaryimage","inLanguage":"en-US","url":"https:\/\/acefootball.com\/da\/wp-content\/uploads\/sites\/2\/2021\/02\/Laes-mere-generel-50.jpg","contentUrl":"https:\/\/acefootball.com\/da\/wp-content\/uploads\/sites\/2\/2021\/02\/Laes-mere-generel-50.jpg","width":1920,"height":1008},{"@type":"WebPage","@id":"https:\/\/acefootball.com\/da\/fodboldnyheder\/werge-hyldes-efter-stop-fodboldstemmen-fra-min-barndom\/#webpage","url":"https:\/\/acefootball.com\/da\/fodboldnyheder\/werge-hyldes-efter-stop-fodboldstemmen-fra-min-barndom\/","name":"Werge hyldes efter stop: Fodboldstemmen fra min barndom!","isPartOf":{"@id":"https:\/\/acefootball.com\/da\/#website"},"primaryImageOfPage":{"@id":"https:\/\/acefootball.com\/da\/fodboldnyheder\/werge-hyldes-efter-stop-fodboldstemmen-fra-min-barndom\/#primaryimage"},"datePublished":"2021-02-10T12:44:15+00:00","dateModified":"2021-02-10T12:50:55+00:00","description":"Carsten Werge skifter tilv\u00e6relsen som kommentator p\u00e5 Viasat ud med et job som fodboldredakt\u00f8r p\u00e5 TV2, og bliver nu hyldet p\u00e5 de sociale medier","breadcrumb":{"@id":"https:\/\/acefootball.com\/da\/fodboldnyheder\/werge-hyldes-efter-stop-fodboldstemmen-fra-min-barndom\/#breadcrumb"},"inLanguage":"en-US","potentialAction":[{"@type":"ReadAction","target":["https:\/\/acefootball.com\/da\/fodboldnyheder\/werge-hyldes-efter-stop-fodboldstemmen-fra-min-barndom\/"]}]},{"@type":"BreadcrumbList","@id":"https:\/\/acefootball.com\/da\/fodboldnyheder\/werge-hyldes-efter-stop-fodboldstemmen-fra-min-barndom\/#breadcrumb","itemListElement":[{"@type":"ListItem","position":1,"name":"Home","item":"https:\/\/acefootball.com\/da\/"},{"@type":"ListItem","position":2,"name":"Werge hyldes efter stop: Fodboldstemmen fra min barndom!"}]},{"@type":"Article","@id":"https:\/\/acefootball.com\/da\/fodboldnyheder\/werge-hyldes-efter-stop-fodboldstemmen-fra-min-barndom\/#article","isPartOf":{"@id":"https:\/\/acefootball.com\/da\/fodboldnyheder\/werge-hyldes-efter-stop-fodboldstemmen-fra-min-barndom\/#webpage"},"author":{"@id":"https:\/\/acefootball.com\/da\/#\/schema\/person\/017c0abe4a8e92938220bf6c097dda93"},"headline":"Werge hyldes efter stop: Fodboldstemmen fra min barndom!","datePublished":"2021-02-10T12:44:15+00:00","dateModified":"2021-02-10T12:50:55+00:00","mainEntityOfPage":{"@id":"https:\/\/acefootball.com\/da\/fodboldnyheder\/werge-hyldes-efter-stop-fodboldstemmen-fra-min-barndom\/#webpage"},"wordCount":195,"commentCount":0,"publisher":{"@id":"https:\/\/acefootball.com\/da\/#organization"},"image":{"@id":"https:\/\/acefootball.com\/da\/fodboldnyheder\/werge-hyldes-efter-stop-fodboldstemmen-fra-min-barndom\/#primaryimage"},"thumbnailUrl":"https:\/\/acefootball.com\/da\/wp-content\/uploads\/sites\/2\/2021\/02\/GettyImages-504426797.jpg","keywords":["Champions League","Danmark","Superligaen"],"articleSection":["Nyhed"],"inLanguage":"en-US","potentialAction":[{"@type":"CommentAction","name":"Comment","target":["https:\/\/acefootball.com\/da\/fodboldnyheder\/werge-hyldes-efter-stop-fodboldstemmen-fra-min-barndom\/#respond"]}]},{"@type":"Person","@id":"https:\/\/acefootball.com\/da\/#\/schema\/person\/017c0abe4a8e92938220bf6c097dda93","name":"Mikki M\u00f8ller-Iversen","image":{"@type":"ImageObject","@id":"https:\/\/acefootball.com\/da\/#personlogo","inLanguage":"en-US","url":"https:\/\/secure.gravatar.com\/avatar\/e05b419e8b5ae5fcf516800181b96aa2?s=96&d=mm&r=g","contentUrl":"https:\/\/secure.gravatar.com\/avatar\/e05b419e8b5ae5fcf516800181b96aa2?s=96&d=mm&r=g","caption":"Mikki M\u00f8ller-Iversen"},"description":"Social Media Manager and writer at Ace Football. Main focus on Danish football and special stories.","sameAs":["https:\/\/www.linkedin.com\/in\/mikki-mller-iversen-26a3a689\/"],"url":"https:\/\/acefootball.com\/da\/fodboldnyheder\/author\/mmironaldo\/"}]}},"fimg_url":"https:\/\/acefootball.com\/da\/wp-content\/uploads\/sites\/2\/2021\/02\/GettyImages-504426797.jpg","_links":{"self":[{"href":"https:\/\/acefootball.com\/da\/wp-json\/wp\/v2\/posts\/251463"}],"collection":[{"href":"https:\/\/acefootball.com\/da\/wp-json\/wp\/v2\/posts"}],"about":[{"href":"https:\/\/acefootball.com\/da\/wp-json\/wp\/v2\/types\/post"}],"author":[{"embeddable":true,"href":"https:\/\/acefootball.com\/da\/wp-json\/wp\/v2\/users\/43"}],"replies":[{"embeddable":true,"href":"https:\/\/acefootball.com\/da\/wp-json\/wp\/v2\/comments?post=251463"}],"version-history":[{"count":0,"href":"https:\/\/acefootball.com\/da\/wp-json\/wp\/v2\/posts\/251463\/revisions"}],"wp:featuredmedia":[{"embeddable":true,"href":"https:\/\/acefootball.com\/da\/wp-json\/wp\/v2\/media\/251472"}],"wp:attachment":[{"href":"https:\/\/acefootball.com\/da\/wp-json\/wp\/v2\/media?parent=251463"}],"wp:term":[{"taxonomy":"category","embeddable":true,"href":"https:\/\/acefootball.com\/da\/wp-json\/wp\/v2\/categories?post=251463"},{"taxonomy":"post_tag","embeddable":true,"href":"https:\/\/acefootball.com\/da\/wp-json\/wp\/v2\/tags?post=251463"}],"curies":[{"name":"wp","href":"https:\/\/api.w.org\/{rel}","templated":true}]}}