{"id":251273,"date":"2021-02-09T10:22:29","date_gmt":"2021-02-09T09:22:29","guid":{"rendered":"https:\/\/acefootball.com\/da\/?p=251273"},"modified":"2021-02-09T10:23:38","modified_gmt":"2021-02-09T09:23:38","slug":"ny-stjerne-rygtes-vaek-fra-real-madrid","status":"publish","type":"post","link":"https:\/\/acefootball.com\/da\/fodboldnyheder\/ny-stjerne-rygtes-vaek-fra-real-madrid\/","title":{"rendered":"Ny stjerne rygtes v\u00e6k fra Real Madrid"},"content":{"rendered":"\n<h2 id=\"h-der-kan-v-re-en-profilflugt-p-vej-i-real-madrid-til-sommer-da-ogs-forsvarsstjernen-raphael-varane-nu-rygtes-v-k\">Der kan v\u00e6re en profilflugt p\u00e5 vej i Real Madrid til sommer, da ogs\u00e5 forsvarsstjernen Raphael Varane nu rygtes v\u00e6k<\/h2>\n\n\n\n<p>Det kan blive en travl sommer for Real Madrid, der i det kommende transfervindue ventes at blive en af de helt store akt\u00f8rer.<\/p>\n\n\n\n<p>David Alaba ser ud til at v\u00e6re t\u00e6t p\u00e5 en aftale med den spanske storklub, mens ogs\u00e5 Erling H\u00e5land og Kylian Mbapp\u00e9 sp\u00f8ger i kulissen.<\/p>\n\n\n\n<p>Der bliver formentlig ogs\u00e5 brug for forst\u00e6rkninger, da flere profiler ser ud til at forlade skuden. Sergio Ramos har endnu ikke forl\u00e6nget kontrakten, og spillere som Marcelo og Luka Modric h\u00e6nger ogs\u00e5 i en tynd tr\u00e5d.<\/p>\n\n\n\n<div class=\"wp-block-si-widget wp-block-si-widget--center\"><si-lb-widget widget-id=\"PlayerSeasonStatsSnap\" data-hide-controls=\"false\" width=\"440\" data-player-id=\"230982\" data-card=\"true\"><\/si-lb-widget><\/div>\n\n\n\n<p>Nu er der tilmed snak om, at Raphael Varane kan v\u00e6re fortid til sommer. Den store sportsavis <a href=\"https:\/\/www.marca.com\/futbol\/real-madrid\/2021\/02\/08\/60219279ca4741d2128b456d.html\" target=\"_blank\" rel=\"noreferrer noopener\">Marca <\/a>skriver nemlig, at klubben overvejer at s\u00e6lge franskmanden.<\/p>\n\n\n\n<p>Den 27-\u00e5rige stopper har kontraktudl\u00f8b i 2022 og skulle planl\u00e6gge at forlade Madrid til den tid for at starte et nyt eventyr. Derfor vil Los Blancos angiveligt fors\u00f8ge at s\u00e6lge Varane allerede denne sommer, hvis ikke han g\u00e5r med til en forl\u00e6ngelse.<\/p>\n\n\n\n<p>Raphael Varane er i gang med sin tiende s\u00e6son i Real Madrid, som han skiftede til fra barndomsklubben Lens.<\/p>\n\n\n\n<figure class=\"wp-block-embed is-type-wp-embed is-provider-ace-football-danmark wp-block-embed-ace-football-danmark\"><div class=\"wp-block-embed__wrapper\">\n<blockquote class=\"wp-embedded-content\" data-secret=\"hI8qiR4P4l\"><a href=\"https:\/\/acefootball.com\/da\/fodboldnyheder\/video-rasende-ronaldo-skubber-baneloeber-vaek\/\">Video: Rasende Ronaldo skubber banel\u00f8ber v\u00e6k<\/a><\/blockquote><iframe class=\"wp-embedded-content\" sandbox=\"allow-scripts\" security=\"restricted\" style=\"position: absolute; clip: rect(1px, 1px, 1px, 1px);\" title=\"&#8220;Video: Rasende Ronaldo skubber banel\u00f8ber v\u00e6k&#8221; &#8212; Ace Football Danmark\" src=\"https:\/\/acefootball.com\/da\/fodboldnyheder\/video-rasende-ronaldo-skubber-baneloeber-vaek\/embed\/#?secret=hI8qiR4P4l\" data-secret=\"hI8qiR4P4l\" width=\"600\" height=\"338\" frameborder=\"0\" marginwidth=\"0\" marginheight=\"0\" scrolling=\"no\"><\/iframe>\n<\/div><\/figure>\n","protected":false},"excerpt":{"rendered":"<p>Der kan v\u00e6re en profilflugt p\u00e5 vej i Real Madrid til sommer, da ogs\u00e5 forsvarsstjernen Raphael Varane nu rygtes v\u00e6k<\/p>\n","protected":false},"author":705,"featured_media":251276,"comment_status":"open","ping_status":"closed","sticky":false,"template":"","format":"standard","meta":{"om_disable_all_campaigns":false,"push_articles_ronaldo":{"active":false,"canonical":0,"publish":false},"force_updates":null},"categories":[7],"tags":[303,2387,85],"enet_tags":{"league":["87"],"player":["230982"],"team":["8633"],"sport_events":[]},"yoast_head":"<!-- This site is optimized with the Yoast SEO plugin v18.3 - https:\/\/yoast.com\/wordpress\/plugins\/seo\/ -->\n<title>Ny stjerne rygtes v\u00e6k fra Real Madrid<\/title>\n<meta name=\"description\" content=\"Der kan v\u00e6re en profilflugt p\u00e5 vej i Real Madrid til sommer, da ogs\u00e5 forsvarsstjernen Raphael Varane nu rygtes v\u00e6k\" \/>\n<meta name=\"robots\" content=\"index, follow, max-snippet:-1, max-image-preview:large, max-video-preview:-1\" \/>\n<link rel=\"canonical\" href=\"https:\/\/acefootball.com\/da\/fodboldnyheder\/ny-stjerne-rygtes-vaek-fra-real-madrid\/\" \/>\n<meta property=\"og:locale\" content=\"en_US\" \/>\n<meta property=\"og:type\" content=\"article\" \/>\n<meta property=\"og:title\" content=\"Ny stjerne rygtes v\u00e6k fra Real Madrid\" \/>\n<meta property=\"og:description\" content=\"Der kan v\u00e6re en profilflugt p\u00e5 vej i Real Madrid til sommer, da ogs\u00e5 forsvarsstjernen Raphael Varane nu rygtes v\u00e6k\" \/>\n<meta property=\"og:url\" content=\"https:\/\/acefootball.com\/da\/fodboldnyheder\/ny-stjerne-rygtes-vaek-fra-real-madrid\/\" \/>\n<meta property=\"og:site_name\" content=\"Ace Football Danmark\" \/>\n<meta property=\"article:publisher\" content=\"https:\/\/www.facebook.com\/acefootballdk\" \/>\n<meta property=\"article:published_time\" content=\"2021-02-09T09:22:29+00:00\" \/>\n<meta property=\"article:modified_time\" content=\"2021-02-09T09:23:38+00:00\" \/>\n<meta property=\"og:image\" content=\"https:\/\/acefootball.com\/da\/wp-content\/uploads\/sites\/2\/2020\/11\/Ace-28-4.jpg\" \/>\n\t<meta property=\"og:image:width\" content=\"1920\" \/>\n\t<meta property=\"og:image:height\" content=\"1008\" \/>\n\t<meta property=\"og:image:type\" content=\"image\/jpeg\" \/>\n<meta name=\"twitter:card\" content=\"summary_large_image\" \/>\n<meta name=\"twitter:label1\" content=\"Written by\" \/>\n\t<meta name=\"twitter:data1\" content=\"Mads Dreyer\" \/>\n\t<meta name=\"twitter:label2\" content=\"Est. reading time\" \/>\n\t<meta name=\"twitter:data2\" content=\"1 minute\" \/>\n<script type=\"application\/ld+json\" class=\"yoast-schema-graph\">{\"@context\":\"https:\/\/schema.org\",\"@graph\":[{\"@type\":\"Organization\",\"@id\":\"https:\/\/acefootball.com\/da\/#organization\",\"name\":\"Ace Football\",\"url\":\"https:\/\/acefootball.com\/da\/\",\"sameAs\":[\"https:\/\/www.facebook.com\/acefootballdk\"],\"logo\":{\"@type\":\"ImageObject\",\"@id\":\"https:\/\/acefootball.com\/da\/#logo\",\"inLanguage\":\"en-US\",\"url\":\"https:\/\/acefootball.com\/da\/wp-content\/uploads\/sites\/2\/2020\/07\/Ace-Football-30-07-2020-2.png\",\"contentUrl\":\"https:\/\/acefootball.com\/da\/wp-content\/uploads\/sites\/2\/2020\/07\/Ace-Football-30-07-2020-2.png\",\"width\":1200,\"height\":600,\"caption\":\"Ace Football\"},\"image\":{\"@id\":\"https:\/\/acefootball.com\/da\/#logo\"}},{\"@type\":\"WebSite\",\"@id\":\"https:\/\/acefootball.com\/da\/#website\",\"url\":\"https:\/\/acefootball.com\/da\/\",\"name\":\"Ace Football Danmark\",\"description\":\"Nyheder, Spiltips &amp; Livescore\",\"publisher\":{\"@id\":\"https:\/\/acefootball.com\/da\/#organization\"},\"potentialAction\":[{\"@type\":\"SearchAction\",\"target\":{\"@type\":\"EntryPoint\",\"urlTemplate\":\"https:\/\/acefootball.com\/da\/?s={search_term_string}\"},\"query-input\":\"required name=search_term_string\"}],\"inLanguage\":\"en-US\"},{\"@type\":\"ImageObject\",\"@id\":\"https:\/\/acefootball.com\/da\/fodboldnyheder\/ny-stjerne-rygtes-vaek-fra-real-madrid\/#primaryimage\",\"inLanguage\":\"en-US\",\"url\":\"https:\/\/acefootball.com\/da\/wp-content\/uploads\/sites\/2\/2020\/11\/Ace-28-4.jpg\",\"contentUrl\":\"https:\/\/acefootball.com\/da\/wp-content\/uploads\/sites\/2\/2020\/11\/Ace-28-4.jpg\",\"width\":1920,\"height\":1008},{\"@type\":\"WebPage\",\"@id\":\"https:\/\/acefootball.com\/da\/fodboldnyheder\/ny-stjerne-rygtes-vaek-fra-real-madrid\/#webpage\",\"url\":\"https:\/\/acefootball.com\/da\/fodboldnyheder\/ny-stjerne-rygtes-vaek-fra-real-madrid\/\",\"name\":\"Ny stjerne rygtes v\u00e6k fra Real Madrid\",\"isPartOf\":{\"@id\":\"https:\/\/acefootball.com\/da\/#website\"},\"primaryImageOfPage\":{\"@id\":\"https:\/\/acefootball.com\/da\/fodboldnyheder\/ny-stjerne-rygtes-vaek-fra-real-madrid\/#primaryimage\"},\"datePublished\":\"2021-02-09T09:22:29+00:00\",\"dateModified\":\"2021-02-09T09:23:38+00:00\",\"description\":\"Der kan v\u00e6re en profilflugt p\u00e5 vej i Real Madrid til sommer, da ogs\u00e5 forsvarsstjernen Raphael Varane nu rygtes v\u00e6k\",\"breadcrumb\":{\"@id\":\"https:\/\/acefootball.com\/da\/fodboldnyheder\/ny-stjerne-rygtes-vaek-fra-real-madrid\/#breadcrumb\"},\"inLanguage\":\"en-US\",\"potentialAction\":[{\"@type\":\"ReadAction\",\"target\":[\"https:\/\/acefootball.com\/da\/fodboldnyheder\/ny-stjerne-rygtes-vaek-fra-real-madrid\/\"]}]},{\"@type\":\"BreadcrumbList\",\"@id\":\"https:\/\/acefootball.com\/da\/fodboldnyheder\/ny-stjerne-rygtes-vaek-fra-real-madrid\/#breadcrumb\",\"itemListElement\":[{\"@type\":\"ListItem\",\"position\":1,\"name\":\"Home\",\"item\":\"https:\/\/acefootball.com\/da\/\"},{\"@type\":\"ListItem\",\"position\":2,\"name\":\"Ny stjerne rygtes v\u00e6k fra Real Madrid\"}]},{\"@type\":\"Article\",\"@id\":\"https:\/\/acefootball.com\/da\/fodboldnyheder\/ny-stjerne-rygtes-vaek-fra-real-madrid\/#article\",\"isPartOf\":{\"@id\":\"https:\/\/acefootball.com\/da\/fodboldnyheder\/ny-stjerne-rygtes-vaek-fra-real-madrid\/#webpage\"},\"author\":{\"@id\":\"https:\/\/acefootball.com\/da\/#\/schema\/person\/ee67e9cf04a276f144100ffa722f10cd\"},\"headline\":\"Ny stjerne rygtes v\u00e6k fra Real Madrid\",\"datePublished\":\"2021-02-09T09:22:29+00:00\",\"dateModified\":\"2021-02-09T09:23:38+00:00\",\"mainEntityOfPage\":{\"@id\":\"https:\/\/acefootball.com\/da\/fodboldnyheder\/ny-stjerne-rygtes-vaek-fra-real-madrid\/#webpage\"},\"wordCount\":225,\"commentCount\":0,\"publisher\":{\"@id\":\"https:\/\/acefootball.com\/da\/#organization\"},\"image\":{\"@id\":\"https:\/\/acefootball.com\/da\/fodboldnyheder\/ny-stjerne-rygtes-vaek-fra-real-madrid\/#primaryimage\"},\"thumbnailUrl\":\"https:\/\/acefootball.com\/da\/wp-content\/uploads\/sites\/2\/2021\/02\/GettyImages-1281532128.jpg\",\"keywords\":[\"La Liga\",\"Raphael Varane\",\"Real Madrid\"],\"articleSection\":[\"Transfer\"],\"inLanguage\":\"en-US\",\"potentialAction\":[{\"@type\":\"CommentAction\",\"name\":\"Comment\",\"target\":[\"https:\/\/acefootball.com\/da\/fodboldnyheder\/ny-stjerne-rygtes-vaek-fra-real-madrid\/#respond\"]}]},{\"@type\":\"Person\",\"@id\":\"https:\/\/acefootball.com\/da\/#\/schema\/person\/ee67e9cf04a276f144100ffa722f10cd\",\"name\":\"Mads Dreyer\",\"image\":{\"@type\":\"ImageObject\",\"@id\":\"https:\/\/acefootball.com\/da\/#personlogo\",\"inLanguage\":\"en-US\",\"url\":\"https:\/\/secure.gravatar.com\/avatar\/7c7abf72cfde9902b6a60efe60c88d4c?s=96&d=mm&r=g\",\"contentUrl\":\"https:\/\/secure.gravatar.com\/avatar\/7c7abf72cfde9902b6a60efe60c88d4c?s=96&d=mm&r=g\",\"caption\":\"Mads Dreyer\"},\"description\":\"Skribent og fodboldn\u00f8rd, der lige nu fort\u00e6ller om alt og intet i fodboldverdenen p\u00e5 acefootball.com. Uddannet i kommunikation fra Aalborg Universitet.\",\"sameAs\":[\"https:\/\/www.linkedin.com\/in\/mads-dreyer-b9b08266\/\"],\"url\":\"https:\/\/acefootball.com\/da\/fodboldnyheder\/author\/mdnronaldo\/\"}]}<\/script>\n<!-- \/ Yoast SEO plugin. -->","yoast_head_json":{"title":"Ny stjerne rygtes v\u00e6k fra Real Madrid","description":"Der kan v\u00e6re en profilflugt p\u00e5 vej i Real Madrid til sommer, da ogs\u00e5 forsvarsstjernen Raphael Varane nu rygtes v\u00e6k","robots":{"index":"index","follow":"follow","max-snippet":"max-snippet:-1","max-image-preview":"max-image-preview:large","max-video-preview":"max-video-preview:-1"},"canonical":"https:\/\/acefootball.com\/da\/fodboldnyheder\/ny-stjerne-rygtes-vaek-fra-real-madrid\/","og_locale":"en_US","og_type":"article","og_title":"Ny stjerne rygtes v\u00e6k fra Real Madrid","og_description":"Der kan v\u00e6re en profilflugt p\u00e5 vej i Real Madrid til sommer, da ogs\u00e5 forsvarsstjernen Raphael Varane nu rygtes v\u00e6k","og_url":"https:\/\/acefootball.com\/da\/fodboldnyheder\/ny-stjerne-rygtes-vaek-fra-real-madrid\/","og_site_name":"Ace Football Danmark","article_publisher":"https:\/\/www.facebook.com\/acefootballdk","article_published_time":"2021-02-09T09:22:29+00:00","article_modified_time":"2021-02-09T09:23:38+00:00","og_image":[{"width":1920,"height":1008,"url":"https:\/\/acefootball.com\/da\/wp-content\/uploads\/sites\/2\/2020\/11\/Ace-28-4.jpg","type":"image\/jpeg"}],"twitter_card":"summary_large_image","twitter_misc":{"Written by":"Mads Dreyer","Est. reading time":"1 minute"},"schema":{"@context":"https:\/\/schema.org","@graph":[{"@type":"Organization","@id":"https:\/\/acefootball.com\/da\/#organization","name":"Ace Football","url":"https:\/\/acefootball.com\/da\/","sameAs":["https:\/\/www.facebook.com\/acefootballdk"],"logo":{"@type":"ImageObject","@id":"https:\/\/acefootball.com\/da\/#logo","inLanguage":"en-US","url":"https:\/\/acefootball.com\/da\/wp-content\/uploads\/sites\/2\/2020\/07\/Ace-Football-30-07-2020-2.png","contentUrl":"https:\/\/acefootball.com\/da\/wp-content\/uploads\/sites\/2\/2020\/07\/Ace-Football-30-07-2020-2.png","width":1200,"height":600,"caption":"Ace Football"},"image":{"@id":"https:\/\/acefootball.com\/da\/#logo"}},{"@type":"WebSite","@id":"https:\/\/acefootball.com\/da\/#website","url":"https:\/\/acefootball.com\/da\/","name":"Ace Football Danmark","description":"Nyheder, Spiltips &amp; Livescore","publisher":{"@id":"https:\/\/acefootball.com\/da\/#organization"},"potentialAction":[{"@type":"SearchAction","target":{"@type":"EntryPoint","urlTemplate":"https:\/\/acefootball.com\/da\/?s={search_term_string}"},"query-input":"required name=search_term_string"}],"inLanguage":"en-US"},{"@type":"ImageObject","@id":"https:\/\/acefootball.com\/da\/fodboldnyheder\/ny-stjerne-rygtes-vaek-fra-real-madrid\/#primaryimage","inLanguage":"en-US","url":"https:\/\/acefootball.com\/da\/wp-content\/uploads\/sites\/2\/2020\/11\/Ace-28-4.jpg","contentUrl":"https:\/\/acefootball.com\/da\/wp-content\/uploads\/sites\/2\/2020\/11\/Ace-28-4.jpg","width":1920,"height":1008},{"@type":"WebPage","@id":"https:\/\/acefootball.com\/da\/fodboldnyheder\/ny-stjerne-rygtes-vaek-fra-real-madrid\/#webpage","url":"https:\/\/acefootball.com\/da\/fodboldnyheder\/ny-stjerne-rygtes-vaek-fra-real-madrid\/","name":"Ny stjerne rygtes v\u00e6k fra Real Madrid","isPartOf":{"@id":"https:\/\/acefootball.com\/da\/#website"},"primaryImageOfPage":{"@id":"https:\/\/acefootball.com\/da\/fodboldnyheder\/ny-stjerne-rygtes-vaek-fra-real-madrid\/#primaryimage"},"datePublished":"2021-02-09T09:22:29+00:00","dateModified":"2021-02-09T09:23:38+00:00","description":"Der kan v\u00e6re en profilflugt p\u00e5 vej i Real Madrid til sommer, da ogs\u00e5 forsvarsstjernen Raphael Varane nu rygtes v\u00e6k","breadcrumb":{"@id":"https:\/\/acefootball.com\/da\/fodboldnyheder\/ny-stjerne-rygtes-vaek-fra-real-madrid\/#breadcrumb"},"inLanguage":"en-US","potentialAction":[{"@type":"ReadAction","target":["https:\/\/acefootball.com\/da\/fodboldnyheder\/ny-stjerne-rygtes-vaek-fra-real-madrid\/"]}]},{"@type":"BreadcrumbList","@id":"https:\/\/acefootball.com\/da\/fodboldnyheder\/ny-stjerne-rygtes-vaek-fra-real-madrid\/#breadcrumb","itemListElement":[{"@type":"ListItem","position":1,"name":"Home","item":"https:\/\/acefootball.com\/da\/"},{"@type":"ListItem","position":2,"name":"Ny stjerne rygtes v\u00e6k fra Real Madrid"}]},{"@type":"Article","@id":"https:\/\/acefootball.com\/da\/fodboldnyheder\/ny-stjerne-rygtes-vaek-fra-real-madrid\/#article","isPartOf":{"@id":"https:\/\/acefootball.com\/da\/fodboldnyheder\/ny-stjerne-rygtes-vaek-fra-real-madrid\/#webpage"},"author":{"@id":"https:\/\/acefootball.com\/da\/#\/schema\/person\/ee67e9cf04a276f144100ffa722f10cd"},"headline":"Ny stjerne rygtes v\u00e6k fra Real Madrid","datePublished":"2021-02-09T09:22:29+00:00","dateModified":"2021-02-09T09:23:38+00:00","mainEntityOfPage":{"@id":"https:\/\/acefootball.com\/da\/fodboldnyheder\/ny-stjerne-rygtes-vaek-fra-real-madrid\/#webpage"},"wordCount":225,"commentCount":0,"publisher":{"@id":"https:\/\/acefootball.com\/da\/#organization"},"image":{"@id":"https:\/\/acefootball.com\/da\/fodboldnyheder\/ny-stjerne-rygtes-vaek-fra-real-madrid\/#primaryimage"},"thumbnailUrl":"https:\/\/acefootball.com\/da\/wp-content\/uploads\/sites\/2\/2021\/02\/GettyImages-1281532128.jpg","keywords":["La Liga","Raphael Varane","Real Madrid"],"articleSection":["Transfer"],"inLanguage":"en-US","potentialAction":[{"@type":"CommentAction","name":"Comment","target":["https:\/\/acefootball.com\/da\/fodboldnyheder\/ny-stjerne-rygtes-vaek-fra-real-madrid\/#respond"]}]},{"@type":"Person","@id":"https:\/\/acefootball.com\/da\/#\/schema\/person\/ee67e9cf04a276f144100ffa722f10cd","name":"Mads Dreyer","image":{"@type":"ImageObject","@id":"https:\/\/acefootball.com\/da\/#personlogo","inLanguage":"en-US","url":"https:\/\/secure.gravatar.com\/avatar\/7c7abf72cfde9902b6a60efe60c88d4c?s=96&d=mm&r=g","contentUrl":"https:\/\/secure.gravatar.com\/avatar\/7c7abf72cfde9902b6a60efe60c88d4c?s=96&d=mm&r=g","caption":"Mads Dreyer"},"description":"Skribent og fodboldn\u00f8rd, der lige nu fort\u00e6ller om alt og intet i fodboldverdenen p\u00e5 acefootball.com. Uddannet i kommunikation fra Aalborg Universitet.","sameAs":["https:\/\/www.linkedin.com\/in\/mads-dreyer-b9b08266\/"],"url":"https:\/\/acefootball.com\/da\/fodboldnyheder\/author\/mdnronaldo\/"}]}},"fimg_url":"https:\/\/acefootball.com\/da\/wp-content\/uploads\/sites\/2\/2021\/02\/GettyImages-1281532128.jpg","_links":{"self":[{"href":"https:\/\/acefootball.com\/da\/wp-json\/wp\/v2\/posts\/251273"}],"collection":[{"href":"https:\/\/acefootball.com\/da\/wp-json\/wp\/v2\/posts"}],"about":[{"href":"https:\/\/acefootball.com\/da\/wp-json\/wp\/v2\/types\/post"}],"author":[{"embeddable":true,"href":"https:\/\/acefootball.com\/da\/wp-json\/wp\/v2\/users\/705"}],"replies":[{"embeddable":true,"href":"https:\/\/acefootball.com\/da\/wp-json\/wp\/v2\/comments?post=251273"}],"version-history":[{"count":0,"href":"https:\/\/acefootball.com\/da\/wp-json\/wp\/v2\/posts\/251273\/revisions"}],"wp:featuredmedia":[{"embeddable":true,"href":"https:\/\/acefootball.com\/da\/wp-json\/wp\/v2\/media\/251276"}],"wp:attachment":[{"href":"https:\/\/acefootball.com\/da\/wp-json\/wp\/v2\/media?parent=251273"}],"wp:term":[{"taxonomy":"category","embeddable":true,"href":"https:\/\/acefootball.com\/da\/wp-json\/wp\/v2\/categories?post=251273"},{"taxonomy":"post_tag","embeddable":true,"href":"https:\/\/acefootball.com\/da\/wp-json\/wp\/v2\/tags?post=251273"}],"curies":[{"name":"wp","href":"https:\/\/api.w.org\/{rel}","templated":true}]}}