{"id":251242,"date":"2021-02-09T08:38:13","date_gmt":"2021-02-09T07:38:13","guid":{"rendered":"https:\/\/acefootball.com\/da\/?p=251242"},"modified":"2021-02-09T08:39:36","modified_gmt":"2021-02-09T07:39:36","slug":"fcm-profiler-vraget-efter-sammenstoed","status":"publish","type":"post","link":"https:\/\/acefootball.com\/da\/fodboldnyheder\/fcm-profiler-vraget-efter-sammenstoed\/","title":{"rendered":"FCM-profiler vraget efter sammenst\u00f8d"},"content":{"rendered":"\n<h2 id=\"h-hverken-sory-kaba-eller-mikael-anderson-var-med-for-fc-midtjylland-i-g-rsdagens-kamp-mod-randers-og-det-er-der-en-god-grund-til\">Hverken Sory Kaba eller Mikael Anderson var med for FC Midtjylland i g\u00e5rsdagens kamp mod Randers, og det er der en god grund til<\/h2>\n\n\n\n<div class=\"wp-block-si-widget wp-block-si-widget--center\"><si-lb-widget widget-id=\"MatchInfoWithOdds\" data-nopadding=\"true\" data-card=\"true\" width=\"440\" data-event-id=\"3389159\"><\/si-lb-widget><\/div>\n\n\n\n<p>Da FC Midtjylland mandag aften tog en sen 2-1-sejr ude over Randers FC, skete det uden Sory Kaba og Mikael Anderson, der begge overraskende var udeladt af truppen.<\/p>\n\n\n\n<p>Det var dog ikke af taktiske \u00e5rsager, at de offensive profiler var blevet droppet. I stedet havde Brian Priske sendt dem en tur i skammekrogen.<\/p>\n\n\n\n<p>Kaba og Anderson r\u00f8g nemlig i totterne p\u00e5 hinanden under en tr\u00e6ning op til kampen. Det skriver <a href=\"https:\/\/ekstrabladet.dk\/sport\/fodbold\/dansk_fodbold\/stor-ballade-i-fc-midtjylland-foer-noeglekamp\/8466599\" target=\"_blank\" rel=\"noreferrer noopener\">Ekstra Bladet<\/a>.<\/p>\n\n\n\n<p>Priske ville dog ikke afsl\u00f8re, hvad der n\u00f8jagtigt l\u00e5 til grunde for frav\u00e6ret, og sagde blot, at det vil blive klaret internt.<\/p>\n\n\n\n<p>Det er ikke f\u00f8rste gang, der er disciplin\u00e6re problemer i FC Midtjylland i denne s\u00e6son. Netop Sory Kaba og holdkammeraten Evander viste i en kamp mod FC K\u00f8benhavn stor utilfredshed med at blive udskiftet.<\/p>\n\n\n\n<figure class=\"wp-block-embed is-type-wp-embed is-provider-ace-football-danmark wp-block-embed-ace-football-danmark\"><div class=\"wp-block-embed__wrapper\">\n<blockquote class=\"wp-embedded-content\" data-secret=\"TzjtynTlVt\"><a href=\"https:\/\/acefootball.com\/da\/fodboldnyheder\/ingen-cl-i-danmark-storklubber-har-fundet-anden-adresse\/\">Ingen CL i Danmark: Storklubber har fundet anden adresse<\/a><\/blockquote><iframe class=\"wp-embedded-content\" sandbox=\"allow-scripts\" security=\"restricted\" style=\"position: absolute; clip: rect(1px, 1px, 1px, 1px);\" title=\"&#8220;Ingen CL i Danmark: Storklubber har fundet anden adresse&#8221; &#8212; Ace Football Danmark\" src=\"https:\/\/acefootball.com\/da\/fodboldnyheder\/ingen-cl-i-danmark-storklubber-har-fundet-anden-adresse\/embed\/#?secret=TzjtynTlVt\" data-secret=\"TzjtynTlVt\" width=\"600\" height=\"338\" frameborder=\"0\" marginwidth=\"0\" marginheight=\"0\" scrolling=\"no\"><\/iframe>\n<\/div><\/figure>\n","protected":false},"excerpt":{"rendered":"<p>Hverken Sory Kaba eller Mikael Anderson var med for FC Midtjylland i g\u00e5rsdagens kamp mod Randers, og det er der en god grund til<\/p>\n","protected":false},"author":705,"featured_media":242335,"comment_status":"open","ping_status":"closed","sticky":false,"template":"","format":"standard","meta":{"om_disable_all_campaigns":false,"push_articles_ronaldo":{"active":false,"canonical":0,"publish":false},"force_updates":null},"categories":[1],"tags":[51,4209,7645,588],"enet_tags":{"team":["8113"],"player":["723695","822026"],"league":["46"],"sport_events":[3389159]},"yoast_head":"<!-- This site is optimized with the Yoast SEO plugin v18.3 - https:\/\/yoast.com\/wordpress\/plugins\/seo\/ -->\n<title>FCM-profiler vraget efter sammenst\u00f8d<\/title>\n<meta name=\"description\" content=\"Hverken Sory Kaba eller Mikael Anderson var med for FC Midtjylland i g\u00e5rsdagens kamp mod Randers, og det er der en god grund til\" \/>\n<meta name=\"robots\" content=\"index, follow, max-snippet:-1, max-image-preview:large, max-video-preview:-1\" \/>\n<link rel=\"canonical\" href=\"https:\/\/acefootball.com\/da\/fodboldnyheder\/fcm-profiler-vraget-efter-sammenstoed\/\" \/>\n<meta property=\"og:locale\" content=\"en_US\" \/>\n<meta property=\"og:type\" content=\"article\" \/>\n<meta property=\"og:title\" content=\"FCM-profiler vraget efter sammenst\u00f8d\" \/>\n<meta property=\"og:description\" content=\"Hverken Sory Kaba eller Mikael Anderson var med for FC Midtjylland i g\u00e5rsdagens kamp mod Randers, og det er der en god grund til\" \/>\n<meta property=\"og:url\" content=\"https:\/\/acefootball.com\/da\/fodboldnyheder\/fcm-profiler-vraget-efter-sammenstoed\/\" \/>\n<meta property=\"og:site_name\" content=\"Ace Football Danmark\" \/>\n<meta property=\"article:publisher\" content=\"https:\/\/www.facebook.com\/acefootballdk\" \/>\n<meta property=\"article:published_time\" content=\"2021-02-09T07:38:13+00:00\" \/>\n<meta property=\"article:modified_time\" content=\"2021-02-09T07:39:36+00:00\" \/>\n<meta property=\"og:image\" content=\"https:\/\/acefootball.com\/da\/wp-content\/uploads\/sites\/2\/2021\/02\/Laes-mere-generel-24-1.jpg\" \/>\n\t<meta property=\"og:image:width\" content=\"1920\" \/>\n\t<meta property=\"og:image:height\" content=\"1008\" \/>\n\t<meta property=\"og:image:type\" content=\"image\/jpeg\" \/>\n<meta name=\"twitter:card\" content=\"summary_large_image\" \/>\n<meta name=\"twitter:label1\" content=\"Written by\" \/>\n\t<meta name=\"twitter:data1\" content=\"Mads Dreyer\" \/>\n\t<meta name=\"twitter:label2\" content=\"Est. reading time\" \/>\n\t<meta name=\"twitter:data2\" content=\"1 minute\" \/>\n<script type=\"application\/ld+json\" class=\"yoast-schema-graph\">{\"@context\":\"https:\/\/schema.org\",\"@graph\":[{\"@type\":\"Organization\",\"@id\":\"https:\/\/acefootball.com\/da\/#organization\",\"name\":\"Ace Football\",\"url\":\"https:\/\/acefootball.com\/da\/\",\"sameAs\":[\"https:\/\/www.facebook.com\/acefootballdk\"],\"logo\":{\"@type\":\"ImageObject\",\"@id\":\"https:\/\/acefootball.com\/da\/#logo\",\"inLanguage\":\"en-US\",\"url\":\"https:\/\/acefootball.com\/da\/wp-content\/uploads\/sites\/2\/2020\/07\/Ace-Football-30-07-2020-2.png\",\"contentUrl\":\"https:\/\/acefootball.com\/da\/wp-content\/uploads\/sites\/2\/2020\/07\/Ace-Football-30-07-2020-2.png\",\"width\":1200,\"height\":600,\"caption\":\"Ace Football\"},\"image\":{\"@id\":\"https:\/\/acefootball.com\/da\/#logo\"}},{\"@type\":\"WebSite\",\"@id\":\"https:\/\/acefootball.com\/da\/#website\",\"url\":\"https:\/\/acefootball.com\/da\/\",\"name\":\"Ace Football Danmark\",\"description\":\"Nyheder, Spiltips &amp; Livescore\",\"publisher\":{\"@id\":\"https:\/\/acefootball.com\/da\/#organization\"},\"potentialAction\":[{\"@type\":\"SearchAction\",\"target\":{\"@type\":\"EntryPoint\",\"urlTemplate\":\"https:\/\/acefootball.com\/da\/?s={search_term_string}\"},\"query-input\":\"required name=search_term_string\"}],\"inLanguage\":\"en-US\"},{\"@type\":\"ImageObject\",\"@id\":\"https:\/\/acefootball.com\/da\/fodboldnyheder\/fcm-profiler-vraget-efter-sammenstoed\/#primaryimage\",\"inLanguage\":\"en-US\",\"url\":\"https:\/\/acefootball.com\/da\/wp-content\/uploads\/sites\/2\/2021\/02\/Laes-mere-generel-24-1.jpg\",\"contentUrl\":\"https:\/\/acefootball.com\/da\/wp-content\/uploads\/sites\/2\/2021\/02\/Laes-mere-generel-24-1.jpg\",\"width\":1920,\"height\":1008,\"caption\":\"kaba\"},{\"@type\":\"WebPage\",\"@id\":\"https:\/\/acefootball.com\/da\/fodboldnyheder\/fcm-profiler-vraget-efter-sammenstoed\/#webpage\",\"url\":\"https:\/\/acefootball.com\/da\/fodboldnyheder\/fcm-profiler-vraget-efter-sammenstoed\/\",\"name\":\"FCM-profiler vraget efter sammenst\u00f8d\",\"isPartOf\":{\"@id\":\"https:\/\/acefootball.com\/da\/#website\"},\"primaryImageOfPage\":{\"@id\":\"https:\/\/acefootball.com\/da\/fodboldnyheder\/fcm-profiler-vraget-efter-sammenstoed\/#primaryimage\"},\"datePublished\":\"2021-02-09T07:38:13+00:00\",\"dateModified\":\"2021-02-09T07:39:36+00:00\",\"description\":\"Hverken Sory Kaba eller Mikael Anderson var med for FC Midtjylland i g\u00e5rsdagens kamp mod Randers, og det er der en god grund til\",\"breadcrumb\":{\"@id\":\"https:\/\/acefootball.com\/da\/fodboldnyheder\/fcm-profiler-vraget-efter-sammenstoed\/#breadcrumb\"},\"inLanguage\":\"en-US\",\"potentialAction\":[{\"@type\":\"ReadAction\",\"target\":[\"https:\/\/acefootball.com\/da\/fodboldnyheder\/fcm-profiler-vraget-efter-sammenstoed\/\"]}]},{\"@type\":\"BreadcrumbList\",\"@id\":\"https:\/\/acefootball.com\/da\/fodboldnyheder\/fcm-profiler-vraget-efter-sammenstoed\/#breadcrumb\",\"itemListElement\":[{\"@type\":\"ListItem\",\"position\":1,\"name\":\"Home\",\"item\":\"https:\/\/acefootball.com\/da\/\"},{\"@type\":\"ListItem\",\"position\":2,\"name\":\"FCM-profiler vraget efter sammenst\u00f8d\"}]},{\"@type\":\"Article\",\"@id\":\"https:\/\/acefootball.com\/da\/fodboldnyheder\/fcm-profiler-vraget-efter-sammenstoed\/#article\",\"isPartOf\":{\"@id\":\"https:\/\/acefootball.com\/da\/fodboldnyheder\/fcm-profiler-vraget-efter-sammenstoed\/#webpage\"},\"author\":{\"@id\":\"https:\/\/acefootball.com\/da\/#\/schema\/person\/ee67e9cf04a276f144100ffa722f10cd\"},\"headline\":\"FCM-profiler vraget efter sammenst\u00f8d\",\"datePublished\":\"2021-02-09T07:38:13+00:00\",\"dateModified\":\"2021-02-09T07:39:36+00:00\",\"mainEntityOfPage\":{\"@id\":\"https:\/\/acefootball.com\/da\/fodboldnyheder\/fcm-profiler-vraget-efter-sammenstoed\/#webpage\"},\"wordCount\":174,\"commentCount\":0,\"publisher\":{\"@id\":\"https:\/\/acefootball.com\/da\/#organization\"},\"image\":{\"@id\":\"https:\/\/acefootball.com\/da\/fodboldnyheder\/fcm-profiler-vraget-efter-sammenstoed\/#primaryimage\"},\"thumbnailUrl\":\"https:\/\/acefootball.com\/da\/wp-content\/uploads\/sites\/2\/2020\/11\/GettyImages-1221665218.jpg\",\"keywords\":[\"FC Midtjylland\",\"Mikael Anderson\",\"Sory Kaba\",\"Superligaen\"],\"articleSection\":[\"Nyhed\"],\"inLanguage\":\"en-US\",\"potentialAction\":[{\"@type\":\"CommentAction\",\"name\":\"Comment\",\"target\":[\"https:\/\/acefootball.com\/da\/fodboldnyheder\/fcm-profiler-vraget-efter-sammenstoed\/#respond\"]}]},{\"@type\":\"Person\",\"@id\":\"https:\/\/acefootball.com\/da\/#\/schema\/person\/ee67e9cf04a276f144100ffa722f10cd\",\"name\":\"Mads Dreyer\",\"image\":{\"@type\":\"ImageObject\",\"@id\":\"https:\/\/acefootball.com\/da\/#personlogo\",\"inLanguage\":\"en-US\",\"url\":\"https:\/\/secure.gravatar.com\/avatar\/7c7abf72cfde9902b6a60efe60c88d4c?s=96&d=mm&r=g\",\"contentUrl\":\"https:\/\/secure.gravatar.com\/avatar\/7c7abf72cfde9902b6a60efe60c88d4c?s=96&d=mm&r=g\",\"caption\":\"Mads Dreyer\"},\"description\":\"Skribent og fodboldn\u00f8rd, der lige nu fort\u00e6ller om alt og intet i fodboldverdenen p\u00e5 acefootball.com. Uddannet i kommunikation fra Aalborg Universitet.\",\"sameAs\":[\"https:\/\/www.linkedin.com\/in\/mads-dreyer-b9b08266\/\"],\"url\":\"https:\/\/acefootball.com\/da\/fodboldnyheder\/author\/mdnronaldo\/\"}]}<\/script>\n<!-- \/ Yoast SEO plugin. -->","yoast_head_json":{"title":"FCM-profiler vraget efter sammenst\u00f8d","description":"Hverken Sory Kaba eller Mikael Anderson var med for FC Midtjylland i g\u00e5rsdagens kamp mod Randers, og det er der en god grund til","robots":{"index":"index","follow":"follow","max-snippet":"max-snippet:-1","max-image-preview":"max-image-preview:large","max-video-preview":"max-video-preview:-1"},"canonical":"https:\/\/acefootball.com\/da\/fodboldnyheder\/fcm-profiler-vraget-efter-sammenstoed\/","og_locale":"en_US","og_type":"article","og_title":"FCM-profiler vraget efter sammenst\u00f8d","og_description":"Hverken Sory Kaba eller Mikael Anderson var med for FC Midtjylland i g\u00e5rsdagens kamp mod Randers, og det er der en god grund til","og_url":"https:\/\/acefootball.com\/da\/fodboldnyheder\/fcm-profiler-vraget-efter-sammenstoed\/","og_site_name":"Ace Football Danmark","article_publisher":"https:\/\/www.facebook.com\/acefootballdk","article_published_time":"2021-02-09T07:38:13+00:00","article_modified_time":"2021-02-09T07:39:36+00:00","og_image":[{"width":1920,"height":1008,"url":"https:\/\/acefootball.com\/da\/wp-content\/uploads\/sites\/2\/2021\/02\/Laes-mere-generel-24-1.jpg","type":"image\/jpeg"}],"twitter_card":"summary_large_image","twitter_misc":{"Written by":"Mads Dreyer","Est. reading time":"1 minute"},"schema":{"@context":"https:\/\/schema.org","@graph":[{"@type":"Organization","@id":"https:\/\/acefootball.com\/da\/#organization","name":"Ace Football","url":"https:\/\/acefootball.com\/da\/","sameAs":["https:\/\/www.facebook.com\/acefootballdk"],"logo":{"@type":"ImageObject","@id":"https:\/\/acefootball.com\/da\/#logo","inLanguage":"en-US","url":"https:\/\/acefootball.com\/da\/wp-content\/uploads\/sites\/2\/2020\/07\/Ace-Football-30-07-2020-2.png","contentUrl":"https:\/\/acefootball.com\/da\/wp-content\/uploads\/sites\/2\/2020\/07\/Ace-Football-30-07-2020-2.png","width":1200,"height":600,"caption":"Ace Football"},"image":{"@id":"https:\/\/acefootball.com\/da\/#logo"}},{"@type":"WebSite","@id":"https:\/\/acefootball.com\/da\/#website","url":"https:\/\/acefootball.com\/da\/","name":"Ace Football Danmark","description":"Nyheder, Spiltips &amp; Livescore","publisher":{"@id":"https:\/\/acefootball.com\/da\/#organization"},"potentialAction":[{"@type":"SearchAction","target":{"@type":"EntryPoint","urlTemplate":"https:\/\/acefootball.com\/da\/?s={search_term_string}"},"query-input":"required name=search_term_string"}],"inLanguage":"en-US"},{"@type":"ImageObject","@id":"https:\/\/acefootball.com\/da\/fodboldnyheder\/fcm-profiler-vraget-efter-sammenstoed\/#primaryimage","inLanguage":"en-US","url":"https:\/\/acefootball.com\/da\/wp-content\/uploads\/sites\/2\/2021\/02\/Laes-mere-generel-24-1.jpg","contentUrl":"https:\/\/acefootball.com\/da\/wp-content\/uploads\/sites\/2\/2021\/02\/Laes-mere-generel-24-1.jpg","width":1920,"height":1008,"caption":"kaba"},{"@type":"WebPage","@id":"https:\/\/acefootball.com\/da\/fodboldnyheder\/fcm-profiler-vraget-efter-sammenstoed\/#webpage","url":"https:\/\/acefootball.com\/da\/fodboldnyheder\/fcm-profiler-vraget-efter-sammenstoed\/","name":"FCM-profiler vraget efter sammenst\u00f8d","isPartOf":{"@id":"https:\/\/acefootball.com\/da\/#website"},"primaryImageOfPage":{"@id":"https:\/\/acefootball.com\/da\/fodboldnyheder\/fcm-profiler-vraget-efter-sammenstoed\/#primaryimage"},"datePublished":"2021-02-09T07:38:13+00:00","dateModified":"2021-02-09T07:39:36+00:00","description":"Hverken Sory Kaba eller Mikael Anderson var med for FC Midtjylland i g\u00e5rsdagens kamp mod Randers, og det er der en god grund til","breadcrumb":{"@id":"https:\/\/acefootball.com\/da\/fodboldnyheder\/fcm-profiler-vraget-efter-sammenstoed\/#breadcrumb"},"inLanguage":"en-US","potentialAction":[{"@type":"ReadAction","target":["https:\/\/acefootball.com\/da\/fodboldnyheder\/fcm-profiler-vraget-efter-sammenstoed\/"]}]},{"@type":"BreadcrumbList","@id":"https:\/\/acefootball.com\/da\/fodboldnyheder\/fcm-profiler-vraget-efter-sammenstoed\/#breadcrumb","itemListElement":[{"@type":"ListItem","position":1,"name":"Home","item":"https:\/\/acefootball.com\/da\/"},{"@type":"ListItem","position":2,"name":"FCM-profiler vraget efter sammenst\u00f8d"}]},{"@type":"Article","@id":"https:\/\/acefootball.com\/da\/fodboldnyheder\/fcm-profiler-vraget-efter-sammenstoed\/#article","isPartOf":{"@id":"https:\/\/acefootball.com\/da\/fodboldnyheder\/fcm-profiler-vraget-efter-sammenstoed\/#webpage"},"author":{"@id":"https:\/\/acefootball.com\/da\/#\/schema\/person\/ee67e9cf04a276f144100ffa722f10cd"},"headline":"FCM-profiler vraget efter sammenst\u00f8d","datePublished":"2021-02-09T07:38:13+00:00","dateModified":"2021-02-09T07:39:36+00:00","mainEntityOfPage":{"@id":"https:\/\/acefootball.com\/da\/fodboldnyheder\/fcm-profiler-vraget-efter-sammenstoed\/#webpage"},"wordCount":174,"commentCount":0,"publisher":{"@id":"https:\/\/acefootball.com\/da\/#organization"},"image":{"@id":"https:\/\/acefootball.com\/da\/fodboldnyheder\/fcm-profiler-vraget-efter-sammenstoed\/#primaryimage"},"thumbnailUrl":"https:\/\/acefootball.com\/da\/wp-content\/uploads\/sites\/2\/2020\/11\/GettyImages-1221665218.jpg","keywords":["FC Midtjylland","Mikael Anderson","Sory Kaba","Superligaen"],"articleSection":["Nyhed"],"inLanguage":"en-US","potentialAction":[{"@type":"CommentAction","name":"Comment","target":["https:\/\/acefootball.com\/da\/fodboldnyheder\/fcm-profiler-vraget-efter-sammenstoed\/#respond"]}]},{"@type":"Person","@id":"https:\/\/acefootball.com\/da\/#\/schema\/person\/ee67e9cf04a276f144100ffa722f10cd","name":"Mads Dreyer","image":{"@type":"ImageObject","@id":"https:\/\/acefootball.com\/da\/#personlogo","inLanguage":"en-US","url":"https:\/\/secure.gravatar.com\/avatar\/7c7abf72cfde9902b6a60efe60c88d4c?s=96&d=mm&r=g","contentUrl":"https:\/\/secure.gravatar.com\/avatar\/7c7abf72cfde9902b6a60efe60c88d4c?s=96&d=mm&r=g","caption":"Mads Dreyer"},"description":"Skribent og fodboldn\u00f8rd, der lige nu fort\u00e6ller om alt og intet i fodboldverdenen p\u00e5 acefootball.com. Uddannet i kommunikation fra Aalborg Universitet.","sameAs":["https:\/\/www.linkedin.com\/in\/mads-dreyer-b9b08266\/"],"url":"https:\/\/acefootball.com\/da\/fodboldnyheder\/author\/mdnronaldo\/"}]}},"fimg_url":"https:\/\/acefootball.com\/da\/wp-content\/uploads\/sites\/2\/2020\/11\/GettyImages-1221665218.jpg","_links":{"self":[{"href":"https:\/\/acefootball.com\/da\/wp-json\/wp\/v2\/posts\/251242"}],"collection":[{"href":"https:\/\/acefootball.com\/da\/wp-json\/wp\/v2\/posts"}],"about":[{"href":"https:\/\/acefootball.com\/da\/wp-json\/wp\/v2\/types\/post"}],"author":[{"embeddable":true,"href":"https:\/\/acefootball.com\/da\/wp-json\/wp\/v2\/users\/705"}],"replies":[{"embeddable":true,"href":"https:\/\/acefootball.com\/da\/wp-json\/wp\/v2\/comments?post=251242"}],"version-history":[{"count":0,"href":"https:\/\/acefootball.com\/da\/wp-json\/wp\/v2\/posts\/251242\/revisions"}],"wp:featuredmedia":[{"embeddable":true,"href":"https:\/\/acefootball.com\/da\/wp-json\/wp\/v2\/media\/242335"}],"wp:attachment":[{"href":"https:\/\/acefootball.com\/da\/wp-json\/wp\/v2\/media?parent=251242"}],"wp:term":[{"taxonomy":"category","embeddable":true,"href":"https:\/\/acefootball.com\/da\/wp-json\/wp\/v2\/categories?post=251242"},{"taxonomy":"post_tag","embeddable":true,"href":"https:\/\/acefootball.com\/da\/wp-json\/wp\/v2\/tags?post=251242"}],"curies":[{"name":"wp","href":"https:\/\/api.w.org\/{rel}","templated":true}]}}