{"id":251206,"date":"2021-02-08T17:36:22","date_gmt":"2021-02-08T16:36:22","guid":{"rendered":"https:\/\/acefootball.com\/da\/?p=251206"},"modified":"2021-02-08T17:36:23","modified_gmt":"2021-02-08T16:36:23","slug":"officielt-dansk-stopper-forlader-superligaen-med-det-samme","status":"publish","type":"post","link":"https:\/\/acefootball.com\/da\/fodboldnyheder\/officielt-dansk-stopper-forlader-superligaen-med-det-samme\/","title":{"rendered":"Officielt: Dansk stopper forlader Superligaen med det samme"},"content":{"rendered":"\n<h2 id=\"h-ob-stopperen-marco-lund-skulle-f-rst-forlade-ob-til-fordel-for-norrk-ping-til-sommer-men-parterne-er-blevet-enige-om-en-jeblikkelig-transfer\">OB-stopperen Marco Lund skulle f\u00f8rst forlade OB til fordel for Norrk\u00f6ping til sommer, men parterne er blevet enige om en \u00f8jeblikkelig transfer<\/h2>\n\n\n\n<p>Kort efter nyt\u00e5r stod det klart, at Marco Lund til sommer vil skifte OB ud med svenske Norrk\u00f6ping, n\u00e5r kontrakten med fynboerne udl\u00f8b, men nu er planerne \u00e6ndret.<\/p>\n\n\n\n<p>I stedet skifter den 24-\u00e5rige stopper med \u00f8jeblikkelig virkning. Det oplyser OB p\u00e5 sin <a href=\"https:\/\/www.ob.dk\/nyhedsarkiv\/marco-lund-skifter-til-ifk-norrkoeping-med-omgaaende-virkning\/\" target=\"_blank\" rel=\"noreferrer noopener\">hjemmeside<\/a>.<\/p>\n\n\n\n<p>Dermed st\u00e5r OB nu med en forsvarsspiller f\u00e6rre, alt i mens der ikke er mulighed for at hente en erstatning ind, men det bekymrer ikke sportschef Michael Hemmingsen.<\/p>\n\n\n\n<div class=\"wp-block-si-widget wp-block-si-widget--center\"><si-lb-widget widget-id=\"PlayerSeasonProfileOPTA\" width=\"440\" data-player-id=\"650618\" data-card=\"true\"><\/si-lb-widget><\/div>\n\n\n\n<p>&#8220;Vi synes, at vi er rigtig godt d\u00e6kket ind i vores forsvar, hvor vi har nogle unge akademispillere, der st\u00e5r p\u00e5 spring i form af Christian Vestergaard og Robin \u00d8str\u00f8m, samt et par spillere, som er p\u00e5 vej tilbage fra skader, s\u00e5 jeg er helt tryg ved den trup, der skal l\u00f8se resten af denne for\u00e5rss\u00e6son for os,&#8221; lyder det fra Hemmingsen.<\/p>\n\n\n\n<p>Marco Lund kom til OB fra Esbjerg fB for tre \u00e5r siden og n\u00e5ede i alt 71 kampe for klubben.<\/p>\n\n\n\n<p>Til geng\u00e6ld er der forst\u00e6rkninger p\u00e5 vej til angrebet. L\u00e6s mere om dette her:<\/p>\n\n\n\n<figure class=\"wp-block-embed is-type-wp-embed is-provider-ace-football-danmark wp-block-embed-ace-football-danmark\"><div class=\"wp-block-embed__wrapper\">\n<blockquote class=\"wp-embedded-content\" data-secret=\"ANRBqlbEkf\"><a href=\"https:\/\/acefootball.com\/da\/fodboldnyheder\/medie-bashkim-kadrii-vender-hjem-praesenteres-snart\/\">Medie: Bashkim Kadrii vender hjem &#8211; pr\u00e6senteres snart<\/a><\/blockquote><iframe class=\"wp-embedded-content\" sandbox=\"allow-scripts\" security=\"restricted\" style=\"position: absolute; clip: rect(1px, 1px, 1px, 1px);\" title=\"&#8220;Medie: Bashkim Kadrii vender hjem &#8211; pr\u00e6senteres snart&#8221; &#8212; Ace Football Danmark\" src=\"https:\/\/acefootball.com\/da\/fodboldnyheder\/medie-bashkim-kadrii-vender-hjem-praesenteres-snart\/embed\/#?secret=ANRBqlbEkf\" data-secret=\"ANRBqlbEkf\" width=\"600\" height=\"338\" frameborder=\"0\" marginwidth=\"0\" marginheight=\"0\" scrolling=\"no\"><\/iframe>\n<\/div><\/figure>\n","protected":false},"excerpt":{"rendered":"<p>OB-stopperen Marco Lund skulle f\u00f8rst forlade OB til fordel for Norrk\u00f6ping til sommer, men parterne er blevet enige om en \u00f8jeblikkelig transfer<\/p>\n","protected":false},"author":705,"featured_media":247357,"comment_status":"open","ping_status":"closed","sticky":false,"template":"","format":"standard","meta":{"om_disable_all_campaigns":false,"push_articles_ronaldo":{"active":false,"canonical":0,"publish":false},"force_updates":null},"categories":[7],"tags":[1073,1862,1920,88,588],"enet_tags":{"league":["67","46"],"team":["8449","8414"],"player":["650618"],"sport_events":[]},"yoast_head":"<!-- This site is optimized with the Yoast SEO plugin v18.3 - https:\/\/yoast.com\/wordpress\/plugins\/seo\/ -->\n<title>Officielt: Dansk stopper forlader Superligaen med det samme<\/title>\n<meta name=\"description\" content=\"OB-stopperen Marco Lund skulle f\u00f8rst forlade OB til fordel for Norrk\u00f6ping til sommer, men parterne er blevet enige om en \u00f8jeblikkelig transfer\" \/>\n<meta name=\"robots\" content=\"index, follow, max-snippet:-1, max-image-preview:large, max-video-preview:-1\" \/>\n<link rel=\"canonical\" href=\"https:\/\/acefootball.com\/da\/fodboldnyheder\/officielt-dansk-stopper-forlader-superligaen-med-det-samme\/\" \/>\n<meta property=\"og:locale\" content=\"en_US\" \/>\n<meta property=\"og:type\" content=\"article\" \/>\n<meta property=\"og:title\" content=\"Officielt: Dansk stopper forlader Superligaen med det samme\" \/>\n<meta property=\"og:description\" content=\"OB-stopperen Marco Lund skulle f\u00f8rst forlade OB til fordel for Norrk\u00f6ping til sommer, men parterne er blevet enige om en \u00f8jeblikkelig transfer\" \/>\n<meta property=\"og:url\" content=\"https:\/\/acefootball.com\/da\/fodboldnyheder\/officielt-dansk-stopper-forlader-superligaen-med-det-samme\/\" \/>\n<meta property=\"og:site_name\" content=\"Ace Football Danmark\" \/>\n<meta property=\"article:publisher\" content=\"https:\/\/www.facebook.com\/acefootballdk\" \/>\n<meta property=\"article:published_time\" content=\"2021-02-08T16:36:22+00:00\" \/>\n<meta property=\"article:modified_time\" content=\"2021-02-08T16:36:23+00:00\" \/>\n<meta property=\"og:image\" content=\"https:\/\/acefootball.com\/da\/wp-content\/uploads\/sites\/2\/2021\/02\/Laes-mere-generel-1-3.jpg\" \/>\n\t<meta property=\"og:image:width\" content=\"1920\" \/>\n\t<meta property=\"og:image:height\" content=\"1008\" \/>\n\t<meta property=\"og:image:type\" content=\"image\/jpeg\" \/>\n<meta name=\"twitter:card\" content=\"summary_large_image\" \/>\n<meta name=\"twitter:label1\" content=\"Written by\" \/>\n\t<meta name=\"twitter:data1\" content=\"Mads Dreyer\" \/>\n\t<meta name=\"twitter:label2\" content=\"Est. reading time\" \/>\n\t<meta name=\"twitter:data2\" content=\"1 minute\" \/>\n<script type=\"application\/ld+json\" class=\"yoast-schema-graph\">{\"@context\":\"https:\/\/schema.org\",\"@graph\":[{\"@type\":\"Organization\",\"@id\":\"https:\/\/acefootball.com\/da\/#organization\",\"name\":\"Ace Football\",\"url\":\"https:\/\/acefootball.com\/da\/\",\"sameAs\":[\"https:\/\/www.facebook.com\/acefootballdk\"],\"logo\":{\"@type\":\"ImageObject\",\"@id\":\"https:\/\/acefootball.com\/da\/#logo\",\"inLanguage\":\"en-US\",\"url\":\"https:\/\/acefootball.com\/da\/wp-content\/uploads\/sites\/2\/2020\/07\/Ace-Football-30-07-2020-2.png\",\"contentUrl\":\"https:\/\/acefootball.com\/da\/wp-content\/uploads\/sites\/2\/2020\/07\/Ace-Football-30-07-2020-2.png\",\"width\":1200,\"height\":600,\"caption\":\"Ace Football\"},\"image\":{\"@id\":\"https:\/\/acefootball.com\/da\/#logo\"}},{\"@type\":\"WebSite\",\"@id\":\"https:\/\/acefootball.com\/da\/#website\",\"url\":\"https:\/\/acefootball.com\/da\/\",\"name\":\"Ace Football Danmark\",\"description\":\"Nyheder, Spiltips &amp; Livescore\",\"publisher\":{\"@id\":\"https:\/\/acefootball.com\/da\/#organization\"},\"potentialAction\":[{\"@type\":\"SearchAction\",\"target\":{\"@type\":\"EntryPoint\",\"urlTemplate\":\"https:\/\/acefootball.com\/da\/?s={search_term_string}\"},\"query-input\":\"required name=search_term_string\"}],\"inLanguage\":\"en-US\"},{\"@type\":\"ImageObject\",\"@id\":\"https:\/\/acefootball.com\/da\/fodboldnyheder\/officielt-dansk-stopper-forlader-superligaen-med-det-samme\/#primaryimage\",\"inLanguage\":\"en-US\",\"url\":\"https:\/\/acefootball.com\/da\/wp-content\/uploads\/sites\/2\/2021\/02\/Laes-mere-generel-1-3.jpg\",\"contentUrl\":\"https:\/\/acefootball.com\/da\/wp-content\/uploads\/sites\/2\/2021\/02\/Laes-mere-generel-1-3.jpg\",\"width\":1920,\"height\":1008,\"caption\":\"marco lund\"},{\"@type\":\"WebPage\",\"@id\":\"https:\/\/acefootball.com\/da\/fodboldnyheder\/officielt-dansk-stopper-forlader-superligaen-med-det-samme\/#webpage\",\"url\":\"https:\/\/acefootball.com\/da\/fodboldnyheder\/officielt-dansk-stopper-forlader-superligaen-med-det-samme\/\",\"name\":\"Officielt: Dansk stopper forlader Superligaen med det samme\",\"isPartOf\":{\"@id\":\"https:\/\/acefootball.com\/da\/#website\"},\"primaryImageOfPage\":{\"@id\":\"https:\/\/acefootball.com\/da\/fodboldnyheder\/officielt-dansk-stopper-forlader-superligaen-med-det-samme\/#primaryimage\"},\"datePublished\":\"2021-02-08T16:36:22+00:00\",\"dateModified\":\"2021-02-08T16:36:23+00:00\",\"description\":\"OB-stopperen Marco Lund skulle f\u00f8rst forlade OB til fordel for Norrk\u00f6ping til sommer, men parterne er blevet enige om en \u00f8jeblikkelig transfer\",\"breadcrumb\":{\"@id\":\"https:\/\/acefootball.com\/da\/fodboldnyheder\/officielt-dansk-stopper-forlader-superligaen-med-det-samme\/#breadcrumb\"},\"inLanguage\":\"en-US\",\"potentialAction\":[{\"@type\":\"ReadAction\",\"target\":[\"https:\/\/acefootball.com\/da\/fodboldnyheder\/officielt-dansk-stopper-forlader-superligaen-med-det-samme\/\"]}]},{\"@type\":\"BreadcrumbList\",\"@id\":\"https:\/\/acefootball.com\/da\/fodboldnyheder\/officielt-dansk-stopper-forlader-superligaen-med-det-samme\/#breadcrumb\",\"itemListElement\":[{\"@type\":\"ListItem\",\"position\":1,\"name\":\"Home\",\"item\":\"https:\/\/acefootball.com\/da\/\"},{\"@type\":\"ListItem\",\"position\":2,\"name\":\"Officielt: Dansk stopper forlader Superligaen med det samme\"}]},{\"@type\":\"Article\",\"@id\":\"https:\/\/acefootball.com\/da\/fodboldnyheder\/officielt-dansk-stopper-forlader-superligaen-med-det-samme\/#article\",\"isPartOf\":{\"@id\":\"https:\/\/acefootball.com\/da\/fodboldnyheder\/officielt-dansk-stopper-forlader-superligaen-med-det-samme\/#webpage\"},\"author\":{\"@id\":\"https:\/\/acefootball.com\/da\/#\/schema\/person\/ee67e9cf04a276f144100ffa722f10cd\"},\"headline\":\"Officielt: Dansk stopper forlader Superligaen med det samme\",\"datePublished\":\"2021-02-08T16:36:22+00:00\",\"dateModified\":\"2021-02-08T16:36:23+00:00\",\"mainEntityOfPage\":{\"@id\":\"https:\/\/acefootball.com\/da\/fodboldnyheder\/officielt-dansk-stopper-forlader-superligaen-med-det-samme\/#webpage\"},\"wordCount\":221,\"commentCount\":0,\"publisher\":{\"@id\":\"https:\/\/acefootball.com\/da\/#organization\"},\"image\":{\"@id\":\"https:\/\/acefootball.com\/da\/fodboldnyheder\/officielt-dansk-stopper-forlader-superligaen-med-det-samme\/#primaryimage\"},\"thumbnailUrl\":\"https:\/\/acefootball.com\/da\/wp-content\/uploads\/sites\/2\/2021\/01\/GettyImages-1220292335.jpg\",\"keywords\":[\"Allsvenskan\",\"IFK Norrk\u00f6ping\",\"Marco Lund\",\"OB\",\"Superligaen\"],\"articleSection\":[\"Transfer\"],\"inLanguage\":\"en-US\",\"potentialAction\":[{\"@type\":\"CommentAction\",\"name\":\"Comment\",\"target\":[\"https:\/\/acefootball.com\/da\/fodboldnyheder\/officielt-dansk-stopper-forlader-superligaen-med-det-samme\/#respond\"]}]},{\"@type\":\"Person\",\"@id\":\"https:\/\/acefootball.com\/da\/#\/schema\/person\/ee67e9cf04a276f144100ffa722f10cd\",\"name\":\"Mads Dreyer\",\"image\":{\"@type\":\"ImageObject\",\"@id\":\"https:\/\/acefootball.com\/da\/#personlogo\",\"inLanguage\":\"en-US\",\"url\":\"https:\/\/secure.gravatar.com\/avatar\/7c7abf72cfde9902b6a60efe60c88d4c?s=96&d=mm&r=g\",\"contentUrl\":\"https:\/\/secure.gravatar.com\/avatar\/7c7abf72cfde9902b6a60efe60c88d4c?s=96&d=mm&r=g\",\"caption\":\"Mads Dreyer\"},\"description\":\"Skribent og fodboldn\u00f8rd, der lige nu fort\u00e6ller om alt og intet i fodboldverdenen p\u00e5 acefootball.com. Uddannet i kommunikation fra Aalborg Universitet.\",\"sameAs\":[\"https:\/\/www.linkedin.com\/in\/mads-dreyer-b9b08266\/\"],\"url\":\"https:\/\/acefootball.com\/da\/fodboldnyheder\/author\/mdnronaldo\/\"}]}<\/script>\n<!-- \/ Yoast SEO plugin. -->","yoast_head_json":{"title":"Officielt: Dansk stopper forlader Superligaen med det samme","description":"OB-stopperen Marco Lund skulle f\u00f8rst forlade OB til fordel for Norrk\u00f6ping til sommer, men parterne er blevet enige om en \u00f8jeblikkelig transfer","robots":{"index":"index","follow":"follow","max-snippet":"max-snippet:-1","max-image-preview":"max-image-preview:large","max-video-preview":"max-video-preview:-1"},"canonical":"https:\/\/acefootball.com\/da\/fodboldnyheder\/officielt-dansk-stopper-forlader-superligaen-med-det-samme\/","og_locale":"en_US","og_type":"article","og_title":"Officielt: Dansk stopper forlader Superligaen med det samme","og_description":"OB-stopperen Marco Lund skulle f\u00f8rst forlade OB til fordel for Norrk\u00f6ping til sommer, men parterne er blevet enige om en \u00f8jeblikkelig transfer","og_url":"https:\/\/acefootball.com\/da\/fodboldnyheder\/officielt-dansk-stopper-forlader-superligaen-med-det-samme\/","og_site_name":"Ace Football Danmark","article_publisher":"https:\/\/www.facebook.com\/acefootballdk","article_published_time":"2021-02-08T16:36:22+00:00","article_modified_time":"2021-02-08T16:36:23+00:00","og_image":[{"width":1920,"height":1008,"url":"https:\/\/acefootball.com\/da\/wp-content\/uploads\/sites\/2\/2021\/02\/Laes-mere-generel-1-3.jpg","type":"image\/jpeg"}],"twitter_card":"summary_large_image","twitter_misc":{"Written by":"Mads Dreyer","Est. reading time":"1 minute"},"schema":{"@context":"https:\/\/schema.org","@graph":[{"@type":"Organization","@id":"https:\/\/acefootball.com\/da\/#organization","name":"Ace Football","url":"https:\/\/acefootball.com\/da\/","sameAs":["https:\/\/www.facebook.com\/acefootballdk"],"logo":{"@type":"ImageObject","@id":"https:\/\/acefootball.com\/da\/#logo","inLanguage":"en-US","url":"https:\/\/acefootball.com\/da\/wp-content\/uploads\/sites\/2\/2020\/07\/Ace-Football-30-07-2020-2.png","contentUrl":"https:\/\/acefootball.com\/da\/wp-content\/uploads\/sites\/2\/2020\/07\/Ace-Football-30-07-2020-2.png","width":1200,"height":600,"caption":"Ace Football"},"image":{"@id":"https:\/\/acefootball.com\/da\/#logo"}},{"@type":"WebSite","@id":"https:\/\/acefootball.com\/da\/#website","url":"https:\/\/acefootball.com\/da\/","name":"Ace Football Danmark","description":"Nyheder, Spiltips &amp; Livescore","publisher":{"@id":"https:\/\/acefootball.com\/da\/#organization"},"potentialAction":[{"@type":"SearchAction","target":{"@type":"EntryPoint","urlTemplate":"https:\/\/acefootball.com\/da\/?s={search_term_string}"},"query-input":"required name=search_term_string"}],"inLanguage":"en-US"},{"@type":"ImageObject","@id":"https:\/\/acefootball.com\/da\/fodboldnyheder\/officielt-dansk-stopper-forlader-superligaen-med-det-samme\/#primaryimage","inLanguage":"en-US","url":"https:\/\/acefootball.com\/da\/wp-content\/uploads\/sites\/2\/2021\/02\/Laes-mere-generel-1-3.jpg","contentUrl":"https:\/\/acefootball.com\/da\/wp-content\/uploads\/sites\/2\/2021\/02\/Laes-mere-generel-1-3.jpg","width":1920,"height":1008,"caption":"marco lund"},{"@type":"WebPage","@id":"https:\/\/acefootball.com\/da\/fodboldnyheder\/officielt-dansk-stopper-forlader-superligaen-med-det-samme\/#webpage","url":"https:\/\/acefootball.com\/da\/fodboldnyheder\/officielt-dansk-stopper-forlader-superligaen-med-det-samme\/","name":"Officielt: Dansk stopper forlader Superligaen med det samme","isPartOf":{"@id":"https:\/\/acefootball.com\/da\/#website"},"primaryImageOfPage":{"@id":"https:\/\/acefootball.com\/da\/fodboldnyheder\/officielt-dansk-stopper-forlader-superligaen-med-det-samme\/#primaryimage"},"datePublished":"2021-02-08T16:36:22+00:00","dateModified":"2021-02-08T16:36:23+00:00","description":"OB-stopperen Marco Lund skulle f\u00f8rst forlade OB til fordel for Norrk\u00f6ping til sommer, men parterne er blevet enige om en \u00f8jeblikkelig transfer","breadcrumb":{"@id":"https:\/\/acefootball.com\/da\/fodboldnyheder\/officielt-dansk-stopper-forlader-superligaen-med-det-samme\/#breadcrumb"},"inLanguage":"en-US","potentialAction":[{"@type":"ReadAction","target":["https:\/\/acefootball.com\/da\/fodboldnyheder\/officielt-dansk-stopper-forlader-superligaen-med-det-samme\/"]}]},{"@type":"BreadcrumbList","@id":"https:\/\/acefootball.com\/da\/fodboldnyheder\/officielt-dansk-stopper-forlader-superligaen-med-det-samme\/#breadcrumb","itemListElement":[{"@type":"ListItem","position":1,"name":"Home","item":"https:\/\/acefootball.com\/da\/"},{"@type":"ListItem","position":2,"name":"Officielt: Dansk stopper forlader Superligaen med det samme"}]},{"@type":"Article","@id":"https:\/\/acefootball.com\/da\/fodboldnyheder\/officielt-dansk-stopper-forlader-superligaen-med-det-samme\/#article","isPartOf":{"@id":"https:\/\/acefootball.com\/da\/fodboldnyheder\/officielt-dansk-stopper-forlader-superligaen-med-det-samme\/#webpage"},"author":{"@id":"https:\/\/acefootball.com\/da\/#\/schema\/person\/ee67e9cf04a276f144100ffa722f10cd"},"headline":"Officielt: Dansk stopper forlader Superligaen med det samme","datePublished":"2021-02-08T16:36:22+00:00","dateModified":"2021-02-08T16:36:23+00:00","mainEntityOfPage":{"@id":"https:\/\/acefootball.com\/da\/fodboldnyheder\/officielt-dansk-stopper-forlader-superligaen-med-det-samme\/#webpage"},"wordCount":221,"commentCount":0,"publisher":{"@id":"https:\/\/acefootball.com\/da\/#organization"},"image":{"@id":"https:\/\/acefootball.com\/da\/fodboldnyheder\/officielt-dansk-stopper-forlader-superligaen-med-det-samme\/#primaryimage"},"thumbnailUrl":"https:\/\/acefootball.com\/da\/wp-content\/uploads\/sites\/2\/2021\/01\/GettyImages-1220292335.jpg","keywords":["Allsvenskan","IFK Norrk\u00f6ping","Marco Lund","OB","Superligaen"],"articleSection":["Transfer"],"inLanguage":"en-US","potentialAction":[{"@type":"CommentAction","name":"Comment","target":["https:\/\/acefootball.com\/da\/fodboldnyheder\/officielt-dansk-stopper-forlader-superligaen-med-det-samme\/#respond"]}]},{"@type":"Person","@id":"https:\/\/acefootball.com\/da\/#\/schema\/person\/ee67e9cf04a276f144100ffa722f10cd","name":"Mads Dreyer","image":{"@type":"ImageObject","@id":"https:\/\/acefootball.com\/da\/#personlogo","inLanguage":"en-US","url":"https:\/\/secure.gravatar.com\/avatar\/7c7abf72cfde9902b6a60efe60c88d4c?s=96&d=mm&r=g","contentUrl":"https:\/\/secure.gravatar.com\/avatar\/7c7abf72cfde9902b6a60efe60c88d4c?s=96&d=mm&r=g","caption":"Mads Dreyer"},"description":"Skribent og fodboldn\u00f8rd, der lige nu fort\u00e6ller om alt og intet i fodboldverdenen p\u00e5 acefootball.com. Uddannet i kommunikation fra Aalborg Universitet.","sameAs":["https:\/\/www.linkedin.com\/in\/mads-dreyer-b9b08266\/"],"url":"https:\/\/acefootball.com\/da\/fodboldnyheder\/author\/mdnronaldo\/"}]}},"fimg_url":"https:\/\/acefootball.com\/da\/wp-content\/uploads\/sites\/2\/2021\/01\/GettyImages-1220292335.jpg","_links":{"self":[{"href":"https:\/\/acefootball.com\/da\/wp-json\/wp\/v2\/posts\/251206"}],"collection":[{"href":"https:\/\/acefootball.com\/da\/wp-json\/wp\/v2\/posts"}],"about":[{"href":"https:\/\/acefootball.com\/da\/wp-json\/wp\/v2\/types\/post"}],"author":[{"embeddable":true,"href":"https:\/\/acefootball.com\/da\/wp-json\/wp\/v2\/users\/705"}],"replies":[{"embeddable":true,"href":"https:\/\/acefootball.com\/da\/wp-json\/wp\/v2\/comments?post=251206"}],"version-history":[{"count":0,"href":"https:\/\/acefootball.com\/da\/wp-json\/wp\/v2\/posts\/251206\/revisions"}],"wp:featuredmedia":[{"embeddable":true,"href":"https:\/\/acefootball.com\/da\/wp-json\/wp\/v2\/media\/247357"}],"wp:attachment":[{"href":"https:\/\/acefootball.com\/da\/wp-json\/wp\/v2\/media?parent=251206"}],"wp:term":[{"taxonomy":"category","embeddable":true,"href":"https:\/\/acefootball.com\/da\/wp-json\/wp\/v2\/categories?post=251206"},{"taxonomy":"post_tag","embeddable":true,"href":"https:\/\/acefootball.com\/da\/wp-json\/wp\/v2\/tags?post=251206"}],"curies":[{"name":"wp","href":"https:\/\/api.w.org\/{rel}","templated":true}]}}