{"id":251116,"date":"2021-02-08T10:40:22","date_gmt":"2021-02-08T09:40:22","guid":{"rendered":"https:\/\/acefootball.com\/da\/?p=251116"},"modified":"2021-02-08T10:40:23","modified_gmt":"2021-02-08T09:40:23","slug":"broendby-spiller-hagles-ned-efter-aab-kamp-fortid-til-sommer","status":"publish","type":"post","link":"https:\/\/acefootball.com\/da\/fodboldnyheder\/broendby-spiller-hagles-ned-efter-aab-kamp-fortid-til-sommer\/","title":{"rendered":"Br\u00f8ndby-spiller hagles ned efter AaB-kamp: Fortid til sommer!"},"content":{"rendered":"\n<h2 id=\"h-br-ndby-spillede-s-ndag-aften-uafgjort-med-aab-hvor-is-r-hjemmeholdets-kevin-mensah-m-tte-st-model-til-massiv-kritik-p-de-sociale-medier-for-sin-pr-station\">Br\u00f8ndby spillede s\u00f8ndag aften uafgjort med AaB, hvor is\u00e6r hjemmeholdets Kevin Mensah m\u00e5tte st\u00e5 model til massiv kritik p\u00e5 de sociale medier for sin pr\u00e6station<\/h2>\n\n\n\n<div class=\"wp-block-si-widget wp-block-si-widget--center\"><si-lb-widget widget-id=\"MatchInfoWithOdds\" data-nopadding=\"true\" data-card=\"true\" width=\"440\" data-event-id=\"3389156\" data-theme-appearance=\"dark\"><\/si-lb-widget><\/div>\n\n\n\n<p>Br\u00f8ndby og AaB delte s\u00f8ndag aften i porten, da opg\u00f8ret mellem Superligaens f\u00f8rerhold og g\u00e6sterne fra Nordjylland endte 1-1.<\/p>\n\n\n\n<p>En af de spillere der havde f\u00e5et chancen fra start var wingbacken Kevin Mensah, der i stedet havde skubbet klubbens eget talent Andreas Bruus p\u00e5 b\u00e6nken.<\/p>\n\n\n\n<p>Og netop Kevin Mensahs pr\u00e6station modtog stor kritik p\u00e5 de sociale medier, hvor is\u00e6r den 29-\u00e5riges indl\u00e6g var det helt store samtaleemne.<\/p>\n\n\n\n<p>Se et udsnit af kommentarerne her:<\/p>\n\n\n\n<figure class=\"wp-block-embed is-type-rich is-provider-twitter wp-block-embed-twitter\"><div class=\"wp-block-embed__wrapper\">\n<blockquote class=\"twitter-tweet\" data-width=\"550\" data-dnt=\"true\"><p lang=\"da\" dir=\"ltr\">.. om s\u00e5 Mensah tog bolden op i h\u00e5nden og l\u00f8b den ind i feltet, s\u00e5 ville han ikke ramme en medspiller, n\u00e5r han slap den&#8230;.<a href=\"https:\/\/twitter.com\/hashtag\/broendby?src=hash&amp;ref_src=twsrc%5Etfw\">#broendby<\/a><\/p>&mdash; Kenneth V. Jeppesen (@Brollesen) <a href=\"https:\/\/twitter.com\/Brollesen\/status\/1358528871172354048?ref_src=twsrc%5Etfw\">February 7, 2021<\/a><\/blockquote><script async src=\"https:\/\/platform.twitter.com\/widgets.js\" charset=\"utf-8\"><\/script>\n<\/div><\/figure>\n\n\n\n<figure class=\"wp-block-embed is-type-rich is-provider-twitter wp-block-embed-twitter\"><div class=\"wp-block-embed__wrapper\">\n<blockquote class=\"twitter-tweet\" data-width=\"550\" data-dnt=\"true\"><p lang=\"da\" dir=\"ltr\">Kevin Mensah spiller forh\u00e5bentlig sin sidste halvs\u00e6son i dette for\u00e5r. <br>Fortid til sommer sammen med JMG. Der skal hentes en h\u00f8jre back, kvaliteten pt. er simpelthen for ringe. <a href=\"https:\/\/twitter.com\/hashtag\/sldk?src=hash&amp;ref_src=twsrc%5Etfw\">#sldk<\/a> <a href=\"https:\/\/twitter.com\/hashtag\/br%C3%B8ndby?src=hash&amp;ref_src=twsrc%5Etfw\">#br\u00f8ndby<\/a> <a href=\"https:\/\/twitter.com\/hashtag\/bifaab?src=hash&amp;ref_src=twsrc%5Etfw\">#bifaab<\/a><\/p>&mdash; Ulrik Von Lichtenstein (@UlrikVonL) <a href=\"https:\/\/twitter.com\/UlrikVonL\/status\/1358518670058786818?ref_src=twsrc%5Etfw\">February 7, 2021<\/a><\/blockquote><script async src=\"https:\/\/platform.twitter.com\/widgets.js\" charset=\"utf-8\"><\/script>\n<\/div><\/figure>\n\n\n\n<figure class=\"wp-block-embed is-type-rich is-provider-twitter wp-block-embed-twitter\"><div class=\"wp-block-embed__wrapper\">\n<blockquote class=\"twitter-tweet\" data-width=\"550\" data-dnt=\"true\"><p lang=\"da\" dir=\"ltr\">Det er utroligt, Br\u00f8ndby foretr\u00e6kker Mensah p\u00e5 h\u00f8jreback. Hans fart er ikke nok til at kompensere for hans elendige taktiske forst\u00e5else, n\u00e5r han skal forsvare. <a href=\"https:\/\/twitter.com\/hashtag\/sldk?src=hash&amp;ref_src=twsrc%5Etfw\">#sldk<\/a> <a href=\"https:\/\/twitter.com\/hashtag\/MandenKanIkkeForsvare?src=hash&amp;ref_src=twsrc%5Etfw\">#MandenKanIkkeForsvare<\/a><\/p>&mdash; Jesper Kohberg-Skov (@Skyw85) <a href=\"https:\/\/twitter.com\/Skyw85\/status\/1358511366928269313?ref_src=twsrc%5Etfw\">February 7, 2021<\/a><\/blockquote><script async src=\"https:\/\/platform.twitter.com\/widgets.js\" charset=\"utf-8\"><\/script>\n<\/div><\/figure>\n\n\n\n<figure class=\"wp-block-embed is-type-rich is-provider-twitter wp-block-embed-twitter\"><div class=\"wp-block-embed__wrapper\">\n<blockquote class=\"twitter-tweet\" data-width=\"550\" data-dnt=\"true\"><p lang=\"da\" dir=\"ltr\">Kevin Mensah er simpelthen s\u00e5 ringe. <a href=\"https:\/\/twitter.com\/hashtag\/bifaab?src=hash&amp;ref_src=twsrc%5Etfw\">#bifaab<\/a><\/p>&mdash; Elmander19 (@Elmander191) <a href=\"https:\/\/twitter.com\/Elmander191\/status\/1358518726971252739?ref_src=twsrc%5Etfw\">February 7, 2021<\/a><\/blockquote><script async src=\"https:\/\/platform.twitter.com\/widgets.js\" charset=\"utf-8\"><\/script>\n<\/div><\/figure>\n\n\n\n<figure class=\"wp-block-embed is-type-rich is-provider-twitter wp-block-embed-twitter\"><div class=\"wp-block-embed__wrapper\">\n<blockquote class=\"twitter-tweet\" data-width=\"550\" data-dnt=\"true\"><p lang=\"da\" dir=\"ltr\">Der g\u00e5r rygter om at det tager lige s\u00e5 langt tid for Fie Laursen at sige noget fornuftigt, som for Mensah lave et kvalificeret indl\u00e6g!? \ud83e\udd37\u200d\u2642\ufe0f<\/p>&mdash; Greenwall (@Kenneth_vold) <a href=\"https:\/\/twitter.com\/Kenneth_vold\/status\/1358524274944917510?ref_src=twsrc%5Etfw\">February 7, 2021<\/a><\/blockquote><script async src=\"https:\/\/platform.twitter.com\/widgets.js\" charset=\"utf-8\"><\/script>\n<\/div><\/figure>\n\n\n\n<figure class=\"wp-block-embed is-type-rich is-provider-twitter wp-block-embed-twitter\"><div class=\"wp-block-embed__wrapper\">\n<blockquote class=\"twitter-tweet\" data-width=\"550\" data-dnt=\"true\"><p lang=\"da\" dir=\"ltr\">Jeg kan vitterligt ikke huske, hvorn\u00e5r jeg sidst har set s\u00e5 ringe en offensiv pr\u00e6station fra en spiller, som den Mensah leverer i dag. Masser af muligheder og intet output overhovedet. Det ene indl\u00e6g efter det andet direkte i foden p\u00e5 f\u00f8rste forsvarer. <br>Bring back Bruus<\/p>&mdash; Caspar D (@CasparDyb) <a href=\"https:\/\/twitter.com\/CasparDyb\/status\/1358520670871842825?ref_src=twsrc%5Etfw\">February 7, 2021<\/a><\/blockquote><script async src=\"https:\/\/platform.twitter.com\/widgets.js\" charset=\"utf-8\"><\/script>\n<\/div><\/figure>\n\n\n\n<figure class=\"wp-block-embed is-type-rich is-provider-twitter wp-block-embed-twitter\"><div class=\"wp-block-embed__wrapper\">\n<blockquote class=\"twitter-tweet\" data-width=\"550\" data-dnt=\"true\"><p lang=\"da\" dir=\"ltr\">Mensah skal bruge hele n\u00e6ste uge p\u00e5 at tr\u00e6ne indl\u00e6g<\/p>&mdash; Str\u00f8ms\u00f8 (@ABehrendtz) <a href=\"https:\/\/twitter.com\/ABehrendtz\/status\/1358520539065769984?ref_src=twsrc%5Etfw\">February 7, 2021<\/a><\/blockquote><script async src=\"https:\/\/platform.twitter.com\/widgets.js\" charset=\"utf-8\"><\/script>\n<\/div><\/figure>\n\n\n\n<figure class=\"wp-block-embed is-type-rich is-provider-twitter wp-block-embed-twitter\"><div class=\"wp-block-embed__wrapper\">\n<blockquote class=\"twitter-tweet\" data-width=\"550\" data-dnt=\"true\"><p lang=\"da\" dir=\"ltr\">Bruus kan da umuligt v\u00e6re s\u00e5 d\u00e5rlig at Mensah f\u00e5r lov til at starte\ud83e\udd2f <a href=\"https:\/\/twitter.com\/hashtag\/sldk?src=hash&amp;ref_src=twsrc%5Etfw\">#sldk<\/a><\/p>&mdash; Mads (@Ryymark) <a href=\"https:\/\/twitter.com\/Ryymark\/status\/1358520423349170181?ref_src=twsrc%5Etfw\">February 7, 2021<\/a><\/blockquote><script async src=\"https:\/\/platform.twitter.com\/widgets.js\" charset=\"utf-8\"><\/script>\n<\/div><\/figure>\n\n\n\n<figure class=\"wp-block-embed is-type-rich is-provider-twitter wp-block-embed-twitter\"><div class=\"wp-block-embed__wrapper\">\n<blockquote class=\"twitter-tweet\" data-width=\"550\" data-dnt=\"true\"><p lang=\"da\" dir=\"ltr\">Hold k\u00e6ft, hvor er Mensah ringe&#8230;<\/p>&mdash; Simon S\u00f8rensen (@Bifsimon) <a href=\"https:\/\/twitter.com\/Bifsimon\/status\/1358519713580658695?ref_src=twsrc%5Etfw\">February 7, 2021<\/a><\/blockquote><script async src=\"https:\/\/platform.twitter.com\/widgets.js\" charset=\"utf-8\"><\/script>\n<\/div><\/figure>\n\n\n\n<figure class=\"wp-block-embed is-type-rich is-provider-twitter wp-block-embed-twitter\"><div class=\"wp-block-embed__wrapper\">\n<blockquote class=\"twitter-tweet\" data-width=\"550\" data-dnt=\"true\"><p lang=\"da\" dir=\"ltr\">Mensah er den spiller med flest succesfulde afleveringer&#8230;<br>.<br>.<br>&#8230;for AaB<\/p>&mdash; Aske Stentoft (@stentoft01) <a href=\"https:\/\/twitter.com\/stentoft01\/status\/1358519561566494728?ref_src=twsrc%5Etfw\">February 7, 2021<\/a><\/blockquote><script async src=\"https:\/\/platform.twitter.com\/widgets.js\" charset=\"utf-8\"><\/script>\n<\/div><\/figure>\n\n\n\n<p>Br\u00f8ndby kunne f\u00f8r kampen offentligg\u00f8re, at man til sommer fra tilgang af Hobro-spillerens Christian Cappis. Den handel kan du l\u00e6se mere om herunder:<\/p>\n\n\n\n<figure class=\"wp-block-embed is-type-wp-embed is-provider-ace-football-danmark wp-block-embed-ace-football-danmark\"><div class=\"wp-block-embed__wrapper\">\n<blockquote class=\"wp-embedded-content\" data-secret=\"CcQa5QPrqO\"><a href=\"https:\/\/acefootball.com\/da\/fodboldnyheder\/transferrekord-saa-meget-betaler-broendby-minimum-for-cappis\/\">Transferrekord: S\u00e5 meget betaler Br\u00f8ndby minimum for Cappis<\/a><\/blockquote><iframe class=\"wp-embedded-content\" sandbox=\"allow-scripts\" security=\"restricted\" style=\"position: absolute; clip: rect(1px, 1px, 1px, 1px);\" title=\"&#8220;Transferrekord: S\u00e5 meget betaler Br\u00f8ndby minimum for Cappis&#8221; &#8212; Ace Football Danmark\" src=\"https:\/\/acefootball.com\/da\/fodboldnyheder\/transferrekord-saa-meget-betaler-broendby-minimum-for-cappis\/embed\/#?secret=CcQa5QPrqO\" data-secret=\"CcQa5QPrqO\" width=\"600\" height=\"338\" frameborder=\"0\" marginwidth=\"0\" marginheight=\"0\" scrolling=\"no\"><\/iframe>\n<\/div><\/figure>\n","protected":false},"excerpt":{"rendered":"<p>Br\u00f8ndby spillede s\u00f8ndag aften uafgjort med AaB, hvor is\u00e6r hjemmeholdets Kevin Mensah m\u00e5tte st\u00e5 model til massiv kritik p\u00e5 de sociale medier for sin pr\u00e6station<\/p>\n","protected":false},"author":43,"featured_media":236294,"comment_status":"open","ping_status":"closed","sticky":false,"template":"","format":"standard","meta":{"om_disable_all_campaigns":false,"push_articles_ronaldo":{"active":false,"canonical":0,"publish":false},"force_updates":null},"categories":[8060],"tags":[53,1242,588],"enet_tags":{"team":["8595"],"player":["79162"],"league":["46"],"sport_events":[3389156]},"yoast_head":"<!-- This site is optimized with the Yoast SEO plugin v18.3 - https:\/\/yoast.com\/wordpress\/plugins\/seo\/ -->\n<title>Br\u00f8ndby-spiller hagles ned efter AaB-kamp: Fortid til sommer!<\/title>\n<meta name=\"description\" content=\"Br\u00f8ndby spillede s\u00f8ndag aften uafgjort med AaB, hvor is\u00e6r hjemmeholdets Kevin Mensah m\u00e5tte st\u00e5 model til massiv kritik p\u00e5 de sociale medier for sin pr\u00e6station\" \/>\n<meta name=\"robots\" content=\"index, follow, max-snippet:-1, max-image-preview:large, max-video-preview:-1\" \/>\n<link rel=\"canonical\" href=\"https:\/\/acefootball.com\/da\/fodboldnyheder\/broendby-spiller-hagles-ned-efter-aab-kamp-fortid-til-sommer\/\" \/>\n<meta property=\"og:locale\" content=\"en_US\" \/>\n<meta property=\"og:type\" content=\"article\" \/>\n<meta property=\"og:title\" content=\"Br\u00f8ndby-spiller hagles ned efter AaB-kamp: Fortid til sommer!\" \/>\n<meta property=\"og:description\" content=\"Br\u00f8ndby spillede s\u00f8ndag aften uafgjort med AaB, hvor is\u00e6r hjemmeholdets Kevin Mensah m\u00e5tte st\u00e5 model til massiv kritik p\u00e5 de sociale medier for sin pr\u00e6station\" \/>\n<meta property=\"og:url\" content=\"https:\/\/acefootball.com\/da\/fodboldnyheder\/broendby-spiller-hagles-ned-efter-aab-kamp-fortid-til-sommer\/\" \/>\n<meta property=\"og:site_name\" content=\"Ace Football Danmark\" \/>\n<meta property=\"article:publisher\" content=\"https:\/\/www.facebook.com\/acefootballdk\" \/>\n<meta property=\"article:published_time\" content=\"2021-02-08T09:40:22+00:00\" \/>\n<meta property=\"article:modified_time\" content=\"2021-02-08T09:40:23+00:00\" \/>\n<meta property=\"og:image\" content=\"https:\/\/acefootball.com\/da\/wp-content\/uploads\/sites\/2\/2021\/02\/Brondby-58.jpg\" \/>\n\t<meta property=\"og:image:width\" content=\"1920\" \/>\n\t<meta property=\"og:image:height\" content=\"1008\" \/>\n\t<meta property=\"og:image:type\" content=\"image\/jpeg\" \/>\n<meta name=\"twitter:card\" content=\"summary_large_image\" \/>\n<meta name=\"twitter:label1\" content=\"Written by\" \/>\n\t<meta name=\"twitter:data1\" content=\"Mikki M\u00f8ller-Iversen\" \/>\n\t<meta name=\"twitter:label2\" content=\"Est. reading time\" \/>\n\t<meta name=\"twitter:data2\" content=\"1 minute\" \/>\n<script type=\"application\/ld+json\" class=\"yoast-schema-graph\">{\"@context\":\"https:\/\/schema.org\",\"@graph\":[{\"@type\":\"Organization\",\"@id\":\"https:\/\/acefootball.com\/da\/#organization\",\"name\":\"Ace Football\",\"url\":\"https:\/\/acefootball.com\/da\/\",\"sameAs\":[\"https:\/\/www.facebook.com\/acefootballdk\"],\"logo\":{\"@type\":\"ImageObject\",\"@id\":\"https:\/\/acefootball.com\/da\/#logo\",\"inLanguage\":\"en-US\",\"url\":\"https:\/\/acefootball.com\/da\/wp-content\/uploads\/sites\/2\/2020\/07\/Ace-Football-30-07-2020-2.png\",\"contentUrl\":\"https:\/\/acefootball.com\/da\/wp-content\/uploads\/sites\/2\/2020\/07\/Ace-Football-30-07-2020-2.png\",\"width\":1200,\"height\":600,\"caption\":\"Ace Football\"},\"image\":{\"@id\":\"https:\/\/acefootball.com\/da\/#logo\"}},{\"@type\":\"WebSite\",\"@id\":\"https:\/\/acefootball.com\/da\/#website\",\"url\":\"https:\/\/acefootball.com\/da\/\",\"name\":\"Ace Football Danmark\",\"description\":\"Nyheder, Spiltips &amp; Livescore\",\"publisher\":{\"@id\":\"https:\/\/acefootball.com\/da\/#organization\"},\"potentialAction\":[{\"@type\":\"SearchAction\",\"target\":{\"@type\":\"EntryPoint\",\"urlTemplate\":\"https:\/\/acefootball.com\/da\/?s={search_term_string}\"},\"query-input\":\"required name=search_term_string\"}],\"inLanguage\":\"en-US\"},{\"@type\":\"ImageObject\",\"@id\":\"https:\/\/acefootball.com\/da\/fodboldnyheder\/broendby-spiller-hagles-ned-efter-aab-kamp-fortid-til-sommer\/#primaryimage\",\"inLanguage\":\"en-US\",\"url\":\"https:\/\/acefootball.com\/da\/wp-content\/uploads\/sites\/2\/2021\/02\/Brondby-58.jpg\",\"contentUrl\":\"https:\/\/acefootball.com\/da\/wp-content\/uploads\/sites\/2\/2021\/02\/Brondby-58.jpg\",\"width\":1920,\"height\":1008},{\"@type\":\"WebPage\",\"@id\":\"https:\/\/acefootball.com\/da\/fodboldnyheder\/broendby-spiller-hagles-ned-efter-aab-kamp-fortid-til-sommer\/#webpage\",\"url\":\"https:\/\/acefootball.com\/da\/fodboldnyheder\/broendby-spiller-hagles-ned-efter-aab-kamp-fortid-til-sommer\/\",\"name\":\"Br\u00f8ndby-spiller hagles ned efter AaB-kamp: Fortid til sommer!\",\"isPartOf\":{\"@id\":\"https:\/\/acefootball.com\/da\/#website\"},\"primaryImageOfPage\":{\"@id\":\"https:\/\/acefootball.com\/da\/fodboldnyheder\/broendby-spiller-hagles-ned-efter-aab-kamp-fortid-til-sommer\/#primaryimage\"},\"datePublished\":\"2021-02-08T09:40:22+00:00\",\"dateModified\":\"2021-02-08T09:40:23+00:00\",\"description\":\"Br\u00f8ndby spillede s\u00f8ndag aften uafgjort med AaB, hvor is\u00e6r hjemmeholdets Kevin Mensah m\u00e5tte st\u00e5 model til massiv kritik p\u00e5 de sociale medier for sin pr\u00e6station\",\"breadcrumb\":{\"@id\":\"https:\/\/acefootball.com\/da\/fodboldnyheder\/broendby-spiller-hagles-ned-efter-aab-kamp-fortid-til-sommer\/#breadcrumb\"},\"inLanguage\":\"en-US\",\"potentialAction\":[{\"@type\":\"ReadAction\",\"target\":[\"https:\/\/acefootball.com\/da\/fodboldnyheder\/broendby-spiller-hagles-ned-efter-aab-kamp-fortid-til-sommer\/\"]}]},{\"@type\":\"BreadcrumbList\",\"@id\":\"https:\/\/acefootball.com\/da\/fodboldnyheder\/broendby-spiller-hagles-ned-efter-aab-kamp-fortid-til-sommer\/#breadcrumb\",\"itemListElement\":[{\"@type\":\"ListItem\",\"position\":1,\"name\":\"Home\",\"item\":\"https:\/\/acefootball.com\/da\/\"},{\"@type\":\"ListItem\",\"position\":2,\"name\":\"Br\u00f8ndby-spiller hagles ned efter AaB-kamp: Fortid til sommer!\"}]},{\"@type\":\"Article\",\"@id\":\"https:\/\/acefootball.com\/da\/fodboldnyheder\/broendby-spiller-hagles-ned-efter-aab-kamp-fortid-til-sommer\/#article\",\"isPartOf\":{\"@id\":\"https:\/\/acefootball.com\/da\/fodboldnyheder\/broendby-spiller-hagles-ned-efter-aab-kamp-fortid-til-sommer\/#webpage\"},\"author\":{\"@id\":\"https:\/\/acefootball.com\/da\/#\/schema\/person\/017c0abe4a8e92938220bf6c097dda93\"},\"headline\":\"Br\u00f8ndby-spiller hagles ned efter AaB-kamp: Fortid til sommer!\",\"datePublished\":\"2021-02-08T09:40:22+00:00\",\"dateModified\":\"2021-02-08T09:40:23+00:00\",\"mainEntityOfPage\":{\"@id\":\"https:\/\/acefootball.com\/da\/fodboldnyheder\/broendby-spiller-hagles-ned-efter-aab-kamp-fortid-til-sommer\/#webpage\"},\"wordCount\":207,\"commentCount\":0,\"publisher\":{\"@id\":\"https:\/\/acefootball.com\/da\/#organization\"},\"image\":{\"@id\":\"https:\/\/acefootball.com\/da\/fodboldnyheder\/broendby-spiller-hagles-ned-efter-aab-kamp-fortid-til-sommer\/#primaryimage\"},\"thumbnailUrl\":\"https:\/\/acefootball.com\/da\/wp-content\/uploads\/sites\/2\/2020\/09\/GettyImages-1217141045.jpg\",\"keywords\":[\"Br\u00f8ndby IF\",\"Kevin Mensah\",\"Superligaen\"],\"articleSection\":[\"Reaktion\"],\"inLanguage\":\"en-US\",\"potentialAction\":[{\"@type\":\"CommentAction\",\"name\":\"Comment\",\"target\":[\"https:\/\/acefootball.com\/da\/fodboldnyheder\/broendby-spiller-hagles-ned-efter-aab-kamp-fortid-til-sommer\/#respond\"]}]},{\"@type\":\"Person\",\"@id\":\"https:\/\/acefootball.com\/da\/#\/schema\/person\/017c0abe4a8e92938220bf6c097dda93\",\"name\":\"Mikki M\u00f8ller-Iversen\",\"image\":{\"@type\":\"ImageObject\",\"@id\":\"https:\/\/acefootball.com\/da\/#personlogo\",\"inLanguage\":\"en-US\",\"url\":\"https:\/\/secure.gravatar.com\/avatar\/e05b419e8b5ae5fcf516800181b96aa2?s=96&d=mm&r=g\",\"contentUrl\":\"https:\/\/secure.gravatar.com\/avatar\/e05b419e8b5ae5fcf516800181b96aa2?s=96&d=mm&r=g\",\"caption\":\"Mikki M\u00f8ller-Iversen\"},\"description\":\"Social Media Manager and writer at Ace Football. Main focus on Danish football and special stories.\",\"sameAs\":[\"https:\/\/www.linkedin.com\/in\/mikki-mller-iversen-26a3a689\/\"],\"url\":\"https:\/\/acefootball.com\/da\/fodboldnyheder\/author\/mmironaldo\/\"}]}<\/script>\n<!-- \/ Yoast SEO plugin. -->","yoast_head_json":{"title":"Br\u00f8ndby-spiller hagles ned efter AaB-kamp: Fortid til sommer!","description":"Br\u00f8ndby spillede s\u00f8ndag aften uafgjort med AaB, hvor is\u00e6r hjemmeholdets Kevin Mensah m\u00e5tte st\u00e5 model til massiv kritik p\u00e5 de sociale medier for sin pr\u00e6station","robots":{"index":"index","follow":"follow","max-snippet":"max-snippet:-1","max-image-preview":"max-image-preview:large","max-video-preview":"max-video-preview:-1"},"canonical":"https:\/\/acefootball.com\/da\/fodboldnyheder\/broendby-spiller-hagles-ned-efter-aab-kamp-fortid-til-sommer\/","og_locale":"en_US","og_type":"article","og_title":"Br\u00f8ndby-spiller hagles ned efter AaB-kamp: Fortid til sommer!","og_description":"Br\u00f8ndby spillede s\u00f8ndag aften uafgjort med AaB, hvor is\u00e6r hjemmeholdets Kevin Mensah m\u00e5tte st\u00e5 model til massiv kritik p\u00e5 de sociale medier for sin pr\u00e6station","og_url":"https:\/\/acefootball.com\/da\/fodboldnyheder\/broendby-spiller-hagles-ned-efter-aab-kamp-fortid-til-sommer\/","og_site_name":"Ace Football Danmark","article_publisher":"https:\/\/www.facebook.com\/acefootballdk","article_published_time":"2021-02-08T09:40:22+00:00","article_modified_time":"2021-02-08T09:40:23+00:00","og_image":[{"width":1920,"height":1008,"url":"https:\/\/acefootball.com\/da\/wp-content\/uploads\/sites\/2\/2021\/02\/Brondby-58.jpg","type":"image\/jpeg"}],"twitter_card":"summary_large_image","twitter_misc":{"Written by":"Mikki M\u00f8ller-Iversen","Est. reading time":"1 minute"},"schema":{"@context":"https:\/\/schema.org","@graph":[{"@type":"Organization","@id":"https:\/\/acefootball.com\/da\/#organization","name":"Ace Football","url":"https:\/\/acefootball.com\/da\/","sameAs":["https:\/\/www.facebook.com\/acefootballdk"],"logo":{"@type":"ImageObject","@id":"https:\/\/acefootball.com\/da\/#logo","inLanguage":"en-US","url":"https:\/\/acefootball.com\/da\/wp-content\/uploads\/sites\/2\/2020\/07\/Ace-Football-30-07-2020-2.png","contentUrl":"https:\/\/acefootball.com\/da\/wp-content\/uploads\/sites\/2\/2020\/07\/Ace-Football-30-07-2020-2.png","width":1200,"height":600,"caption":"Ace Football"},"image":{"@id":"https:\/\/acefootball.com\/da\/#logo"}},{"@type":"WebSite","@id":"https:\/\/acefootball.com\/da\/#website","url":"https:\/\/acefootball.com\/da\/","name":"Ace Football Danmark","description":"Nyheder, Spiltips &amp; Livescore","publisher":{"@id":"https:\/\/acefootball.com\/da\/#organization"},"potentialAction":[{"@type":"SearchAction","target":{"@type":"EntryPoint","urlTemplate":"https:\/\/acefootball.com\/da\/?s={search_term_string}"},"query-input":"required name=search_term_string"}],"inLanguage":"en-US"},{"@type":"ImageObject","@id":"https:\/\/acefootball.com\/da\/fodboldnyheder\/broendby-spiller-hagles-ned-efter-aab-kamp-fortid-til-sommer\/#primaryimage","inLanguage":"en-US","url":"https:\/\/acefootball.com\/da\/wp-content\/uploads\/sites\/2\/2021\/02\/Brondby-58.jpg","contentUrl":"https:\/\/acefootball.com\/da\/wp-content\/uploads\/sites\/2\/2021\/02\/Brondby-58.jpg","width":1920,"height":1008},{"@type":"WebPage","@id":"https:\/\/acefootball.com\/da\/fodboldnyheder\/broendby-spiller-hagles-ned-efter-aab-kamp-fortid-til-sommer\/#webpage","url":"https:\/\/acefootball.com\/da\/fodboldnyheder\/broendby-spiller-hagles-ned-efter-aab-kamp-fortid-til-sommer\/","name":"Br\u00f8ndby-spiller hagles ned efter AaB-kamp: Fortid til sommer!","isPartOf":{"@id":"https:\/\/acefootball.com\/da\/#website"},"primaryImageOfPage":{"@id":"https:\/\/acefootball.com\/da\/fodboldnyheder\/broendby-spiller-hagles-ned-efter-aab-kamp-fortid-til-sommer\/#primaryimage"},"datePublished":"2021-02-08T09:40:22+00:00","dateModified":"2021-02-08T09:40:23+00:00","description":"Br\u00f8ndby spillede s\u00f8ndag aften uafgjort med AaB, hvor is\u00e6r hjemmeholdets Kevin Mensah m\u00e5tte st\u00e5 model til massiv kritik p\u00e5 de sociale medier for sin pr\u00e6station","breadcrumb":{"@id":"https:\/\/acefootball.com\/da\/fodboldnyheder\/broendby-spiller-hagles-ned-efter-aab-kamp-fortid-til-sommer\/#breadcrumb"},"inLanguage":"en-US","potentialAction":[{"@type":"ReadAction","target":["https:\/\/acefootball.com\/da\/fodboldnyheder\/broendby-spiller-hagles-ned-efter-aab-kamp-fortid-til-sommer\/"]}]},{"@type":"BreadcrumbList","@id":"https:\/\/acefootball.com\/da\/fodboldnyheder\/broendby-spiller-hagles-ned-efter-aab-kamp-fortid-til-sommer\/#breadcrumb","itemListElement":[{"@type":"ListItem","position":1,"name":"Home","item":"https:\/\/acefootball.com\/da\/"},{"@type":"ListItem","position":2,"name":"Br\u00f8ndby-spiller hagles ned efter AaB-kamp: Fortid til sommer!"}]},{"@type":"Article","@id":"https:\/\/acefootball.com\/da\/fodboldnyheder\/broendby-spiller-hagles-ned-efter-aab-kamp-fortid-til-sommer\/#article","isPartOf":{"@id":"https:\/\/acefootball.com\/da\/fodboldnyheder\/broendby-spiller-hagles-ned-efter-aab-kamp-fortid-til-sommer\/#webpage"},"author":{"@id":"https:\/\/acefootball.com\/da\/#\/schema\/person\/017c0abe4a8e92938220bf6c097dda93"},"headline":"Br\u00f8ndby-spiller hagles ned efter AaB-kamp: Fortid til sommer!","datePublished":"2021-02-08T09:40:22+00:00","dateModified":"2021-02-08T09:40:23+00:00","mainEntityOfPage":{"@id":"https:\/\/acefootball.com\/da\/fodboldnyheder\/broendby-spiller-hagles-ned-efter-aab-kamp-fortid-til-sommer\/#webpage"},"wordCount":207,"commentCount":0,"publisher":{"@id":"https:\/\/acefootball.com\/da\/#organization"},"image":{"@id":"https:\/\/acefootball.com\/da\/fodboldnyheder\/broendby-spiller-hagles-ned-efter-aab-kamp-fortid-til-sommer\/#primaryimage"},"thumbnailUrl":"https:\/\/acefootball.com\/da\/wp-content\/uploads\/sites\/2\/2020\/09\/GettyImages-1217141045.jpg","keywords":["Br\u00f8ndby IF","Kevin Mensah","Superligaen"],"articleSection":["Reaktion"],"inLanguage":"en-US","potentialAction":[{"@type":"CommentAction","name":"Comment","target":["https:\/\/acefootball.com\/da\/fodboldnyheder\/broendby-spiller-hagles-ned-efter-aab-kamp-fortid-til-sommer\/#respond"]}]},{"@type":"Person","@id":"https:\/\/acefootball.com\/da\/#\/schema\/person\/017c0abe4a8e92938220bf6c097dda93","name":"Mikki M\u00f8ller-Iversen","image":{"@type":"ImageObject","@id":"https:\/\/acefootball.com\/da\/#personlogo","inLanguage":"en-US","url":"https:\/\/secure.gravatar.com\/avatar\/e05b419e8b5ae5fcf516800181b96aa2?s=96&d=mm&r=g","contentUrl":"https:\/\/secure.gravatar.com\/avatar\/e05b419e8b5ae5fcf516800181b96aa2?s=96&d=mm&r=g","caption":"Mikki M\u00f8ller-Iversen"},"description":"Social Media Manager and writer at Ace Football. Main focus on Danish football and special stories.","sameAs":["https:\/\/www.linkedin.com\/in\/mikki-mller-iversen-26a3a689\/"],"url":"https:\/\/acefootball.com\/da\/fodboldnyheder\/author\/mmironaldo\/"}]}},"fimg_url":"https:\/\/acefootball.com\/da\/wp-content\/uploads\/sites\/2\/2020\/09\/GettyImages-1217141045.jpg","_links":{"self":[{"href":"https:\/\/acefootball.com\/da\/wp-json\/wp\/v2\/posts\/251116"}],"collection":[{"href":"https:\/\/acefootball.com\/da\/wp-json\/wp\/v2\/posts"}],"about":[{"href":"https:\/\/acefootball.com\/da\/wp-json\/wp\/v2\/types\/post"}],"author":[{"embeddable":true,"href":"https:\/\/acefootball.com\/da\/wp-json\/wp\/v2\/users\/43"}],"replies":[{"embeddable":true,"href":"https:\/\/acefootball.com\/da\/wp-json\/wp\/v2\/comments?post=251116"}],"version-history":[{"count":0,"href":"https:\/\/acefootball.com\/da\/wp-json\/wp\/v2\/posts\/251116\/revisions"}],"wp:featuredmedia":[{"embeddable":true,"href":"https:\/\/acefootball.com\/da\/wp-json\/wp\/v2\/media\/236294"}],"wp:attachment":[{"href":"https:\/\/acefootball.com\/da\/wp-json\/wp\/v2\/media?parent=251116"}],"wp:term":[{"taxonomy":"category","embeddable":true,"href":"https:\/\/acefootball.com\/da\/wp-json\/wp\/v2\/categories?post=251116"},{"taxonomy":"post_tag","embeddable":true,"href":"https:\/\/acefootball.com\/da\/wp-json\/wp\/v2\/tags?post=251116"}],"curies":[{"name":"wp","href":"https:\/\/api.w.org\/{rel}","templated":true}]}}