{"id":251070,"date":"2021-02-07T18:45:53","date_gmt":"2021-02-07T17:45:53","guid":{"rendered":"https:\/\/acefootball.com\/da\/?p=251070"},"modified":"2021-02-08T08:37:28","modified_gmt":"2021-02-08T07:37:28","slug":"toefting-med-dyster-dom-wilczek-er-faerdig-med-at-score-maal","status":"publish","type":"post","link":"https:\/\/acefootball.com\/da\/fodboldnyheder\/toefting-med-dyster-dom-wilczek-er-faerdig-med-at-score-maal\/","title":{"rendered":"T\u00f8fting med dyster dom: Wilczek er f\u00e6rdig med at score m\u00e5l"},"content":{"rendered":"\n<h2 id=\"h-if-lge-kommentator-stig-t-fting-kommer-kamil-wilczek-ikke-til-at-score-flere-m-l-for-fc-k-benhavn-i-grundspillet-af-3f-superligaen\">If\u00f8lge kommentator Stig T\u00f8fting kommer Kamil Wilczek ikke til at score flere m\u00e5l for FC K\u00f8benhavn i grundspillet af 3F Superligaen<\/h2>\n\n\n\n<p>Kamil Wilczek vendte i sommer tilbage til 3F Superligaen, hvor han foretog et meget kontroversielt skifte FC K\u00f8benhavn, n\u00e5r man tager hans fortid i Br\u00f8ndby IF i betragtning.<\/p>\n\n\n\n<p>Den polske angriber lagde godt fra land og fik scoret flittigt, hvorfor mange troede, at han bare ville forts\u00e6tte med sit vilde m\u00e5lsnit fra tiden p\u00e5 Vestegnen.<\/p>\n\n\n\n<div class=\"wp-block-si-widget wp-block-si-widget--center\"><si-lb-widget widget-id=\"PlayerSeasonProfile\" width=\"440\" data-player-id=\"105535\" data-theme-appearance=\"dark\" data-card=\"true\"><\/si-lb-widget><\/div>\n\n\n\n<p>S\u00e5dan skulle det dog ikke g\u00e5, og da holdet under den nye tr\u00e6ner Jess Thorup nu spiller 4-3-3, ser det slet ikke ud til, at Wilczek kommer til at f\u00e5 mere end sporadiske indhop, da Jonas Wind sidder tungt p\u00e5 startpladsen i angrebet, n\u00e5r han alts\u00e5 er fit.<\/p>\n\n\n\n<p>Sp\u00f8rger man tidligere landsholdsspiller og fodboldkommentator Stig T\u00f8fting, ser fremtiden da heller ikke ret lys ud for Wilczek.<\/p>\n\n\n\n<p>&#8220;Det ser sort ud for St\u00e5le-k\u00f8bet Kamil Wilczek i K\u00f8benhavn. Han har kun scoret en gang siden fyringen af nordmanden, og jeg tror ikke, at han rammer plet mere i grundspillet. Jeg ser ham ikke f\u00e5 ret mange minutter i FCK. Hvis k\u00f8benhavnerne undg\u00e5r skader helt fremme, er jeg tilb\u00f8jelig til at tro, at han ikke f\u00e5r en eneste startplads i grundspillets sidste otte kampe,&#8221; skriver T\u00f8fting i sin klumme i<a href=\"https:\/\/ekstrabladet.dk\/sport\/fodbold\/dansk_fodbold\/superligaen\/han-er-faerdig-med-at-lave-maal\/8462335?fbclid=IwAR1Apt9-Z44ZdEWXiTB8oMj14RBlGO9x3nRhiALIeHcjf7ky8AHB7AHFzl0\" target=\"_blank\" rel=\"noreferrer noopener\"> Ekstra Bladet<\/a>.<\/p>\n\n\n\n<p>T\u00f8fting forudser desuden, at Br\u00f8ndby IF, FC Midtjylland og AGF er de tre hold i top 3, n\u00e5r grundspillet er overst\u00e5et.<\/p>\n\n\n\n<figure class=\"wp-block-embed is-type-wp-embed is-provider-ace-football-danmark wp-block-embed-ace-football-danmark\"><div class=\"wp-block-embed__wrapper\">\n<blockquote class=\"wp-embedded-content\" data-secret=\"g8PBQV42MC\"><a href=\"https:\/\/acefootball.com\/da\/fodboldnyheder\/bundu-wind-konstellationen-tager-form-en-spaendende-tid-vi-gaar-i-moede\/\">Bundu-Wind konstellationen tager form: En sp\u00e6ndende tid, vi g\u00e5r i m\u00f8de!<\/a><\/blockquote><iframe class=\"wp-embedded-content\" sandbox=\"allow-scripts\" security=\"restricted\" style=\"position: absolute; clip: rect(1px, 1px, 1px, 1px);\" title=\"&#8220;Bundu-Wind konstellationen tager form: En sp\u00e6ndende tid, vi g\u00e5r i m\u00f8de!&#8221; &#8212; Ace Football Danmark\" src=\"https:\/\/acefootball.com\/da\/fodboldnyheder\/bundu-wind-konstellationen-tager-form-en-spaendende-tid-vi-gaar-i-moede\/embed\/#?secret=g8PBQV42MC\" data-secret=\"g8PBQV42MC\" width=\"600\" height=\"338\" frameborder=\"0\" marginwidth=\"0\" marginheight=\"0\" scrolling=\"no\"><\/iframe>\n<\/div><\/figure>\n","protected":false},"excerpt":{"rendered":"<p>If\u00f8lge kommentator Stig T\u00f8fting kommer Kamil Wilczek ikke til at score flere m\u00e5l for FC K\u00f8benhavn i grundspillet af 3F Superligaen<\/p>\n","protected":false},"author":74,"featured_media":245278,"comment_status":"open","ping_status":"closed","sticky":false,"template":"","format":"standard","meta":{"om_disable_all_campaigns":false,"push_articles_ronaldo":{"active":false,"canonical":0,"publish":false},"force_updates":null},"categories":[8204],"tags":[16,958,588],"enet_tags":{"team":["8391"],"player":["105535"],"league":["46"],"sport_events":[]},"yoast_head":"<!-- This site is optimized with the Yoast SEO plugin v18.3 - https:\/\/yoast.com\/wordpress\/plugins\/seo\/ -->\n<title>T\u00f8fting med dyster dom: Wilczek er f\u00e6rdig med at score m\u00e5l<\/title>\n<meta name=\"description\" content=\"If\u00f8lge kommentator Stig T\u00f8fting kommer Kamil Wilczek ikke til at score flere m\u00e5l for FC K\u00f8benhavn i grundspillet af 3F Superligaen\" \/>\n<meta name=\"robots\" content=\"index, follow, max-snippet:-1, max-image-preview:large, max-video-preview:-1\" \/>\n<link rel=\"canonical\" href=\"https:\/\/acefootball.com\/da\/fodboldnyheder\/toefting-med-dyster-dom-wilczek-er-faerdig-med-at-score-maal\/\" \/>\n<meta property=\"og:locale\" content=\"en_US\" \/>\n<meta property=\"og:type\" content=\"article\" \/>\n<meta property=\"og:title\" content=\"T\u00f8fting med dyster dom: Wilczek er f\u00e6rdig med at score m\u00e5l\" \/>\n<meta property=\"og:description\" content=\"If\u00f8lge kommentator Stig T\u00f8fting kommer Kamil Wilczek ikke til at score flere m\u00e5l for FC K\u00f8benhavn i grundspillet af 3F Superligaen\" \/>\n<meta property=\"og:url\" content=\"https:\/\/acefootball.com\/da\/fodboldnyheder\/toefting-med-dyster-dom-wilczek-er-faerdig-med-at-score-maal\/\" \/>\n<meta property=\"og:site_name\" content=\"Ace Football Danmark\" \/>\n<meta property=\"article:publisher\" content=\"https:\/\/www.facebook.com\/acefootballdk\" \/>\n<meta property=\"article:published_time\" content=\"2021-02-07T17:45:53+00:00\" \/>\n<meta property=\"article:modified_time\" content=\"2021-02-08T07:37:28+00:00\" \/>\n<meta property=\"og:image\" content=\"https:\/\/acefootball.com\/da\/wp-content\/uploads\/sites\/2\/2021\/02\/FCK-4.jpg\" \/>\n\t<meta property=\"og:image:width\" content=\"1920\" \/>\n\t<meta property=\"og:image:height\" content=\"1008\" \/>\n\t<meta property=\"og:image:type\" content=\"image\/jpeg\" \/>\n<meta name=\"twitter:card\" content=\"summary_large_image\" \/>\n<meta name=\"twitter:label1\" content=\"Written by\" \/>\n\t<meta name=\"twitter:data1\" content=\"Patrick Hesselb\u00e6k\" \/>\n\t<meta name=\"twitter:label2\" content=\"Est. reading time\" \/>\n\t<meta name=\"twitter:data2\" content=\"2 minutes\" \/>\n<script type=\"application\/ld+json\" class=\"yoast-schema-graph\">{\"@context\":\"https:\/\/schema.org\",\"@graph\":[{\"@type\":\"Organization\",\"@id\":\"https:\/\/acefootball.com\/da\/#organization\",\"name\":\"Ace Football\",\"url\":\"https:\/\/acefootball.com\/da\/\",\"sameAs\":[\"https:\/\/www.facebook.com\/acefootballdk\"],\"logo\":{\"@type\":\"ImageObject\",\"@id\":\"https:\/\/acefootball.com\/da\/#logo\",\"inLanguage\":\"en-US\",\"url\":\"https:\/\/acefootball.com\/da\/wp-content\/uploads\/sites\/2\/2020\/07\/Ace-Football-30-07-2020-2.png\",\"contentUrl\":\"https:\/\/acefootball.com\/da\/wp-content\/uploads\/sites\/2\/2020\/07\/Ace-Football-30-07-2020-2.png\",\"width\":1200,\"height\":600,\"caption\":\"Ace Football\"},\"image\":{\"@id\":\"https:\/\/acefootball.com\/da\/#logo\"}},{\"@type\":\"WebSite\",\"@id\":\"https:\/\/acefootball.com\/da\/#website\",\"url\":\"https:\/\/acefootball.com\/da\/\",\"name\":\"Ace Football Danmark\",\"description\":\"Nyheder, Spiltips &amp; Livescore\",\"publisher\":{\"@id\":\"https:\/\/acefootball.com\/da\/#organization\"},\"potentialAction\":[{\"@type\":\"SearchAction\",\"target\":{\"@type\":\"EntryPoint\",\"urlTemplate\":\"https:\/\/acefootball.com\/da\/?s={search_term_string}\"},\"query-input\":\"required name=search_term_string\"}],\"inLanguage\":\"en-US\"},{\"@type\":\"ImageObject\",\"@id\":\"https:\/\/acefootball.com\/da\/fodboldnyheder\/toefting-med-dyster-dom-wilczek-er-faerdig-med-at-score-maal\/#primaryimage\",\"inLanguage\":\"en-US\",\"url\":\"https:\/\/acefootball.com\/da\/wp-content\/uploads\/sites\/2\/2021\/02\/FCK-4.jpg\",\"contentUrl\":\"https:\/\/acefootball.com\/da\/wp-content\/uploads\/sites\/2\/2021\/02\/FCK-4.jpg\",\"width\":1920,\"height\":1008},{\"@type\":\"WebPage\",\"@id\":\"https:\/\/acefootball.com\/da\/fodboldnyheder\/toefting-med-dyster-dom-wilczek-er-faerdig-med-at-score-maal\/#webpage\",\"url\":\"https:\/\/acefootball.com\/da\/fodboldnyheder\/toefting-med-dyster-dom-wilczek-er-faerdig-med-at-score-maal\/\",\"name\":\"T\u00f8fting med dyster dom: Wilczek er f\u00e6rdig med at score m\u00e5l\",\"isPartOf\":{\"@id\":\"https:\/\/acefootball.com\/da\/#website\"},\"primaryImageOfPage\":{\"@id\":\"https:\/\/acefootball.com\/da\/fodboldnyheder\/toefting-med-dyster-dom-wilczek-er-faerdig-med-at-score-maal\/#primaryimage\"},\"datePublished\":\"2021-02-07T17:45:53+00:00\",\"dateModified\":\"2021-02-08T07:37:28+00:00\",\"description\":\"If\u00f8lge kommentator Stig T\u00f8fting kommer Kamil Wilczek ikke til at score flere m\u00e5l for FC K\u00f8benhavn i grundspillet af 3F Superligaen\",\"breadcrumb\":{\"@id\":\"https:\/\/acefootball.com\/da\/fodboldnyheder\/toefting-med-dyster-dom-wilczek-er-faerdig-med-at-score-maal\/#breadcrumb\"},\"inLanguage\":\"en-US\",\"potentialAction\":[{\"@type\":\"ReadAction\",\"target\":[\"https:\/\/acefootball.com\/da\/fodboldnyheder\/toefting-med-dyster-dom-wilczek-er-faerdig-med-at-score-maal\/\"]}]},{\"@type\":\"BreadcrumbList\",\"@id\":\"https:\/\/acefootball.com\/da\/fodboldnyheder\/toefting-med-dyster-dom-wilczek-er-faerdig-med-at-score-maal\/#breadcrumb\",\"itemListElement\":[{\"@type\":\"ListItem\",\"position\":1,\"name\":\"Home\",\"item\":\"https:\/\/acefootball.com\/da\/\"},{\"@type\":\"ListItem\",\"position\":2,\"name\":\"T\u00f8fting med dyster dom: Wilczek er f\u00e6rdig med at score m\u00e5l\"}]},{\"@type\":\"Article\",\"@id\":\"https:\/\/acefootball.com\/da\/fodboldnyheder\/toefting-med-dyster-dom-wilczek-er-faerdig-med-at-score-maal\/#article\",\"isPartOf\":{\"@id\":\"https:\/\/acefootball.com\/da\/fodboldnyheder\/toefting-med-dyster-dom-wilczek-er-faerdig-med-at-score-maal\/#webpage\"},\"author\":{\"@id\":\"https:\/\/acefootball.com\/da\/#\/schema\/person\/fd6223a1c033400b41da7853ddf88c84\"},\"headline\":\"T\u00f8fting med dyster dom: Wilczek er f\u00e6rdig med at score m\u00e5l\",\"datePublished\":\"2021-02-07T17:45:53+00:00\",\"dateModified\":\"2021-02-08T07:37:28+00:00\",\"mainEntityOfPage\":{\"@id\":\"https:\/\/acefootball.com\/da\/fodboldnyheder\/toefting-med-dyster-dom-wilczek-er-faerdig-med-at-score-maal\/#webpage\"},\"wordCount\":282,\"commentCount\":0,\"publisher\":{\"@id\":\"https:\/\/acefootball.com\/da\/#organization\"},\"image\":{\"@id\":\"https:\/\/acefootball.com\/da\/fodboldnyheder\/toefting-med-dyster-dom-wilczek-er-faerdig-med-at-score-maal\/#primaryimage\"},\"thumbnailUrl\":\"https:\/\/acefootball.com\/da\/wp-content\/uploads\/sites\/2\/2020\/12\/GettyImages-1229756441.jpg\",\"keywords\":[\"FC K\u00f8benhavn\",\"Kamil Wilczek\",\"Superligaen\"],\"articleSection\":[\"Udtalelse\"],\"inLanguage\":\"en-US\",\"potentialAction\":[{\"@type\":\"CommentAction\",\"name\":\"Comment\",\"target\":[\"https:\/\/acefootball.com\/da\/fodboldnyheder\/toefting-med-dyster-dom-wilczek-er-faerdig-med-at-score-maal\/#respond\"]}]},{\"@type\":\"Person\",\"@id\":\"https:\/\/acefootball.com\/da\/#\/schema\/person\/fd6223a1c033400b41da7853ddf88c84\",\"name\":\"Patrick Hesselb\u00e6k\",\"image\":{\"@type\":\"ImageObject\",\"@id\":\"https:\/\/acefootball.com\/da\/#personlogo\",\"inLanguage\":\"en-US\",\"url\":\"https:\/\/secure.gravatar.com\/avatar\/7919060992759bffbffb199d6cbdce6f?s=96&d=mm&r=g\",\"contentUrl\":\"https:\/\/secure.gravatar.com\/avatar\/7919060992759bffbffb199d6cbdce6f?s=96&d=mm&r=g\",\"caption\":\"Patrick Hesselb\u00e6k\"},\"description\":\"Redakt\u00f8r p\u00e5 den danske Ace Football-redaktion. Uddannet i kommunikation fra Aalborg Universitet. Prim\u00e6rt fokus p\u00e5 den danske 3F Superliga og de st\u00f8rste europ\u00e6iske turneringer.\",\"sameAs\":[\"https:\/\/www.linkedin.com\/in\/patrick-hesselbk-2a4b1711a\/\"],\"url\":\"https:\/\/acefootball.com\/da\/fodboldnyheder\/author\/patrickhesselbaek\/\"}]}<\/script>\n<!-- \/ Yoast SEO plugin. -->","yoast_head_json":{"title":"T\u00f8fting med dyster dom: Wilczek er f\u00e6rdig med at score m\u00e5l","description":"If\u00f8lge kommentator Stig T\u00f8fting kommer Kamil Wilczek ikke til at score flere m\u00e5l for FC K\u00f8benhavn i grundspillet af 3F Superligaen","robots":{"index":"index","follow":"follow","max-snippet":"max-snippet:-1","max-image-preview":"max-image-preview:large","max-video-preview":"max-video-preview:-1"},"canonical":"https:\/\/acefootball.com\/da\/fodboldnyheder\/toefting-med-dyster-dom-wilczek-er-faerdig-med-at-score-maal\/","og_locale":"en_US","og_type":"article","og_title":"T\u00f8fting med dyster dom: Wilczek er f\u00e6rdig med at score m\u00e5l","og_description":"If\u00f8lge kommentator Stig T\u00f8fting kommer Kamil Wilczek ikke til at score flere m\u00e5l for FC K\u00f8benhavn i grundspillet af 3F Superligaen","og_url":"https:\/\/acefootball.com\/da\/fodboldnyheder\/toefting-med-dyster-dom-wilczek-er-faerdig-med-at-score-maal\/","og_site_name":"Ace Football Danmark","article_publisher":"https:\/\/www.facebook.com\/acefootballdk","article_published_time":"2021-02-07T17:45:53+00:00","article_modified_time":"2021-02-08T07:37:28+00:00","og_image":[{"width":1920,"height":1008,"url":"https:\/\/acefootball.com\/da\/wp-content\/uploads\/sites\/2\/2021\/02\/FCK-4.jpg","type":"image\/jpeg"}],"twitter_card":"summary_large_image","twitter_misc":{"Written by":"Patrick Hesselb\u00e6k","Est. reading time":"2 minutes"},"schema":{"@context":"https:\/\/schema.org","@graph":[{"@type":"Organization","@id":"https:\/\/acefootball.com\/da\/#organization","name":"Ace Football","url":"https:\/\/acefootball.com\/da\/","sameAs":["https:\/\/www.facebook.com\/acefootballdk"],"logo":{"@type":"ImageObject","@id":"https:\/\/acefootball.com\/da\/#logo","inLanguage":"en-US","url":"https:\/\/acefootball.com\/da\/wp-content\/uploads\/sites\/2\/2020\/07\/Ace-Football-30-07-2020-2.png","contentUrl":"https:\/\/acefootball.com\/da\/wp-content\/uploads\/sites\/2\/2020\/07\/Ace-Football-30-07-2020-2.png","width":1200,"height":600,"caption":"Ace Football"},"image":{"@id":"https:\/\/acefootball.com\/da\/#logo"}},{"@type":"WebSite","@id":"https:\/\/acefootball.com\/da\/#website","url":"https:\/\/acefootball.com\/da\/","name":"Ace Football Danmark","description":"Nyheder, Spiltips &amp; Livescore","publisher":{"@id":"https:\/\/acefootball.com\/da\/#organization"},"potentialAction":[{"@type":"SearchAction","target":{"@type":"EntryPoint","urlTemplate":"https:\/\/acefootball.com\/da\/?s={search_term_string}"},"query-input":"required name=search_term_string"}],"inLanguage":"en-US"},{"@type":"ImageObject","@id":"https:\/\/acefootball.com\/da\/fodboldnyheder\/toefting-med-dyster-dom-wilczek-er-faerdig-med-at-score-maal\/#primaryimage","inLanguage":"en-US","url":"https:\/\/acefootball.com\/da\/wp-content\/uploads\/sites\/2\/2021\/02\/FCK-4.jpg","contentUrl":"https:\/\/acefootball.com\/da\/wp-content\/uploads\/sites\/2\/2021\/02\/FCK-4.jpg","width":1920,"height":1008},{"@type":"WebPage","@id":"https:\/\/acefootball.com\/da\/fodboldnyheder\/toefting-med-dyster-dom-wilczek-er-faerdig-med-at-score-maal\/#webpage","url":"https:\/\/acefootball.com\/da\/fodboldnyheder\/toefting-med-dyster-dom-wilczek-er-faerdig-med-at-score-maal\/","name":"T\u00f8fting med dyster dom: Wilczek er f\u00e6rdig med at score m\u00e5l","isPartOf":{"@id":"https:\/\/acefootball.com\/da\/#website"},"primaryImageOfPage":{"@id":"https:\/\/acefootball.com\/da\/fodboldnyheder\/toefting-med-dyster-dom-wilczek-er-faerdig-med-at-score-maal\/#primaryimage"},"datePublished":"2021-02-07T17:45:53+00:00","dateModified":"2021-02-08T07:37:28+00:00","description":"If\u00f8lge kommentator Stig T\u00f8fting kommer Kamil Wilczek ikke til at score flere m\u00e5l for FC K\u00f8benhavn i grundspillet af 3F Superligaen","breadcrumb":{"@id":"https:\/\/acefootball.com\/da\/fodboldnyheder\/toefting-med-dyster-dom-wilczek-er-faerdig-med-at-score-maal\/#breadcrumb"},"inLanguage":"en-US","potentialAction":[{"@type":"ReadAction","target":["https:\/\/acefootball.com\/da\/fodboldnyheder\/toefting-med-dyster-dom-wilczek-er-faerdig-med-at-score-maal\/"]}]},{"@type":"BreadcrumbList","@id":"https:\/\/acefootball.com\/da\/fodboldnyheder\/toefting-med-dyster-dom-wilczek-er-faerdig-med-at-score-maal\/#breadcrumb","itemListElement":[{"@type":"ListItem","position":1,"name":"Home","item":"https:\/\/acefootball.com\/da\/"},{"@type":"ListItem","position":2,"name":"T\u00f8fting med dyster dom: Wilczek er f\u00e6rdig med at score m\u00e5l"}]},{"@type":"Article","@id":"https:\/\/acefootball.com\/da\/fodboldnyheder\/toefting-med-dyster-dom-wilczek-er-faerdig-med-at-score-maal\/#article","isPartOf":{"@id":"https:\/\/acefootball.com\/da\/fodboldnyheder\/toefting-med-dyster-dom-wilczek-er-faerdig-med-at-score-maal\/#webpage"},"author":{"@id":"https:\/\/acefootball.com\/da\/#\/schema\/person\/fd6223a1c033400b41da7853ddf88c84"},"headline":"T\u00f8fting med dyster dom: Wilczek er f\u00e6rdig med at score m\u00e5l","datePublished":"2021-02-07T17:45:53+00:00","dateModified":"2021-02-08T07:37:28+00:00","mainEntityOfPage":{"@id":"https:\/\/acefootball.com\/da\/fodboldnyheder\/toefting-med-dyster-dom-wilczek-er-faerdig-med-at-score-maal\/#webpage"},"wordCount":282,"commentCount":0,"publisher":{"@id":"https:\/\/acefootball.com\/da\/#organization"},"image":{"@id":"https:\/\/acefootball.com\/da\/fodboldnyheder\/toefting-med-dyster-dom-wilczek-er-faerdig-med-at-score-maal\/#primaryimage"},"thumbnailUrl":"https:\/\/acefootball.com\/da\/wp-content\/uploads\/sites\/2\/2020\/12\/GettyImages-1229756441.jpg","keywords":["FC K\u00f8benhavn","Kamil Wilczek","Superligaen"],"articleSection":["Udtalelse"],"inLanguage":"en-US","potentialAction":[{"@type":"CommentAction","name":"Comment","target":["https:\/\/acefootball.com\/da\/fodboldnyheder\/toefting-med-dyster-dom-wilczek-er-faerdig-med-at-score-maal\/#respond"]}]},{"@type":"Person","@id":"https:\/\/acefootball.com\/da\/#\/schema\/person\/fd6223a1c033400b41da7853ddf88c84","name":"Patrick Hesselb\u00e6k","image":{"@type":"ImageObject","@id":"https:\/\/acefootball.com\/da\/#personlogo","inLanguage":"en-US","url":"https:\/\/secure.gravatar.com\/avatar\/7919060992759bffbffb199d6cbdce6f?s=96&d=mm&r=g","contentUrl":"https:\/\/secure.gravatar.com\/avatar\/7919060992759bffbffb199d6cbdce6f?s=96&d=mm&r=g","caption":"Patrick Hesselb\u00e6k"},"description":"Redakt\u00f8r p\u00e5 den danske Ace Football-redaktion. Uddannet i kommunikation fra Aalborg Universitet. Prim\u00e6rt fokus p\u00e5 den danske 3F Superliga og de st\u00f8rste europ\u00e6iske turneringer.","sameAs":["https:\/\/www.linkedin.com\/in\/patrick-hesselbk-2a4b1711a\/"],"url":"https:\/\/acefootball.com\/da\/fodboldnyheder\/author\/patrickhesselbaek\/"}]}},"fimg_url":"https:\/\/acefootball.com\/da\/wp-content\/uploads\/sites\/2\/2020\/12\/GettyImages-1229756441.jpg","_links":{"self":[{"href":"https:\/\/acefootball.com\/da\/wp-json\/wp\/v2\/posts\/251070"}],"collection":[{"href":"https:\/\/acefootball.com\/da\/wp-json\/wp\/v2\/posts"}],"about":[{"href":"https:\/\/acefootball.com\/da\/wp-json\/wp\/v2\/types\/post"}],"author":[{"embeddable":true,"href":"https:\/\/acefootball.com\/da\/wp-json\/wp\/v2\/users\/74"}],"replies":[{"embeddable":true,"href":"https:\/\/acefootball.com\/da\/wp-json\/wp\/v2\/comments?post=251070"}],"version-history":[{"count":0,"href":"https:\/\/acefootball.com\/da\/wp-json\/wp\/v2\/posts\/251070\/revisions"}],"wp:featuredmedia":[{"embeddable":true,"href":"https:\/\/acefootball.com\/da\/wp-json\/wp\/v2\/media\/245278"}],"wp:attachment":[{"href":"https:\/\/acefootball.com\/da\/wp-json\/wp\/v2\/media?parent=251070"}],"wp:term":[{"taxonomy":"category","embeddable":true,"href":"https:\/\/acefootball.com\/da\/wp-json\/wp\/v2\/categories?post=251070"},{"taxonomy":"post_tag","embeddable":true,"href":"https:\/\/acefootball.com\/da\/wp-json\/wp\/v2\/tags?post=251070"}],"curies":[{"name":"wp","href":"https:\/\/api.w.org\/{rel}","templated":true}]}}