{"id":251001,"date":"2021-02-06T19:25:27","date_gmt":"2021-02-06T18:25:27","guid":{"rendered":"https:\/\/acefootball.com\/da\/?p=251001"},"modified":"2021-02-06T19:27:41","modified_gmt":"2021-02-06T18:27:41","slug":"tragedie-spiller-begaar-selvmord-efter-dyb-depression","status":"publish","type":"post","link":"https:\/\/acefootball.com\/da\/fodboldnyheder\/tragedie-spiller-begaar-selvmord-efter-dyb-depression\/","title":{"rendered":"Tragedie: Spiller beg\u00e5r selvmord efter dyb depression"},"content":{"rendered":"\n<h2 id=\"h-godoy-cruz-spilleren-santiago-morro-garc-a-har-valgt-at-tage-sit-eget-liv-i-en-alder-af-30-r-som-f-lge-af-en-sv-r-depression\">Godoy Cruz-spilleren Santiago &#8216;Morro&#8217; Garc\u00eda har valgt at tage sit eget liv i en alder af 30 \u00e5r som f\u00f8lge af en sv\u00e6r depression<\/h2>\n\n\n\n<p>Det psykiske helbred blandt professionelle fodboldspillere har fra tid til anden v\u00e6ret et meget diskuteret emne, og nu bliver det formentlig italesat igen.<\/p>\n\n\n\n<p>En depression har nemlig kr\u00e6vet et offer i den uruguayanske spiller, Santiago &#8216;Morro&#8217; Garc\u00eda, som l\u00f8rdag blev fundet livl\u00f8s i sin lejlighed. If\u00f8lge det argentinske medie <a href=\"https:\/\/www.tycsports.com\/liga-profesional-de-futbol\/se-suicido-el-morro-garcia-godoy-cruz-id319741.html\" target=\"_blank\" rel=\"noreferrer noopener\">TyC Sports<\/a> er der tale om et selvmord.<\/p>\n\n\n\n<p>Garc\u00eda, der indtil nyt\u00e5r spillede for den argentinske klub Godoy Cruz, var i \u00f8jeblikket i behandling for en sv\u00e6r depression, som alts\u00e5 skulle v\u00e6re skyld i handlingen.<\/p>\n\n\n\n<figure class=\"wp-block-embed is-type-rich is-provider-twitter wp-block-embed-twitter\"><div class=\"wp-block-embed__wrapper\">\n<blockquote class=\"twitter-tweet\" data-width=\"550\" data-dnt=\"true\"><p lang=\"en\" dir=\"ltr\">morro garcia goals\/skills rest in peace\ud83d\ude4f1990-2021 <a href=\"https:\/\/t.co\/Rro2st8Jmi\">pic.twitter.com\/Rro2st8Jmi<\/a><\/p>&mdash; Mat\u00edas (@mirandamatyy) <a href=\"https:\/\/twitter.com\/mirandamatyy\/status\/1358091581312622594?ref_src=twsrc%5Etfw\">February 6, 2021<\/a><\/blockquote><script async src=\"https:\/\/platform.twitter.com\/widgets.js\" charset=\"utf-8\"><\/script>\n<\/div><\/figure>\n\n\n\n<p>Den internationale spillerforening FIFPro har tidligere oplyst, at 38 procent af alle professionelle fodboldspillere har psykiske problemer af varierende grad. I den almindelige befolkning ligger tallet kun p\u00e5 13-17 procent.<\/p>\n\n\n\n<p>&#8216;Morro&#8217; Garc\u00eda, der blev 30 \u00e5r, havde if\u00f8lge mediet opn\u00e5et stor popularitet i Argentina for sin spillestil og succesrige ophold i den nationale liga, hvor han scorede 88 m\u00e5l i 189 kampe.<\/p>\n\n\n\n<figure class=\"wp-block-embed is-type-wp-embed is-provider-ace-football-danmark wp-block-embed-ace-football-danmark\"><div class=\"wp-block-embed__wrapper\">\n<blockquote class=\"wp-embedded-content\" data-secret=\"N5nKUkAMEX\"><a href=\"https:\/\/acefootball.com\/da\/fodboldnyheder\/pinligt-da-torino-spiller-filmede-efter-minimal-kontakt-med-ronaldo\/\">Pinligt: Da Torino-spiller filmede efter minimal kontakt med Ronaldo<\/a><\/blockquote><iframe class=\"wp-embedded-content\" sandbox=\"allow-scripts\" security=\"restricted\" style=\"position: absolute; clip: rect(1px, 1px, 1px, 1px);\" title=\"&#8220;Pinligt: Da Torino-spiller filmede efter minimal kontakt med Ronaldo&#8221; &#8212; Ace Football Danmark\" src=\"https:\/\/acefootball.com\/da\/fodboldnyheder\/pinligt-da-torino-spiller-filmede-efter-minimal-kontakt-med-ronaldo\/embed\/#?secret=N5nKUkAMEX\" data-secret=\"N5nKUkAMEX\" width=\"600\" height=\"338\" frameborder=\"0\" marginwidth=\"0\" marginheight=\"0\" scrolling=\"no\"><\/iframe>\n<\/div><\/figure>\n","protected":false},"excerpt":{"rendered":"<p>Godoy Cruz-spilleren Santiago &#8216;Morro&#8217; Garc\u00eda har valgt at tage sit eget liv i en alder af 30 \u00e5r som f\u00f8lge af en sv\u00e6r depression<\/p>\n","protected":false},"author":705,"featured_media":251003,"comment_status":"open","ping_status":"closed","sticky":false,"template":"","format":"standard","meta":{"om_disable_all_campaigns":false,"push_articles_ronaldo":{"active":false,"canonical":0,"publish":false},"force_updates":null},"categories":[1],"tags":[1043,1929],"enet_tags":{"team":["6706","5796"],"sport_events":[]},"yoast_head":"<!-- This site is optimized with the Yoast SEO plugin v18.3 - https:\/\/yoast.com\/wordpress\/plugins\/seo\/ -->\n<title>Tragedie: Spiller beg\u00e5r selvmord efter dyb depression<\/title>\n<meta name=\"description\" content=\"Godoy Cruz-spilleren Santiago &#039;Morro&#039; Garc\u00eda har valgt at tage sit eget liv i en alder af 30 \u00e5r som f\u00f8lge af en sv\u00e6r depression\" \/>\n<meta name=\"robots\" content=\"index, follow, max-snippet:-1, max-image-preview:large, max-video-preview:-1\" \/>\n<link rel=\"canonical\" href=\"https:\/\/acefootball.com\/da\/fodboldnyheder\/tragedie-spiller-begaar-selvmord-efter-dyb-depression\/\" \/>\n<meta property=\"og:locale\" content=\"en_US\" \/>\n<meta property=\"og:type\" content=\"article\" \/>\n<meta property=\"og:title\" content=\"Tragedie: Spiller beg\u00e5r selvmord efter dyb depression\" \/>\n<meta property=\"og:description\" content=\"Godoy Cruz-spilleren Santiago &#039;Morro&#039; Garc\u00eda har valgt at tage sit eget liv i en alder af 30 \u00e5r som f\u00f8lge af en sv\u00e6r depression\" \/>\n<meta property=\"og:url\" content=\"https:\/\/acefootball.com\/da\/fodboldnyheder\/tragedie-spiller-begaar-selvmord-efter-dyb-depression\/\" \/>\n<meta property=\"og:site_name\" content=\"Ace Football Danmark\" \/>\n<meta property=\"article:publisher\" content=\"https:\/\/www.facebook.com\/acefootballdk\" \/>\n<meta property=\"article:published_time\" content=\"2021-02-06T18:25:27+00:00\" \/>\n<meta property=\"article:modified_time\" content=\"2021-02-06T18:27:41+00:00\" \/>\n<meta property=\"og:image\" content=\"https:\/\/acefootball.com\/da\/wp-content\/uploads\/sites\/2\/2021\/02\/Laes-mere-generel-2-2.jpg\" \/>\n\t<meta property=\"og:image:width\" content=\"1920\" \/>\n\t<meta property=\"og:image:height\" content=\"1008\" \/>\n\t<meta property=\"og:image:type\" content=\"image\/jpeg\" \/>\n<meta name=\"twitter:card\" content=\"summary_large_image\" \/>\n<meta name=\"twitter:label1\" content=\"Written by\" \/>\n\t<meta name=\"twitter:data1\" content=\"Mads Dreyer\" \/>\n\t<meta name=\"twitter:label2\" content=\"Est. reading time\" \/>\n\t<meta name=\"twitter:data2\" content=\"1 minute\" \/>\n<script type=\"application\/ld+json\" class=\"yoast-schema-graph\">{\"@context\":\"https:\/\/schema.org\",\"@graph\":[{\"@type\":\"Organization\",\"@id\":\"https:\/\/acefootball.com\/da\/#organization\",\"name\":\"Ace Football\",\"url\":\"https:\/\/acefootball.com\/da\/\",\"sameAs\":[\"https:\/\/www.facebook.com\/acefootballdk\"],\"logo\":{\"@type\":\"ImageObject\",\"@id\":\"https:\/\/acefootball.com\/da\/#logo\",\"inLanguage\":\"en-US\",\"url\":\"https:\/\/acefootball.com\/da\/wp-content\/uploads\/sites\/2\/2020\/07\/Ace-Football-30-07-2020-2.png\",\"contentUrl\":\"https:\/\/acefootball.com\/da\/wp-content\/uploads\/sites\/2\/2020\/07\/Ace-Football-30-07-2020-2.png\",\"width\":1200,\"height\":600,\"caption\":\"Ace Football\"},\"image\":{\"@id\":\"https:\/\/acefootball.com\/da\/#logo\"}},{\"@type\":\"WebSite\",\"@id\":\"https:\/\/acefootball.com\/da\/#website\",\"url\":\"https:\/\/acefootball.com\/da\/\",\"name\":\"Ace Football Danmark\",\"description\":\"Nyheder, Spiltips &amp; Livescore\",\"publisher\":{\"@id\":\"https:\/\/acefootball.com\/da\/#organization\"},\"potentialAction\":[{\"@type\":\"SearchAction\",\"target\":{\"@type\":\"EntryPoint\",\"urlTemplate\":\"https:\/\/acefootball.com\/da\/?s={search_term_string}\"},\"query-input\":\"required name=search_term_string\"}],\"inLanguage\":\"en-US\"},{\"@type\":\"ImageObject\",\"@id\":\"https:\/\/acefootball.com\/da\/fodboldnyheder\/tragedie-spiller-begaar-selvmord-efter-dyb-depression\/#primaryimage\",\"inLanguage\":\"en-US\",\"url\":\"https:\/\/acefootball.com\/da\/wp-content\/uploads\/sites\/2\/2021\/02\/Laes-mere-generel-2-2.jpg\",\"contentUrl\":\"https:\/\/acefootball.com\/da\/wp-content\/uploads\/sites\/2\/2021\/02\/Laes-mere-generel-2-2.jpg\",\"width\":1920,\"height\":1008,\"caption\":\"morro garcia\"},{\"@type\":\"WebPage\",\"@id\":\"https:\/\/acefootball.com\/da\/fodboldnyheder\/tragedie-spiller-begaar-selvmord-efter-dyb-depression\/#webpage\",\"url\":\"https:\/\/acefootball.com\/da\/fodboldnyheder\/tragedie-spiller-begaar-selvmord-efter-dyb-depression\/\",\"name\":\"Tragedie: Spiller beg\u00e5r selvmord efter dyb depression\",\"isPartOf\":{\"@id\":\"https:\/\/acefootball.com\/da\/#website\"},\"primaryImageOfPage\":{\"@id\":\"https:\/\/acefootball.com\/da\/fodboldnyheder\/tragedie-spiller-begaar-selvmord-efter-dyb-depression\/#primaryimage\"},\"datePublished\":\"2021-02-06T18:25:27+00:00\",\"dateModified\":\"2021-02-06T18:27:41+00:00\",\"description\":\"Godoy Cruz-spilleren Santiago 'Morro' Garc\u00eda har valgt at tage sit eget liv i en alder af 30 \u00e5r som f\u00f8lge af en sv\u00e6r depression\",\"breadcrumb\":{\"@id\":\"https:\/\/acefootball.com\/da\/fodboldnyheder\/tragedie-spiller-begaar-selvmord-efter-dyb-depression\/#breadcrumb\"},\"inLanguage\":\"en-US\",\"potentialAction\":[{\"@type\":\"ReadAction\",\"target\":[\"https:\/\/acefootball.com\/da\/fodboldnyheder\/tragedie-spiller-begaar-selvmord-efter-dyb-depression\/\"]}]},{\"@type\":\"BreadcrumbList\",\"@id\":\"https:\/\/acefootball.com\/da\/fodboldnyheder\/tragedie-spiller-begaar-selvmord-efter-dyb-depression\/#breadcrumb\",\"itemListElement\":[{\"@type\":\"ListItem\",\"position\":1,\"name\":\"Home\",\"item\":\"https:\/\/acefootball.com\/da\/\"},{\"@type\":\"ListItem\",\"position\":2,\"name\":\"Tragedie: Spiller beg\u00e5r selvmord efter dyb depression\"}]},{\"@type\":\"Article\",\"@id\":\"https:\/\/acefootball.com\/da\/fodboldnyheder\/tragedie-spiller-begaar-selvmord-efter-dyb-depression\/#article\",\"isPartOf\":{\"@id\":\"https:\/\/acefootball.com\/da\/fodboldnyheder\/tragedie-spiller-begaar-selvmord-efter-dyb-depression\/#webpage\"},\"author\":{\"@id\":\"https:\/\/acefootball.com\/da\/#\/schema\/person\/ee67e9cf04a276f144100ffa722f10cd\"},\"headline\":\"Tragedie: Spiller beg\u00e5r selvmord efter dyb depression\",\"datePublished\":\"2021-02-06T18:25:27+00:00\",\"dateModified\":\"2021-02-06T18:27:41+00:00\",\"mainEntityOfPage\":{\"@id\":\"https:\/\/acefootball.com\/da\/fodboldnyheder\/tragedie-spiller-begaar-selvmord-efter-dyb-depression\/#webpage\"},\"wordCount\":201,\"commentCount\":0,\"publisher\":{\"@id\":\"https:\/\/acefootball.com\/da\/#organization\"},\"image\":{\"@id\":\"https:\/\/acefootball.com\/da\/fodboldnyheder\/tragedie-spiller-begaar-selvmord-efter-dyb-depression\/#primaryimage\"},\"thumbnailUrl\":\"https:\/\/acefootball.com\/da\/wp-content\/uploads\/sites\/2\/2021\/02\/GettyImages-950022504.jpg\",\"keywords\":[\"Argentina\",\"Uruguay\"],\"articleSection\":[\"Nyhed\"],\"inLanguage\":\"en-US\",\"potentialAction\":[{\"@type\":\"CommentAction\",\"name\":\"Comment\",\"target\":[\"https:\/\/acefootball.com\/da\/fodboldnyheder\/tragedie-spiller-begaar-selvmord-efter-dyb-depression\/#respond\"]}]},{\"@type\":\"Person\",\"@id\":\"https:\/\/acefootball.com\/da\/#\/schema\/person\/ee67e9cf04a276f144100ffa722f10cd\",\"name\":\"Mads Dreyer\",\"image\":{\"@type\":\"ImageObject\",\"@id\":\"https:\/\/acefootball.com\/da\/#personlogo\",\"inLanguage\":\"en-US\",\"url\":\"https:\/\/secure.gravatar.com\/avatar\/7c7abf72cfde9902b6a60efe60c88d4c?s=96&d=mm&r=g\",\"contentUrl\":\"https:\/\/secure.gravatar.com\/avatar\/7c7abf72cfde9902b6a60efe60c88d4c?s=96&d=mm&r=g\",\"caption\":\"Mads Dreyer\"},\"description\":\"Skribent og fodboldn\u00f8rd, der lige nu fort\u00e6ller om alt og intet i fodboldverdenen p\u00e5 acefootball.com. Uddannet i kommunikation fra Aalborg Universitet.\",\"sameAs\":[\"https:\/\/www.linkedin.com\/in\/mads-dreyer-b9b08266\/\"],\"url\":\"https:\/\/acefootball.com\/da\/fodboldnyheder\/author\/mdnronaldo\/\"}]}<\/script>\n<!-- \/ Yoast SEO plugin. -->","yoast_head_json":{"title":"Tragedie: Spiller beg\u00e5r selvmord efter dyb depression","description":"Godoy Cruz-spilleren Santiago 'Morro' Garc\u00eda har valgt at tage sit eget liv i en alder af 30 \u00e5r som f\u00f8lge af en sv\u00e6r depression","robots":{"index":"index","follow":"follow","max-snippet":"max-snippet:-1","max-image-preview":"max-image-preview:large","max-video-preview":"max-video-preview:-1"},"canonical":"https:\/\/acefootball.com\/da\/fodboldnyheder\/tragedie-spiller-begaar-selvmord-efter-dyb-depression\/","og_locale":"en_US","og_type":"article","og_title":"Tragedie: Spiller beg\u00e5r selvmord efter dyb depression","og_description":"Godoy Cruz-spilleren Santiago 'Morro' Garc\u00eda har valgt at tage sit eget liv i en alder af 30 \u00e5r som f\u00f8lge af en sv\u00e6r depression","og_url":"https:\/\/acefootball.com\/da\/fodboldnyheder\/tragedie-spiller-begaar-selvmord-efter-dyb-depression\/","og_site_name":"Ace Football Danmark","article_publisher":"https:\/\/www.facebook.com\/acefootballdk","article_published_time":"2021-02-06T18:25:27+00:00","article_modified_time":"2021-02-06T18:27:41+00:00","og_image":[{"width":1920,"height":1008,"url":"https:\/\/acefootball.com\/da\/wp-content\/uploads\/sites\/2\/2021\/02\/Laes-mere-generel-2-2.jpg","type":"image\/jpeg"}],"twitter_card":"summary_large_image","twitter_misc":{"Written by":"Mads Dreyer","Est. reading time":"1 minute"},"schema":{"@context":"https:\/\/schema.org","@graph":[{"@type":"Organization","@id":"https:\/\/acefootball.com\/da\/#organization","name":"Ace Football","url":"https:\/\/acefootball.com\/da\/","sameAs":["https:\/\/www.facebook.com\/acefootballdk"],"logo":{"@type":"ImageObject","@id":"https:\/\/acefootball.com\/da\/#logo","inLanguage":"en-US","url":"https:\/\/acefootball.com\/da\/wp-content\/uploads\/sites\/2\/2020\/07\/Ace-Football-30-07-2020-2.png","contentUrl":"https:\/\/acefootball.com\/da\/wp-content\/uploads\/sites\/2\/2020\/07\/Ace-Football-30-07-2020-2.png","width":1200,"height":600,"caption":"Ace Football"},"image":{"@id":"https:\/\/acefootball.com\/da\/#logo"}},{"@type":"WebSite","@id":"https:\/\/acefootball.com\/da\/#website","url":"https:\/\/acefootball.com\/da\/","name":"Ace Football Danmark","description":"Nyheder, Spiltips &amp; Livescore","publisher":{"@id":"https:\/\/acefootball.com\/da\/#organization"},"potentialAction":[{"@type":"SearchAction","target":{"@type":"EntryPoint","urlTemplate":"https:\/\/acefootball.com\/da\/?s={search_term_string}"},"query-input":"required name=search_term_string"}],"inLanguage":"en-US"},{"@type":"ImageObject","@id":"https:\/\/acefootball.com\/da\/fodboldnyheder\/tragedie-spiller-begaar-selvmord-efter-dyb-depression\/#primaryimage","inLanguage":"en-US","url":"https:\/\/acefootball.com\/da\/wp-content\/uploads\/sites\/2\/2021\/02\/Laes-mere-generel-2-2.jpg","contentUrl":"https:\/\/acefootball.com\/da\/wp-content\/uploads\/sites\/2\/2021\/02\/Laes-mere-generel-2-2.jpg","width":1920,"height":1008,"caption":"morro garcia"},{"@type":"WebPage","@id":"https:\/\/acefootball.com\/da\/fodboldnyheder\/tragedie-spiller-begaar-selvmord-efter-dyb-depression\/#webpage","url":"https:\/\/acefootball.com\/da\/fodboldnyheder\/tragedie-spiller-begaar-selvmord-efter-dyb-depression\/","name":"Tragedie: Spiller beg\u00e5r selvmord efter dyb depression","isPartOf":{"@id":"https:\/\/acefootball.com\/da\/#website"},"primaryImageOfPage":{"@id":"https:\/\/acefootball.com\/da\/fodboldnyheder\/tragedie-spiller-begaar-selvmord-efter-dyb-depression\/#primaryimage"},"datePublished":"2021-02-06T18:25:27+00:00","dateModified":"2021-02-06T18:27:41+00:00","description":"Godoy Cruz-spilleren Santiago 'Morro' Garc\u00eda har valgt at tage sit eget liv i en alder af 30 \u00e5r som f\u00f8lge af en sv\u00e6r depression","breadcrumb":{"@id":"https:\/\/acefootball.com\/da\/fodboldnyheder\/tragedie-spiller-begaar-selvmord-efter-dyb-depression\/#breadcrumb"},"inLanguage":"en-US","potentialAction":[{"@type":"ReadAction","target":["https:\/\/acefootball.com\/da\/fodboldnyheder\/tragedie-spiller-begaar-selvmord-efter-dyb-depression\/"]}]},{"@type":"BreadcrumbList","@id":"https:\/\/acefootball.com\/da\/fodboldnyheder\/tragedie-spiller-begaar-selvmord-efter-dyb-depression\/#breadcrumb","itemListElement":[{"@type":"ListItem","position":1,"name":"Home","item":"https:\/\/acefootball.com\/da\/"},{"@type":"ListItem","position":2,"name":"Tragedie: Spiller beg\u00e5r selvmord efter dyb depression"}]},{"@type":"Article","@id":"https:\/\/acefootball.com\/da\/fodboldnyheder\/tragedie-spiller-begaar-selvmord-efter-dyb-depression\/#article","isPartOf":{"@id":"https:\/\/acefootball.com\/da\/fodboldnyheder\/tragedie-spiller-begaar-selvmord-efter-dyb-depression\/#webpage"},"author":{"@id":"https:\/\/acefootball.com\/da\/#\/schema\/person\/ee67e9cf04a276f144100ffa722f10cd"},"headline":"Tragedie: Spiller beg\u00e5r selvmord efter dyb depression","datePublished":"2021-02-06T18:25:27+00:00","dateModified":"2021-02-06T18:27:41+00:00","mainEntityOfPage":{"@id":"https:\/\/acefootball.com\/da\/fodboldnyheder\/tragedie-spiller-begaar-selvmord-efter-dyb-depression\/#webpage"},"wordCount":201,"commentCount":0,"publisher":{"@id":"https:\/\/acefootball.com\/da\/#organization"},"image":{"@id":"https:\/\/acefootball.com\/da\/fodboldnyheder\/tragedie-spiller-begaar-selvmord-efter-dyb-depression\/#primaryimage"},"thumbnailUrl":"https:\/\/acefootball.com\/da\/wp-content\/uploads\/sites\/2\/2021\/02\/GettyImages-950022504.jpg","keywords":["Argentina","Uruguay"],"articleSection":["Nyhed"],"inLanguage":"en-US","potentialAction":[{"@type":"CommentAction","name":"Comment","target":["https:\/\/acefootball.com\/da\/fodboldnyheder\/tragedie-spiller-begaar-selvmord-efter-dyb-depression\/#respond"]}]},{"@type":"Person","@id":"https:\/\/acefootball.com\/da\/#\/schema\/person\/ee67e9cf04a276f144100ffa722f10cd","name":"Mads Dreyer","image":{"@type":"ImageObject","@id":"https:\/\/acefootball.com\/da\/#personlogo","inLanguage":"en-US","url":"https:\/\/secure.gravatar.com\/avatar\/7c7abf72cfde9902b6a60efe60c88d4c?s=96&d=mm&r=g","contentUrl":"https:\/\/secure.gravatar.com\/avatar\/7c7abf72cfde9902b6a60efe60c88d4c?s=96&d=mm&r=g","caption":"Mads Dreyer"},"description":"Skribent og fodboldn\u00f8rd, der lige nu fort\u00e6ller om alt og intet i fodboldverdenen p\u00e5 acefootball.com. Uddannet i kommunikation fra Aalborg Universitet.","sameAs":["https:\/\/www.linkedin.com\/in\/mads-dreyer-b9b08266\/"],"url":"https:\/\/acefootball.com\/da\/fodboldnyheder\/author\/mdnronaldo\/"}]}},"fimg_url":"https:\/\/acefootball.com\/da\/wp-content\/uploads\/sites\/2\/2021\/02\/GettyImages-950022504.jpg","_links":{"self":[{"href":"https:\/\/acefootball.com\/da\/wp-json\/wp\/v2\/posts\/251001"}],"collection":[{"href":"https:\/\/acefootball.com\/da\/wp-json\/wp\/v2\/posts"}],"about":[{"href":"https:\/\/acefootball.com\/da\/wp-json\/wp\/v2\/types\/post"}],"author":[{"embeddable":true,"href":"https:\/\/acefootball.com\/da\/wp-json\/wp\/v2\/users\/705"}],"replies":[{"embeddable":true,"href":"https:\/\/acefootball.com\/da\/wp-json\/wp\/v2\/comments?post=251001"}],"version-history":[{"count":0,"href":"https:\/\/acefootball.com\/da\/wp-json\/wp\/v2\/posts\/251001\/revisions"}],"wp:featuredmedia":[{"embeddable":true,"href":"https:\/\/acefootball.com\/da\/wp-json\/wp\/v2\/media\/251003"}],"wp:attachment":[{"href":"https:\/\/acefootball.com\/da\/wp-json\/wp\/v2\/media?parent=251001"}],"wp:term":[{"taxonomy":"category","embeddable":true,"href":"https:\/\/acefootball.com\/da\/wp-json\/wp\/v2\/categories?post=251001"},{"taxonomy":"post_tag","embeddable":true,"href":"https:\/\/acefootball.com\/da\/wp-json\/wp\/v2\/tags?post=251001"}],"curies":[{"name":"wp","href":"https:\/\/api.w.org\/{rel}","templated":true}]}}