{"id":250988,"date":"2021-02-06T17:15:06","date_gmt":"2021-02-06T16:15:06","guid":{"rendered":"https:\/\/acefootball.com\/da\/?p=250988"},"modified":"2021-02-06T17:15:07","modified_gmt":"2021-02-06T16:15:07","slug":"klar-til-debut-lerager-med-i-fck-truppen","status":"publish","type":"post","link":"https:\/\/acefootball.com\/da\/fodboldnyheder\/klar-til-debut-lerager-med-i-fck-truppen\/","title":{"rendered":"Klar til debut: Lerager med i FCK-truppen"},"content":{"rendered":"\n<h2 id=\"h-lukas-lerager-kan-f-debut-for-fc-k-benhavn-der-s-ndag-g-ster-bundholdet-ac-horsens-i-superligaens-15-spillerunde\">Lukas Lerager kan f\u00e5 debut for FC K\u00f8benhavn, der s\u00f8ndag g\u00e6ster bundholdet AC Horsens i Superligaens 15. spillerunde<\/h2>\n\n\n\n<div class=\"wp-block-si-widget wp-block-si-widget--center\"><si-lb-widget widget-id=\"MatchInfoWithOdds\" data-nopadding=\"true\" data-card=\"true\" width=\"440\" data-event-id=\"3389160\"><\/si-lb-widget><\/div>\n\n\n\n<p>I for\u00e5rets f\u00f8rste Superliga-kamp mod AaB gav FC K\u00f8benhavn debut til den ene af vinterens store tilgange, da Mustapha Bundu fik sin f\u00f8rste minutter den hvide tr\u00f8je.<\/p>\n\n\n\n<p>S\u00f8ndag kan det s\u00e5 blive Lukas Leragers tid til debut, da han er udtaget til udekampen mod AC Horsens.<\/p>\n\n\n\n<p>Det bliver samtidig ogs\u00e5 til et comeback til Andreas Bjelland, som ikke har v\u00e6ret en del af truppen siden oktober. Han afl\u00f8ser en karant\u00e6neramt Victor Nelsson.<\/p>\n\n\n\n<p>Mikkel Kaufmann og Peter Ankersen er desuden begge ude med skader, mens Mohammed Daramy endnu ikke er klar.<\/p>\n\n\n\n<p>Du kan se hele truppen her:<\/p>\n\n\n\n<p>5 Andreas Bjelland<br>6 Jens Stage<br>7 Viktor Fischer<br>8 Nicolaj Thomsen<br>9 Kamil Wilczek<br>10 Carlos Zeca<br>12 Lukas Lerager<br>13 Sten Grytebust<br>16 Pep Biel<br>17 Karlo Bartolec<br>19 Bryan Oviedo<br>20 Nicolai Boilesen<br>21 Karl-Johan Johnsson<br>23 Jonas Wind<br>25 Mathias Zanka J\u00f8rgensen<br>26 Marios Oikonomou<br>28 Mustapha Bundu<br>33 Rasmus Falk<br>42 William B\u00f8ving<\/p>\n\n\n\n<figure class=\"wp-block-embed is-type-wp-embed is-provider-ace-football-danmark wp-block-embed-ace-football-danmark\"><div class=\"wp-block-embed__wrapper\">\n<blockquote class=\"wp-embedded-content\" data-secret=\"FSX2zDyixC\"><a href=\"https:\/\/acefootball.com\/da\/fodboldnyheder\/fck-traener-tager-til-norge-skal-hjaelpe-staale-solbakken\/\">FCK-tr\u00e6ner tager til Norge: Skal hj\u00e6lpe St\u00e5le Solbakken<\/a><\/blockquote><iframe class=\"wp-embedded-content\" sandbox=\"allow-scripts\" security=\"restricted\" style=\"position: absolute; clip: rect(1px, 1px, 1px, 1px);\" title=\"&#8220;FCK-tr\u00e6ner tager til Norge: Skal hj\u00e6lpe St\u00e5le Solbakken&#8221; &#8212; Ace Football Danmark\" src=\"https:\/\/acefootball.com\/da\/fodboldnyheder\/fck-traener-tager-til-norge-skal-hjaelpe-staale-solbakken\/embed\/#?secret=FSX2zDyixC\" data-secret=\"FSX2zDyixC\" width=\"600\" height=\"338\" frameborder=\"0\" marginwidth=\"0\" marginheight=\"0\" scrolling=\"no\"><\/iframe>\n<\/div><\/figure>\n","protected":false},"excerpt":{"rendered":"<p>Lukas Lerager kan f\u00e5 debut for FC K\u00f8benhavn, der s\u00f8ndag g\u00e6ster bundholdet AC Horsens i Superligaens 15. spillerunde<\/p>\n","protected":false},"author":705,"featured_media":250457,"comment_status":"open","ping_status":"closed","sticky":false,"template":"","format":"standard","meta":{"om_disable_all_campaigns":false,"push_articles_ronaldo":{"active":false,"canonical":0,"publish":false},"force_updates":null},"categories":[8062],"tags":[16,757,588],"enet_tags":{"team":["8391"],"player":["262739"],"league":["46"],"sport_events":[3389160]},"yoast_head":"<!-- This site is optimized with the Yoast SEO plugin v18.3 - https:\/\/yoast.com\/wordpress\/plugins\/seo\/ -->\n<title>Klar til debut: Lerager med i FCK-truppen<\/title>\n<meta name=\"description\" content=\"Lukas Lerager kan f\u00e5 debut for FC K\u00f8benhavn, der s\u00f8ndag g\u00e6ster bundholdet AC Horsens i Superligaens 15. spillerunde\" \/>\n<meta name=\"robots\" content=\"index, follow, max-snippet:-1, max-image-preview:large, max-video-preview:-1\" \/>\n<link rel=\"canonical\" href=\"https:\/\/acefootball.com\/da\/fodboldnyheder\/klar-til-debut-lerager-med-i-fck-truppen\/\" \/>\n<meta property=\"og:locale\" content=\"en_US\" \/>\n<meta property=\"og:type\" content=\"article\" \/>\n<meta property=\"og:title\" content=\"Klar til debut: Lerager med i FCK-truppen\" \/>\n<meta property=\"og:description\" content=\"Lukas Lerager kan f\u00e5 debut for FC K\u00f8benhavn, der s\u00f8ndag g\u00e6ster bundholdet AC Horsens i Superligaens 15. spillerunde\" \/>\n<meta property=\"og:url\" content=\"https:\/\/acefootball.com\/da\/fodboldnyheder\/klar-til-debut-lerager-med-i-fck-truppen\/\" \/>\n<meta property=\"og:site_name\" content=\"Ace Football Danmark\" \/>\n<meta property=\"article:publisher\" content=\"https:\/\/www.facebook.com\/acefootballdk\" \/>\n<meta property=\"article:published_time\" content=\"2021-02-06T16:15:06+00:00\" \/>\n<meta property=\"article:modified_time\" content=\"2021-02-06T16:15:07+00:00\" \/>\n<meta property=\"og:image\" content=\"https:\/\/acefootball.com\/da\/wp-content\/uploads\/sites\/2\/2021\/02\/FCK.jpg\" \/>\n\t<meta property=\"og:image:width\" content=\"1920\" \/>\n\t<meta property=\"og:image:height\" content=\"1008\" \/>\n\t<meta property=\"og:image:type\" content=\"image\/jpeg\" \/>\n<meta name=\"twitter:card\" content=\"summary_large_image\" \/>\n<meta name=\"twitter:label1\" content=\"Written by\" \/>\n\t<meta name=\"twitter:data1\" content=\"Mads Dreyer\" \/>\n\t<meta name=\"twitter:label2\" content=\"Est. reading time\" \/>\n\t<meta name=\"twitter:data2\" content=\"1 minute\" \/>\n<script type=\"application\/ld+json\" class=\"yoast-schema-graph\">{\"@context\":\"https:\/\/schema.org\",\"@graph\":[{\"@type\":\"Organization\",\"@id\":\"https:\/\/acefootball.com\/da\/#organization\",\"name\":\"Ace Football\",\"url\":\"https:\/\/acefootball.com\/da\/\",\"sameAs\":[\"https:\/\/www.facebook.com\/acefootballdk\"],\"logo\":{\"@type\":\"ImageObject\",\"@id\":\"https:\/\/acefootball.com\/da\/#logo\",\"inLanguage\":\"en-US\",\"url\":\"https:\/\/acefootball.com\/da\/wp-content\/uploads\/sites\/2\/2020\/07\/Ace-Football-30-07-2020-2.png\",\"contentUrl\":\"https:\/\/acefootball.com\/da\/wp-content\/uploads\/sites\/2\/2020\/07\/Ace-Football-30-07-2020-2.png\",\"width\":1200,\"height\":600,\"caption\":\"Ace Football\"},\"image\":{\"@id\":\"https:\/\/acefootball.com\/da\/#logo\"}},{\"@type\":\"WebSite\",\"@id\":\"https:\/\/acefootball.com\/da\/#website\",\"url\":\"https:\/\/acefootball.com\/da\/\",\"name\":\"Ace Football Danmark\",\"description\":\"Nyheder, Spiltips &amp; Livescore\",\"publisher\":{\"@id\":\"https:\/\/acefootball.com\/da\/#organization\"},\"potentialAction\":[{\"@type\":\"SearchAction\",\"target\":{\"@type\":\"EntryPoint\",\"urlTemplate\":\"https:\/\/acefootball.com\/da\/?s={search_term_string}\"},\"query-input\":\"required name=search_term_string\"}],\"inLanguage\":\"en-US\"},{\"@type\":\"ImageObject\",\"@id\":\"https:\/\/acefootball.com\/da\/fodboldnyheder\/klar-til-debut-lerager-med-i-fck-truppen\/#primaryimage\",\"inLanguage\":\"en-US\",\"url\":\"https:\/\/acefootball.com\/da\/wp-content\/uploads\/sites\/2\/2021\/02\/FCK.jpg\",\"contentUrl\":\"https:\/\/acefootball.com\/da\/wp-content\/uploads\/sites\/2\/2021\/02\/FCK.jpg\",\"width\":1920,\"height\":1008,\"caption\":\"lerager\"},{\"@type\":\"WebPage\",\"@id\":\"https:\/\/acefootball.com\/da\/fodboldnyheder\/klar-til-debut-lerager-med-i-fck-truppen\/#webpage\",\"url\":\"https:\/\/acefootball.com\/da\/fodboldnyheder\/klar-til-debut-lerager-med-i-fck-truppen\/\",\"name\":\"Klar til debut: Lerager med i FCK-truppen\",\"isPartOf\":{\"@id\":\"https:\/\/acefootball.com\/da\/#website\"},\"primaryImageOfPage\":{\"@id\":\"https:\/\/acefootball.com\/da\/fodboldnyheder\/klar-til-debut-lerager-med-i-fck-truppen\/#primaryimage\"},\"datePublished\":\"2021-02-06T16:15:06+00:00\",\"dateModified\":\"2021-02-06T16:15:07+00:00\",\"description\":\"Lukas Lerager kan f\u00e5 debut for FC K\u00f8benhavn, der s\u00f8ndag g\u00e6ster bundholdet AC Horsens i Superligaens 15. spillerunde\",\"breadcrumb\":{\"@id\":\"https:\/\/acefootball.com\/da\/fodboldnyheder\/klar-til-debut-lerager-med-i-fck-truppen\/#breadcrumb\"},\"inLanguage\":\"en-US\",\"potentialAction\":[{\"@type\":\"ReadAction\",\"target\":[\"https:\/\/acefootball.com\/da\/fodboldnyheder\/klar-til-debut-lerager-med-i-fck-truppen\/\"]}]},{\"@type\":\"BreadcrumbList\",\"@id\":\"https:\/\/acefootball.com\/da\/fodboldnyheder\/klar-til-debut-lerager-med-i-fck-truppen\/#breadcrumb\",\"itemListElement\":[{\"@type\":\"ListItem\",\"position\":1,\"name\":\"Home\",\"item\":\"https:\/\/acefootball.com\/da\/\"},{\"@type\":\"ListItem\",\"position\":2,\"name\":\"Klar til debut: Lerager med i FCK-truppen\"}]},{\"@type\":\"Article\",\"@id\":\"https:\/\/acefootball.com\/da\/fodboldnyheder\/klar-til-debut-lerager-med-i-fck-truppen\/#article\",\"isPartOf\":{\"@id\":\"https:\/\/acefootball.com\/da\/fodboldnyheder\/klar-til-debut-lerager-med-i-fck-truppen\/#webpage\"},\"author\":{\"@id\":\"https:\/\/acefootball.com\/da\/#\/schema\/person\/ee67e9cf04a276f144100ffa722f10cd\"},\"headline\":\"Klar til debut: Lerager med i FCK-truppen\",\"datePublished\":\"2021-02-06T16:15:06+00:00\",\"dateModified\":\"2021-02-06T16:15:07+00:00\",\"mainEntityOfPage\":{\"@id\":\"https:\/\/acefootball.com\/da\/fodboldnyheder\/klar-til-debut-lerager-med-i-fck-truppen\/#webpage\"},\"wordCount\":179,\"commentCount\":0,\"publisher\":{\"@id\":\"https:\/\/acefootball.com\/da\/#organization\"},\"image\":{\"@id\":\"https:\/\/acefootball.com\/da\/fodboldnyheder\/klar-til-debut-lerager-med-i-fck-truppen\/#primaryimage\"},\"thumbnailUrl\":\"https:\/\/acefootball.com\/da\/wp-content\/uploads\/sites\/2\/2021\/02\/210201_lukas_lerager.jpg\",\"keywords\":[\"FC K\u00f8benhavn\",\"Lukas Lerager\",\"Superligaen\"],\"articleSection\":[\"Kamp\"],\"inLanguage\":\"en-US\",\"potentialAction\":[{\"@type\":\"CommentAction\",\"name\":\"Comment\",\"target\":[\"https:\/\/acefootball.com\/da\/fodboldnyheder\/klar-til-debut-lerager-med-i-fck-truppen\/#respond\"]}]},{\"@type\":\"Person\",\"@id\":\"https:\/\/acefootball.com\/da\/#\/schema\/person\/ee67e9cf04a276f144100ffa722f10cd\",\"name\":\"Mads Dreyer\",\"image\":{\"@type\":\"ImageObject\",\"@id\":\"https:\/\/acefootball.com\/da\/#personlogo\",\"inLanguage\":\"en-US\",\"url\":\"https:\/\/secure.gravatar.com\/avatar\/7c7abf72cfde9902b6a60efe60c88d4c?s=96&d=mm&r=g\",\"contentUrl\":\"https:\/\/secure.gravatar.com\/avatar\/7c7abf72cfde9902b6a60efe60c88d4c?s=96&d=mm&r=g\",\"caption\":\"Mads Dreyer\"},\"description\":\"Skribent og fodboldn\u00f8rd, der lige nu fort\u00e6ller om alt og intet i fodboldverdenen p\u00e5 acefootball.com. Uddannet i kommunikation fra Aalborg Universitet.\",\"sameAs\":[\"https:\/\/www.linkedin.com\/in\/mads-dreyer-b9b08266\/\"],\"url\":\"https:\/\/acefootball.com\/da\/fodboldnyheder\/author\/mdnronaldo\/\"}]}<\/script>\n<!-- \/ Yoast SEO plugin. -->","yoast_head_json":{"title":"Klar til debut: Lerager med i FCK-truppen","description":"Lukas Lerager kan f\u00e5 debut for FC K\u00f8benhavn, der s\u00f8ndag g\u00e6ster bundholdet AC Horsens i Superligaens 15. spillerunde","robots":{"index":"index","follow":"follow","max-snippet":"max-snippet:-1","max-image-preview":"max-image-preview:large","max-video-preview":"max-video-preview:-1"},"canonical":"https:\/\/acefootball.com\/da\/fodboldnyheder\/klar-til-debut-lerager-med-i-fck-truppen\/","og_locale":"en_US","og_type":"article","og_title":"Klar til debut: Lerager med i FCK-truppen","og_description":"Lukas Lerager kan f\u00e5 debut for FC K\u00f8benhavn, der s\u00f8ndag g\u00e6ster bundholdet AC Horsens i Superligaens 15. spillerunde","og_url":"https:\/\/acefootball.com\/da\/fodboldnyheder\/klar-til-debut-lerager-med-i-fck-truppen\/","og_site_name":"Ace Football Danmark","article_publisher":"https:\/\/www.facebook.com\/acefootballdk","article_published_time":"2021-02-06T16:15:06+00:00","article_modified_time":"2021-02-06T16:15:07+00:00","og_image":[{"width":1920,"height":1008,"url":"https:\/\/acefootball.com\/da\/wp-content\/uploads\/sites\/2\/2021\/02\/FCK.jpg","type":"image\/jpeg"}],"twitter_card":"summary_large_image","twitter_misc":{"Written by":"Mads Dreyer","Est. reading time":"1 minute"},"schema":{"@context":"https:\/\/schema.org","@graph":[{"@type":"Organization","@id":"https:\/\/acefootball.com\/da\/#organization","name":"Ace Football","url":"https:\/\/acefootball.com\/da\/","sameAs":["https:\/\/www.facebook.com\/acefootballdk"],"logo":{"@type":"ImageObject","@id":"https:\/\/acefootball.com\/da\/#logo","inLanguage":"en-US","url":"https:\/\/acefootball.com\/da\/wp-content\/uploads\/sites\/2\/2020\/07\/Ace-Football-30-07-2020-2.png","contentUrl":"https:\/\/acefootball.com\/da\/wp-content\/uploads\/sites\/2\/2020\/07\/Ace-Football-30-07-2020-2.png","width":1200,"height":600,"caption":"Ace Football"},"image":{"@id":"https:\/\/acefootball.com\/da\/#logo"}},{"@type":"WebSite","@id":"https:\/\/acefootball.com\/da\/#website","url":"https:\/\/acefootball.com\/da\/","name":"Ace Football Danmark","description":"Nyheder, Spiltips &amp; Livescore","publisher":{"@id":"https:\/\/acefootball.com\/da\/#organization"},"potentialAction":[{"@type":"SearchAction","target":{"@type":"EntryPoint","urlTemplate":"https:\/\/acefootball.com\/da\/?s={search_term_string}"},"query-input":"required name=search_term_string"}],"inLanguage":"en-US"},{"@type":"ImageObject","@id":"https:\/\/acefootball.com\/da\/fodboldnyheder\/klar-til-debut-lerager-med-i-fck-truppen\/#primaryimage","inLanguage":"en-US","url":"https:\/\/acefootball.com\/da\/wp-content\/uploads\/sites\/2\/2021\/02\/FCK.jpg","contentUrl":"https:\/\/acefootball.com\/da\/wp-content\/uploads\/sites\/2\/2021\/02\/FCK.jpg","width":1920,"height":1008,"caption":"lerager"},{"@type":"WebPage","@id":"https:\/\/acefootball.com\/da\/fodboldnyheder\/klar-til-debut-lerager-med-i-fck-truppen\/#webpage","url":"https:\/\/acefootball.com\/da\/fodboldnyheder\/klar-til-debut-lerager-med-i-fck-truppen\/","name":"Klar til debut: Lerager med i FCK-truppen","isPartOf":{"@id":"https:\/\/acefootball.com\/da\/#website"},"primaryImageOfPage":{"@id":"https:\/\/acefootball.com\/da\/fodboldnyheder\/klar-til-debut-lerager-med-i-fck-truppen\/#primaryimage"},"datePublished":"2021-02-06T16:15:06+00:00","dateModified":"2021-02-06T16:15:07+00:00","description":"Lukas Lerager kan f\u00e5 debut for FC K\u00f8benhavn, der s\u00f8ndag g\u00e6ster bundholdet AC Horsens i Superligaens 15. spillerunde","breadcrumb":{"@id":"https:\/\/acefootball.com\/da\/fodboldnyheder\/klar-til-debut-lerager-med-i-fck-truppen\/#breadcrumb"},"inLanguage":"en-US","potentialAction":[{"@type":"ReadAction","target":["https:\/\/acefootball.com\/da\/fodboldnyheder\/klar-til-debut-lerager-med-i-fck-truppen\/"]}]},{"@type":"BreadcrumbList","@id":"https:\/\/acefootball.com\/da\/fodboldnyheder\/klar-til-debut-lerager-med-i-fck-truppen\/#breadcrumb","itemListElement":[{"@type":"ListItem","position":1,"name":"Home","item":"https:\/\/acefootball.com\/da\/"},{"@type":"ListItem","position":2,"name":"Klar til debut: Lerager med i FCK-truppen"}]},{"@type":"Article","@id":"https:\/\/acefootball.com\/da\/fodboldnyheder\/klar-til-debut-lerager-med-i-fck-truppen\/#article","isPartOf":{"@id":"https:\/\/acefootball.com\/da\/fodboldnyheder\/klar-til-debut-lerager-med-i-fck-truppen\/#webpage"},"author":{"@id":"https:\/\/acefootball.com\/da\/#\/schema\/person\/ee67e9cf04a276f144100ffa722f10cd"},"headline":"Klar til debut: Lerager med i FCK-truppen","datePublished":"2021-02-06T16:15:06+00:00","dateModified":"2021-02-06T16:15:07+00:00","mainEntityOfPage":{"@id":"https:\/\/acefootball.com\/da\/fodboldnyheder\/klar-til-debut-lerager-med-i-fck-truppen\/#webpage"},"wordCount":179,"commentCount":0,"publisher":{"@id":"https:\/\/acefootball.com\/da\/#organization"},"image":{"@id":"https:\/\/acefootball.com\/da\/fodboldnyheder\/klar-til-debut-lerager-med-i-fck-truppen\/#primaryimage"},"thumbnailUrl":"https:\/\/acefootball.com\/da\/wp-content\/uploads\/sites\/2\/2021\/02\/210201_lukas_lerager.jpg","keywords":["FC K\u00f8benhavn","Lukas Lerager","Superligaen"],"articleSection":["Kamp"],"inLanguage":"en-US","potentialAction":[{"@type":"CommentAction","name":"Comment","target":["https:\/\/acefootball.com\/da\/fodboldnyheder\/klar-til-debut-lerager-med-i-fck-truppen\/#respond"]}]},{"@type":"Person","@id":"https:\/\/acefootball.com\/da\/#\/schema\/person\/ee67e9cf04a276f144100ffa722f10cd","name":"Mads Dreyer","image":{"@type":"ImageObject","@id":"https:\/\/acefootball.com\/da\/#personlogo","inLanguage":"en-US","url":"https:\/\/secure.gravatar.com\/avatar\/7c7abf72cfde9902b6a60efe60c88d4c?s=96&d=mm&r=g","contentUrl":"https:\/\/secure.gravatar.com\/avatar\/7c7abf72cfde9902b6a60efe60c88d4c?s=96&d=mm&r=g","caption":"Mads Dreyer"},"description":"Skribent og fodboldn\u00f8rd, der lige nu fort\u00e6ller om alt og intet i fodboldverdenen p\u00e5 acefootball.com. Uddannet i kommunikation fra Aalborg Universitet.","sameAs":["https:\/\/www.linkedin.com\/in\/mads-dreyer-b9b08266\/"],"url":"https:\/\/acefootball.com\/da\/fodboldnyheder\/author\/mdnronaldo\/"}]}},"fimg_url":"https:\/\/acefootball.com\/da\/wp-content\/uploads\/sites\/2\/2021\/02\/210201_lukas_lerager.jpg","_links":{"self":[{"href":"https:\/\/acefootball.com\/da\/wp-json\/wp\/v2\/posts\/250988"}],"collection":[{"href":"https:\/\/acefootball.com\/da\/wp-json\/wp\/v2\/posts"}],"about":[{"href":"https:\/\/acefootball.com\/da\/wp-json\/wp\/v2\/types\/post"}],"author":[{"embeddable":true,"href":"https:\/\/acefootball.com\/da\/wp-json\/wp\/v2\/users\/705"}],"replies":[{"embeddable":true,"href":"https:\/\/acefootball.com\/da\/wp-json\/wp\/v2\/comments?post=250988"}],"version-history":[{"count":0,"href":"https:\/\/acefootball.com\/da\/wp-json\/wp\/v2\/posts\/250988\/revisions"}],"wp:featuredmedia":[{"embeddable":true,"href":"https:\/\/acefootball.com\/da\/wp-json\/wp\/v2\/media\/250457"}],"wp:attachment":[{"href":"https:\/\/acefootball.com\/da\/wp-json\/wp\/v2\/media?parent=250988"}],"wp:term":[{"taxonomy":"category","embeddable":true,"href":"https:\/\/acefootball.com\/da\/wp-json\/wp\/v2\/categories?post=250988"},{"taxonomy":"post_tag","embeddable":true,"href":"https:\/\/acefootball.com\/da\/wp-json\/wp\/v2\/tags?post=250988"}],"curies":[{"name":"wp","href":"https:\/\/api.w.org\/{rel}","templated":true}]}}