{"id":250967,"date":"2021-02-06T15:04:03","date_gmt":"2021-02-06T14:04:03","guid":{"rendered":"https:\/\/acefootball.com\/da\/?p=250967"},"modified":"2021-02-06T15:05:38","modified_gmt":"2021-02-06T14:05:38","slug":"fck-traener-tager-til-norge-skal-hjaelpe-staale-solbakken","status":"publish","type":"post","link":"https:\/\/acefootball.com\/da\/fodboldnyheder\/fck-traener-tager-til-norge-skal-hjaelpe-staale-solbakken\/","title":{"rendered":"FCK-tr\u00e6ner tager til Norge: Skal hj\u00e6lpe St\u00e5le Solbakken"},"content":{"rendered":"\n<h2 id=\"h-fysisk-tr-ner-p-fc-k-benhavns-akademi-bj-rn-vidar-stenersen-tager-hjem-til-norge-hvor-han-har-f-et-job-i-troms-og-p-landsholdet\">Fysisk tr\u00e6ner p\u00e5 FC K\u00f8benhavns akademi, Bj\u00f6rn Vidar Stenersen, tager hjem til Norge, hvor han har f\u00e5et job i Troms\u00f8 og p\u00e5 landsholdet<\/h2>\n\n\n\n<p>Endnu en gang m\u00e5 FC K\u00f8benhavn rokere om i staben, da man nu siger farvel til akademiets fysiske tr\u00e6ner Bj\u00f6rn Vidar Stenersen.<\/p>\n\n\n\n<p>Den 40-\u00e5rige nordmand har nemlig skrevet under p\u00e5 en kontrakt med hjemlandets Troms\u00f8 IL, hvor han skal varetage fysikken hos holdet, der i sidste s\u00e6son rykkede tilbage i Eliteserien.<\/p>\n\n\n\n<p>Samtidig bliver Stenersen ogs\u00e5 tilknyttet det norske landshold, hvor han kommer til at arbejde sammen med den tidligere FC K\u00f8benhavn-tr\u00e6ner, St\u00e5le Solbakken.<\/p>\n\n\n\n<figure class=\"wp-block-embed is-type-rich is-provider-twitter wp-block-embed-twitter\"><div class=\"wp-block-embed__wrapper\">\n<blockquote class=\"twitter-tweet\" data-width=\"550\" data-dnt=\"true\"><p lang=\"no\" dir=\"ltr\">Etter flere \u00e5r i storklubben FC K\u00f8benhavn vender Bj\u00f8rn Vidar Stenersen hjem til TIL og Troms\u00f8. I tillegg til trenerrollen i TIL blir han ogs\u00e5 en del av St\u00e5le Solbakkens team p\u00e5 det norske landslaget.<br><br>Velkommen tilbake p\u00e5 laget <a href=\"https:\/\/twitter.com\/bvstenersen?ref_src=twsrc%5Etfw\">@bvstenersen<\/a>!\ud83d\udd34\u26aa<a href=\"https:\/\/t.co\/5HA65fjdmu\">https:\/\/t.co\/5HA65fjdmu<\/a><\/p>&mdash; TIL (@TromsoIL) <a href=\"https:\/\/twitter.com\/TromsoIL\/status\/1358008565693374465?ref_src=twsrc%5Etfw\">February 6, 2021<\/a><\/blockquote><script async src=\"https:\/\/platform.twitter.com\/widgets.js\" charset=\"utf-8\"><\/script>\n<\/div><\/figure>\n\n\n\n<p>&#8220;Efter syv \u00e5r i Danmark er timingen rigtig for at flytte tilbage til Troms\u00f8. Spillerne og tr\u00e6nerteamet har skabt et solidt fundament, som jeg g\u00e6lder mig til at v\u00e6re med til at videreudvikle. Det g\u00e5r godt i Troms\u00f8 lige nu, og jeg h\u00e5ber at blive en del af et team, som er med p\u00e5 at realisere spillernes og tilh\u00e6ngernes dr\u00f8m,&#8221; udtaler Stenersen.<\/p>\n\n\n\n<p>Bj\u00f6rn Vidar Stenersen tog tidligere i karrieren med til FC K\u00f6ln, da Solbakken blev ansat som cheftr\u00e6ner i klubben.<\/p>\n","protected":false},"excerpt":{"rendered":"<p>Fysisk tr\u00e6ner p\u00e5 FC K\u00f8benhavns akademi, Bj\u00f6rn Vidar Stenersen, tager hjem til Norge, hvor han har f\u00e5et job i Troms\u00f8 og p\u00e5 landsholdet<\/p>\n","protected":false},"author":705,"featured_media":235229,"comment_status":"open","ping_status":"closed","sticky":false,"template":"","format":"standard","meta":{"om_disable_all_campaigns":false,"push_articles_ronaldo":{"active":false,"canonical":0,"publish":false},"force_updates":null},"categories":[1],"tags":[16,1571,182,588,2293],"enet_tags":{"team":["8391","8492","8608"],"player":["78638"],"league":["46"],"sport_events":[]},"yoast_head":"<!-- This site is optimized with the Yoast SEO plugin v18.3 - https:\/\/yoast.com\/wordpress\/plugins\/seo\/ -->\n<title>FCK-tr\u00e6ner tager til Norge: Skal hj\u00e6lpe St\u00e5le Solbakken<\/title>\n<meta name=\"description\" content=\"Fysisk tr\u00e6ner p\u00e5 FC K\u00f8benhavns akademi, Bj\u00f6rn Vidar Stenersen, tager hjem til Norge, hvor han har f\u00e5et job i Troms\u00f8 og p\u00e5 landsholdet\" \/>\n<meta name=\"robots\" content=\"index, follow, max-snippet:-1, max-image-preview:large, max-video-preview:-1\" \/>\n<link rel=\"canonical\" href=\"https:\/\/acefootball.com\/da\/fodboldnyheder\/fck-traener-tager-til-norge-skal-hjaelpe-staale-solbakken\/\" \/>\n<meta property=\"og:locale\" content=\"en_US\" \/>\n<meta property=\"og:type\" content=\"article\" \/>\n<meta property=\"og:title\" content=\"FCK-tr\u00e6ner tager til Norge: Skal hj\u00e6lpe St\u00e5le Solbakken\" \/>\n<meta property=\"og:description\" content=\"Fysisk tr\u00e6ner p\u00e5 FC K\u00f8benhavns akademi, Bj\u00f6rn Vidar Stenersen, tager hjem til Norge, hvor han har f\u00e5et job i Troms\u00f8 og p\u00e5 landsholdet\" \/>\n<meta property=\"og:url\" content=\"https:\/\/acefootball.com\/da\/fodboldnyheder\/fck-traener-tager-til-norge-skal-hjaelpe-staale-solbakken\/\" \/>\n<meta property=\"og:site_name\" content=\"Ace Football Danmark\" \/>\n<meta property=\"article:publisher\" content=\"https:\/\/www.facebook.com\/acefootballdk\" \/>\n<meta property=\"article:published_time\" content=\"2021-02-06T14:04:03+00:00\" \/>\n<meta property=\"article:modified_time\" content=\"2021-02-06T14:05:38+00:00\" \/>\n<meta property=\"og:image\" content=\"https:\/\/acefootball.com\/da\/wp-content\/uploads\/sites\/2\/2021\/02\/FCK-2-1.jpg\" \/>\n\t<meta property=\"og:image:width\" content=\"1920\" \/>\n\t<meta property=\"og:image:height\" content=\"1008\" \/>\n\t<meta property=\"og:image:type\" content=\"image\/jpeg\" \/>\n<meta name=\"twitter:card\" content=\"summary_large_image\" \/>\n<meta name=\"twitter:label1\" content=\"Written by\" \/>\n\t<meta name=\"twitter:data1\" content=\"Mads Dreyer\" \/>\n\t<meta name=\"twitter:label2\" content=\"Est. reading time\" \/>\n\t<meta name=\"twitter:data2\" content=\"1 minute\" \/>\n<script type=\"application\/ld+json\" class=\"yoast-schema-graph\">{\"@context\":\"https:\/\/schema.org\",\"@graph\":[{\"@type\":\"Organization\",\"@id\":\"https:\/\/acefootball.com\/da\/#organization\",\"name\":\"Ace Football\",\"url\":\"https:\/\/acefootball.com\/da\/\",\"sameAs\":[\"https:\/\/www.facebook.com\/acefootballdk\"],\"logo\":{\"@type\":\"ImageObject\",\"@id\":\"https:\/\/acefootball.com\/da\/#logo\",\"inLanguage\":\"en-US\",\"url\":\"https:\/\/acefootball.com\/da\/wp-content\/uploads\/sites\/2\/2020\/07\/Ace-Football-30-07-2020-2.png\",\"contentUrl\":\"https:\/\/acefootball.com\/da\/wp-content\/uploads\/sites\/2\/2020\/07\/Ace-Football-30-07-2020-2.png\",\"width\":1200,\"height\":600,\"caption\":\"Ace Football\"},\"image\":{\"@id\":\"https:\/\/acefootball.com\/da\/#logo\"}},{\"@type\":\"WebSite\",\"@id\":\"https:\/\/acefootball.com\/da\/#website\",\"url\":\"https:\/\/acefootball.com\/da\/\",\"name\":\"Ace Football Danmark\",\"description\":\"Nyheder, Spiltips &amp; Livescore\",\"publisher\":{\"@id\":\"https:\/\/acefootball.com\/da\/#organization\"},\"potentialAction\":[{\"@type\":\"SearchAction\",\"target\":{\"@type\":\"EntryPoint\",\"urlTemplate\":\"https:\/\/acefootball.com\/da\/?s={search_term_string}\"},\"query-input\":\"required name=search_term_string\"}],\"inLanguage\":\"en-US\"},{\"@type\":\"ImageObject\",\"@id\":\"https:\/\/acefootball.com\/da\/fodboldnyheder\/fck-traener-tager-til-norge-skal-hjaelpe-staale-solbakken\/#primaryimage\",\"inLanguage\":\"en-US\",\"url\":\"https:\/\/acefootball.com\/da\/wp-content\/uploads\/sites\/2\/2021\/02\/FCK-2-1.jpg\",\"contentUrl\":\"https:\/\/acefootball.com\/da\/wp-content\/uploads\/sites\/2\/2021\/02\/FCK-2-1.jpg\",\"width\":1920,\"height\":1008,\"caption\":\"solbakken fck\"},{\"@type\":\"WebPage\",\"@id\":\"https:\/\/acefootball.com\/da\/fodboldnyheder\/fck-traener-tager-til-norge-skal-hjaelpe-staale-solbakken\/#webpage\",\"url\":\"https:\/\/acefootball.com\/da\/fodboldnyheder\/fck-traener-tager-til-norge-skal-hjaelpe-staale-solbakken\/\",\"name\":\"FCK-tr\u00e6ner tager til Norge: Skal hj\u00e6lpe St\u00e5le Solbakken\",\"isPartOf\":{\"@id\":\"https:\/\/acefootball.com\/da\/#website\"},\"primaryImageOfPage\":{\"@id\":\"https:\/\/acefootball.com\/da\/fodboldnyheder\/fck-traener-tager-til-norge-skal-hjaelpe-staale-solbakken\/#primaryimage\"},\"datePublished\":\"2021-02-06T14:04:03+00:00\",\"dateModified\":\"2021-02-06T14:05:38+00:00\",\"description\":\"Fysisk tr\u00e6ner p\u00e5 FC K\u00f8benhavns akademi, Bj\u00f6rn Vidar Stenersen, tager hjem til Norge, hvor han har f\u00e5et job i Troms\u00f8 og p\u00e5 landsholdet\",\"breadcrumb\":{\"@id\":\"https:\/\/acefootball.com\/da\/fodboldnyheder\/fck-traener-tager-til-norge-skal-hjaelpe-staale-solbakken\/#breadcrumb\"},\"inLanguage\":\"en-US\",\"potentialAction\":[{\"@type\":\"ReadAction\",\"target\":[\"https:\/\/acefootball.com\/da\/fodboldnyheder\/fck-traener-tager-til-norge-skal-hjaelpe-staale-solbakken\/\"]}]},{\"@type\":\"BreadcrumbList\",\"@id\":\"https:\/\/acefootball.com\/da\/fodboldnyheder\/fck-traener-tager-til-norge-skal-hjaelpe-staale-solbakken\/#breadcrumb\",\"itemListElement\":[{\"@type\":\"ListItem\",\"position\":1,\"name\":\"Home\",\"item\":\"https:\/\/acefootball.com\/da\/\"},{\"@type\":\"ListItem\",\"position\":2,\"name\":\"FCK-tr\u00e6ner tager til Norge: Skal hj\u00e6lpe St\u00e5le Solbakken\"}]},{\"@type\":\"Article\",\"@id\":\"https:\/\/acefootball.com\/da\/fodboldnyheder\/fck-traener-tager-til-norge-skal-hjaelpe-staale-solbakken\/#article\",\"isPartOf\":{\"@id\":\"https:\/\/acefootball.com\/da\/fodboldnyheder\/fck-traener-tager-til-norge-skal-hjaelpe-staale-solbakken\/#webpage\"},\"author\":{\"@id\":\"https:\/\/acefootball.com\/da\/#\/schema\/person\/ee67e9cf04a276f144100ffa722f10cd\"},\"headline\":\"FCK-tr\u00e6ner tager til Norge: Skal hj\u00e6lpe St\u00e5le Solbakken\",\"datePublished\":\"2021-02-06T14:04:03+00:00\",\"dateModified\":\"2021-02-06T14:05:38+00:00\",\"mainEntityOfPage\":{\"@id\":\"https:\/\/acefootball.com\/da\/fodboldnyheder\/fck-traener-tager-til-norge-skal-hjaelpe-staale-solbakken\/#webpage\"},\"wordCount\":215,\"commentCount\":0,\"publisher\":{\"@id\":\"https:\/\/acefootball.com\/da\/#organization\"},\"image\":{\"@id\":\"https:\/\/acefootball.com\/da\/fodboldnyheder\/fck-traener-tager-til-norge-skal-hjaelpe-staale-solbakken\/#primaryimage\"},\"thumbnailUrl\":\"https:\/\/acefootball.com\/da\/wp-content\/uploads\/sites\/2\/2020\/08\/GettyImages-1227753909.jpg\",\"keywords\":[\"FC K\u00f8benhavn\",\"Norge\",\"St\u00e5le Solbakken\",\"Superligaen\",\"Troms\u00f8\"],\"articleSection\":[\"Nyhed\"],\"inLanguage\":\"en-US\",\"potentialAction\":[{\"@type\":\"CommentAction\",\"name\":\"Comment\",\"target\":[\"https:\/\/acefootball.com\/da\/fodboldnyheder\/fck-traener-tager-til-norge-skal-hjaelpe-staale-solbakken\/#respond\"]}]},{\"@type\":\"Person\",\"@id\":\"https:\/\/acefootball.com\/da\/#\/schema\/person\/ee67e9cf04a276f144100ffa722f10cd\",\"name\":\"Mads Dreyer\",\"image\":{\"@type\":\"ImageObject\",\"@id\":\"https:\/\/acefootball.com\/da\/#personlogo\",\"inLanguage\":\"en-US\",\"url\":\"https:\/\/secure.gravatar.com\/avatar\/7c7abf72cfde9902b6a60efe60c88d4c?s=96&d=mm&r=g\",\"contentUrl\":\"https:\/\/secure.gravatar.com\/avatar\/7c7abf72cfde9902b6a60efe60c88d4c?s=96&d=mm&r=g\",\"caption\":\"Mads Dreyer\"},\"description\":\"Skribent og fodboldn\u00f8rd, der lige nu fort\u00e6ller om alt og intet i fodboldverdenen p\u00e5 acefootball.com. Uddannet i kommunikation fra Aalborg Universitet.\",\"sameAs\":[\"https:\/\/www.linkedin.com\/in\/mads-dreyer-b9b08266\/\"],\"url\":\"https:\/\/acefootball.com\/da\/fodboldnyheder\/author\/mdnronaldo\/\"}]}<\/script>\n<!-- \/ Yoast SEO plugin. -->","yoast_head_json":{"title":"FCK-tr\u00e6ner tager til Norge: Skal hj\u00e6lpe St\u00e5le Solbakken","description":"Fysisk tr\u00e6ner p\u00e5 FC K\u00f8benhavns akademi, Bj\u00f6rn Vidar Stenersen, tager hjem til Norge, hvor han har f\u00e5et job i Troms\u00f8 og p\u00e5 landsholdet","robots":{"index":"index","follow":"follow","max-snippet":"max-snippet:-1","max-image-preview":"max-image-preview:large","max-video-preview":"max-video-preview:-1"},"canonical":"https:\/\/acefootball.com\/da\/fodboldnyheder\/fck-traener-tager-til-norge-skal-hjaelpe-staale-solbakken\/","og_locale":"en_US","og_type":"article","og_title":"FCK-tr\u00e6ner tager til Norge: Skal hj\u00e6lpe St\u00e5le Solbakken","og_description":"Fysisk tr\u00e6ner p\u00e5 FC K\u00f8benhavns akademi, Bj\u00f6rn Vidar Stenersen, tager hjem til Norge, hvor han har f\u00e5et job i Troms\u00f8 og p\u00e5 landsholdet","og_url":"https:\/\/acefootball.com\/da\/fodboldnyheder\/fck-traener-tager-til-norge-skal-hjaelpe-staale-solbakken\/","og_site_name":"Ace Football Danmark","article_publisher":"https:\/\/www.facebook.com\/acefootballdk","article_published_time":"2021-02-06T14:04:03+00:00","article_modified_time":"2021-02-06T14:05:38+00:00","og_image":[{"width":1920,"height":1008,"url":"https:\/\/acefootball.com\/da\/wp-content\/uploads\/sites\/2\/2021\/02\/FCK-2-1.jpg","type":"image\/jpeg"}],"twitter_card":"summary_large_image","twitter_misc":{"Written by":"Mads Dreyer","Est. reading time":"1 minute"},"schema":{"@context":"https:\/\/schema.org","@graph":[{"@type":"Organization","@id":"https:\/\/acefootball.com\/da\/#organization","name":"Ace Football","url":"https:\/\/acefootball.com\/da\/","sameAs":["https:\/\/www.facebook.com\/acefootballdk"],"logo":{"@type":"ImageObject","@id":"https:\/\/acefootball.com\/da\/#logo","inLanguage":"en-US","url":"https:\/\/acefootball.com\/da\/wp-content\/uploads\/sites\/2\/2020\/07\/Ace-Football-30-07-2020-2.png","contentUrl":"https:\/\/acefootball.com\/da\/wp-content\/uploads\/sites\/2\/2020\/07\/Ace-Football-30-07-2020-2.png","width":1200,"height":600,"caption":"Ace Football"},"image":{"@id":"https:\/\/acefootball.com\/da\/#logo"}},{"@type":"WebSite","@id":"https:\/\/acefootball.com\/da\/#website","url":"https:\/\/acefootball.com\/da\/","name":"Ace Football Danmark","description":"Nyheder, Spiltips &amp; Livescore","publisher":{"@id":"https:\/\/acefootball.com\/da\/#organization"},"potentialAction":[{"@type":"SearchAction","target":{"@type":"EntryPoint","urlTemplate":"https:\/\/acefootball.com\/da\/?s={search_term_string}"},"query-input":"required name=search_term_string"}],"inLanguage":"en-US"},{"@type":"ImageObject","@id":"https:\/\/acefootball.com\/da\/fodboldnyheder\/fck-traener-tager-til-norge-skal-hjaelpe-staale-solbakken\/#primaryimage","inLanguage":"en-US","url":"https:\/\/acefootball.com\/da\/wp-content\/uploads\/sites\/2\/2021\/02\/FCK-2-1.jpg","contentUrl":"https:\/\/acefootball.com\/da\/wp-content\/uploads\/sites\/2\/2021\/02\/FCK-2-1.jpg","width":1920,"height":1008,"caption":"solbakken fck"},{"@type":"WebPage","@id":"https:\/\/acefootball.com\/da\/fodboldnyheder\/fck-traener-tager-til-norge-skal-hjaelpe-staale-solbakken\/#webpage","url":"https:\/\/acefootball.com\/da\/fodboldnyheder\/fck-traener-tager-til-norge-skal-hjaelpe-staale-solbakken\/","name":"FCK-tr\u00e6ner tager til Norge: Skal hj\u00e6lpe St\u00e5le Solbakken","isPartOf":{"@id":"https:\/\/acefootball.com\/da\/#website"},"primaryImageOfPage":{"@id":"https:\/\/acefootball.com\/da\/fodboldnyheder\/fck-traener-tager-til-norge-skal-hjaelpe-staale-solbakken\/#primaryimage"},"datePublished":"2021-02-06T14:04:03+00:00","dateModified":"2021-02-06T14:05:38+00:00","description":"Fysisk tr\u00e6ner p\u00e5 FC K\u00f8benhavns akademi, Bj\u00f6rn Vidar Stenersen, tager hjem til Norge, hvor han har f\u00e5et job i Troms\u00f8 og p\u00e5 landsholdet","breadcrumb":{"@id":"https:\/\/acefootball.com\/da\/fodboldnyheder\/fck-traener-tager-til-norge-skal-hjaelpe-staale-solbakken\/#breadcrumb"},"inLanguage":"en-US","potentialAction":[{"@type":"ReadAction","target":["https:\/\/acefootball.com\/da\/fodboldnyheder\/fck-traener-tager-til-norge-skal-hjaelpe-staale-solbakken\/"]}]},{"@type":"BreadcrumbList","@id":"https:\/\/acefootball.com\/da\/fodboldnyheder\/fck-traener-tager-til-norge-skal-hjaelpe-staale-solbakken\/#breadcrumb","itemListElement":[{"@type":"ListItem","position":1,"name":"Home","item":"https:\/\/acefootball.com\/da\/"},{"@type":"ListItem","position":2,"name":"FCK-tr\u00e6ner tager til Norge: Skal hj\u00e6lpe St\u00e5le Solbakken"}]},{"@type":"Article","@id":"https:\/\/acefootball.com\/da\/fodboldnyheder\/fck-traener-tager-til-norge-skal-hjaelpe-staale-solbakken\/#article","isPartOf":{"@id":"https:\/\/acefootball.com\/da\/fodboldnyheder\/fck-traener-tager-til-norge-skal-hjaelpe-staale-solbakken\/#webpage"},"author":{"@id":"https:\/\/acefootball.com\/da\/#\/schema\/person\/ee67e9cf04a276f144100ffa722f10cd"},"headline":"FCK-tr\u00e6ner tager til Norge: Skal hj\u00e6lpe St\u00e5le Solbakken","datePublished":"2021-02-06T14:04:03+00:00","dateModified":"2021-02-06T14:05:38+00:00","mainEntityOfPage":{"@id":"https:\/\/acefootball.com\/da\/fodboldnyheder\/fck-traener-tager-til-norge-skal-hjaelpe-staale-solbakken\/#webpage"},"wordCount":215,"commentCount":0,"publisher":{"@id":"https:\/\/acefootball.com\/da\/#organization"},"image":{"@id":"https:\/\/acefootball.com\/da\/fodboldnyheder\/fck-traener-tager-til-norge-skal-hjaelpe-staale-solbakken\/#primaryimage"},"thumbnailUrl":"https:\/\/acefootball.com\/da\/wp-content\/uploads\/sites\/2\/2020\/08\/GettyImages-1227753909.jpg","keywords":["FC K\u00f8benhavn","Norge","St\u00e5le Solbakken","Superligaen","Troms\u00f8"],"articleSection":["Nyhed"],"inLanguage":"en-US","potentialAction":[{"@type":"CommentAction","name":"Comment","target":["https:\/\/acefootball.com\/da\/fodboldnyheder\/fck-traener-tager-til-norge-skal-hjaelpe-staale-solbakken\/#respond"]}]},{"@type":"Person","@id":"https:\/\/acefootball.com\/da\/#\/schema\/person\/ee67e9cf04a276f144100ffa722f10cd","name":"Mads Dreyer","image":{"@type":"ImageObject","@id":"https:\/\/acefootball.com\/da\/#personlogo","inLanguage":"en-US","url":"https:\/\/secure.gravatar.com\/avatar\/7c7abf72cfde9902b6a60efe60c88d4c?s=96&d=mm&r=g","contentUrl":"https:\/\/secure.gravatar.com\/avatar\/7c7abf72cfde9902b6a60efe60c88d4c?s=96&d=mm&r=g","caption":"Mads Dreyer"},"description":"Skribent og fodboldn\u00f8rd, der lige nu fort\u00e6ller om alt og intet i fodboldverdenen p\u00e5 acefootball.com. Uddannet i kommunikation fra Aalborg Universitet.","sameAs":["https:\/\/www.linkedin.com\/in\/mads-dreyer-b9b08266\/"],"url":"https:\/\/acefootball.com\/da\/fodboldnyheder\/author\/mdnronaldo\/"}]}},"fimg_url":"https:\/\/acefootball.com\/da\/wp-content\/uploads\/sites\/2\/2020\/08\/GettyImages-1227753909.jpg","_links":{"self":[{"href":"https:\/\/acefootball.com\/da\/wp-json\/wp\/v2\/posts\/250967"}],"collection":[{"href":"https:\/\/acefootball.com\/da\/wp-json\/wp\/v2\/posts"}],"about":[{"href":"https:\/\/acefootball.com\/da\/wp-json\/wp\/v2\/types\/post"}],"author":[{"embeddable":true,"href":"https:\/\/acefootball.com\/da\/wp-json\/wp\/v2\/users\/705"}],"replies":[{"embeddable":true,"href":"https:\/\/acefootball.com\/da\/wp-json\/wp\/v2\/comments?post=250967"}],"version-history":[{"count":0,"href":"https:\/\/acefootball.com\/da\/wp-json\/wp\/v2\/posts\/250967\/revisions"}],"wp:featuredmedia":[{"embeddable":true,"href":"https:\/\/acefootball.com\/da\/wp-json\/wp\/v2\/media\/235229"}],"wp:attachment":[{"href":"https:\/\/acefootball.com\/da\/wp-json\/wp\/v2\/media?parent=250967"}],"wp:term":[{"taxonomy":"category","embeddable":true,"href":"https:\/\/acefootball.com\/da\/wp-json\/wp\/v2\/categories?post=250967"},{"taxonomy":"post_tag","embeddable":true,"href":"https:\/\/acefootball.com\/da\/wp-json\/wp\/v2\/tags?post=250967"}],"curies":[{"name":"wp","href":"https:\/\/api.w.org\/{rel}","templated":true}]}}