{"id":250961,"date":"2021-02-06T13:25:14","date_gmt":"2021-02-06T12:25:14","guid":{"rendered":"https:\/\/acefootball.com\/da\/?p=250961"},"modified":"2021-02-06T13:25:15","modified_gmt":"2021-02-06T12:25:15","slug":"fck-stjerne-ude-i-kulden-ikke-lige-det-jeg-havde-regnet-med","status":"publish","type":"post","link":"https:\/\/acefootball.com\/da\/fodboldnyheder\/fck-stjerne-ude-i-kulden-ikke-lige-det-jeg-havde-regnet-med\/","title":{"rendered":"FCK-stjerne ude i kulden: Ikke lige det jeg havde regnet med"},"content":{"rendered":"\n<h2 id=\"h-andreas-bjelland-har-ikke-v-ret-en-del-af-fck-truppen-siden-oktober-og-det-kommer-da-ogs-bag-p-hovedpersonen-selv\">Andreas Bjelland har ikke v\u00e6ret en del af FCK-truppen siden oktober, og det kommer da ogs\u00e5 bag p\u00e5 hovedpersonen selv<\/h2>\n\n\n\n<p>I for\u00e5rspremieren mod AaB var det endnu en gang med en FC K\u00f8benhavn-trup uden deltagelse af Andreas Bjelland.<\/p>\n\n\n\n<p>Det er nu 11 Superliga-kampe siden, man har set den rutinerede stopper p\u00e5 holdkortet, og det ser heller ikke ud til, at et tr\u00e6nerskifte har hjulpet p\u00e5 situationen.<\/p>\n\n\n\n<p>Det er naturligt nok heller ikke noget, hovedpersonen selv havde regnet med.<\/p>\n\n\n\n<div class=\"wp-block-si-widget wp-block-si-widget--center\"><si-lb-widget widget-id=\"PlayerSeasonStatsSnap\" data-hide-controls=\"false\" width=\"440\" data-player-id=\"70789\" data-card=\"true\"><\/si-lb-widget><\/div>\n\n\n\n<p>&#8220;Det var ikke lige det, jeg havde regnet med, da jeg kom hjem i 2018. Men der er ogs\u00e5 h\u00e5rd konkurrence p\u00e5 min position \u2013 is\u00e6r n\u00e5r &#8216;Boile&#8217; (Nicolai Boilesen, red.) ogs\u00e5 bliver brugt centralt. Der skal v\u00e6re kamp om pladserne i en klub som FCK, men det havde da v\u00e6ret sjovere, hvis vi havde v\u00e6ret med i flere turneringer,&#8221; siger Andreas Bjelland til <a href=\"https:\/\/www.bt.dk\/superligaen\/dyr-bjelland-paa-fck-baenken-maaske-er-jeg-bare-en-bedre-koebmand\" target=\"_blank\" rel=\"noreferrer noopener\">B.T.<\/a><\/p>\n\n\n\n<p>Den 32-\u00e5rige midterforsvarer havde dog ingen planer om at s\u00f8ge nye gr\u00e6sgange i l\u00f8bet af januar. Han er i stedet opsat p\u00e5 at k\u00e6mpe sig tilbage i startopstillingen.<\/p>\n\n\n\n<p>Husker du FCK&#8217;s kamp mod Barcelona? Det g\u00f8r Zdenek Pospech:<\/p>\n\n\n\n<figure class=\"wp-block-embed is-type-wp-embed is-provider-ace-football-danmark wp-block-embed-ace-football-danmark\"><div class=\"wp-block-embed__wrapper\">\n<blockquote class=\"wp-embedded-content\" data-secret=\"BwThVgu6hn\"><a href=\"https:\/\/acefootball.com\/da\/fodboldnyheder\/tidligere-fck-darling-mindes-vild-kamp-barca-moede-var-ligesom-en-vm-finale-for-os\/\">Tidligere FCK-darling mindes vild kamp: Barca-m\u00f8de var ligesom en VM-finale for os<\/a><\/blockquote><iframe class=\"wp-embedded-content\" sandbox=\"allow-scripts\" security=\"restricted\" style=\"position: absolute; clip: rect(1px, 1px, 1px, 1px);\" title=\"&#8220;Tidligere FCK-darling mindes vild kamp: Barca-m\u00f8de var ligesom en VM-finale for os&#8221; &#8212; Ace Football Danmark\" src=\"https:\/\/acefootball.com\/da\/fodboldnyheder\/tidligere-fck-darling-mindes-vild-kamp-barca-moede-var-ligesom-en-vm-finale-for-os\/embed\/#?secret=BwThVgu6hn\" data-secret=\"BwThVgu6hn\" width=\"600\" height=\"338\" frameborder=\"0\" marginwidth=\"0\" marginheight=\"0\" scrolling=\"no\"><\/iframe>\n<\/div><\/figure>\n","protected":false},"excerpt":{"rendered":"<p>Andreas Bjelland har ikke v\u00e6ret en del af FCK-truppen siden oktober, og det kommer da ogs\u00e5 bag p\u00e5 hovedpersonen selv<\/p>\n","protected":false},"author":705,"featured_media":239631,"comment_status":"open","ping_status":"closed","sticky":false,"template":"","format":"standard","meta":{"om_disable_all_campaigns":false,"push_articles_ronaldo":{"active":false,"canonical":0,"publish":false},"force_updates":null},"categories":[8204],"tags":[1029,16,588],"enet_tags":{"player":["70789"],"team":["8391"],"league":["46"],"sport_events":[]},"yoast_head":"<!-- This site is optimized with the Yoast SEO plugin v18.3 - https:\/\/yoast.com\/wordpress\/plugins\/seo\/ -->\n<title>FCK-stjerne ude i kulden: Ikke lige det jeg havde regnet med<\/title>\n<meta name=\"description\" content=\"Andreas Bjelland har ikke v\u00e6ret en del af FCK-truppen siden oktober, og det kommer da ogs\u00e5 bag p\u00e5 hovedpersonen selv\" \/>\n<meta name=\"robots\" content=\"index, follow, max-snippet:-1, max-image-preview:large, max-video-preview:-1\" \/>\n<link rel=\"canonical\" href=\"https:\/\/acefootball.com\/da\/fodboldnyheder\/fck-stjerne-ude-i-kulden-ikke-lige-det-jeg-havde-regnet-med\/\" \/>\n<meta property=\"og:locale\" content=\"en_US\" \/>\n<meta property=\"og:type\" content=\"article\" \/>\n<meta property=\"og:title\" content=\"FCK-stjerne ude i kulden: Ikke lige det jeg havde regnet med\" \/>\n<meta property=\"og:description\" content=\"Andreas Bjelland har ikke v\u00e6ret en del af FCK-truppen siden oktober, og det kommer da ogs\u00e5 bag p\u00e5 hovedpersonen selv\" \/>\n<meta property=\"og:url\" content=\"https:\/\/acefootball.com\/da\/fodboldnyheder\/fck-stjerne-ude-i-kulden-ikke-lige-det-jeg-havde-regnet-med\/\" \/>\n<meta property=\"og:site_name\" content=\"Ace Football Danmark\" \/>\n<meta property=\"article:publisher\" content=\"https:\/\/www.facebook.com\/acefootballdk\" \/>\n<meta property=\"article:published_time\" content=\"2021-02-06T12:25:14+00:00\" \/>\n<meta property=\"article:modified_time\" content=\"2021-02-06T12:25:15+00:00\" \/>\n<meta property=\"og:image\" content=\"https:\/\/acefootball.com\/da\/wp-content\/uploads\/sites\/2\/2021\/02\/FCK-2.jpg\" \/>\n\t<meta property=\"og:image:width\" content=\"1920\" \/>\n\t<meta property=\"og:image:height\" content=\"1008\" \/>\n\t<meta property=\"og:image:type\" content=\"image\/jpeg\" \/>\n<meta name=\"twitter:card\" content=\"summary_large_image\" \/>\n<meta name=\"twitter:label1\" content=\"Written by\" \/>\n\t<meta name=\"twitter:data1\" content=\"Mads Dreyer\" \/>\n\t<meta name=\"twitter:label2\" content=\"Est. reading time\" \/>\n\t<meta name=\"twitter:data2\" content=\"1 minute\" \/>\n<script type=\"application\/ld+json\" class=\"yoast-schema-graph\">{\"@context\":\"https:\/\/schema.org\",\"@graph\":[{\"@type\":\"Organization\",\"@id\":\"https:\/\/acefootball.com\/da\/#organization\",\"name\":\"Ace Football\",\"url\":\"https:\/\/acefootball.com\/da\/\",\"sameAs\":[\"https:\/\/www.facebook.com\/acefootballdk\"],\"logo\":{\"@type\":\"ImageObject\",\"@id\":\"https:\/\/acefootball.com\/da\/#logo\",\"inLanguage\":\"en-US\",\"url\":\"https:\/\/acefootball.com\/da\/wp-content\/uploads\/sites\/2\/2020\/07\/Ace-Football-30-07-2020-2.png\",\"contentUrl\":\"https:\/\/acefootball.com\/da\/wp-content\/uploads\/sites\/2\/2020\/07\/Ace-Football-30-07-2020-2.png\",\"width\":1200,\"height\":600,\"caption\":\"Ace Football\"},\"image\":{\"@id\":\"https:\/\/acefootball.com\/da\/#logo\"}},{\"@type\":\"WebSite\",\"@id\":\"https:\/\/acefootball.com\/da\/#website\",\"url\":\"https:\/\/acefootball.com\/da\/\",\"name\":\"Ace Football Danmark\",\"description\":\"Nyheder, Spiltips &amp; Livescore\",\"publisher\":{\"@id\":\"https:\/\/acefootball.com\/da\/#organization\"},\"potentialAction\":[{\"@type\":\"SearchAction\",\"target\":{\"@type\":\"EntryPoint\",\"urlTemplate\":\"https:\/\/acefootball.com\/da\/?s={search_term_string}\"},\"query-input\":\"required name=search_term_string\"}],\"inLanguage\":\"en-US\"},{\"@type\":\"ImageObject\",\"@id\":\"https:\/\/acefootball.com\/da\/fodboldnyheder\/fck-stjerne-ude-i-kulden-ikke-lige-det-jeg-havde-regnet-med\/#primaryimage\",\"inLanguage\":\"en-US\",\"url\":\"https:\/\/acefootball.com\/da\/wp-content\/uploads\/sites\/2\/2021\/02\/FCK-2.jpg\",\"contentUrl\":\"https:\/\/acefootball.com\/da\/wp-content\/uploads\/sites\/2\/2021\/02\/FCK-2.jpg\",\"width\":1920,\"height\":1008,\"caption\":\"bjelland fck\"},{\"@type\":\"WebPage\",\"@id\":\"https:\/\/acefootball.com\/da\/fodboldnyheder\/fck-stjerne-ude-i-kulden-ikke-lige-det-jeg-havde-regnet-med\/#webpage\",\"url\":\"https:\/\/acefootball.com\/da\/fodboldnyheder\/fck-stjerne-ude-i-kulden-ikke-lige-det-jeg-havde-regnet-med\/\",\"name\":\"FCK-stjerne ude i kulden: Ikke lige det jeg havde regnet med\",\"isPartOf\":{\"@id\":\"https:\/\/acefootball.com\/da\/#website\"},\"primaryImageOfPage\":{\"@id\":\"https:\/\/acefootball.com\/da\/fodboldnyheder\/fck-stjerne-ude-i-kulden-ikke-lige-det-jeg-havde-regnet-med\/#primaryimage\"},\"datePublished\":\"2021-02-06T12:25:14+00:00\",\"dateModified\":\"2021-02-06T12:25:15+00:00\",\"description\":\"Andreas Bjelland har ikke v\u00e6ret en del af FCK-truppen siden oktober, og det kommer da ogs\u00e5 bag p\u00e5 hovedpersonen selv\",\"breadcrumb\":{\"@id\":\"https:\/\/acefootball.com\/da\/fodboldnyheder\/fck-stjerne-ude-i-kulden-ikke-lige-det-jeg-havde-regnet-med\/#breadcrumb\"},\"inLanguage\":\"en-US\",\"potentialAction\":[{\"@type\":\"ReadAction\",\"target\":[\"https:\/\/acefootball.com\/da\/fodboldnyheder\/fck-stjerne-ude-i-kulden-ikke-lige-det-jeg-havde-regnet-med\/\"]}]},{\"@type\":\"BreadcrumbList\",\"@id\":\"https:\/\/acefootball.com\/da\/fodboldnyheder\/fck-stjerne-ude-i-kulden-ikke-lige-det-jeg-havde-regnet-med\/#breadcrumb\",\"itemListElement\":[{\"@type\":\"ListItem\",\"position\":1,\"name\":\"Home\",\"item\":\"https:\/\/acefootball.com\/da\/\"},{\"@type\":\"ListItem\",\"position\":2,\"name\":\"FCK-stjerne ude i kulden: Ikke lige det jeg havde regnet med\"}]},{\"@type\":\"Article\",\"@id\":\"https:\/\/acefootball.com\/da\/fodboldnyheder\/fck-stjerne-ude-i-kulden-ikke-lige-det-jeg-havde-regnet-med\/#article\",\"isPartOf\":{\"@id\":\"https:\/\/acefootball.com\/da\/fodboldnyheder\/fck-stjerne-ude-i-kulden-ikke-lige-det-jeg-havde-regnet-med\/#webpage\"},\"author\":{\"@id\":\"https:\/\/acefootball.com\/da\/#\/schema\/person\/ee67e9cf04a276f144100ffa722f10cd\"},\"headline\":\"FCK-stjerne ude i kulden: Ikke lige det jeg havde regnet med\",\"datePublished\":\"2021-02-06T12:25:14+00:00\",\"dateModified\":\"2021-02-06T12:25:15+00:00\",\"mainEntityOfPage\":{\"@id\":\"https:\/\/acefootball.com\/da\/fodboldnyheder\/fck-stjerne-ude-i-kulden-ikke-lige-det-jeg-havde-regnet-med\/#webpage\"},\"wordCount\":212,\"commentCount\":0,\"publisher\":{\"@id\":\"https:\/\/acefootball.com\/da\/#organization\"},\"image\":{\"@id\":\"https:\/\/acefootball.com\/da\/fodboldnyheder\/fck-stjerne-ude-i-kulden-ikke-lige-det-jeg-havde-regnet-med\/#primaryimage\"},\"thumbnailUrl\":\"https:\/\/acefootball.com\/da\/wp-content\/uploads\/sites\/2\/2020\/10\/GettyImages-1177197708.jpg\",\"keywords\":[\"Andreas Bjelland\",\"FC K\u00f8benhavn\",\"Superligaen\"],\"articleSection\":[\"Udtalelse\"],\"inLanguage\":\"en-US\",\"potentialAction\":[{\"@type\":\"CommentAction\",\"name\":\"Comment\",\"target\":[\"https:\/\/acefootball.com\/da\/fodboldnyheder\/fck-stjerne-ude-i-kulden-ikke-lige-det-jeg-havde-regnet-med\/#respond\"]}]},{\"@type\":\"Person\",\"@id\":\"https:\/\/acefootball.com\/da\/#\/schema\/person\/ee67e9cf04a276f144100ffa722f10cd\",\"name\":\"Mads Dreyer\",\"image\":{\"@type\":\"ImageObject\",\"@id\":\"https:\/\/acefootball.com\/da\/#personlogo\",\"inLanguage\":\"en-US\",\"url\":\"https:\/\/secure.gravatar.com\/avatar\/7c7abf72cfde9902b6a60efe60c88d4c?s=96&d=mm&r=g\",\"contentUrl\":\"https:\/\/secure.gravatar.com\/avatar\/7c7abf72cfde9902b6a60efe60c88d4c?s=96&d=mm&r=g\",\"caption\":\"Mads Dreyer\"},\"description\":\"Skribent og fodboldn\u00f8rd, der lige nu fort\u00e6ller om alt og intet i fodboldverdenen p\u00e5 acefootball.com. Uddannet i kommunikation fra Aalborg Universitet.\",\"sameAs\":[\"https:\/\/www.linkedin.com\/in\/mads-dreyer-b9b08266\/\"],\"url\":\"https:\/\/acefootball.com\/da\/fodboldnyheder\/author\/mdnronaldo\/\"}]}<\/script>\n<!-- \/ Yoast SEO plugin. -->","yoast_head_json":{"title":"FCK-stjerne ude i kulden: Ikke lige det jeg havde regnet med","description":"Andreas Bjelland har ikke v\u00e6ret en del af FCK-truppen siden oktober, og det kommer da ogs\u00e5 bag p\u00e5 hovedpersonen selv","robots":{"index":"index","follow":"follow","max-snippet":"max-snippet:-1","max-image-preview":"max-image-preview:large","max-video-preview":"max-video-preview:-1"},"canonical":"https:\/\/acefootball.com\/da\/fodboldnyheder\/fck-stjerne-ude-i-kulden-ikke-lige-det-jeg-havde-regnet-med\/","og_locale":"en_US","og_type":"article","og_title":"FCK-stjerne ude i kulden: Ikke lige det jeg havde regnet med","og_description":"Andreas Bjelland har ikke v\u00e6ret en del af FCK-truppen siden oktober, og det kommer da ogs\u00e5 bag p\u00e5 hovedpersonen selv","og_url":"https:\/\/acefootball.com\/da\/fodboldnyheder\/fck-stjerne-ude-i-kulden-ikke-lige-det-jeg-havde-regnet-med\/","og_site_name":"Ace Football Danmark","article_publisher":"https:\/\/www.facebook.com\/acefootballdk","article_published_time":"2021-02-06T12:25:14+00:00","article_modified_time":"2021-02-06T12:25:15+00:00","og_image":[{"width":1920,"height":1008,"url":"https:\/\/acefootball.com\/da\/wp-content\/uploads\/sites\/2\/2021\/02\/FCK-2.jpg","type":"image\/jpeg"}],"twitter_card":"summary_large_image","twitter_misc":{"Written by":"Mads Dreyer","Est. reading time":"1 minute"},"schema":{"@context":"https:\/\/schema.org","@graph":[{"@type":"Organization","@id":"https:\/\/acefootball.com\/da\/#organization","name":"Ace Football","url":"https:\/\/acefootball.com\/da\/","sameAs":["https:\/\/www.facebook.com\/acefootballdk"],"logo":{"@type":"ImageObject","@id":"https:\/\/acefootball.com\/da\/#logo","inLanguage":"en-US","url":"https:\/\/acefootball.com\/da\/wp-content\/uploads\/sites\/2\/2020\/07\/Ace-Football-30-07-2020-2.png","contentUrl":"https:\/\/acefootball.com\/da\/wp-content\/uploads\/sites\/2\/2020\/07\/Ace-Football-30-07-2020-2.png","width":1200,"height":600,"caption":"Ace Football"},"image":{"@id":"https:\/\/acefootball.com\/da\/#logo"}},{"@type":"WebSite","@id":"https:\/\/acefootball.com\/da\/#website","url":"https:\/\/acefootball.com\/da\/","name":"Ace Football Danmark","description":"Nyheder, Spiltips &amp; Livescore","publisher":{"@id":"https:\/\/acefootball.com\/da\/#organization"},"potentialAction":[{"@type":"SearchAction","target":{"@type":"EntryPoint","urlTemplate":"https:\/\/acefootball.com\/da\/?s={search_term_string}"},"query-input":"required name=search_term_string"}],"inLanguage":"en-US"},{"@type":"ImageObject","@id":"https:\/\/acefootball.com\/da\/fodboldnyheder\/fck-stjerne-ude-i-kulden-ikke-lige-det-jeg-havde-regnet-med\/#primaryimage","inLanguage":"en-US","url":"https:\/\/acefootball.com\/da\/wp-content\/uploads\/sites\/2\/2021\/02\/FCK-2.jpg","contentUrl":"https:\/\/acefootball.com\/da\/wp-content\/uploads\/sites\/2\/2021\/02\/FCK-2.jpg","width":1920,"height":1008,"caption":"bjelland fck"},{"@type":"WebPage","@id":"https:\/\/acefootball.com\/da\/fodboldnyheder\/fck-stjerne-ude-i-kulden-ikke-lige-det-jeg-havde-regnet-med\/#webpage","url":"https:\/\/acefootball.com\/da\/fodboldnyheder\/fck-stjerne-ude-i-kulden-ikke-lige-det-jeg-havde-regnet-med\/","name":"FCK-stjerne ude i kulden: Ikke lige det jeg havde regnet med","isPartOf":{"@id":"https:\/\/acefootball.com\/da\/#website"},"primaryImageOfPage":{"@id":"https:\/\/acefootball.com\/da\/fodboldnyheder\/fck-stjerne-ude-i-kulden-ikke-lige-det-jeg-havde-regnet-med\/#primaryimage"},"datePublished":"2021-02-06T12:25:14+00:00","dateModified":"2021-02-06T12:25:15+00:00","description":"Andreas Bjelland har ikke v\u00e6ret en del af FCK-truppen siden oktober, og det kommer da ogs\u00e5 bag p\u00e5 hovedpersonen selv","breadcrumb":{"@id":"https:\/\/acefootball.com\/da\/fodboldnyheder\/fck-stjerne-ude-i-kulden-ikke-lige-det-jeg-havde-regnet-med\/#breadcrumb"},"inLanguage":"en-US","potentialAction":[{"@type":"ReadAction","target":["https:\/\/acefootball.com\/da\/fodboldnyheder\/fck-stjerne-ude-i-kulden-ikke-lige-det-jeg-havde-regnet-med\/"]}]},{"@type":"BreadcrumbList","@id":"https:\/\/acefootball.com\/da\/fodboldnyheder\/fck-stjerne-ude-i-kulden-ikke-lige-det-jeg-havde-regnet-med\/#breadcrumb","itemListElement":[{"@type":"ListItem","position":1,"name":"Home","item":"https:\/\/acefootball.com\/da\/"},{"@type":"ListItem","position":2,"name":"FCK-stjerne ude i kulden: Ikke lige det jeg havde regnet med"}]},{"@type":"Article","@id":"https:\/\/acefootball.com\/da\/fodboldnyheder\/fck-stjerne-ude-i-kulden-ikke-lige-det-jeg-havde-regnet-med\/#article","isPartOf":{"@id":"https:\/\/acefootball.com\/da\/fodboldnyheder\/fck-stjerne-ude-i-kulden-ikke-lige-det-jeg-havde-regnet-med\/#webpage"},"author":{"@id":"https:\/\/acefootball.com\/da\/#\/schema\/person\/ee67e9cf04a276f144100ffa722f10cd"},"headline":"FCK-stjerne ude i kulden: Ikke lige det jeg havde regnet med","datePublished":"2021-02-06T12:25:14+00:00","dateModified":"2021-02-06T12:25:15+00:00","mainEntityOfPage":{"@id":"https:\/\/acefootball.com\/da\/fodboldnyheder\/fck-stjerne-ude-i-kulden-ikke-lige-det-jeg-havde-regnet-med\/#webpage"},"wordCount":212,"commentCount":0,"publisher":{"@id":"https:\/\/acefootball.com\/da\/#organization"},"image":{"@id":"https:\/\/acefootball.com\/da\/fodboldnyheder\/fck-stjerne-ude-i-kulden-ikke-lige-det-jeg-havde-regnet-med\/#primaryimage"},"thumbnailUrl":"https:\/\/acefootball.com\/da\/wp-content\/uploads\/sites\/2\/2020\/10\/GettyImages-1177197708.jpg","keywords":["Andreas Bjelland","FC K\u00f8benhavn","Superligaen"],"articleSection":["Udtalelse"],"inLanguage":"en-US","potentialAction":[{"@type":"CommentAction","name":"Comment","target":["https:\/\/acefootball.com\/da\/fodboldnyheder\/fck-stjerne-ude-i-kulden-ikke-lige-det-jeg-havde-regnet-med\/#respond"]}]},{"@type":"Person","@id":"https:\/\/acefootball.com\/da\/#\/schema\/person\/ee67e9cf04a276f144100ffa722f10cd","name":"Mads Dreyer","image":{"@type":"ImageObject","@id":"https:\/\/acefootball.com\/da\/#personlogo","inLanguage":"en-US","url":"https:\/\/secure.gravatar.com\/avatar\/7c7abf72cfde9902b6a60efe60c88d4c?s=96&d=mm&r=g","contentUrl":"https:\/\/secure.gravatar.com\/avatar\/7c7abf72cfde9902b6a60efe60c88d4c?s=96&d=mm&r=g","caption":"Mads Dreyer"},"description":"Skribent og fodboldn\u00f8rd, der lige nu fort\u00e6ller om alt og intet i fodboldverdenen p\u00e5 acefootball.com. Uddannet i kommunikation fra Aalborg Universitet.","sameAs":["https:\/\/www.linkedin.com\/in\/mads-dreyer-b9b08266\/"],"url":"https:\/\/acefootball.com\/da\/fodboldnyheder\/author\/mdnronaldo\/"}]}},"fimg_url":"https:\/\/acefootball.com\/da\/wp-content\/uploads\/sites\/2\/2020\/10\/GettyImages-1177197708.jpg","_links":{"self":[{"href":"https:\/\/acefootball.com\/da\/wp-json\/wp\/v2\/posts\/250961"}],"collection":[{"href":"https:\/\/acefootball.com\/da\/wp-json\/wp\/v2\/posts"}],"about":[{"href":"https:\/\/acefootball.com\/da\/wp-json\/wp\/v2\/types\/post"}],"author":[{"embeddable":true,"href":"https:\/\/acefootball.com\/da\/wp-json\/wp\/v2\/users\/705"}],"replies":[{"embeddable":true,"href":"https:\/\/acefootball.com\/da\/wp-json\/wp\/v2\/comments?post=250961"}],"version-history":[{"count":0,"href":"https:\/\/acefootball.com\/da\/wp-json\/wp\/v2\/posts\/250961\/revisions"}],"wp:featuredmedia":[{"embeddable":true,"href":"https:\/\/acefootball.com\/da\/wp-json\/wp\/v2\/media\/239631"}],"wp:attachment":[{"href":"https:\/\/acefootball.com\/da\/wp-json\/wp\/v2\/media?parent=250961"}],"wp:term":[{"taxonomy":"category","embeddable":true,"href":"https:\/\/acefootball.com\/da\/wp-json\/wp\/v2\/categories?post=250961"},{"taxonomy":"post_tag","embeddable":true,"href":"https:\/\/acefootball.com\/da\/wp-json\/wp\/v2\/tags?post=250961"}],"curies":[{"name":"wp","href":"https:\/\/api.w.org\/{rel}","templated":true}]}}