{"id":250892,"date":"2021-02-05T14:08:06","date_gmt":"2021-02-05T13:08:06","guid":{"rendered":"https:\/\/acefootball.com\/da\/?p=250892"},"modified":"2021-02-05T14:11:28","modified_gmt":"2021-02-05T13:11:28","slug":"tidligere-fck-darling-mindes-vild-kamp-barca-moede-var-ligesom-en-vm-finale-for-os","status":"publish","type":"post","link":"https:\/\/acefootball.com\/da\/fodboldnyheder\/tidligere-fck-darling-mindes-vild-kamp-barca-moede-var-ligesom-en-vm-finale-for-os\/","title":{"rendered":"Tidligere FCK-darling mindes vild kamp: Barca-m\u00f8de var ligesom en VM-finale for os"},"content":{"rendered":"\n<h2 id=\"h-fra-2008-til-2011-spillede-zdenek-pospech-i-fc-k-benhavn-og-s-rligt-champions-league-kampen-mod-barcelona-st-r-klart-i-hans-erindring\">Fra 2008 til 2011 spillede Zdenek Pospech i FC K\u00f8benhavn og s\u00e6rligt Champions League-kampen mod Barcelona st\u00e5r klart i hans erindring<\/h2>\n\n\n\n<p>Efter et par gode \u00e5r i Sparta Prag i hjemlandet skiftede Zdenek Pospech i 2008 til FC K\u00f8benhavn, hvor han gik hen og blev lidt af en publikumsyndling p\u00e5 trods af sin ellers noget stille fremtoning.<\/p>\n\n\n\n<p>Den tjekkiske back var med til at vinde Superligaen for L\u00f8verne i 2009 og 2010, ligesom han bidrog i en halv s\u00e6son, da FC K\u00f8benhavn ogs\u00e5 snuppede titlen i 2011.<\/p>\n\n\n\n<p>Pospech huskes desuden is\u00e6r for en episode i Superligaen, hvor han hjalp en due v\u00e6k fra gr\u00f8nsv\u00e6ren.<\/p>\n\n\n\n<figure class=\"wp-block-embed is-type-rich is-provider-twitter wp-block-embed-twitter\"><div class=\"wp-block-embed__wrapper\">\n<blockquote class=\"twitter-tweet\" data-width=\"550\" data-dnt=\"true\"><p lang=\"da\" dir=\"ltr\">\ud83c\udfbc Det Pospech den tjekkiske mand \ud83c\udfbc <a href=\"https:\/\/twitter.com\/hashtag\/FCKlive?src=hash&amp;ref_src=twsrc%5Etfw\">#FCKlive<\/a> <a href=\"https:\/\/t.co\/ohlkh5tVgK\">pic.twitter.com\/ohlkh5tVgK<\/a><\/p>&mdash; Henrik Hansen (@Gandhi985) <a href=\"https:\/\/twitter.com\/Gandhi985\/status\/1247469067574874112?ref_src=twsrc%5Etfw\">April 7, 2020<\/a><\/blockquote><script async src=\"https:\/\/platform.twitter.com\/widgets.js\" charset=\"utf-8\"><\/script>\n<\/div><\/figure>\n\n\n\n<p>Hans st\u00f8rste minde fra tiden i den danske hovedstad skal dog findes i en helt bestemt Champions League-kamp, hvor han og holdkammeraterne stod overfor Lionel Messi og Barcelona.<\/p>\n\n\n\n<p>&#8220;Der var mange gode kampe, mens jeg spillede i klubben, men den kamp st\u00e5r som noget specielt, fordi alle \u2013 holdet, tr\u00e6nerne, staben og fansene \u2013 pr\u00e6sterede deres bedste. Vi n\u00f8d alle kampen, ligesom hvis det havde v\u00e6ret en VM-finale n\u00e6rmest,&#8221; udtaler han til <a href=\"https:\/\/www.bold.dk\/fodbold\/nyheder\/fcks-tjekkiske-mand-tvivlede-i-starten\/\" target=\"_blank\" rel=\"noreferrer noopener\">bold.dk. <\/a><\/p>\n\n\n\n<p>Den omtalte kamp endte 1-1, og FC K\u00f8behavn endte med at spille sig videre til ottendedelsfinalerne i Champions League. <\/p>\n\n\n\n<figure class=\"wp-block-embed is-type-video is-provider-youtube wp-block-embed-youtube wp-embed-aspect-16-9 wp-has-aspect-ratio\"><div class=\"wp-block-embed__wrapper\">\n<iframe loading=\"lazy\" title=\"UCL Flashback: FCK-FC Barcelona | fcktv.dk\" width=\"640\" height=\"360\" src=\"https:\/\/www.youtube.com\/embed\/Rm-rMkN-pYk?feature=oembed\" frameborder=\"0\" allow=\"accelerometer; autoplay; clipboard-write; encrypted-media; gyroscope; picture-in-picture\" allowfullscreen><\/iframe>\n<\/div><\/figure>\n\n\n\n<p>Pospech n\u00e5ede dog ikke at deltage i kampene mod Chelsea, da han den vinter skiftede til Mainz i Bundesligaen. <\/p>\n","protected":false},"excerpt":{"rendered":"<p>Fra 2008 til 2011 spillede Zdenek Pospech i FC K\u00f8benhavn og s\u00e6rligt Champions League-kampen mod Barcelona st\u00e5r klart i hans erindring<\/p>\n","protected":false},"author":914,"featured_media":250894,"comment_status":"open","ping_status":"closed","sticky":false,"template":"","format":"standard","meta":{"om_disable_all_campaigns":false,"push_articles_ronaldo":{"active":false,"canonical":0,"publish":false},"force_updates":null},"categories":[8204],"tags":[41,16,588],"enet_tags":{"team":["8634","8391"],"league":["46"],"sport_events":[]},"yoast_head":"<!-- This site is optimized with the Yoast SEO plugin v18.3 - https:\/\/yoast.com\/wordpress\/plugins\/seo\/ -->\n<title>Tidligere FCK-darling mindes vild kamp: Barca-m\u00f8de var ligesom en VM-finale for os<\/title>\n<meta name=\"description\" content=\"Fra 2008 til 2011 spillede Zdenek Pospech i FC K\u00f8benhavn og s\u00e6rligt Champions League-kampen mod Barcelona st\u00e5r klart i hans erindring\" \/>\n<meta name=\"robots\" content=\"index, follow, max-snippet:-1, max-image-preview:large, max-video-preview:-1\" \/>\n<link rel=\"canonical\" href=\"https:\/\/acefootball.com\/da\/fodboldnyheder\/tidligere-fck-darling-mindes-vild-kamp-barca-moede-var-ligesom-en-vm-finale-for-os\/\" \/>\n<meta property=\"og:locale\" content=\"en_US\" \/>\n<meta property=\"og:type\" content=\"article\" \/>\n<meta property=\"og:title\" content=\"Tidligere FCK-darling mindes vild kamp: Barca-m\u00f8de var ligesom en VM-finale for os\" \/>\n<meta property=\"og:description\" content=\"Fra 2008 til 2011 spillede Zdenek Pospech i FC K\u00f8benhavn og s\u00e6rligt Champions League-kampen mod Barcelona st\u00e5r klart i hans erindring\" \/>\n<meta property=\"og:url\" content=\"https:\/\/acefootball.com\/da\/fodboldnyheder\/tidligere-fck-darling-mindes-vild-kamp-barca-moede-var-ligesom-en-vm-finale-for-os\/\" \/>\n<meta property=\"og:site_name\" content=\"Ace Football Danmark\" \/>\n<meta property=\"article:publisher\" content=\"https:\/\/www.facebook.com\/acefootballdk\" \/>\n<meta property=\"article:published_time\" content=\"2021-02-05T13:08:06+00:00\" \/>\n<meta property=\"article:modified_time\" content=\"2021-02-05T13:11:28+00:00\" \/>\n<meta property=\"og:image\" content=\"https:\/\/acefootball.com\/da\/wp-content\/uploads\/sites\/2\/2021\/02\/Video-generel-12.jpg\" \/>\n\t<meta property=\"og:image:width\" content=\"1920\" \/>\n\t<meta property=\"og:image:height\" content=\"1008\" \/>\n\t<meta property=\"og:image:type\" content=\"image\/jpeg\" \/>\n<meta name=\"twitter:card\" content=\"summary_large_image\" \/>\n<meta name=\"twitter:label1\" content=\"Written by\" \/>\n\t<meta name=\"twitter:data1\" content=\"\" \/>\n\t<meta name=\"twitter:label2\" content=\"Est. reading time\" \/>\n\t<meta name=\"twitter:data2\" content=\"1 minute\" \/>\n<script type=\"application\/ld+json\" class=\"yoast-schema-graph\">{\"@context\":\"https:\/\/schema.org\",\"@graph\":[{\"@type\":\"Organization\",\"@id\":\"https:\/\/acefootball.com\/da\/#organization\",\"name\":\"Ace Football\",\"url\":\"https:\/\/acefootball.com\/da\/\",\"sameAs\":[\"https:\/\/www.facebook.com\/acefootballdk\"],\"logo\":{\"@type\":\"ImageObject\",\"@id\":\"https:\/\/acefootball.com\/da\/#logo\",\"inLanguage\":\"en-US\",\"url\":\"https:\/\/acefootball.com\/da\/wp-content\/uploads\/sites\/2\/2020\/07\/Ace-Football-30-07-2020-2.png\",\"contentUrl\":\"https:\/\/acefootball.com\/da\/wp-content\/uploads\/sites\/2\/2020\/07\/Ace-Football-30-07-2020-2.png\",\"width\":1200,\"height\":600,\"caption\":\"Ace Football\"},\"image\":{\"@id\":\"https:\/\/acefootball.com\/da\/#logo\"}},{\"@type\":\"WebSite\",\"@id\":\"https:\/\/acefootball.com\/da\/#website\",\"url\":\"https:\/\/acefootball.com\/da\/\",\"name\":\"Ace Football Danmark\",\"description\":\"Nyheder, Spiltips &amp; Livescore\",\"publisher\":{\"@id\":\"https:\/\/acefootball.com\/da\/#organization\"},\"potentialAction\":[{\"@type\":\"SearchAction\",\"target\":{\"@type\":\"EntryPoint\",\"urlTemplate\":\"https:\/\/acefootball.com\/da\/?s={search_term_string}\"},\"query-input\":\"required name=search_term_string\"}],\"inLanguage\":\"en-US\"},{\"@type\":\"ImageObject\",\"@id\":\"https:\/\/acefootball.com\/da\/fodboldnyheder\/tidligere-fck-darling-mindes-vild-kamp-barca-moede-var-ligesom-en-vm-finale-for-os\/#primaryimage\",\"inLanguage\":\"en-US\",\"url\":\"https:\/\/acefootball.com\/da\/wp-content\/uploads\/sites\/2\/2021\/02\/Video-generel-12.jpg\",\"contentUrl\":\"https:\/\/acefootball.com\/da\/wp-content\/uploads\/sites\/2\/2021\/02\/Video-generel-12.jpg\",\"width\":1920,\"height\":1008},{\"@type\":\"WebPage\",\"@id\":\"https:\/\/acefootball.com\/da\/fodboldnyheder\/tidligere-fck-darling-mindes-vild-kamp-barca-moede-var-ligesom-en-vm-finale-for-os\/#webpage\",\"url\":\"https:\/\/acefootball.com\/da\/fodboldnyheder\/tidligere-fck-darling-mindes-vild-kamp-barca-moede-var-ligesom-en-vm-finale-for-os\/\",\"name\":\"Tidligere FCK-darling mindes vild kamp: Barca-m\u00f8de var ligesom en VM-finale for os\",\"isPartOf\":{\"@id\":\"https:\/\/acefootball.com\/da\/#website\"},\"primaryImageOfPage\":{\"@id\":\"https:\/\/acefootball.com\/da\/fodboldnyheder\/tidligere-fck-darling-mindes-vild-kamp-barca-moede-var-ligesom-en-vm-finale-for-os\/#primaryimage\"},\"datePublished\":\"2021-02-05T13:08:06+00:00\",\"dateModified\":\"2021-02-05T13:11:28+00:00\",\"description\":\"Fra 2008 til 2011 spillede Zdenek Pospech i FC K\u00f8benhavn og s\u00e6rligt Champions League-kampen mod Barcelona st\u00e5r klart i hans erindring\",\"breadcrumb\":{\"@id\":\"https:\/\/acefootball.com\/da\/fodboldnyheder\/tidligere-fck-darling-mindes-vild-kamp-barca-moede-var-ligesom-en-vm-finale-for-os\/#breadcrumb\"},\"inLanguage\":\"en-US\",\"potentialAction\":[{\"@type\":\"ReadAction\",\"target\":[\"https:\/\/acefootball.com\/da\/fodboldnyheder\/tidligere-fck-darling-mindes-vild-kamp-barca-moede-var-ligesom-en-vm-finale-for-os\/\"]}]},{\"@type\":\"BreadcrumbList\",\"@id\":\"https:\/\/acefootball.com\/da\/fodboldnyheder\/tidligere-fck-darling-mindes-vild-kamp-barca-moede-var-ligesom-en-vm-finale-for-os\/#breadcrumb\",\"itemListElement\":[{\"@type\":\"ListItem\",\"position\":1,\"name\":\"Home\",\"item\":\"https:\/\/acefootball.com\/da\/\"},{\"@type\":\"ListItem\",\"position\":2,\"name\":\"Tidligere FCK-darling mindes vild kamp: Barca-m\u00f8de var ligesom en VM-finale for os\"}]},{\"@type\":\"Article\",\"@id\":\"https:\/\/acefootball.com\/da\/fodboldnyheder\/tidligere-fck-darling-mindes-vild-kamp-barca-moede-var-ligesom-en-vm-finale-for-os\/#article\",\"isPartOf\":{\"@id\":\"https:\/\/acefootball.com\/da\/fodboldnyheder\/tidligere-fck-darling-mindes-vild-kamp-barca-moede-var-ligesom-en-vm-finale-for-os\/#webpage\"},\"author\":{\"@id\":\"\"},\"headline\":\"Tidligere FCK-darling mindes vild kamp: Barca-m\u00f8de var ligesom en VM-finale for os\",\"datePublished\":\"2021-02-05T13:08:06+00:00\",\"dateModified\":\"2021-02-05T13:11:28+00:00\",\"mainEntityOfPage\":{\"@id\":\"https:\/\/acefootball.com\/da\/fodboldnyheder\/tidligere-fck-darling-mindes-vild-kamp-barca-moede-var-ligesom-en-vm-finale-for-os\/#webpage\"},\"wordCount\":262,\"commentCount\":0,\"publisher\":{\"@id\":\"https:\/\/acefootball.com\/da\/#organization\"},\"image\":{\"@id\":\"https:\/\/acefootball.com\/da\/fodboldnyheder\/tidligere-fck-darling-mindes-vild-kamp-barca-moede-var-ligesom-en-vm-finale-for-os\/#primaryimage\"},\"thumbnailUrl\":\"https:\/\/acefootball.com\/da\/wp-content\/uploads\/sites\/2\/2021\/02\/GettyImages-504201499.jpg\",\"keywords\":[\"FC Barcelona\",\"FC K\u00f8benhavn\",\"Superligaen\"],\"articleSection\":[\"Udtalelse\"],\"inLanguage\":\"en-US\",\"potentialAction\":[{\"@type\":\"CommentAction\",\"name\":\"Comment\",\"target\":[\"https:\/\/acefootball.com\/da\/fodboldnyheder\/tidligere-fck-darling-mindes-vild-kamp-barca-moede-var-ligesom-en-vm-finale-for-os\/#respond\"]}]},{\"@type\":\"Person\",\"@id\":\"\",\"url\":\"https:\/\/acefootball.com\/da\/fodboldnyheder\/author\/\"}]}<\/script>\n<!-- \/ Yoast SEO plugin. -->","yoast_head_json":{"title":"Tidligere FCK-darling mindes vild kamp: Barca-m\u00f8de var ligesom en VM-finale for os","description":"Fra 2008 til 2011 spillede Zdenek Pospech i FC K\u00f8benhavn og s\u00e6rligt Champions League-kampen mod Barcelona st\u00e5r klart i hans erindring","robots":{"index":"index","follow":"follow","max-snippet":"max-snippet:-1","max-image-preview":"max-image-preview:large","max-video-preview":"max-video-preview:-1"},"canonical":"https:\/\/acefootball.com\/da\/fodboldnyheder\/tidligere-fck-darling-mindes-vild-kamp-barca-moede-var-ligesom-en-vm-finale-for-os\/","og_locale":"en_US","og_type":"article","og_title":"Tidligere FCK-darling mindes vild kamp: Barca-m\u00f8de var ligesom en VM-finale for os","og_description":"Fra 2008 til 2011 spillede Zdenek Pospech i FC K\u00f8benhavn og s\u00e6rligt Champions League-kampen mod Barcelona st\u00e5r klart i hans erindring","og_url":"https:\/\/acefootball.com\/da\/fodboldnyheder\/tidligere-fck-darling-mindes-vild-kamp-barca-moede-var-ligesom-en-vm-finale-for-os\/","og_site_name":"Ace Football Danmark","article_publisher":"https:\/\/www.facebook.com\/acefootballdk","article_published_time":"2021-02-05T13:08:06+00:00","article_modified_time":"2021-02-05T13:11:28+00:00","og_image":[{"width":1920,"height":1008,"url":"https:\/\/acefootball.com\/da\/wp-content\/uploads\/sites\/2\/2021\/02\/Video-generel-12.jpg","type":"image\/jpeg"}],"twitter_card":"summary_large_image","twitter_misc":{"Written by":"","Est. reading time":"1 minute"},"schema":{"@context":"https:\/\/schema.org","@graph":[{"@type":"Organization","@id":"https:\/\/acefootball.com\/da\/#organization","name":"Ace Football","url":"https:\/\/acefootball.com\/da\/","sameAs":["https:\/\/www.facebook.com\/acefootballdk"],"logo":{"@type":"ImageObject","@id":"https:\/\/acefootball.com\/da\/#logo","inLanguage":"en-US","url":"https:\/\/acefootball.com\/da\/wp-content\/uploads\/sites\/2\/2020\/07\/Ace-Football-30-07-2020-2.png","contentUrl":"https:\/\/acefootball.com\/da\/wp-content\/uploads\/sites\/2\/2020\/07\/Ace-Football-30-07-2020-2.png","width":1200,"height":600,"caption":"Ace Football"},"image":{"@id":"https:\/\/acefootball.com\/da\/#logo"}},{"@type":"WebSite","@id":"https:\/\/acefootball.com\/da\/#website","url":"https:\/\/acefootball.com\/da\/","name":"Ace Football Danmark","description":"Nyheder, Spiltips &amp; Livescore","publisher":{"@id":"https:\/\/acefootball.com\/da\/#organization"},"potentialAction":[{"@type":"SearchAction","target":{"@type":"EntryPoint","urlTemplate":"https:\/\/acefootball.com\/da\/?s={search_term_string}"},"query-input":"required name=search_term_string"}],"inLanguage":"en-US"},{"@type":"ImageObject","@id":"https:\/\/acefootball.com\/da\/fodboldnyheder\/tidligere-fck-darling-mindes-vild-kamp-barca-moede-var-ligesom-en-vm-finale-for-os\/#primaryimage","inLanguage":"en-US","url":"https:\/\/acefootball.com\/da\/wp-content\/uploads\/sites\/2\/2021\/02\/Video-generel-12.jpg","contentUrl":"https:\/\/acefootball.com\/da\/wp-content\/uploads\/sites\/2\/2021\/02\/Video-generel-12.jpg","width":1920,"height":1008},{"@type":"WebPage","@id":"https:\/\/acefootball.com\/da\/fodboldnyheder\/tidligere-fck-darling-mindes-vild-kamp-barca-moede-var-ligesom-en-vm-finale-for-os\/#webpage","url":"https:\/\/acefootball.com\/da\/fodboldnyheder\/tidligere-fck-darling-mindes-vild-kamp-barca-moede-var-ligesom-en-vm-finale-for-os\/","name":"Tidligere FCK-darling mindes vild kamp: Barca-m\u00f8de var ligesom en VM-finale for os","isPartOf":{"@id":"https:\/\/acefootball.com\/da\/#website"},"primaryImageOfPage":{"@id":"https:\/\/acefootball.com\/da\/fodboldnyheder\/tidligere-fck-darling-mindes-vild-kamp-barca-moede-var-ligesom-en-vm-finale-for-os\/#primaryimage"},"datePublished":"2021-02-05T13:08:06+00:00","dateModified":"2021-02-05T13:11:28+00:00","description":"Fra 2008 til 2011 spillede Zdenek Pospech i FC K\u00f8benhavn og s\u00e6rligt Champions League-kampen mod Barcelona st\u00e5r klart i hans erindring","breadcrumb":{"@id":"https:\/\/acefootball.com\/da\/fodboldnyheder\/tidligere-fck-darling-mindes-vild-kamp-barca-moede-var-ligesom-en-vm-finale-for-os\/#breadcrumb"},"inLanguage":"en-US","potentialAction":[{"@type":"ReadAction","target":["https:\/\/acefootball.com\/da\/fodboldnyheder\/tidligere-fck-darling-mindes-vild-kamp-barca-moede-var-ligesom-en-vm-finale-for-os\/"]}]},{"@type":"BreadcrumbList","@id":"https:\/\/acefootball.com\/da\/fodboldnyheder\/tidligere-fck-darling-mindes-vild-kamp-barca-moede-var-ligesom-en-vm-finale-for-os\/#breadcrumb","itemListElement":[{"@type":"ListItem","position":1,"name":"Home","item":"https:\/\/acefootball.com\/da\/"},{"@type":"ListItem","position":2,"name":"Tidligere FCK-darling mindes vild kamp: Barca-m\u00f8de var ligesom en VM-finale for os"}]},{"@type":"Article","@id":"https:\/\/acefootball.com\/da\/fodboldnyheder\/tidligere-fck-darling-mindes-vild-kamp-barca-moede-var-ligesom-en-vm-finale-for-os\/#article","isPartOf":{"@id":"https:\/\/acefootball.com\/da\/fodboldnyheder\/tidligere-fck-darling-mindes-vild-kamp-barca-moede-var-ligesom-en-vm-finale-for-os\/#webpage"},"author":{"@id":""},"headline":"Tidligere FCK-darling mindes vild kamp: Barca-m\u00f8de var ligesom en VM-finale for os","datePublished":"2021-02-05T13:08:06+00:00","dateModified":"2021-02-05T13:11:28+00:00","mainEntityOfPage":{"@id":"https:\/\/acefootball.com\/da\/fodboldnyheder\/tidligere-fck-darling-mindes-vild-kamp-barca-moede-var-ligesom-en-vm-finale-for-os\/#webpage"},"wordCount":262,"commentCount":0,"publisher":{"@id":"https:\/\/acefootball.com\/da\/#organization"},"image":{"@id":"https:\/\/acefootball.com\/da\/fodboldnyheder\/tidligere-fck-darling-mindes-vild-kamp-barca-moede-var-ligesom-en-vm-finale-for-os\/#primaryimage"},"thumbnailUrl":"https:\/\/acefootball.com\/da\/wp-content\/uploads\/sites\/2\/2021\/02\/GettyImages-504201499.jpg","keywords":["FC Barcelona","FC K\u00f8benhavn","Superligaen"],"articleSection":["Udtalelse"],"inLanguage":"en-US","potentialAction":[{"@type":"CommentAction","name":"Comment","target":["https:\/\/acefootball.com\/da\/fodboldnyheder\/tidligere-fck-darling-mindes-vild-kamp-barca-moede-var-ligesom-en-vm-finale-for-os\/#respond"]}]},{"@type":"Person","@id":"","url":"https:\/\/acefootball.com\/da\/fodboldnyheder\/author\/"}]}},"fimg_url":"https:\/\/acefootball.com\/da\/wp-content\/uploads\/sites\/2\/2021\/02\/GettyImages-504201499.jpg","_links":{"self":[{"href":"https:\/\/acefootball.com\/da\/wp-json\/wp\/v2\/posts\/250892"}],"collection":[{"href":"https:\/\/acefootball.com\/da\/wp-json\/wp\/v2\/posts"}],"about":[{"href":"https:\/\/acefootball.com\/da\/wp-json\/wp\/v2\/types\/post"}],"author":[{"embeddable":true,"href":"https:\/\/acefootball.com\/da\/wp-json\/wp\/v2\/users\/914"}],"replies":[{"embeddable":true,"href":"https:\/\/acefootball.com\/da\/wp-json\/wp\/v2\/comments?post=250892"}],"version-history":[{"count":0,"href":"https:\/\/acefootball.com\/da\/wp-json\/wp\/v2\/posts\/250892\/revisions"}],"wp:featuredmedia":[{"embeddable":true,"href":"https:\/\/acefootball.com\/da\/wp-json\/wp\/v2\/media\/250894"}],"wp:attachment":[{"href":"https:\/\/acefootball.com\/da\/wp-json\/wp\/v2\/media?parent=250892"}],"wp:term":[{"taxonomy":"category","embeddable":true,"href":"https:\/\/acefootball.com\/da\/wp-json\/wp\/v2\/categories?post=250892"},{"taxonomy":"post_tag","embeddable":true,"href":"https:\/\/acefootball.com\/da\/wp-json\/wp\/v2\/tags?post=250892"}],"curies":[{"name":"wp","href":"https:\/\/api.w.org\/{rel}","templated":true}]}}