{"id":250867,"date":"2021-02-05T13:19:17","date_gmt":"2021-02-05T12:19:17","guid":{"rendered":"https:\/\/acefootball.com\/da\/?p=250867"},"modified":"2021-02-05T13:20:51","modified_gmt":"2021-02-05T12:20:51","slug":"twitter-raser-over-bizar-video-fra-real-madrids-traeningslokale-derfor-er-de-skadet","status":"publish","type":"post","link":"https:\/\/acefootball.com\/da\/fodboldnyheder\/twitter-raser-over-bizar-video-fra-real-madrids-traeningslokale-derfor-er-de-skadet\/","title":{"rendered":"Twitter raser over bizar video fra Real Madrids tr\u00e6ningslokale: Derfor er de skadet!"},"content":{"rendered":"<h2>En video fra Real Madrids tr\u00e6ningslokale florerer p\u00e5 Twitter, hvor flere brugere stiller sp\u00f8rgsm\u00e5lstegn ved storklubbens metoder<\/h2>\n<p>En lang r\u00e6kke Real Madrid-spillere har i denne s\u00e6son v\u00e6ret skade.<\/p>\n<p>Zinedine Zidane har givet det stramme kampprogram skylden, men er det virkelig derfor, at netop Real Madrid er ramt af s\u00e5 mange skader?<\/p>\n<p>Lige nu florerer der en video p\u00e5 Twitter, der viser spillere som Luka Modric og Karim Benzema i styrkelokalet, hvor de tr\u00e6ner benpres p\u00e5 en alternativ m\u00e5de.<\/p>\n<p><blockquote class=\"twitter-tweet\" data-width=\"550\" data-dnt=\"true\"><p lang=\"en\" dir=\"ltr\">Wonder why Real Madrid players are always injured so frequently? Well&#8230; <a href=\"https:\/\/t.co\/HvqVOmeBkp\">pic.twitter.com\/HvqVOmeBkp<\/a><\/p>&mdash; Xav Salazar (@XavsFutbol) <a href=\"https:\/\/twitter.com\/XavsFutbol\/status\/1357360736805285889?ref_src=twsrc%5Etfw\">February 4, 2021<\/a><\/blockquote><script async src=\"https:\/\/platform.twitter.com\/widgets.js\" charset=\"utf-8\"><\/script><\/p>\n<p>Det har f\u00e5et flere Twitter-brugere til tasterne, hvor de ikke sparer p\u00e5 de negative kommentarer:<\/p>\n\n\n<figure class=\"wp-block-image size-large\"><img loading=\"lazy\" width=\"548\" height=\"147\" src=\"https:\/\/acefootball.com\/da\/wp-content\/uploads\/sites\/2\/2021\/02\/image-24.png\" alt=\"\" class=\"wp-image-250883\" srcset=\"https:\/\/acefootball.com\/da\/wp-content\/uploads\/sites\/2\/2021\/02\/image-24.png 548w, https:\/\/acefootball.com\/da\/wp-content\/uploads\/sites\/2\/2021\/02\/image-24-300x80.png 300w\" sizes=\"(max-width: 548px) 100vw, 548px\" \/><\/figure>\n\n\n\n<figure class=\"wp-block-image size-large\"><img loading=\"lazy\" width=\"600\" height=\"135\" src=\"https:\/\/acefootball.com\/da\/wp-content\/uploads\/sites\/2\/2021\/02\/image-17.png\" alt=\"\" class=\"wp-image-250874\" srcset=\"https:\/\/acefootball.com\/da\/wp-content\/uploads\/sites\/2\/2021\/02\/image-17.png 600w, https:\/\/acefootball.com\/da\/wp-content\/uploads\/sites\/2\/2021\/02\/image-17-300x68.png 300w\" sizes=\"(max-width: 600px) 100vw, 600px\" \/><\/figure>\n\n\n\n<figure class=\"wp-block-image size-large\"><img loading=\"lazy\" width=\"547\" height=\"126\" src=\"https:\/\/acefootball.com\/da\/wp-content\/uploads\/sites\/2\/2021\/02\/image-23.png\" alt=\"\" class=\"wp-image-250882\" srcset=\"https:\/\/acefootball.com\/da\/wp-content\/uploads\/sites\/2\/2021\/02\/image-23.png 547w, https:\/\/acefootball.com\/da\/wp-content\/uploads\/sites\/2\/2021\/02\/image-23-300x69.png 300w\" sizes=\"(max-width: 547px) 100vw, 547px\" \/><\/figure>\n\n\n\n<p><\/p>\n\n\n\n<figure class=\"wp-block-image size-large\"><img loading=\"lazy\" width=\"600\" height=\"165\" src=\"https:\/\/acefootball.com\/da\/wp-content\/uploads\/sites\/2\/2021\/02\/image-21.png\" alt=\"\" class=\"wp-image-250879\" srcset=\"https:\/\/acefootball.com\/da\/wp-content\/uploads\/sites\/2\/2021\/02\/image-21.png 600w, https:\/\/acefootball.com\/da\/wp-content\/uploads\/sites\/2\/2021\/02\/image-21-300x83.png 300w\" sizes=\"(max-width: 600px) 100vw, 600px\" \/><\/figure>\n\n\n\n<figure class=\"wp-block-image size-large\"><img loading=\"lazy\" width=\"598\" height=\"502\" src=\"https:\/\/acefootball.com\/da\/wp-content\/uploads\/sites\/2\/2021\/02\/image-18.png\" alt=\"\" class=\"wp-image-250876\" srcset=\"https:\/\/acefootball.com\/da\/wp-content\/uploads\/sites\/2\/2021\/02\/image-18.png 598w, https:\/\/acefootball.com\/da\/wp-content\/uploads\/sites\/2\/2021\/02\/image-18-300x252.png 300w\" sizes=\"(max-width: 598px) 100vw, 598px\" \/><\/figure>\n\n\n\n<figure class=\"wp-block-image size-large\"><img loading=\"lazy\" width=\"598\" height=\"134\" src=\"https:\/\/acefootball.com\/da\/wp-content\/uploads\/sites\/2\/2021\/02\/image-22.png\" alt=\"\" class=\"wp-image-250880\" srcset=\"https:\/\/acefootball.com\/da\/wp-content\/uploads\/sites\/2\/2021\/02\/image-22.png 598w, https:\/\/acefootball.com\/da\/wp-content\/uploads\/sites\/2\/2021\/02\/image-22-300x67.png 300w\" sizes=\"(max-width: 598px) 100vw, 598px\" \/><\/figure>\n\n\n\n<figure class=\"wp-block-image size-large\"><img loading=\"lazy\" width=\"607\" height=\"428\" src=\"https:\/\/acefootball.com\/da\/wp-content\/uploads\/sites\/2\/2021\/02\/image-19.png\" alt=\"\" class=\"wp-image-250877\" srcset=\"https:\/\/acefootball.com\/da\/wp-content\/uploads\/sites\/2\/2021\/02\/image-19.png 607w, https:\/\/acefootball.com\/da\/wp-content\/uploads\/sites\/2\/2021\/02\/image-19-300x212.png 300w, https:\/\/acefootball.com\/da\/wp-content\/uploads\/sites\/2\/2021\/02\/image-19-100x70.png 100w\" sizes=\"(max-width: 607px) 100vw, 607px\" \/><\/figure>\n\n\n\n<figure class=\"wp-block-image size-large\"><img loading=\"lazy\" width=\"600\" height=\"597\" src=\"https:\/\/acefootball.com\/da\/wp-content\/uploads\/sites\/2\/2021\/02\/image-20.png\" alt=\"\" class=\"wp-image-250878\" srcset=\"https:\/\/acefootball.com\/da\/wp-content\/uploads\/sites\/2\/2021\/02\/image-20.png 600w, https:\/\/acefootball.com\/da\/wp-content\/uploads\/sites\/2\/2021\/02\/image-20-300x300.png 300w, https:\/\/acefootball.com\/da\/wp-content\/uploads\/sites\/2\/2021\/02\/image-20-150x150.png 150w\" sizes=\"(max-width: 600px) 100vw, 600px\" \/><\/figure>\n\n\n\n<p><\/p>\n","protected":false},"excerpt":{"rendered":"<p>En video fra Real Madrids tr\u00e6ningslokale florerer p\u00e5 Twitter, hvor flere brugere stiller sp\u00f8rgsm\u00e5lstegn ved storklubbens metoder<\/p>\n","protected":false},"author":43,"featured_media":250873,"comment_status":"open","ping_status":"closed","sticky":false,"template":"","format":"standard","meta":{"om_disable_all_campaigns":false,"push_articles_ronaldo":{"active":false,"canonical":0,"publish":false},"force_updates":null},"categories":[2470],"tags":[303,85],"enet_tags":{"league":["87"],"team":["8633"],"sport_events":[]},"yoast_head":"<!-- This site is optimized with the Yoast SEO plugin v18.3 - https:\/\/yoast.com\/wordpress\/plugins\/seo\/ -->\n<title>Twitter raser over bizar video fra Real Madrids tr\u00e6ningslokale: Derfor er de skadet!<\/title>\n<meta name=\"description\" content=\"En video fra Real Madrids tr\u00e6ningslokale florerer p\u00e5 Twitter, hvor flere brugere stiller sp\u00f8rgsm\u00e5lstegn ved storklubbens metoder\" \/>\n<meta name=\"robots\" content=\"index, follow, max-snippet:-1, max-image-preview:large, max-video-preview:-1\" \/>\n<link rel=\"canonical\" href=\"https:\/\/acefootball.com\/da\/fodboldnyheder\/twitter-raser-over-bizar-video-fra-real-madrids-traeningslokale-derfor-er-de-skadet\/\" \/>\n<meta property=\"og:locale\" content=\"en_US\" \/>\n<meta property=\"og:type\" content=\"article\" \/>\n<meta property=\"og:title\" content=\"Twitter raser over bizar video fra Real Madrids tr\u00e6ningslokale: Derfor er de skadet!\" \/>\n<meta property=\"og:description\" content=\"En video fra Real Madrids tr\u00e6ningslokale florerer p\u00e5 Twitter, hvor flere brugere stiller sp\u00f8rgsm\u00e5lstegn ved storklubbens metoder\" \/>\n<meta property=\"og:url\" content=\"https:\/\/acefootball.com\/da\/fodboldnyheder\/twitter-raser-over-bizar-video-fra-real-madrids-traeningslokale-derfor-er-de-skadet\/\" \/>\n<meta property=\"og:site_name\" content=\"Ace Football Danmark\" \/>\n<meta property=\"article:publisher\" content=\"https:\/\/www.facebook.com\/acefootballdk\" \/>\n<meta property=\"article:published_time\" content=\"2021-02-05T12:19:17+00:00\" \/>\n<meta property=\"article:modified_time\" content=\"2021-02-05T12:20:51+00:00\" \/>\n<meta property=\"og:image\" content=\"https:\/\/acefootball.com\/da\/wp-content\/uploads\/sites\/2\/2021\/02\/Video-generel-11.jpg\" \/>\n\t<meta property=\"og:image:width\" content=\"1920\" \/>\n\t<meta property=\"og:image:height\" content=\"1008\" \/>\n\t<meta property=\"og:image:type\" content=\"image\/jpeg\" \/>\n<meta name=\"twitter:card\" content=\"summary_large_image\" \/>\n<meta name=\"twitter:label1\" content=\"Written by\" \/>\n\t<meta name=\"twitter:data1\" content=\"Mikki M\u00f8ller-Iversen\" \/>\n\t<meta name=\"twitter:label2\" content=\"Est. reading time\" \/>\n\t<meta name=\"twitter:data2\" content=\"3 minutes\" \/>\n<script type=\"application\/ld+json\" class=\"yoast-schema-graph\">{\"@context\":\"https:\/\/schema.org\",\"@graph\":[{\"@type\":\"Organization\",\"@id\":\"https:\/\/acefootball.com\/da\/#organization\",\"name\":\"Ace Football\",\"url\":\"https:\/\/acefootball.com\/da\/\",\"sameAs\":[\"https:\/\/www.facebook.com\/acefootballdk\"],\"logo\":{\"@type\":\"ImageObject\",\"@id\":\"https:\/\/acefootball.com\/da\/#logo\",\"inLanguage\":\"en-US\",\"url\":\"https:\/\/acefootball.com\/da\/wp-content\/uploads\/sites\/2\/2020\/07\/Ace-Football-30-07-2020-2.png\",\"contentUrl\":\"https:\/\/acefootball.com\/da\/wp-content\/uploads\/sites\/2\/2020\/07\/Ace-Football-30-07-2020-2.png\",\"width\":1200,\"height\":600,\"caption\":\"Ace Football\"},\"image\":{\"@id\":\"https:\/\/acefootball.com\/da\/#logo\"}},{\"@type\":\"WebSite\",\"@id\":\"https:\/\/acefootball.com\/da\/#website\",\"url\":\"https:\/\/acefootball.com\/da\/\",\"name\":\"Ace Football Danmark\",\"description\":\"Nyheder, Spiltips &amp; Livescore\",\"publisher\":{\"@id\":\"https:\/\/acefootball.com\/da\/#organization\"},\"potentialAction\":[{\"@type\":\"SearchAction\",\"target\":{\"@type\":\"EntryPoint\",\"urlTemplate\":\"https:\/\/acefootball.com\/da\/?s={search_term_string}\"},\"query-input\":\"required name=search_term_string\"}],\"inLanguage\":\"en-US\"},{\"@type\":\"ImageObject\",\"@id\":\"https:\/\/acefootball.com\/da\/fodboldnyheder\/twitter-raser-over-bizar-video-fra-real-madrids-traeningslokale-derfor-er-de-skadet\/#primaryimage\",\"inLanguage\":\"en-US\",\"url\":\"https:\/\/acefootball.com\/da\/wp-content\/uploads\/sites\/2\/2021\/02\/Video-generel-11.jpg\",\"contentUrl\":\"https:\/\/acefootball.com\/da\/wp-content\/uploads\/sites\/2\/2021\/02\/Video-generel-11.jpg\",\"width\":1920,\"height\":1008},{\"@type\":\"WebPage\",\"@id\":\"https:\/\/acefootball.com\/da\/fodboldnyheder\/twitter-raser-over-bizar-video-fra-real-madrids-traeningslokale-derfor-er-de-skadet\/#webpage\",\"url\":\"https:\/\/acefootball.com\/da\/fodboldnyheder\/twitter-raser-over-bizar-video-fra-real-madrids-traeningslokale-derfor-er-de-skadet\/\",\"name\":\"Twitter raser over bizar video fra Real Madrids tr\u00e6ningslokale: Derfor er de skadet!\",\"isPartOf\":{\"@id\":\"https:\/\/acefootball.com\/da\/#website\"},\"primaryImageOfPage\":{\"@id\":\"https:\/\/acefootball.com\/da\/fodboldnyheder\/twitter-raser-over-bizar-video-fra-real-madrids-traeningslokale-derfor-er-de-skadet\/#primaryimage\"},\"datePublished\":\"2021-02-05T12:19:17+00:00\",\"dateModified\":\"2021-02-05T12:20:51+00:00\",\"description\":\"En video fra Real Madrids tr\u00e6ningslokale florerer p\u00e5 Twitter, hvor flere brugere stiller sp\u00f8rgsm\u00e5lstegn ved storklubbens metoder\",\"breadcrumb\":{\"@id\":\"https:\/\/acefootball.com\/da\/fodboldnyheder\/twitter-raser-over-bizar-video-fra-real-madrids-traeningslokale-derfor-er-de-skadet\/#breadcrumb\"},\"inLanguage\":\"en-US\",\"potentialAction\":[{\"@type\":\"ReadAction\",\"target\":[\"https:\/\/acefootball.com\/da\/fodboldnyheder\/twitter-raser-over-bizar-video-fra-real-madrids-traeningslokale-derfor-er-de-skadet\/\"]}]},{\"@type\":\"BreadcrumbList\",\"@id\":\"https:\/\/acefootball.com\/da\/fodboldnyheder\/twitter-raser-over-bizar-video-fra-real-madrids-traeningslokale-derfor-er-de-skadet\/#breadcrumb\",\"itemListElement\":[{\"@type\":\"ListItem\",\"position\":1,\"name\":\"Home\",\"item\":\"https:\/\/acefootball.com\/da\/\"},{\"@type\":\"ListItem\",\"position\":2,\"name\":\"Twitter raser over bizar video fra Real Madrids tr\u00e6ningslokale: Derfor er de skadet!\"}]},{\"@type\":\"Article\",\"@id\":\"https:\/\/acefootball.com\/da\/fodboldnyheder\/twitter-raser-over-bizar-video-fra-real-madrids-traeningslokale-derfor-er-de-skadet\/#article\",\"isPartOf\":{\"@id\":\"https:\/\/acefootball.com\/da\/fodboldnyheder\/twitter-raser-over-bizar-video-fra-real-madrids-traeningslokale-derfor-er-de-skadet\/#webpage\"},\"author\":{\"@id\":\"https:\/\/acefootball.com\/da\/#\/schema\/person\/017c0abe4a8e92938220bf6c097dda93\"},\"headline\":\"Twitter raser over bizar video fra Real Madrids tr\u00e6ningslokale: Derfor er de skadet!\",\"datePublished\":\"2021-02-05T12:19:17+00:00\",\"dateModified\":\"2021-02-05T12:20:51+00:00\",\"mainEntityOfPage\":{\"@id\":\"https:\/\/acefootball.com\/da\/fodboldnyheder\/twitter-raser-over-bizar-video-fra-real-madrids-traeningslokale-derfor-er-de-skadet\/#webpage\"},\"wordCount\":121,\"commentCount\":0,\"publisher\":{\"@id\":\"https:\/\/acefootball.com\/da\/#organization\"},\"image\":{\"@id\":\"https:\/\/acefootball.com\/da\/fodboldnyheder\/twitter-raser-over-bizar-video-fra-real-madrids-traeningslokale-derfor-er-de-skadet\/#primaryimage\"},\"thumbnailUrl\":\"https:\/\/acefootball.com\/da\/wp-content\/uploads\/sites\/2\/2021\/02\/Design-uden-navn-2019-09-25T124135.259.png\",\"keywords\":[\"La Liga\",\"Real Madrid\"],\"articleSection\":[\"Offsite\"],\"inLanguage\":\"en-US\",\"potentialAction\":[{\"@type\":\"CommentAction\",\"name\":\"Comment\",\"target\":[\"https:\/\/acefootball.com\/da\/fodboldnyheder\/twitter-raser-over-bizar-video-fra-real-madrids-traeningslokale-derfor-er-de-skadet\/#respond\"]}]},{\"@type\":\"Person\",\"@id\":\"https:\/\/acefootball.com\/da\/#\/schema\/person\/017c0abe4a8e92938220bf6c097dda93\",\"name\":\"Mikki M\u00f8ller-Iversen\",\"image\":{\"@type\":\"ImageObject\",\"@id\":\"https:\/\/acefootball.com\/da\/#personlogo\",\"inLanguage\":\"en-US\",\"url\":\"https:\/\/secure.gravatar.com\/avatar\/e05b419e8b5ae5fcf516800181b96aa2?s=96&d=mm&r=g\",\"contentUrl\":\"https:\/\/secure.gravatar.com\/avatar\/e05b419e8b5ae5fcf516800181b96aa2?s=96&d=mm&r=g\",\"caption\":\"Mikki M\u00f8ller-Iversen\"},\"description\":\"Social Media Manager and writer at Ace Football. Main focus on Danish football and special stories.\",\"sameAs\":[\"https:\/\/www.linkedin.com\/in\/mikki-mller-iversen-26a3a689\/\"],\"url\":\"https:\/\/acefootball.com\/da\/fodboldnyheder\/author\/mmironaldo\/\"}]}<\/script>\n<!-- \/ Yoast SEO plugin. -->","yoast_head_json":{"title":"Twitter raser over bizar video fra Real Madrids tr\u00e6ningslokale: Derfor er de skadet!","description":"En video fra Real Madrids tr\u00e6ningslokale florerer p\u00e5 Twitter, hvor flere brugere stiller sp\u00f8rgsm\u00e5lstegn ved storklubbens metoder","robots":{"index":"index","follow":"follow","max-snippet":"max-snippet:-1","max-image-preview":"max-image-preview:large","max-video-preview":"max-video-preview:-1"},"canonical":"https:\/\/acefootball.com\/da\/fodboldnyheder\/twitter-raser-over-bizar-video-fra-real-madrids-traeningslokale-derfor-er-de-skadet\/","og_locale":"en_US","og_type":"article","og_title":"Twitter raser over bizar video fra Real Madrids tr\u00e6ningslokale: Derfor er de skadet!","og_description":"En video fra Real Madrids tr\u00e6ningslokale florerer p\u00e5 Twitter, hvor flere brugere stiller sp\u00f8rgsm\u00e5lstegn ved storklubbens metoder","og_url":"https:\/\/acefootball.com\/da\/fodboldnyheder\/twitter-raser-over-bizar-video-fra-real-madrids-traeningslokale-derfor-er-de-skadet\/","og_site_name":"Ace Football Danmark","article_publisher":"https:\/\/www.facebook.com\/acefootballdk","article_published_time":"2021-02-05T12:19:17+00:00","article_modified_time":"2021-02-05T12:20:51+00:00","og_image":[{"width":1920,"height":1008,"url":"https:\/\/acefootball.com\/da\/wp-content\/uploads\/sites\/2\/2021\/02\/Video-generel-11.jpg","type":"image\/jpeg"}],"twitter_card":"summary_large_image","twitter_misc":{"Written by":"Mikki M\u00f8ller-Iversen","Est. reading time":"3 minutes"},"schema":{"@context":"https:\/\/schema.org","@graph":[{"@type":"Organization","@id":"https:\/\/acefootball.com\/da\/#organization","name":"Ace Football","url":"https:\/\/acefootball.com\/da\/","sameAs":["https:\/\/www.facebook.com\/acefootballdk"],"logo":{"@type":"ImageObject","@id":"https:\/\/acefootball.com\/da\/#logo","inLanguage":"en-US","url":"https:\/\/acefootball.com\/da\/wp-content\/uploads\/sites\/2\/2020\/07\/Ace-Football-30-07-2020-2.png","contentUrl":"https:\/\/acefootball.com\/da\/wp-content\/uploads\/sites\/2\/2020\/07\/Ace-Football-30-07-2020-2.png","width":1200,"height":600,"caption":"Ace Football"},"image":{"@id":"https:\/\/acefootball.com\/da\/#logo"}},{"@type":"WebSite","@id":"https:\/\/acefootball.com\/da\/#website","url":"https:\/\/acefootball.com\/da\/","name":"Ace Football Danmark","description":"Nyheder, Spiltips &amp; Livescore","publisher":{"@id":"https:\/\/acefootball.com\/da\/#organization"},"potentialAction":[{"@type":"SearchAction","target":{"@type":"EntryPoint","urlTemplate":"https:\/\/acefootball.com\/da\/?s={search_term_string}"},"query-input":"required name=search_term_string"}],"inLanguage":"en-US"},{"@type":"ImageObject","@id":"https:\/\/acefootball.com\/da\/fodboldnyheder\/twitter-raser-over-bizar-video-fra-real-madrids-traeningslokale-derfor-er-de-skadet\/#primaryimage","inLanguage":"en-US","url":"https:\/\/acefootball.com\/da\/wp-content\/uploads\/sites\/2\/2021\/02\/Video-generel-11.jpg","contentUrl":"https:\/\/acefootball.com\/da\/wp-content\/uploads\/sites\/2\/2021\/02\/Video-generel-11.jpg","width":1920,"height":1008},{"@type":"WebPage","@id":"https:\/\/acefootball.com\/da\/fodboldnyheder\/twitter-raser-over-bizar-video-fra-real-madrids-traeningslokale-derfor-er-de-skadet\/#webpage","url":"https:\/\/acefootball.com\/da\/fodboldnyheder\/twitter-raser-over-bizar-video-fra-real-madrids-traeningslokale-derfor-er-de-skadet\/","name":"Twitter raser over bizar video fra Real Madrids tr\u00e6ningslokale: Derfor er de skadet!","isPartOf":{"@id":"https:\/\/acefootball.com\/da\/#website"},"primaryImageOfPage":{"@id":"https:\/\/acefootball.com\/da\/fodboldnyheder\/twitter-raser-over-bizar-video-fra-real-madrids-traeningslokale-derfor-er-de-skadet\/#primaryimage"},"datePublished":"2021-02-05T12:19:17+00:00","dateModified":"2021-02-05T12:20:51+00:00","description":"En video fra Real Madrids tr\u00e6ningslokale florerer p\u00e5 Twitter, hvor flere brugere stiller sp\u00f8rgsm\u00e5lstegn ved storklubbens metoder","breadcrumb":{"@id":"https:\/\/acefootball.com\/da\/fodboldnyheder\/twitter-raser-over-bizar-video-fra-real-madrids-traeningslokale-derfor-er-de-skadet\/#breadcrumb"},"inLanguage":"en-US","potentialAction":[{"@type":"ReadAction","target":["https:\/\/acefootball.com\/da\/fodboldnyheder\/twitter-raser-over-bizar-video-fra-real-madrids-traeningslokale-derfor-er-de-skadet\/"]}]},{"@type":"BreadcrumbList","@id":"https:\/\/acefootball.com\/da\/fodboldnyheder\/twitter-raser-over-bizar-video-fra-real-madrids-traeningslokale-derfor-er-de-skadet\/#breadcrumb","itemListElement":[{"@type":"ListItem","position":1,"name":"Home","item":"https:\/\/acefootball.com\/da\/"},{"@type":"ListItem","position":2,"name":"Twitter raser over bizar video fra Real Madrids tr\u00e6ningslokale: Derfor er de skadet!"}]},{"@type":"Article","@id":"https:\/\/acefootball.com\/da\/fodboldnyheder\/twitter-raser-over-bizar-video-fra-real-madrids-traeningslokale-derfor-er-de-skadet\/#article","isPartOf":{"@id":"https:\/\/acefootball.com\/da\/fodboldnyheder\/twitter-raser-over-bizar-video-fra-real-madrids-traeningslokale-derfor-er-de-skadet\/#webpage"},"author":{"@id":"https:\/\/acefootball.com\/da\/#\/schema\/person\/017c0abe4a8e92938220bf6c097dda93"},"headline":"Twitter raser over bizar video fra Real Madrids tr\u00e6ningslokale: Derfor er de skadet!","datePublished":"2021-02-05T12:19:17+00:00","dateModified":"2021-02-05T12:20:51+00:00","mainEntityOfPage":{"@id":"https:\/\/acefootball.com\/da\/fodboldnyheder\/twitter-raser-over-bizar-video-fra-real-madrids-traeningslokale-derfor-er-de-skadet\/#webpage"},"wordCount":121,"commentCount":0,"publisher":{"@id":"https:\/\/acefootball.com\/da\/#organization"},"image":{"@id":"https:\/\/acefootball.com\/da\/fodboldnyheder\/twitter-raser-over-bizar-video-fra-real-madrids-traeningslokale-derfor-er-de-skadet\/#primaryimage"},"thumbnailUrl":"https:\/\/acefootball.com\/da\/wp-content\/uploads\/sites\/2\/2021\/02\/Design-uden-navn-2019-09-25T124135.259.png","keywords":["La Liga","Real Madrid"],"articleSection":["Offsite"],"inLanguage":"en-US","potentialAction":[{"@type":"CommentAction","name":"Comment","target":["https:\/\/acefootball.com\/da\/fodboldnyheder\/twitter-raser-over-bizar-video-fra-real-madrids-traeningslokale-derfor-er-de-skadet\/#respond"]}]},{"@type":"Person","@id":"https:\/\/acefootball.com\/da\/#\/schema\/person\/017c0abe4a8e92938220bf6c097dda93","name":"Mikki M\u00f8ller-Iversen","image":{"@type":"ImageObject","@id":"https:\/\/acefootball.com\/da\/#personlogo","inLanguage":"en-US","url":"https:\/\/secure.gravatar.com\/avatar\/e05b419e8b5ae5fcf516800181b96aa2?s=96&d=mm&r=g","contentUrl":"https:\/\/secure.gravatar.com\/avatar\/e05b419e8b5ae5fcf516800181b96aa2?s=96&d=mm&r=g","caption":"Mikki M\u00f8ller-Iversen"},"description":"Social Media Manager and writer at Ace Football. Main focus on Danish football and special stories.","sameAs":["https:\/\/www.linkedin.com\/in\/mikki-mller-iversen-26a3a689\/"],"url":"https:\/\/acefootball.com\/da\/fodboldnyheder\/author\/mmironaldo\/"}]}},"fimg_url":"https:\/\/acefootball.com\/da\/wp-content\/uploads\/sites\/2\/2021\/02\/Design-uden-navn-2019-09-25T124135.259.png","_links":{"self":[{"href":"https:\/\/acefootball.com\/da\/wp-json\/wp\/v2\/posts\/250867"}],"collection":[{"href":"https:\/\/acefootball.com\/da\/wp-json\/wp\/v2\/posts"}],"about":[{"href":"https:\/\/acefootball.com\/da\/wp-json\/wp\/v2\/types\/post"}],"author":[{"embeddable":true,"href":"https:\/\/acefootball.com\/da\/wp-json\/wp\/v2\/users\/43"}],"replies":[{"embeddable":true,"href":"https:\/\/acefootball.com\/da\/wp-json\/wp\/v2\/comments?post=250867"}],"version-history":[{"count":0,"href":"https:\/\/acefootball.com\/da\/wp-json\/wp\/v2\/posts\/250867\/revisions"}],"wp:featuredmedia":[{"embeddable":true,"href":"https:\/\/acefootball.com\/da\/wp-json\/wp\/v2\/media\/250873"}],"wp:attachment":[{"href":"https:\/\/acefootball.com\/da\/wp-json\/wp\/v2\/media?parent=250867"}],"wp:term":[{"taxonomy":"category","embeddable":true,"href":"https:\/\/acefootball.com\/da\/wp-json\/wp\/v2\/categories?post=250867"},{"taxonomy":"post_tag","embeddable":true,"href":"https:\/\/acefootball.com\/da\/wp-json\/wp\/v2\/tags?post=250867"}],"curies":[{"name":"wp","href":"https:\/\/api.w.org\/{rel}","templated":true}]}}