{"id":250822,"date":"2021-02-05T10:28:00","date_gmt":"2021-02-05T09:28:00","guid":{"rendered":"https:\/\/acefootball.com\/da\/?p=250822"},"modified":"2021-02-05T10:34:36","modified_gmt":"2021-02-05T09:34:36","slug":"klasse-agf-keeper-hyldes-for-koeligt-svar-til-kritiske-fans","status":"publish","type":"post","link":"https:\/\/acefootball.com\/da\/fodboldnyheder\/klasse-agf-keeper-hyldes-for-koeligt-svar-til-kritiske-fans\/","title":{"rendered":"Klasse: AGF-keeper hyldes for k\u00f8ligt svar til kritiske fans"},"content":{"rendered":"\n<h2 id=\"h-agf-m-lmanden-kamil-grabara-giver-ikke-meget-for-kritikken-af-agf-efter-det-uafgjorte-resultat-i-vejle-og-er-nu-g-et-til-tasterne-p-twitter\">AGF-m\u00e5lmanden Kamil Grabara giver ikke meget for kritikken af AGF efter det uafgjorte resultat i Vejle og er nu g\u00e5et til tasterne p\u00e5 Twitter<\/h2>\n\n\n\n<div class=\"wp-block-si-widget wp-block-si-widget--center\"><si-lb-widget widget-id=\"MatchInfo\" width=\"440\" data-nopadding=\"true\" data-card=\"true\" data-event-id=\"3389155\" data-theme-appearance=\"dark\"><\/si-lb-widget><\/div>\n\n\n\n<p>AGF \u00e5bnede for\u00e5ret ud med en null\u00f8sning i N\u00f8rreskoven i en fodboldkamp, der nok ikke vil g\u00e5 over i fodboldhistorien.<\/p>\n\n\n\n<p>De Hviie har fem point op til duksene fra Br\u00f8ndby, ligesom at man har seks point ned AaB akkurat udenfor top seks. Den nuv\u00e6rende stilling er bekymrende l\u00e6sning for flere AGF-fans, der har v\u00e6ret vant til en del skuffelser den senere \u00e5rr\u00e6kke, men den negative holdning vil AGF-keeperen Kamil Grabara ikke h\u00f8re p\u00e5.<\/p>\n\n\n\n<figure class=\"wp-block-embed is-type-rich is-provider-twitter wp-block-embed-twitter\"><div class=\"wp-block-embed__wrapper\">\n<blockquote class=\"twitter-tweet\" data-width=\"550\" data-dnt=\"true\"><p lang=\"da\" dir=\"ltr\">Br\u00f8ndby stikker af. FCK kommer stormende og AGFs nederlag g\u00f8r ekstra ondt da b\u00e5de Randers og S\u00f8nderjyske ser ud til at v\u00e6re bedre end os. Men dr\u00f8mmen om top 6 er i live endnu. <a href=\"https:\/\/twitter.com\/hashtag\/ultratwitteragf?src=hash&amp;ref_src=twsrc%5Etfw\">#ultratwitteragf<\/a> <a href=\"https:\/\/twitter.com\/hashtag\/sldk?src=hash&amp;ref_src=twsrc%5Etfw\">#sldk<\/a> <a href=\"https:\/\/t.co\/LTMnp6xIxI\">pic.twitter.com\/LTMnp6xIxI<\/a><\/p>&mdash; Frej Elb\u00e6k Schjeldal (@FrejElbaek) <a href=\"https:\/\/twitter.com\/FrejElbaek\/status\/1357411523728179206?ref_src=twsrc%5Etfw\">February 4, 2021<\/a><\/blockquote><script async src=\"https:\/\/platform.twitter.com\/widgets.js\" charset=\"utf-8\"><\/script>\n<\/div><\/figure>\n\n\n\n<p>Opslaget og kritikken har f\u00e5et den polske m\u00e5lmand til tasterne, hvor han kalder folk for pessimistiske, og p\u00e5peger at det er for tidligt p\u00e5 s\u00e6sonen at afgive nogen form for dom:<\/p>\n\n\n\n<figure class=\"wp-block-embed is-type-rich is-provider-twitter wp-block-embed-twitter\"><div class=\"wp-block-embed__wrapper\">\n<blockquote class=\"twitter-tweet\" data-width=\"550\" data-dnt=\"true\"><p lang=\"en\" dir=\"ltr\">Come on man, you\u2019re so pessimistic, there is basically 11pts different between 7th and 1st place. Defo not a moment when you can judge how it\u2019s going to be after 20 more games\ud83e\udd2f<\/p>&mdash; Kamil Grabara (@Kamil_Grabara1) <a href=\"https:\/\/twitter.com\/Kamil_Grabara1\/status\/1357431251255320578?ref_src=twsrc%5Etfw\">February 4, 2021<\/a><\/blockquote><script async src=\"https:\/\/platform.twitter.com\/widgets.js\" charset=\"utf-8\"><\/script>\n<\/div><\/figure>\n\n\n\n<p>Grabaras bidrag til diskussionen p\u00e5 Twitter blev taget godt imod, hvor AGFs kommunikationschef S\u00f8ren Carlsen ogs\u00e5 fik sendt en lille sjov kommentar afsted: <\/p>\n\n\n\n<figure class=\"wp-block-embed is-type-rich is-provider-twitter wp-block-embed-twitter\"><div class=\"wp-block-embed__wrapper\">\n<blockquote class=\"twitter-tweet\" data-width=\"550\" data-dnt=\"true\"><p lang=\"da\" dir=\"ltr\">Pas p\u00e5 Frej vi ikke sender flere efter dig \ud83d\ude00\ud83d\ude00<\/p>&mdash; S\u00f8ren H\u00f8jlund Carlsen (@shc2012) <a href=\"https:\/\/twitter.com\/shc2012\/status\/1357438872662249473?ref_src=twsrc%5Etfw\">February 4, 2021<\/a><\/blockquote><script async src=\"https:\/\/platform.twitter.com\/widgets.js\" charset=\"utf-8\"><\/script>\n<\/div><\/figure>\n\n\n\n<figure class=\"wp-block-embed is-type-rich is-provider-twitter wp-block-embed-twitter\"><div class=\"wp-block-embed__wrapper\">\n<blockquote class=\"twitter-tweet\" data-width=\"550\" data-dnt=\"true\"><p lang=\"en\" dir=\"ltr\">Ignore those fans, Kamil! We know you guys can challenge for the title, you just have to believe it yourself! KSDH \ud83d\udcaa\u26aa\ufe0f\ud83d\udd35<\/p>&mdash; Chris \ud83c\udde9\ud83c\uddf0 (@COYG2317) <a href=\"https:\/\/twitter.com\/COYG2317\/status\/1357453818137612304?ref_src=twsrc%5Etfw\">February 4, 2021<\/a><\/blockquote><script async src=\"https:\/\/platform.twitter.com\/widgets.js\" charset=\"utf-8\"><\/script>\n<\/div><\/figure>\n\n\n\n<figure class=\"wp-block-embed is-type-rich is-provider-twitter wp-block-embed-twitter\"><div class=\"wp-block-embed__wrapper\">\n<blockquote class=\"twitter-tweet\" data-width=\"550\" data-dnt=\"true\"><p lang=\"tl\" dir=\"ltr\">Hahahahahahahaha lovely<\/p>&mdash; Axel Moen (@axelmoeen) <a href=\"https:\/\/twitter.com\/axelmoeen\/status\/1357434205358153732?ref_src=twsrc%5Etfw\">February 4, 2021<\/a><\/blockquote><script async src=\"https:\/\/platform.twitter.com\/widgets.js\" charset=\"utf-8\"><\/script>\n<\/div><\/figure>\n\n\n\n<figure class=\"wp-block-embed is-type-rich is-provider-twitter wp-block-embed-twitter\"><div class=\"wp-block-embed__wrapper\">\n<blockquote class=\"twitter-tweet\" data-width=\"550\" data-dnt=\"true\"><p lang=\"en\" dir=\"ltr\">Well said Kamil!<\/p>&mdash; Jacob Dideriksen (@JacobDiNielsen) <a href=\"https:\/\/twitter.com\/JacobDiNielsen\/status\/1357462297342525440?ref_src=twsrc%5Etfw\">February 4, 2021<\/a><\/blockquote><script async src=\"https:\/\/platform.twitter.com\/widgets.js\" charset=\"utf-8\"><\/script>\n<\/div><\/figure>\n\n\n\n<figure class=\"wp-block-embed is-type-rich is-provider-twitter wp-block-embed-twitter\"><div class=\"wp-block-embed__wrapper\">\n<blockquote class=\"twitter-tweet\" data-width=\"550\" data-dnt=\"true\"><p lang=\"und\" dir=\"ltr\">\ud83d\ude02\ud83d\ude02\ud83d\ude02\ud83e\udd7a<\/p>&mdash; Simon S\u00f8rensen (@Bifsimon) <a href=\"https:\/\/twitter.com\/Bifsimon\/status\/1357434332458192901?ref_src=twsrc%5Etfw\">February 4, 2021<\/a><\/blockquote><script async src=\"https:\/\/platform.twitter.com\/widgets.js\" charset=\"utf-8\"><\/script>\n<\/div><\/figure>\n\n\n\n<figure class=\"wp-block-embed is-type-rich is-provider-twitter wp-block-embed-twitter\"><div class=\"wp-block-embed__wrapper\">\n<blockquote class=\"twitter-tweet\" data-width=\"550\" data-dnt=\"true\"><p lang=\"en\" dir=\"ltr\">You tell him Kamil \ud83d\udcaa\ud83d\udcaa<\/p>&mdash; Christian H\u00f8jgaard (@Carolinesfar) <a href=\"https:\/\/twitter.com\/Carolinesfar\/status\/1357569890098552832?ref_src=twsrc%5Etfw\">February 5, 2021<\/a><\/blockquote><script async src=\"https:\/\/platform.twitter.com\/widgets.js\" charset=\"utf-8\"><\/script>\n<\/div><\/figure>\n\n\n\n<figure class=\"wp-block-embed is-type-rich is-provider-twitter wp-block-embed-twitter\"><div class=\"wp-block-embed__wrapper\">\n<blockquote class=\"twitter-tweet\" data-width=\"550\" data-dnt=\"true\"><p lang=\"en\" dir=\"ltr\">What <a href=\"https:\/\/twitter.com\/Kamil_Grabara1?ref_src=twsrc%5Etfw\">@Kamil_Grabara1<\/a> said! \ud83d\ude00<\/p>&mdash; Asger Hess-Olesen (@asgerolesen) <a href=\"https:\/\/twitter.com\/asgerolesen\/status\/1357438373720375297?ref_src=twsrc%5Etfw\">February 4, 2021<\/a><\/blockquote><script async src=\"https:\/\/platform.twitter.com\/widgets.js\" charset=\"utf-8\"><\/script>\n<\/div><\/figure>\n\n\n\n<figure class=\"wp-block-embed is-type-rich is-provider-twitter wp-block-embed-twitter\"><div class=\"wp-block-embed__wrapper\">\n<blockquote class=\"twitter-tweet\" data-width=\"550\" data-dnt=\"true\"><p lang=\"en\" dir=\"ltr\">This is our keeper. There are not many like him, and this one is ours. \ud83e\udd0d\ud83d\udc99<a href=\"https:\/\/twitter.com\/hashtag\/sldk?src=hash&amp;ref_src=twsrc%5Etfw\">#sldk<\/a> <a href=\"https:\/\/twitter.com\/hashtag\/ultratwitteragf?src=hash&amp;ref_src=twsrc%5Etfw\">#ultratwitteragf<\/a> <a href=\"https:\/\/t.co\/PparqOtZ11\">https:\/\/t.co\/PparqOtZ11<\/a><\/p>&mdash; Sune Hansen (@SuneHansen84) <a href=\"https:\/\/twitter.com\/SuneHansen84\/status\/1357437884131913733?ref_src=twsrc%5Etfw\">February 4, 2021<\/a><\/blockquote><script async src=\"https:\/\/platform.twitter.com\/widgets.js\" charset=\"utf-8\"><\/script>\n<\/div><\/figure>\n\n\n\n<figure class=\"wp-block-embed is-type-rich is-provider-twitter wp-block-embed-twitter\"><div class=\"wp-block-embed__wrapper\">\n<blockquote class=\"twitter-tweet\" data-width=\"550\" data-dnt=\"true\"><p lang=\"da\" dir=\"ltr\">Giv den mand en livskontrakt i Aarhus!\u2764\ufe0f <a href=\"https:\/\/twitter.com\/hashtag\/ultratwitteragf?src=hash&amp;ref_src=twsrc%5Etfw\">#ultratwitteragf<\/a> <a href=\"https:\/\/t.co\/YB7DcrfgPq\">https:\/\/t.co\/YB7DcrfgPq<\/a><\/p>&mdash; Andreas Bostrup (@andreasbostrup) <a href=\"https:\/\/twitter.com\/andreasbostrup\/status\/1357570645861793792?ref_src=twsrc%5Etfw\">February 5, 2021<\/a><\/blockquote><script async src=\"https:\/\/platform.twitter.com\/widgets.js\" charset=\"utf-8\"><\/script>\n<\/div><\/figure>\n\n\n\n<figure class=\"wp-block-embed is-type-rich is-provider-twitter wp-block-embed-twitter\"><div class=\"wp-block-embed__wrapper\">\n<blockquote class=\"twitter-tweet\" data-width=\"550\" data-dnt=\"true\"><p lang=\"en\" dir=\"ltr\">Thats the spirit I am just and old man, with to many bad memories. I honestly think that few people want my club to succeed more then I do. Yet 25 years of almost nothing but pain until last season, have learnt me not to aim to high. I needed this kick \ud83d\udc47<a href=\"https:\/\/t.co\/sXnyAeve6W\">https:\/\/t.co\/sXnyAeve6W<\/a><\/p>&mdash; Frej Elb\u00e6k Schjeldal (@FrejElbaek) <a href=\"https:\/\/twitter.com\/FrejElbaek\/status\/1357435761327558658?ref_src=twsrc%5Etfw\">February 4, 2021<\/a><\/blockquote><script async src=\"https:\/\/platform.twitter.com\/widgets.js\" charset=\"utf-8\"><\/script>\n<\/div><\/figure>\n\n\n\n<figure class=\"wp-block-embed is-type-rich is-provider-twitter wp-block-embed-twitter\"><div class=\"wp-block-embed__wrapper\">\n<blockquote class=\"twitter-tweet\" data-width=\"550\" data-dnt=\"true\"><p lang=\"en\" dir=\"ltr\">Four more years!!! \ud83e\udd0d\ud83d\udc99 <a href=\"https:\/\/twitter.com\/hashtag\/ultratwitteragf?src=hash&amp;ref_src=twsrc%5Etfw\">#ultratwitteragf<\/a> <a href=\"https:\/\/t.co\/x6yb7RIN44\">https:\/\/t.co\/x6yb7RIN44<\/a><\/p>&mdash; Nicolaj Kirkegaard (@nicolajbk) <a href=\"https:\/\/twitter.com\/nicolajbk\/status\/1357434225230766082?ref_src=twsrc%5Etfw\">February 4, 2021<\/a><\/blockquote><script async src=\"https:\/\/platform.twitter.com\/widgets.js\" charset=\"utf-8\"><\/script>\n<\/div><\/figure>\n\n\n\n<figure class=\"wp-block-embed is-type-rich is-provider-twitter wp-block-embed-twitter\"><div class=\"wp-block-embed__wrapper\">\n<blockquote class=\"twitter-tweet\" data-width=\"550\" data-dnt=\"true\"><p lang=\"nl\" dir=\"ltr\">Grabben \ud83c\udfc6<a href=\"https:\/\/twitter.com\/hashtag\/ultratwitteragf?src=hash&amp;ref_src=twsrc%5Etfw\">#ultratwitteragf<\/a> <a href=\"https:\/\/t.co\/6iFZdlGviZ\">https:\/\/t.co\/6iFZdlGviZ<\/a><\/p>&mdash; VesterbroHardcoreAGF (@HardcoreAGF) <a href=\"https:\/\/twitter.com\/HardcoreAGF\/status\/1357436666395394049?ref_src=twsrc%5Etfw\">February 4, 2021<\/a><\/blockquote><script async src=\"https:\/\/platform.twitter.com\/widgets.js\" charset=\"utf-8\"><\/script>\n<\/div><\/figure>\n\n\n\n<p>En anden person der i den grad har v\u00e6ret i v\u00e6lten p\u00e5 de sociale medier p\u00e5 det seneste er FCK-bossen William Kvist. Det kan du l\u00e6se mere om herunder:<\/p>\n\n\n\n<figure class=\"wp-block-embed is-type-wp-embed is-provider-ace-football-danmark wp-block-embed-ace-football-danmark\"><div class=\"wp-block-embed__wrapper\">\n<blockquote class=\"wp-embedded-content\" data-secret=\"aUwnHXtuIp\"><a href=\"https:\/\/acefootball.com\/da\/fodboldnyheder\/william-kvist-kritiseres-for-detalje-efter-slutfloejt-stop-det\/\">William Kvist kritiseres for detalje efter slutfl\u00f8jt: Stop det!<\/a><\/blockquote><iframe class=\"wp-embedded-content\" sandbox=\"allow-scripts\" security=\"restricted\" style=\"position: absolute; clip: rect(1px, 1px, 1px, 1px);\" title=\"&#8220;William Kvist kritiseres for detalje efter slutfl\u00f8jt: Stop det!&#8221; &#8212; Ace Football Danmark\" src=\"https:\/\/acefootball.com\/da\/fodboldnyheder\/william-kvist-kritiseres-for-detalje-efter-slutfloejt-stop-det\/embed\/#?secret=aUwnHXtuIp\" data-secret=\"aUwnHXtuIp\" width=\"600\" height=\"338\" frameborder=\"0\" marginwidth=\"0\" marginheight=\"0\" scrolling=\"no\"><\/iframe>\n<\/div><\/figure>\n\n\n\n<p><\/p>\n","protected":false},"excerpt":{"rendered":"<p>AGF-m\u00e5lmanden Kamil Grabara giver ikke meget for kritikken af AGF efter det uafgjorte resultat i Vejle, og er nu g\u00e5et til tasterne p\u00e5 Twitter<\/p>\n","protected":false},"author":43,"featured_media":248877,"comment_status":"open","ping_status":"closed","sticky":false,"template":"","format":"standard","meta":{"om_disable_all_campaigns":false,"push_articles_ronaldo":{"active":false,"canonical":0,"publish":false},"force_updates":null},"categories":[2470],"tags":[18,6781,588],"enet_tags":{"team":["8071"],"player":["760722"],"league":["46"],"sport_events":[3389155]},"yoast_head":"<!-- This site is optimized with the Yoast SEO plugin v18.3 - https:\/\/yoast.com\/wordpress\/plugins\/seo\/ -->\n<title>Klasse: AGF-keeper hyldes for k\u00f8ligt svar til kritiske fans<\/title>\n<meta name=\"description\" content=\"AGF-m\u00e5lmanden Kamil Grabara giver ikke meget for kritikken af AGF efter det uafgjorte resultat i Vejle, og er nu g\u00e5et til tasterne p\u00e5 Twitter\" \/>\n<meta name=\"robots\" content=\"index, follow, max-snippet:-1, max-image-preview:large, max-video-preview:-1\" \/>\n<link rel=\"canonical\" href=\"https:\/\/acefootball.com\/da\/fodboldnyheder\/klasse-agf-keeper-hyldes-for-koeligt-svar-til-kritiske-fans\/\" \/>\n<meta property=\"og:locale\" content=\"en_US\" \/>\n<meta property=\"og:type\" content=\"article\" \/>\n<meta property=\"og:title\" content=\"Klasse: AGF-keeper hyldes for k\u00f8ligt svar til kritiske fans\" \/>\n<meta property=\"og:description\" content=\"AGF-m\u00e5lmanden Kamil Grabara giver ikke meget for kritikken af AGF efter det uafgjorte resultat i Vejle, og er nu g\u00e5et til tasterne p\u00e5 Twitter\" \/>\n<meta property=\"og:url\" content=\"https:\/\/acefootball.com\/da\/fodboldnyheder\/klasse-agf-keeper-hyldes-for-koeligt-svar-til-kritiske-fans\/\" \/>\n<meta property=\"og:site_name\" content=\"Ace Football Danmark\" \/>\n<meta property=\"article:publisher\" content=\"https:\/\/www.facebook.com\/acefootballdk\" \/>\n<meta property=\"article:published_time\" content=\"2021-02-05T09:28:00+00:00\" \/>\n<meta property=\"article:modified_time\" content=\"2021-02-05T09:34:36+00:00\" \/>\n<meta property=\"og:image\" content=\"https:\/\/acefootball.com\/da\/wp-content\/uploads\/sites\/2\/2021\/02\/Laes-mere-generel-40.jpg\" \/>\n\t<meta property=\"og:image:width\" content=\"1920\" \/>\n\t<meta property=\"og:image:height\" content=\"1008\" \/>\n\t<meta property=\"og:image:type\" content=\"image\/jpeg\" \/>\n<meta name=\"twitter:card\" content=\"summary_large_image\" \/>\n<meta name=\"twitter:label1\" content=\"Written by\" \/>\n\t<meta name=\"twitter:data1\" content=\"Mikki M\u00f8ller-Iversen\" \/>\n\t<meta name=\"twitter:label2\" content=\"Est. reading time\" \/>\n\t<meta name=\"twitter:data2\" content=\"1 minute\" \/>\n<script type=\"application\/ld+json\" class=\"yoast-schema-graph\">{\"@context\":\"https:\/\/schema.org\",\"@graph\":[{\"@type\":\"Organization\",\"@id\":\"https:\/\/acefootball.com\/da\/#organization\",\"name\":\"Ace Football\",\"url\":\"https:\/\/acefootball.com\/da\/\",\"sameAs\":[\"https:\/\/www.facebook.com\/acefootballdk\"],\"logo\":{\"@type\":\"ImageObject\",\"@id\":\"https:\/\/acefootball.com\/da\/#logo\",\"inLanguage\":\"en-US\",\"url\":\"https:\/\/acefootball.com\/da\/wp-content\/uploads\/sites\/2\/2020\/07\/Ace-Football-30-07-2020-2.png\",\"contentUrl\":\"https:\/\/acefootball.com\/da\/wp-content\/uploads\/sites\/2\/2020\/07\/Ace-Football-30-07-2020-2.png\",\"width\":1200,\"height\":600,\"caption\":\"Ace Football\"},\"image\":{\"@id\":\"https:\/\/acefootball.com\/da\/#logo\"}},{\"@type\":\"WebSite\",\"@id\":\"https:\/\/acefootball.com\/da\/#website\",\"url\":\"https:\/\/acefootball.com\/da\/\",\"name\":\"Ace Football Danmark\",\"description\":\"Nyheder, Spiltips &amp; Livescore\",\"publisher\":{\"@id\":\"https:\/\/acefootball.com\/da\/#organization\"},\"potentialAction\":[{\"@type\":\"SearchAction\",\"target\":{\"@type\":\"EntryPoint\",\"urlTemplate\":\"https:\/\/acefootball.com\/da\/?s={search_term_string}\"},\"query-input\":\"required name=search_term_string\"}],\"inLanguage\":\"en-US\"},{\"@type\":\"ImageObject\",\"@id\":\"https:\/\/acefootball.com\/da\/fodboldnyheder\/klasse-agf-keeper-hyldes-for-koeligt-svar-til-kritiske-fans\/#primaryimage\",\"inLanguage\":\"en-US\",\"url\":\"https:\/\/acefootball.com\/da\/wp-content\/uploads\/sites\/2\/2021\/02\/Laes-mere-generel-40.jpg\",\"contentUrl\":\"https:\/\/acefootball.com\/da\/wp-content\/uploads\/sites\/2\/2021\/02\/Laes-mere-generel-40.jpg\",\"width\":1920,\"height\":1008},{\"@type\":\"WebPage\",\"@id\":\"https:\/\/acefootball.com\/da\/fodboldnyheder\/klasse-agf-keeper-hyldes-for-koeligt-svar-til-kritiske-fans\/#webpage\",\"url\":\"https:\/\/acefootball.com\/da\/fodboldnyheder\/klasse-agf-keeper-hyldes-for-koeligt-svar-til-kritiske-fans\/\",\"name\":\"Klasse: AGF-keeper hyldes for k\u00f8ligt svar til kritiske fans\",\"isPartOf\":{\"@id\":\"https:\/\/acefootball.com\/da\/#website\"},\"primaryImageOfPage\":{\"@id\":\"https:\/\/acefootball.com\/da\/fodboldnyheder\/klasse-agf-keeper-hyldes-for-koeligt-svar-til-kritiske-fans\/#primaryimage\"},\"datePublished\":\"2021-02-05T09:28:00+00:00\",\"dateModified\":\"2021-02-05T09:34:36+00:00\",\"description\":\"AGF-m\u00e5lmanden Kamil Grabara giver ikke meget for kritikken af AGF efter det uafgjorte resultat i Vejle, og er nu g\u00e5et til tasterne p\u00e5 Twitter\",\"breadcrumb\":{\"@id\":\"https:\/\/acefootball.com\/da\/fodboldnyheder\/klasse-agf-keeper-hyldes-for-koeligt-svar-til-kritiske-fans\/#breadcrumb\"},\"inLanguage\":\"en-US\",\"potentialAction\":[{\"@type\":\"ReadAction\",\"target\":[\"https:\/\/acefootball.com\/da\/fodboldnyheder\/klasse-agf-keeper-hyldes-for-koeligt-svar-til-kritiske-fans\/\"]}]},{\"@type\":\"BreadcrumbList\",\"@id\":\"https:\/\/acefootball.com\/da\/fodboldnyheder\/klasse-agf-keeper-hyldes-for-koeligt-svar-til-kritiske-fans\/#breadcrumb\",\"itemListElement\":[{\"@type\":\"ListItem\",\"position\":1,\"name\":\"Home\",\"item\":\"https:\/\/acefootball.com\/da\/\"},{\"@type\":\"ListItem\",\"position\":2,\"name\":\"Klasse: AGF-keeper hyldes for k\u00f8ligt svar til kritiske fans\"}]},{\"@type\":\"Article\",\"@id\":\"https:\/\/acefootball.com\/da\/fodboldnyheder\/klasse-agf-keeper-hyldes-for-koeligt-svar-til-kritiske-fans\/#article\",\"isPartOf\":{\"@id\":\"https:\/\/acefootball.com\/da\/fodboldnyheder\/klasse-agf-keeper-hyldes-for-koeligt-svar-til-kritiske-fans\/#webpage\"},\"author\":{\"@id\":\"https:\/\/acefootball.com\/da\/#\/schema\/person\/017c0abe4a8e92938220bf6c097dda93\"},\"headline\":\"Klasse: AGF-keeper hyldes for k\u00f8ligt svar til kritiske fans\",\"datePublished\":\"2021-02-05T09:28:00+00:00\",\"dateModified\":\"2021-02-05T09:34:36+00:00\",\"mainEntityOfPage\":{\"@id\":\"https:\/\/acefootball.com\/da\/fodboldnyheder\/klasse-agf-keeper-hyldes-for-koeligt-svar-til-kritiske-fans\/#webpage\"},\"wordCount\":286,\"commentCount\":0,\"publisher\":{\"@id\":\"https:\/\/acefootball.com\/da\/#organization\"},\"image\":{\"@id\":\"https:\/\/acefootball.com\/da\/fodboldnyheder\/klasse-agf-keeper-hyldes-for-koeligt-svar-til-kritiske-fans\/#primaryimage\"},\"thumbnailUrl\":\"https:\/\/acefootball.com\/da\/wp-content\/uploads\/sites\/2\/2021\/01\/GettyImages-1229280488.jpg\",\"keywords\":[\"AGF\",\"Kamil Grabara\",\"Superligaen\"],\"articleSection\":[\"Offsite\"],\"inLanguage\":\"en-US\",\"potentialAction\":[{\"@type\":\"CommentAction\",\"name\":\"Comment\",\"target\":[\"https:\/\/acefootball.com\/da\/fodboldnyheder\/klasse-agf-keeper-hyldes-for-koeligt-svar-til-kritiske-fans\/#respond\"]}]},{\"@type\":\"Person\",\"@id\":\"https:\/\/acefootball.com\/da\/#\/schema\/person\/017c0abe4a8e92938220bf6c097dda93\",\"name\":\"Mikki M\u00f8ller-Iversen\",\"image\":{\"@type\":\"ImageObject\",\"@id\":\"https:\/\/acefootball.com\/da\/#personlogo\",\"inLanguage\":\"en-US\",\"url\":\"https:\/\/secure.gravatar.com\/avatar\/e05b419e8b5ae5fcf516800181b96aa2?s=96&d=mm&r=g\",\"contentUrl\":\"https:\/\/secure.gravatar.com\/avatar\/e05b419e8b5ae5fcf516800181b96aa2?s=96&d=mm&r=g\",\"caption\":\"Mikki M\u00f8ller-Iversen\"},\"description\":\"Social Media Manager and writer at Ace Football. Main focus on Danish football and special stories.\",\"sameAs\":[\"https:\/\/www.linkedin.com\/in\/mikki-mller-iversen-26a3a689\/\"],\"url\":\"https:\/\/acefootball.com\/da\/fodboldnyheder\/author\/mmironaldo\/\"}]}<\/script>\n<!-- \/ Yoast SEO plugin. -->","yoast_head_json":{"title":"Klasse: AGF-keeper hyldes for k\u00f8ligt svar til kritiske fans","description":"AGF-m\u00e5lmanden Kamil Grabara giver ikke meget for kritikken af AGF efter det uafgjorte resultat i Vejle, og er nu g\u00e5et til tasterne p\u00e5 Twitter","robots":{"index":"index","follow":"follow","max-snippet":"max-snippet:-1","max-image-preview":"max-image-preview:large","max-video-preview":"max-video-preview:-1"},"canonical":"https:\/\/acefootball.com\/da\/fodboldnyheder\/klasse-agf-keeper-hyldes-for-koeligt-svar-til-kritiske-fans\/","og_locale":"en_US","og_type":"article","og_title":"Klasse: AGF-keeper hyldes for k\u00f8ligt svar til kritiske fans","og_description":"AGF-m\u00e5lmanden Kamil Grabara giver ikke meget for kritikken af AGF efter det uafgjorte resultat i Vejle, og er nu g\u00e5et til tasterne p\u00e5 Twitter","og_url":"https:\/\/acefootball.com\/da\/fodboldnyheder\/klasse-agf-keeper-hyldes-for-koeligt-svar-til-kritiske-fans\/","og_site_name":"Ace Football Danmark","article_publisher":"https:\/\/www.facebook.com\/acefootballdk","article_published_time":"2021-02-05T09:28:00+00:00","article_modified_time":"2021-02-05T09:34:36+00:00","og_image":[{"width":1920,"height":1008,"url":"https:\/\/acefootball.com\/da\/wp-content\/uploads\/sites\/2\/2021\/02\/Laes-mere-generel-40.jpg","type":"image\/jpeg"}],"twitter_card":"summary_large_image","twitter_misc":{"Written by":"Mikki M\u00f8ller-Iversen","Est. reading time":"1 minute"},"schema":{"@context":"https:\/\/schema.org","@graph":[{"@type":"Organization","@id":"https:\/\/acefootball.com\/da\/#organization","name":"Ace Football","url":"https:\/\/acefootball.com\/da\/","sameAs":["https:\/\/www.facebook.com\/acefootballdk"],"logo":{"@type":"ImageObject","@id":"https:\/\/acefootball.com\/da\/#logo","inLanguage":"en-US","url":"https:\/\/acefootball.com\/da\/wp-content\/uploads\/sites\/2\/2020\/07\/Ace-Football-30-07-2020-2.png","contentUrl":"https:\/\/acefootball.com\/da\/wp-content\/uploads\/sites\/2\/2020\/07\/Ace-Football-30-07-2020-2.png","width":1200,"height":600,"caption":"Ace Football"},"image":{"@id":"https:\/\/acefootball.com\/da\/#logo"}},{"@type":"WebSite","@id":"https:\/\/acefootball.com\/da\/#website","url":"https:\/\/acefootball.com\/da\/","name":"Ace Football Danmark","description":"Nyheder, Spiltips &amp; Livescore","publisher":{"@id":"https:\/\/acefootball.com\/da\/#organization"},"potentialAction":[{"@type":"SearchAction","target":{"@type":"EntryPoint","urlTemplate":"https:\/\/acefootball.com\/da\/?s={search_term_string}"},"query-input":"required name=search_term_string"}],"inLanguage":"en-US"},{"@type":"ImageObject","@id":"https:\/\/acefootball.com\/da\/fodboldnyheder\/klasse-agf-keeper-hyldes-for-koeligt-svar-til-kritiske-fans\/#primaryimage","inLanguage":"en-US","url":"https:\/\/acefootball.com\/da\/wp-content\/uploads\/sites\/2\/2021\/02\/Laes-mere-generel-40.jpg","contentUrl":"https:\/\/acefootball.com\/da\/wp-content\/uploads\/sites\/2\/2021\/02\/Laes-mere-generel-40.jpg","width":1920,"height":1008},{"@type":"WebPage","@id":"https:\/\/acefootball.com\/da\/fodboldnyheder\/klasse-agf-keeper-hyldes-for-koeligt-svar-til-kritiske-fans\/#webpage","url":"https:\/\/acefootball.com\/da\/fodboldnyheder\/klasse-agf-keeper-hyldes-for-koeligt-svar-til-kritiske-fans\/","name":"Klasse: AGF-keeper hyldes for k\u00f8ligt svar til kritiske fans","isPartOf":{"@id":"https:\/\/acefootball.com\/da\/#website"},"primaryImageOfPage":{"@id":"https:\/\/acefootball.com\/da\/fodboldnyheder\/klasse-agf-keeper-hyldes-for-koeligt-svar-til-kritiske-fans\/#primaryimage"},"datePublished":"2021-02-05T09:28:00+00:00","dateModified":"2021-02-05T09:34:36+00:00","description":"AGF-m\u00e5lmanden Kamil Grabara giver ikke meget for kritikken af AGF efter det uafgjorte resultat i Vejle, og er nu g\u00e5et til tasterne p\u00e5 Twitter","breadcrumb":{"@id":"https:\/\/acefootball.com\/da\/fodboldnyheder\/klasse-agf-keeper-hyldes-for-koeligt-svar-til-kritiske-fans\/#breadcrumb"},"inLanguage":"en-US","potentialAction":[{"@type":"ReadAction","target":["https:\/\/acefootball.com\/da\/fodboldnyheder\/klasse-agf-keeper-hyldes-for-koeligt-svar-til-kritiske-fans\/"]}]},{"@type":"BreadcrumbList","@id":"https:\/\/acefootball.com\/da\/fodboldnyheder\/klasse-agf-keeper-hyldes-for-koeligt-svar-til-kritiske-fans\/#breadcrumb","itemListElement":[{"@type":"ListItem","position":1,"name":"Home","item":"https:\/\/acefootball.com\/da\/"},{"@type":"ListItem","position":2,"name":"Klasse: AGF-keeper hyldes for k\u00f8ligt svar til kritiske fans"}]},{"@type":"Article","@id":"https:\/\/acefootball.com\/da\/fodboldnyheder\/klasse-agf-keeper-hyldes-for-koeligt-svar-til-kritiske-fans\/#article","isPartOf":{"@id":"https:\/\/acefootball.com\/da\/fodboldnyheder\/klasse-agf-keeper-hyldes-for-koeligt-svar-til-kritiske-fans\/#webpage"},"author":{"@id":"https:\/\/acefootball.com\/da\/#\/schema\/person\/017c0abe4a8e92938220bf6c097dda93"},"headline":"Klasse: AGF-keeper hyldes for k\u00f8ligt svar til kritiske fans","datePublished":"2021-02-05T09:28:00+00:00","dateModified":"2021-02-05T09:34:36+00:00","mainEntityOfPage":{"@id":"https:\/\/acefootball.com\/da\/fodboldnyheder\/klasse-agf-keeper-hyldes-for-koeligt-svar-til-kritiske-fans\/#webpage"},"wordCount":286,"commentCount":0,"publisher":{"@id":"https:\/\/acefootball.com\/da\/#organization"},"image":{"@id":"https:\/\/acefootball.com\/da\/fodboldnyheder\/klasse-agf-keeper-hyldes-for-koeligt-svar-til-kritiske-fans\/#primaryimage"},"thumbnailUrl":"https:\/\/acefootball.com\/da\/wp-content\/uploads\/sites\/2\/2021\/01\/GettyImages-1229280488.jpg","keywords":["AGF","Kamil Grabara","Superligaen"],"articleSection":["Offsite"],"inLanguage":"en-US","potentialAction":[{"@type":"CommentAction","name":"Comment","target":["https:\/\/acefootball.com\/da\/fodboldnyheder\/klasse-agf-keeper-hyldes-for-koeligt-svar-til-kritiske-fans\/#respond"]}]},{"@type":"Person","@id":"https:\/\/acefootball.com\/da\/#\/schema\/person\/017c0abe4a8e92938220bf6c097dda93","name":"Mikki M\u00f8ller-Iversen","image":{"@type":"ImageObject","@id":"https:\/\/acefootball.com\/da\/#personlogo","inLanguage":"en-US","url":"https:\/\/secure.gravatar.com\/avatar\/e05b419e8b5ae5fcf516800181b96aa2?s=96&d=mm&r=g","contentUrl":"https:\/\/secure.gravatar.com\/avatar\/e05b419e8b5ae5fcf516800181b96aa2?s=96&d=mm&r=g","caption":"Mikki M\u00f8ller-Iversen"},"description":"Social Media Manager and writer at Ace Football. Main focus on Danish football and special stories.","sameAs":["https:\/\/www.linkedin.com\/in\/mikki-mller-iversen-26a3a689\/"],"url":"https:\/\/acefootball.com\/da\/fodboldnyheder\/author\/mmironaldo\/"}]}},"fimg_url":"https:\/\/acefootball.com\/da\/wp-content\/uploads\/sites\/2\/2021\/01\/GettyImages-1229280488.jpg","_links":{"self":[{"href":"https:\/\/acefootball.com\/da\/wp-json\/wp\/v2\/posts\/250822"}],"collection":[{"href":"https:\/\/acefootball.com\/da\/wp-json\/wp\/v2\/posts"}],"about":[{"href":"https:\/\/acefootball.com\/da\/wp-json\/wp\/v2\/types\/post"}],"author":[{"embeddable":true,"href":"https:\/\/acefootball.com\/da\/wp-json\/wp\/v2\/users\/43"}],"replies":[{"embeddable":true,"href":"https:\/\/acefootball.com\/da\/wp-json\/wp\/v2\/comments?post=250822"}],"version-history":[{"count":0,"href":"https:\/\/acefootball.com\/da\/wp-json\/wp\/v2\/posts\/250822\/revisions"}],"wp:featuredmedia":[{"embeddable":true,"href":"https:\/\/acefootball.com\/da\/wp-json\/wp\/v2\/media\/248877"}],"wp:attachment":[{"href":"https:\/\/acefootball.com\/da\/wp-json\/wp\/v2\/media?parent=250822"}],"wp:term":[{"taxonomy":"category","embeddable":true,"href":"https:\/\/acefootball.com\/da\/wp-json\/wp\/v2\/categories?post=250822"},{"taxonomy":"post_tag","embeddable":true,"href":"https:\/\/acefootball.com\/da\/wp-json\/wp\/v2\/tags?post=250822"}],"curies":[{"name":"wp","href":"https:\/\/api.w.org\/{rel}","templated":true}]}}