{"id":250557,"date":"2021-02-03T08:41:26","date_gmt":"2021-02-03T07:41:26","guid":{"rendered":"https:\/\/acefootball.com\/da\/?p=250557"},"modified":"2021-02-03T08:43:38","modified_gmt":"2021-02-03T07:43:38","slug":"bekraeftet-tidligere-fck-direktoer-er-landet-i-aston-villa","status":"publish","type":"post","link":"https:\/\/acefootball.com\/da\/fodboldnyheder\/bekraeftet-tidligere-fck-direktoer-er-landet-i-aston-villa\/","title":{"rendered":"Bekr\u00e6ftet: Tidligere FCK-direkt\u00f8r er landet i Aston Villa"},"content":{"rendered":"\n<h2 id=\"h-tidligere-teknisk-direkt-r-i-fc-k-benhavn-frederik-leth-er-blevet-ansat-som-head-of-football-research-i-aston-villa\">Tidligere teknisk direkt\u00f8r i FC K\u00f8benhavn, Frederik Leth, er blevet ansat som Head of Football Research i Aston Villa<\/h2>\n\n\n\n<p>I sommer sagde FC K\u00f8benhavn farvel til dav\u00e6rende teknisk direkt\u00f8r, Johan Lange, som tog springet til Premier League-klubben Aston Villa, hvor han tiltr\u00e5dte en stilling som sportsdirekt\u00f8r.<\/p>\n\n\n\n<p>I hans sted blev scoutingchefen Frederik Leth forfremmet, men i forbindelse med St\u00e5le Solbakkens fyring valgte Leth ogs\u00e5 at forlade klubben.<\/p>\n\n\n\n<p>I stedet gik rygterne p\u00e5, at Lange ville hente sin tidligere medarbejder til England, og nu oplyser Leth p\u00e5 sin <a href=\"https:\/\/dk.linkedin.com\/in\/frederikleth\" target=\"_blank\" rel=\"noreferrer noopener\">LinkedIn-profil<\/a>, at han er startet i sin nye klub.<\/p>\n\n\n\n<div class=\"wp-block-image\"><figure class=\"aligncenter size-large\"><img loading=\"lazy\" width=\"460\" height=\"372\" src=\"https:\/\/acefootball.com\/da\/wp-content\/uploads\/sites\/2\/2021\/02\/image-15.png\" alt=\"\" class=\"wp-image-250558\" srcset=\"https:\/\/acefootball.com\/da\/wp-content\/uploads\/sites\/2\/2021\/02\/image-15.png 460w, https:\/\/acefootball.com\/da\/wp-content\/uploads\/sites\/2\/2021\/02\/image-15-300x243.png 300w\" sizes=\"(max-width: 460px) 100vw, 460px\" \/><figcaption>Frederik Leth\/LinkedIn<\/figcaption><\/figure><\/div>\n\n\n\n<p>I Aston Villa har Frederik Leth f\u00e5et titlen som Head of Football Research, og han forts\u00e6tter alts\u00e5 i samme boldgade, som han har gjort i flere \u00e5r i FC K\u00f8benhavn.<\/p>\n","protected":false},"excerpt":{"rendered":"<p>Tidligere teknisk direkt\u00f8r i FC K\u00f8benhavn, Frederik Leth, er blevet ansat som Head of Football Research i Aston Villa<\/p>\n","protected":false},"author":705,"featured_media":250559,"comment_status":"open","ping_status":"closed","sticky":false,"template":"","format":"standard","meta":{"om_disable_all_campaigns":false,"push_articles_ronaldo":{"active":false,"canonical":0,"publish":false},"force_updates":null},"categories":[1],"tags":[1916,16,134,588],"enet_tags":{"team":["10252","8391"],"league":["47","46"],"sport_events":[]},"yoast_head":"<!-- This site is optimized with the Yoast SEO plugin v18.3 - https:\/\/yoast.com\/wordpress\/plugins\/seo\/ -->\n<title>Bekr\u00e6ftet: Tidligere FCK-direkt\u00f8r er landet i Aston Villa<\/title>\n<meta name=\"description\" content=\"Tidligere teknisk direkt\u00f8r i FC K\u00f8benhavn, Frederik Leth, er blevet ansat som Head of Football Research i Aston Villa\" \/>\n<meta name=\"robots\" content=\"index, follow, max-snippet:-1, max-image-preview:large, max-video-preview:-1\" \/>\n<link rel=\"canonical\" href=\"https:\/\/acefootball.com\/da\/fodboldnyheder\/bekraeftet-tidligere-fck-direktoer-er-landet-i-aston-villa\/\" \/>\n<meta property=\"og:locale\" content=\"en_US\" \/>\n<meta property=\"og:type\" content=\"article\" \/>\n<meta property=\"og:title\" content=\"Bekr\u00e6ftet: Tidligere FCK-direkt\u00f8r er landet i Aston Villa\" \/>\n<meta property=\"og:description\" content=\"Tidligere teknisk direkt\u00f8r i FC K\u00f8benhavn, Frederik Leth, er blevet ansat som Head of Football Research i Aston Villa\" \/>\n<meta property=\"og:url\" content=\"https:\/\/acefootball.com\/da\/fodboldnyheder\/bekraeftet-tidligere-fck-direktoer-er-landet-i-aston-villa\/\" \/>\n<meta property=\"og:site_name\" content=\"Ace Football Danmark\" \/>\n<meta property=\"article:publisher\" content=\"https:\/\/www.facebook.com\/acefootballdk\" \/>\n<meta property=\"article:published_time\" content=\"2021-02-03T07:41:26+00:00\" \/>\n<meta property=\"article:modified_time\" content=\"2021-02-03T07:43:38+00:00\" \/>\n<meta property=\"og:image\" content=\"https:\/\/acefootball.com\/da\/wp-content\/uploads\/sites\/2\/2021\/02\/FCK-17.jpg\" \/>\n\t<meta property=\"og:image:width\" content=\"1920\" \/>\n\t<meta property=\"og:image:height\" content=\"1008\" \/>\n\t<meta property=\"og:image:type\" content=\"image\/jpeg\" \/>\n<meta name=\"twitter:card\" content=\"summary_large_image\" \/>\n<meta name=\"twitter:label1\" content=\"Written by\" \/>\n\t<meta name=\"twitter:data1\" content=\"Mads Dreyer\" \/>\n\t<meta name=\"twitter:label2\" content=\"Est. reading time\" \/>\n\t<meta name=\"twitter:data2\" content=\"1 minute\" \/>\n<script type=\"application\/ld+json\" class=\"yoast-schema-graph\">{\"@context\":\"https:\/\/schema.org\",\"@graph\":[{\"@type\":\"Organization\",\"@id\":\"https:\/\/acefootball.com\/da\/#organization\",\"name\":\"Ace Football\",\"url\":\"https:\/\/acefootball.com\/da\/\",\"sameAs\":[\"https:\/\/www.facebook.com\/acefootballdk\"],\"logo\":{\"@type\":\"ImageObject\",\"@id\":\"https:\/\/acefootball.com\/da\/#logo\",\"inLanguage\":\"en-US\",\"url\":\"https:\/\/acefootball.com\/da\/wp-content\/uploads\/sites\/2\/2020\/07\/Ace-Football-30-07-2020-2.png\",\"contentUrl\":\"https:\/\/acefootball.com\/da\/wp-content\/uploads\/sites\/2\/2020\/07\/Ace-Football-30-07-2020-2.png\",\"width\":1200,\"height\":600,\"caption\":\"Ace Football\"},\"image\":{\"@id\":\"https:\/\/acefootball.com\/da\/#logo\"}},{\"@type\":\"WebSite\",\"@id\":\"https:\/\/acefootball.com\/da\/#website\",\"url\":\"https:\/\/acefootball.com\/da\/\",\"name\":\"Ace Football Danmark\",\"description\":\"Nyheder, Spiltips &amp; Livescore\",\"publisher\":{\"@id\":\"https:\/\/acefootball.com\/da\/#organization\"},\"potentialAction\":[{\"@type\":\"SearchAction\",\"target\":{\"@type\":\"EntryPoint\",\"urlTemplate\":\"https:\/\/acefootball.com\/da\/?s={search_term_string}\"},\"query-input\":\"required name=search_term_string\"}],\"inLanguage\":\"en-US\"},{\"@type\":\"ImageObject\",\"@id\":\"https:\/\/acefootball.com\/da\/fodboldnyheder\/bekraeftet-tidligere-fck-direktoer-er-landet-i-aston-villa\/#primaryimage\",\"inLanguage\":\"en-US\",\"url\":\"https:\/\/acefootball.com\/da\/wp-content\/uploads\/sites\/2\/2021\/02\/FCK-17.jpg\",\"contentUrl\":\"https:\/\/acefootball.com\/da\/wp-content\/uploads\/sites\/2\/2021\/02\/FCK-17.jpg\",\"width\":1920,\"height\":1008,\"caption\":\"frederik leth\"},{\"@type\":\"WebPage\",\"@id\":\"https:\/\/acefootball.com\/da\/fodboldnyheder\/bekraeftet-tidligere-fck-direktoer-er-landet-i-aston-villa\/#webpage\",\"url\":\"https:\/\/acefootball.com\/da\/fodboldnyheder\/bekraeftet-tidligere-fck-direktoer-er-landet-i-aston-villa\/\",\"name\":\"Bekr\u00e6ftet: Tidligere FCK-direkt\u00f8r er landet i Aston Villa\",\"isPartOf\":{\"@id\":\"https:\/\/acefootball.com\/da\/#website\"},\"primaryImageOfPage\":{\"@id\":\"https:\/\/acefootball.com\/da\/fodboldnyheder\/bekraeftet-tidligere-fck-direktoer-er-landet-i-aston-villa\/#primaryimage\"},\"datePublished\":\"2021-02-03T07:41:26+00:00\",\"dateModified\":\"2021-02-03T07:43:38+00:00\",\"description\":\"Tidligere teknisk direkt\u00f8r i FC K\u00f8benhavn, Frederik Leth, er blevet ansat som Head of Football Research i Aston Villa\",\"breadcrumb\":{\"@id\":\"https:\/\/acefootball.com\/da\/fodboldnyheder\/bekraeftet-tidligere-fck-direktoer-er-landet-i-aston-villa\/#breadcrumb\"},\"inLanguage\":\"en-US\",\"potentialAction\":[{\"@type\":\"ReadAction\",\"target\":[\"https:\/\/acefootball.com\/da\/fodboldnyheder\/bekraeftet-tidligere-fck-direktoer-er-landet-i-aston-villa\/\"]}]},{\"@type\":\"BreadcrumbList\",\"@id\":\"https:\/\/acefootball.com\/da\/fodboldnyheder\/bekraeftet-tidligere-fck-direktoer-er-landet-i-aston-villa\/#breadcrumb\",\"itemListElement\":[{\"@type\":\"ListItem\",\"position\":1,\"name\":\"Home\",\"item\":\"https:\/\/acefootball.com\/da\/\"},{\"@type\":\"ListItem\",\"position\":2,\"name\":\"Bekr\u00e6ftet: Tidligere FCK-direkt\u00f8r er landet i Aston Villa\"}]},{\"@type\":\"Article\",\"@id\":\"https:\/\/acefootball.com\/da\/fodboldnyheder\/bekraeftet-tidligere-fck-direktoer-er-landet-i-aston-villa\/#article\",\"isPartOf\":{\"@id\":\"https:\/\/acefootball.com\/da\/fodboldnyheder\/bekraeftet-tidligere-fck-direktoer-er-landet-i-aston-villa\/#webpage\"},\"author\":{\"@id\":\"https:\/\/acefootball.com\/da\/#\/schema\/person\/ee67e9cf04a276f144100ffa722f10cd\"},\"headline\":\"Bekr\u00e6ftet: Tidligere FCK-direkt\u00f8r er landet i Aston Villa\",\"datePublished\":\"2021-02-03T07:41:26+00:00\",\"dateModified\":\"2021-02-03T07:43:38+00:00\",\"mainEntityOfPage\":{\"@id\":\"https:\/\/acefootball.com\/da\/fodboldnyheder\/bekraeftet-tidligere-fck-direktoer-er-landet-i-aston-villa\/#webpage\"},\"wordCount\":150,\"commentCount\":0,\"publisher\":{\"@id\":\"https:\/\/acefootball.com\/da\/#organization\"},\"image\":{\"@id\":\"https:\/\/acefootball.com\/da\/fodboldnyheder\/bekraeftet-tidligere-fck-direktoer-er-landet-i-aston-villa\/#primaryimage\"},\"thumbnailUrl\":\"https:\/\/acefootball.com\/da\/wp-content\/uploads\/sites\/2\/2021\/02\/GettyImages-1228995490.jpg\",\"keywords\":[\"Aston Villa\",\"FC K\u00f8benhavn\",\"Premier League\",\"Superligaen\"],\"articleSection\":[\"Nyhed\"],\"inLanguage\":\"en-US\",\"potentialAction\":[{\"@type\":\"CommentAction\",\"name\":\"Comment\",\"target\":[\"https:\/\/acefootball.com\/da\/fodboldnyheder\/bekraeftet-tidligere-fck-direktoer-er-landet-i-aston-villa\/#respond\"]}]},{\"@type\":\"Person\",\"@id\":\"https:\/\/acefootball.com\/da\/#\/schema\/person\/ee67e9cf04a276f144100ffa722f10cd\",\"name\":\"Mads Dreyer\",\"image\":{\"@type\":\"ImageObject\",\"@id\":\"https:\/\/acefootball.com\/da\/#personlogo\",\"inLanguage\":\"en-US\",\"url\":\"https:\/\/secure.gravatar.com\/avatar\/7c7abf72cfde9902b6a60efe60c88d4c?s=96&d=mm&r=g\",\"contentUrl\":\"https:\/\/secure.gravatar.com\/avatar\/7c7abf72cfde9902b6a60efe60c88d4c?s=96&d=mm&r=g\",\"caption\":\"Mads Dreyer\"},\"description\":\"Skribent og fodboldn\u00f8rd, der lige nu fort\u00e6ller om alt og intet i fodboldverdenen p\u00e5 acefootball.com. Uddannet i kommunikation fra Aalborg Universitet.\",\"sameAs\":[\"https:\/\/www.linkedin.com\/in\/mads-dreyer-b9b08266\/\"],\"url\":\"https:\/\/acefootball.com\/da\/fodboldnyheder\/author\/mdnronaldo\/\"}]}<\/script>\n<!-- \/ Yoast SEO plugin. -->","yoast_head_json":{"title":"Bekr\u00e6ftet: Tidligere FCK-direkt\u00f8r er landet i Aston Villa","description":"Tidligere teknisk direkt\u00f8r i FC K\u00f8benhavn, Frederik Leth, er blevet ansat som Head of Football Research i Aston Villa","robots":{"index":"index","follow":"follow","max-snippet":"max-snippet:-1","max-image-preview":"max-image-preview:large","max-video-preview":"max-video-preview:-1"},"canonical":"https:\/\/acefootball.com\/da\/fodboldnyheder\/bekraeftet-tidligere-fck-direktoer-er-landet-i-aston-villa\/","og_locale":"en_US","og_type":"article","og_title":"Bekr\u00e6ftet: Tidligere FCK-direkt\u00f8r er landet i Aston Villa","og_description":"Tidligere teknisk direkt\u00f8r i FC K\u00f8benhavn, Frederik Leth, er blevet ansat som Head of Football Research i Aston Villa","og_url":"https:\/\/acefootball.com\/da\/fodboldnyheder\/bekraeftet-tidligere-fck-direktoer-er-landet-i-aston-villa\/","og_site_name":"Ace Football Danmark","article_publisher":"https:\/\/www.facebook.com\/acefootballdk","article_published_time":"2021-02-03T07:41:26+00:00","article_modified_time":"2021-02-03T07:43:38+00:00","og_image":[{"width":1920,"height":1008,"url":"https:\/\/acefootball.com\/da\/wp-content\/uploads\/sites\/2\/2021\/02\/FCK-17.jpg","type":"image\/jpeg"}],"twitter_card":"summary_large_image","twitter_misc":{"Written by":"Mads Dreyer","Est. reading time":"1 minute"},"schema":{"@context":"https:\/\/schema.org","@graph":[{"@type":"Organization","@id":"https:\/\/acefootball.com\/da\/#organization","name":"Ace Football","url":"https:\/\/acefootball.com\/da\/","sameAs":["https:\/\/www.facebook.com\/acefootballdk"],"logo":{"@type":"ImageObject","@id":"https:\/\/acefootball.com\/da\/#logo","inLanguage":"en-US","url":"https:\/\/acefootball.com\/da\/wp-content\/uploads\/sites\/2\/2020\/07\/Ace-Football-30-07-2020-2.png","contentUrl":"https:\/\/acefootball.com\/da\/wp-content\/uploads\/sites\/2\/2020\/07\/Ace-Football-30-07-2020-2.png","width":1200,"height":600,"caption":"Ace Football"},"image":{"@id":"https:\/\/acefootball.com\/da\/#logo"}},{"@type":"WebSite","@id":"https:\/\/acefootball.com\/da\/#website","url":"https:\/\/acefootball.com\/da\/","name":"Ace Football Danmark","description":"Nyheder, Spiltips &amp; Livescore","publisher":{"@id":"https:\/\/acefootball.com\/da\/#organization"},"potentialAction":[{"@type":"SearchAction","target":{"@type":"EntryPoint","urlTemplate":"https:\/\/acefootball.com\/da\/?s={search_term_string}"},"query-input":"required name=search_term_string"}],"inLanguage":"en-US"},{"@type":"ImageObject","@id":"https:\/\/acefootball.com\/da\/fodboldnyheder\/bekraeftet-tidligere-fck-direktoer-er-landet-i-aston-villa\/#primaryimage","inLanguage":"en-US","url":"https:\/\/acefootball.com\/da\/wp-content\/uploads\/sites\/2\/2021\/02\/FCK-17.jpg","contentUrl":"https:\/\/acefootball.com\/da\/wp-content\/uploads\/sites\/2\/2021\/02\/FCK-17.jpg","width":1920,"height":1008,"caption":"frederik leth"},{"@type":"WebPage","@id":"https:\/\/acefootball.com\/da\/fodboldnyheder\/bekraeftet-tidligere-fck-direktoer-er-landet-i-aston-villa\/#webpage","url":"https:\/\/acefootball.com\/da\/fodboldnyheder\/bekraeftet-tidligere-fck-direktoer-er-landet-i-aston-villa\/","name":"Bekr\u00e6ftet: Tidligere FCK-direkt\u00f8r er landet i Aston Villa","isPartOf":{"@id":"https:\/\/acefootball.com\/da\/#website"},"primaryImageOfPage":{"@id":"https:\/\/acefootball.com\/da\/fodboldnyheder\/bekraeftet-tidligere-fck-direktoer-er-landet-i-aston-villa\/#primaryimage"},"datePublished":"2021-02-03T07:41:26+00:00","dateModified":"2021-02-03T07:43:38+00:00","description":"Tidligere teknisk direkt\u00f8r i FC K\u00f8benhavn, Frederik Leth, er blevet ansat som Head of Football Research i Aston Villa","breadcrumb":{"@id":"https:\/\/acefootball.com\/da\/fodboldnyheder\/bekraeftet-tidligere-fck-direktoer-er-landet-i-aston-villa\/#breadcrumb"},"inLanguage":"en-US","potentialAction":[{"@type":"ReadAction","target":["https:\/\/acefootball.com\/da\/fodboldnyheder\/bekraeftet-tidligere-fck-direktoer-er-landet-i-aston-villa\/"]}]},{"@type":"BreadcrumbList","@id":"https:\/\/acefootball.com\/da\/fodboldnyheder\/bekraeftet-tidligere-fck-direktoer-er-landet-i-aston-villa\/#breadcrumb","itemListElement":[{"@type":"ListItem","position":1,"name":"Home","item":"https:\/\/acefootball.com\/da\/"},{"@type":"ListItem","position":2,"name":"Bekr\u00e6ftet: Tidligere FCK-direkt\u00f8r er landet i Aston Villa"}]},{"@type":"Article","@id":"https:\/\/acefootball.com\/da\/fodboldnyheder\/bekraeftet-tidligere-fck-direktoer-er-landet-i-aston-villa\/#article","isPartOf":{"@id":"https:\/\/acefootball.com\/da\/fodboldnyheder\/bekraeftet-tidligere-fck-direktoer-er-landet-i-aston-villa\/#webpage"},"author":{"@id":"https:\/\/acefootball.com\/da\/#\/schema\/person\/ee67e9cf04a276f144100ffa722f10cd"},"headline":"Bekr\u00e6ftet: Tidligere FCK-direkt\u00f8r er landet i Aston Villa","datePublished":"2021-02-03T07:41:26+00:00","dateModified":"2021-02-03T07:43:38+00:00","mainEntityOfPage":{"@id":"https:\/\/acefootball.com\/da\/fodboldnyheder\/bekraeftet-tidligere-fck-direktoer-er-landet-i-aston-villa\/#webpage"},"wordCount":150,"commentCount":0,"publisher":{"@id":"https:\/\/acefootball.com\/da\/#organization"},"image":{"@id":"https:\/\/acefootball.com\/da\/fodboldnyheder\/bekraeftet-tidligere-fck-direktoer-er-landet-i-aston-villa\/#primaryimage"},"thumbnailUrl":"https:\/\/acefootball.com\/da\/wp-content\/uploads\/sites\/2\/2021\/02\/GettyImages-1228995490.jpg","keywords":["Aston Villa","FC K\u00f8benhavn","Premier League","Superligaen"],"articleSection":["Nyhed"],"inLanguage":"en-US","potentialAction":[{"@type":"CommentAction","name":"Comment","target":["https:\/\/acefootball.com\/da\/fodboldnyheder\/bekraeftet-tidligere-fck-direktoer-er-landet-i-aston-villa\/#respond"]}]},{"@type":"Person","@id":"https:\/\/acefootball.com\/da\/#\/schema\/person\/ee67e9cf04a276f144100ffa722f10cd","name":"Mads Dreyer","image":{"@type":"ImageObject","@id":"https:\/\/acefootball.com\/da\/#personlogo","inLanguage":"en-US","url":"https:\/\/secure.gravatar.com\/avatar\/7c7abf72cfde9902b6a60efe60c88d4c?s=96&d=mm&r=g","contentUrl":"https:\/\/secure.gravatar.com\/avatar\/7c7abf72cfde9902b6a60efe60c88d4c?s=96&d=mm&r=g","caption":"Mads Dreyer"},"description":"Skribent og fodboldn\u00f8rd, der lige nu fort\u00e6ller om alt og intet i fodboldverdenen p\u00e5 acefootball.com. Uddannet i kommunikation fra Aalborg Universitet.","sameAs":["https:\/\/www.linkedin.com\/in\/mads-dreyer-b9b08266\/"],"url":"https:\/\/acefootball.com\/da\/fodboldnyheder\/author\/mdnronaldo\/"}]}},"fimg_url":"https:\/\/acefootball.com\/da\/wp-content\/uploads\/sites\/2\/2021\/02\/GettyImages-1228995490.jpg","_links":{"self":[{"href":"https:\/\/acefootball.com\/da\/wp-json\/wp\/v2\/posts\/250557"}],"collection":[{"href":"https:\/\/acefootball.com\/da\/wp-json\/wp\/v2\/posts"}],"about":[{"href":"https:\/\/acefootball.com\/da\/wp-json\/wp\/v2\/types\/post"}],"author":[{"embeddable":true,"href":"https:\/\/acefootball.com\/da\/wp-json\/wp\/v2\/users\/705"}],"replies":[{"embeddable":true,"href":"https:\/\/acefootball.com\/da\/wp-json\/wp\/v2\/comments?post=250557"}],"version-history":[{"count":0,"href":"https:\/\/acefootball.com\/da\/wp-json\/wp\/v2\/posts\/250557\/revisions"}],"wp:featuredmedia":[{"embeddable":true,"href":"https:\/\/acefootball.com\/da\/wp-json\/wp\/v2\/media\/250559"}],"wp:attachment":[{"href":"https:\/\/acefootball.com\/da\/wp-json\/wp\/v2\/media?parent=250557"}],"wp:term":[{"taxonomy":"category","embeddable":true,"href":"https:\/\/acefootball.com\/da\/wp-json\/wp\/v2\/categories?post=250557"},{"taxonomy":"post_tag","embeddable":true,"href":"https:\/\/acefootball.com\/da\/wp-json\/wp\/v2\/tags?post=250557"}],"curies":[{"name":"wp","href":"https:\/\/api.w.org\/{rel}","templated":true}]}}