{"id":250512,"date":"2021-02-02T12:59:50","date_gmt":"2021-02-02T11:59:50","guid":{"rendered":"https:\/\/acefootball.com\/da\/?p=250512"},"modified":"2021-02-02T12:59:51","modified_gmt":"2021-02-02T11:59:51","slug":"under-radaren-europaeiske-transfers-du-maaske-missede","status":"publish","type":"post","link":"https:\/\/acefootball.com\/da\/fodboldnyheder\/under-radaren-europaeiske-transfers-du-maaske-missede\/","title":{"rendered":"Under radaren: Europ\u00e6iske transfers du m\u00e5ske missede"},"content":{"rendered":"\n<h2 id=\"h-det-kan-v-re-sv-rt-at-holde-styr-p-de-mange-vintertransfere-s-her-f-r-du-overblikket-over-handler-du-m-ske-har-misset\">Det kan v\u00e6re sv\u00e6rt at holde styr p\u00e5 de mange vintertransfere, s\u00e5 her f\u00e5r du overblikket over handler, du m\u00e5ske har misset<\/h2>\n\n\n\n<p>Januars transfervindue sm\u00e6kkede i mandag ved midnat, og dermed er det slut med handler i denne omgang.<\/p>\n\n\n\n<p>Selvom markedet i denne s\u00e6son har v\u00e6ret alvorligt p\u00e5virket af corona-pandemien, og klubberne ikke har haft samme k\u00f8bekraft som tidligere, har vi alligevel set masser af handler.<\/p>\n\n\n\n<p>S\u00e5 mange, at det kan v\u00e6re sv\u00e6rt at f\u00f8lge med &#8211; specielt p\u00e5 transfervinduets sidste dag &#8211; og derfor har vi lavet et overblik over nogle af de transfers, du muligvis har misset i m\u00e6ngden.<\/p>\n\n\n\n<figure class=\"wp-block-table is-style-stripes\"><table><tbody><tr><td><strong>Spiller<\/strong><\/td><td><strong>Fra<\/strong><\/td><td><strong>Til<\/strong><\/td><td><strong>Pris<\/strong><\/td><\/tr><tr><td>Sebastien Haller<\/td><td>West Ham<\/td><td>Ajax<\/td><td>170 mio. kr.<\/td><\/tr><tr><td>Moussa Demb\u00e9l\u00e9<\/td><td>Lyon<\/td><td>Atl\u00e9tico<\/td><td>Leje<\/td><\/tr><tr><td>Dominik Szoboszlai<\/td><td>RB Salzburg<\/td><td>RB Leipzig<\/td><td>150 mio. kr.<\/td><\/tr><tr><td>Arkadiusz Milik<\/td><td>Napoli<\/td><td>Marseille<\/td><td>Leje<\/td><\/tr><tr><td>Amad Diallo<\/td><td>Atalanta<\/td><td>Man United<\/td><td>160 mio. kr.<\/td><\/tr><tr><td>Willian Jos\u00e9<\/td><td>Real Sociedad<\/td><td>Wolves<\/td><td>Leje<\/td><\/tr><tr><td>Papu G\u00f3mez<\/td><td>Atalanta<\/td><td>Sevilla<\/td><td>40 mio. kr.<\/td><\/tr><tr><td>Fikayo Tomori<\/td><td>Chelsea<\/td><td>AC Milan<\/td><td>Leje<\/td><\/tr><tr><td>Jean-Clair Todibo<\/td><td>Barcelona<\/td><td>Nice<\/td><td>Leje<\/td><\/tr><tr><td>Shkodran Mustafi<\/td><td>Arsenal<\/td><td>Schalke 04<\/td><td>Fri transfer<\/td><\/tr><tr><td>Joshua King<\/td><td>Bournemouth<\/td><td>Everton<\/td><td>40 mio. kr.<\/td><\/tr><tr><td>Jesse Lingard<\/td><td>Man United<\/td><td>West Ham<\/td><td>Leje<\/td><\/tr><tr><td>Daniele Rugani<\/td><td>Juventus<\/td><td>Cagliari<\/td><td>Leje<\/td><\/tr><tr><td>Stephan El Shaarawy<\/td><td>SH Shenhua<\/td><td>AS Roma<\/td><td>Fri Transfer<\/td><\/tr><tr><td>Mateo Musacchio<\/td><td>AC Milan<\/td><td>Lazio<\/td><td>Fri Transfer<\/td><\/tr><\/tbody><\/table><\/figure>\n","protected":false},"excerpt":{"rendered":"<p>Det kan v\u00e6re sv\u00e6rt at holde styr p\u00e5 de mange vintertransfere, s\u00e5 her f\u00e5r du overblikket over handler, du m\u00e5ske har misset<\/p>\n","protected":false},"author":705,"featured_media":250514,"comment_status":"open","ping_status":"closed","sticky":false,"template":"","format":"standard","meta":{"om_disable_all_campaigns":false,"push_articles_ronaldo":{"active":false,"canonical":0,"publish":false},"force_updates":null},"categories":[7],"tags":[143,303,397,134,131],"enet_tags":{"league":["54","87","53","47","55"],"sport_events":[]},"yoast_head":"<!-- This site is optimized with the Yoast SEO plugin v18.3 - https:\/\/yoast.com\/wordpress\/plugins\/seo\/ -->\n<title>Under radaren: Europ\u00e6iske transfers du m\u00e5ske missede<\/title>\n<meta name=\"description\" content=\"Det kan v\u00e6re sv\u00e6rt at holde styr p\u00e5 de mange vintertransfere, s\u00e5 her f\u00e5r du overblikket over handler, du m\u00e5ske har misset\" \/>\n<meta name=\"robots\" content=\"index, follow, max-snippet:-1, max-image-preview:large, max-video-preview:-1\" \/>\n<link rel=\"canonical\" href=\"https:\/\/acefootball.com\/da\/fodboldnyheder\/under-radaren-europaeiske-transfers-du-maaske-missede\/\" \/>\n<meta property=\"og:locale\" content=\"en_US\" \/>\n<meta property=\"og:type\" content=\"article\" \/>\n<meta property=\"og:title\" content=\"Under radaren: Europ\u00e6iske transfers du m\u00e5ske missede\" \/>\n<meta property=\"og:description\" content=\"Det kan v\u00e6re sv\u00e6rt at holde styr p\u00e5 de mange vintertransfere, s\u00e5 her f\u00e5r du overblikket over handler, du m\u00e5ske har misset\" \/>\n<meta property=\"og:url\" content=\"https:\/\/acefootball.com\/da\/fodboldnyheder\/under-radaren-europaeiske-transfers-du-maaske-missede\/\" \/>\n<meta property=\"og:site_name\" content=\"Ace Football Danmark\" \/>\n<meta property=\"article:publisher\" content=\"https:\/\/www.facebook.com\/acefootballdk\" \/>\n<meta property=\"article:published_time\" content=\"2021-02-02T11:59:50+00:00\" \/>\n<meta property=\"article:modified_time\" content=\"2021-02-02T11:59:51+00:00\" \/>\n<meta property=\"og:image\" content=\"https:\/\/acefootball.com\/da\/wp-content\/uploads\/sites\/2\/2021\/02\/Laes-mere-generel-16.jpg\" \/>\n\t<meta property=\"og:image:width\" content=\"1920\" \/>\n\t<meta property=\"og:image:height\" content=\"1008\" \/>\n\t<meta property=\"og:image:type\" content=\"image\/jpeg\" \/>\n<meta name=\"twitter:card\" content=\"summary_large_image\" \/>\n<meta name=\"twitter:label1\" content=\"Written by\" \/>\n\t<meta name=\"twitter:data1\" content=\"Mads Dreyer\" \/>\n\t<meta name=\"twitter:label2\" content=\"Est. reading time\" \/>\n\t<meta name=\"twitter:data2\" content=\"1 minute\" \/>\n<script type=\"application\/ld+json\" class=\"yoast-schema-graph\">{\"@context\":\"https:\/\/schema.org\",\"@graph\":[{\"@type\":\"Organization\",\"@id\":\"https:\/\/acefootball.com\/da\/#organization\",\"name\":\"Ace Football\",\"url\":\"https:\/\/acefootball.com\/da\/\",\"sameAs\":[\"https:\/\/www.facebook.com\/acefootballdk\"],\"logo\":{\"@type\":\"ImageObject\",\"@id\":\"https:\/\/acefootball.com\/da\/#logo\",\"inLanguage\":\"en-US\",\"url\":\"https:\/\/acefootball.com\/da\/wp-content\/uploads\/sites\/2\/2020\/07\/Ace-Football-30-07-2020-2.png\",\"contentUrl\":\"https:\/\/acefootball.com\/da\/wp-content\/uploads\/sites\/2\/2020\/07\/Ace-Football-30-07-2020-2.png\",\"width\":1200,\"height\":600,\"caption\":\"Ace Football\"},\"image\":{\"@id\":\"https:\/\/acefootball.com\/da\/#logo\"}},{\"@type\":\"WebSite\",\"@id\":\"https:\/\/acefootball.com\/da\/#website\",\"url\":\"https:\/\/acefootball.com\/da\/\",\"name\":\"Ace Football Danmark\",\"description\":\"Nyheder, Spiltips &amp; Livescore\",\"publisher\":{\"@id\":\"https:\/\/acefootball.com\/da\/#organization\"},\"potentialAction\":[{\"@type\":\"SearchAction\",\"target\":{\"@type\":\"EntryPoint\",\"urlTemplate\":\"https:\/\/acefootball.com\/da\/?s={search_term_string}\"},\"query-input\":\"required name=search_term_string\"}],\"inLanguage\":\"en-US\"},{\"@type\":\"ImageObject\",\"@id\":\"https:\/\/acefootball.com\/da\/fodboldnyheder\/under-radaren-europaeiske-transfers-du-maaske-missede\/#primaryimage\",\"inLanguage\":\"en-US\",\"url\":\"https:\/\/acefootball.com\/da\/wp-content\/uploads\/sites\/2\/2021\/02\/Laes-mere-generel-16.jpg\",\"contentUrl\":\"https:\/\/acefootball.com\/da\/wp-content\/uploads\/sites\/2\/2021\/02\/Laes-mere-generel-16.jpg\",\"width\":1920,\"height\":1008},{\"@type\":\"WebPage\",\"@id\":\"https:\/\/acefootball.com\/da\/fodboldnyheder\/under-radaren-europaeiske-transfers-du-maaske-missede\/#webpage\",\"url\":\"https:\/\/acefootball.com\/da\/fodboldnyheder\/under-radaren-europaeiske-transfers-du-maaske-missede\/\",\"name\":\"Under radaren: Europ\u00e6iske transfers du m\u00e5ske missede\",\"isPartOf\":{\"@id\":\"https:\/\/acefootball.com\/da\/#website\"},\"primaryImageOfPage\":{\"@id\":\"https:\/\/acefootball.com\/da\/fodboldnyheder\/under-radaren-europaeiske-transfers-du-maaske-missede\/#primaryimage\"},\"datePublished\":\"2021-02-02T11:59:50+00:00\",\"dateModified\":\"2021-02-02T11:59:51+00:00\",\"description\":\"Det kan v\u00e6re sv\u00e6rt at holde styr p\u00e5 de mange vintertransfere, s\u00e5 her f\u00e5r du overblikket over handler, du m\u00e5ske har misset\",\"breadcrumb\":{\"@id\":\"https:\/\/acefootball.com\/da\/fodboldnyheder\/under-radaren-europaeiske-transfers-du-maaske-missede\/#breadcrumb\"},\"inLanguage\":\"en-US\",\"potentialAction\":[{\"@type\":\"ReadAction\",\"target\":[\"https:\/\/acefootball.com\/da\/fodboldnyheder\/under-radaren-europaeiske-transfers-du-maaske-missede\/\"]}]},{\"@type\":\"BreadcrumbList\",\"@id\":\"https:\/\/acefootball.com\/da\/fodboldnyheder\/under-radaren-europaeiske-transfers-du-maaske-missede\/#breadcrumb\",\"itemListElement\":[{\"@type\":\"ListItem\",\"position\":1,\"name\":\"Home\",\"item\":\"https:\/\/acefootball.com\/da\/\"},{\"@type\":\"ListItem\",\"position\":2,\"name\":\"Under radaren: Europ\u00e6iske transfers du m\u00e5ske missede\"}]},{\"@type\":\"Article\",\"@id\":\"https:\/\/acefootball.com\/da\/fodboldnyheder\/under-radaren-europaeiske-transfers-du-maaske-missede\/#article\",\"isPartOf\":{\"@id\":\"https:\/\/acefootball.com\/da\/fodboldnyheder\/under-radaren-europaeiske-transfers-du-maaske-missede\/#webpage\"},\"author\":{\"@id\":\"https:\/\/acefootball.com\/da\/#\/schema\/person\/ee67e9cf04a276f144100ffa722f10cd\"},\"headline\":\"Under radaren: Europ\u00e6iske transfers du m\u00e5ske missede\",\"datePublished\":\"2021-02-02T11:59:50+00:00\",\"dateModified\":\"2021-02-02T11:59:51+00:00\",\"mainEntityOfPage\":{\"@id\":\"https:\/\/acefootball.com\/da\/fodboldnyheder\/under-radaren-europaeiske-transfers-du-maaske-missede\/#webpage\"},\"wordCount\":175,\"commentCount\":0,\"publisher\":{\"@id\":\"https:\/\/acefootball.com\/da\/#organization\"},\"image\":{\"@id\":\"https:\/\/acefootball.com\/da\/fodboldnyheder\/under-radaren-europaeiske-transfers-du-maaske-missede\/#primaryimage\"},\"thumbnailUrl\":\"https:\/\/acefootball.com\/da\/wp-content\/uploads\/sites\/2\/2021\/02\/GettyImages-1192570522.jpg\",\"keywords\":[\"Bundesliga\",\"La Liga\",\"Ligue 1\",\"Premier League\",\"Serie A\"],\"articleSection\":[\"Transfer\"],\"inLanguage\":\"en-US\",\"potentialAction\":[{\"@type\":\"CommentAction\",\"name\":\"Comment\",\"target\":[\"https:\/\/acefootball.com\/da\/fodboldnyheder\/under-radaren-europaeiske-transfers-du-maaske-missede\/#respond\"]}]},{\"@type\":\"Person\",\"@id\":\"https:\/\/acefootball.com\/da\/#\/schema\/person\/ee67e9cf04a276f144100ffa722f10cd\",\"name\":\"Mads Dreyer\",\"image\":{\"@type\":\"ImageObject\",\"@id\":\"https:\/\/acefootball.com\/da\/#personlogo\",\"inLanguage\":\"en-US\",\"url\":\"https:\/\/secure.gravatar.com\/avatar\/7c7abf72cfde9902b6a60efe60c88d4c?s=96&d=mm&r=g\",\"contentUrl\":\"https:\/\/secure.gravatar.com\/avatar\/7c7abf72cfde9902b6a60efe60c88d4c?s=96&d=mm&r=g\",\"caption\":\"Mads Dreyer\"},\"description\":\"Skribent og fodboldn\u00f8rd, der lige nu fort\u00e6ller om alt og intet i fodboldverdenen p\u00e5 acefootball.com. Uddannet i kommunikation fra Aalborg Universitet.\",\"sameAs\":[\"https:\/\/www.linkedin.com\/in\/mads-dreyer-b9b08266\/\"],\"url\":\"https:\/\/acefootball.com\/da\/fodboldnyheder\/author\/mdnronaldo\/\"}]}<\/script>\n<!-- \/ Yoast SEO plugin. -->","yoast_head_json":{"title":"Under radaren: Europ\u00e6iske transfers du m\u00e5ske missede","description":"Det kan v\u00e6re sv\u00e6rt at holde styr p\u00e5 de mange vintertransfere, s\u00e5 her f\u00e5r du overblikket over handler, du m\u00e5ske har misset","robots":{"index":"index","follow":"follow","max-snippet":"max-snippet:-1","max-image-preview":"max-image-preview:large","max-video-preview":"max-video-preview:-1"},"canonical":"https:\/\/acefootball.com\/da\/fodboldnyheder\/under-radaren-europaeiske-transfers-du-maaske-missede\/","og_locale":"en_US","og_type":"article","og_title":"Under radaren: Europ\u00e6iske transfers du m\u00e5ske missede","og_description":"Det kan v\u00e6re sv\u00e6rt at holde styr p\u00e5 de mange vintertransfere, s\u00e5 her f\u00e5r du overblikket over handler, du m\u00e5ske har misset","og_url":"https:\/\/acefootball.com\/da\/fodboldnyheder\/under-radaren-europaeiske-transfers-du-maaske-missede\/","og_site_name":"Ace Football Danmark","article_publisher":"https:\/\/www.facebook.com\/acefootballdk","article_published_time":"2021-02-02T11:59:50+00:00","article_modified_time":"2021-02-02T11:59:51+00:00","og_image":[{"width":1920,"height":1008,"url":"https:\/\/acefootball.com\/da\/wp-content\/uploads\/sites\/2\/2021\/02\/Laes-mere-generel-16.jpg","type":"image\/jpeg"}],"twitter_card":"summary_large_image","twitter_misc":{"Written by":"Mads Dreyer","Est. reading time":"1 minute"},"schema":{"@context":"https:\/\/schema.org","@graph":[{"@type":"Organization","@id":"https:\/\/acefootball.com\/da\/#organization","name":"Ace Football","url":"https:\/\/acefootball.com\/da\/","sameAs":["https:\/\/www.facebook.com\/acefootballdk"],"logo":{"@type":"ImageObject","@id":"https:\/\/acefootball.com\/da\/#logo","inLanguage":"en-US","url":"https:\/\/acefootball.com\/da\/wp-content\/uploads\/sites\/2\/2020\/07\/Ace-Football-30-07-2020-2.png","contentUrl":"https:\/\/acefootball.com\/da\/wp-content\/uploads\/sites\/2\/2020\/07\/Ace-Football-30-07-2020-2.png","width":1200,"height":600,"caption":"Ace Football"},"image":{"@id":"https:\/\/acefootball.com\/da\/#logo"}},{"@type":"WebSite","@id":"https:\/\/acefootball.com\/da\/#website","url":"https:\/\/acefootball.com\/da\/","name":"Ace Football Danmark","description":"Nyheder, Spiltips &amp; Livescore","publisher":{"@id":"https:\/\/acefootball.com\/da\/#organization"},"potentialAction":[{"@type":"SearchAction","target":{"@type":"EntryPoint","urlTemplate":"https:\/\/acefootball.com\/da\/?s={search_term_string}"},"query-input":"required name=search_term_string"}],"inLanguage":"en-US"},{"@type":"ImageObject","@id":"https:\/\/acefootball.com\/da\/fodboldnyheder\/under-radaren-europaeiske-transfers-du-maaske-missede\/#primaryimage","inLanguage":"en-US","url":"https:\/\/acefootball.com\/da\/wp-content\/uploads\/sites\/2\/2021\/02\/Laes-mere-generel-16.jpg","contentUrl":"https:\/\/acefootball.com\/da\/wp-content\/uploads\/sites\/2\/2021\/02\/Laes-mere-generel-16.jpg","width":1920,"height":1008},{"@type":"WebPage","@id":"https:\/\/acefootball.com\/da\/fodboldnyheder\/under-radaren-europaeiske-transfers-du-maaske-missede\/#webpage","url":"https:\/\/acefootball.com\/da\/fodboldnyheder\/under-radaren-europaeiske-transfers-du-maaske-missede\/","name":"Under radaren: Europ\u00e6iske transfers du m\u00e5ske missede","isPartOf":{"@id":"https:\/\/acefootball.com\/da\/#website"},"primaryImageOfPage":{"@id":"https:\/\/acefootball.com\/da\/fodboldnyheder\/under-radaren-europaeiske-transfers-du-maaske-missede\/#primaryimage"},"datePublished":"2021-02-02T11:59:50+00:00","dateModified":"2021-02-02T11:59:51+00:00","description":"Det kan v\u00e6re sv\u00e6rt at holde styr p\u00e5 de mange vintertransfere, s\u00e5 her f\u00e5r du overblikket over handler, du m\u00e5ske har misset","breadcrumb":{"@id":"https:\/\/acefootball.com\/da\/fodboldnyheder\/under-radaren-europaeiske-transfers-du-maaske-missede\/#breadcrumb"},"inLanguage":"en-US","potentialAction":[{"@type":"ReadAction","target":["https:\/\/acefootball.com\/da\/fodboldnyheder\/under-radaren-europaeiske-transfers-du-maaske-missede\/"]}]},{"@type":"BreadcrumbList","@id":"https:\/\/acefootball.com\/da\/fodboldnyheder\/under-radaren-europaeiske-transfers-du-maaske-missede\/#breadcrumb","itemListElement":[{"@type":"ListItem","position":1,"name":"Home","item":"https:\/\/acefootball.com\/da\/"},{"@type":"ListItem","position":2,"name":"Under radaren: Europ\u00e6iske transfers du m\u00e5ske missede"}]},{"@type":"Article","@id":"https:\/\/acefootball.com\/da\/fodboldnyheder\/under-radaren-europaeiske-transfers-du-maaske-missede\/#article","isPartOf":{"@id":"https:\/\/acefootball.com\/da\/fodboldnyheder\/under-radaren-europaeiske-transfers-du-maaske-missede\/#webpage"},"author":{"@id":"https:\/\/acefootball.com\/da\/#\/schema\/person\/ee67e9cf04a276f144100ffa722f10cd"},"headline":"Under radaren: Europ\u00e6iske transfers du m\u00e5ske missede","datePublished":"2021-02-02T11:59:50+00:00","dateModified":"2021-02-02T11:59:51+00:00","mainEntityOfPage":{"@id":"https:\/\/acefootball.com\/da\/fodboldnyheder\/under-radaren-europaeiske-transfers-du-maaske-missede\/#webpage"},"wordCount":175,"commentCount":0,"publisher":{"@id":"https:\/\/acefootball.com\/da\/#organization"},"image":{"@id":"https:\/\/acefootball.com\/da\/fodboldnyheder\/under-radaren-europaeiske-transfers-du-maaske-missede\/#primaryimage"},"thumbnailUrl":"https:\/\/acefootball.com\/da\/wp-content\/uploads\/sites\/2\/2021\/02\/GettyImages-1192570522.jpg","keywords":["Bundesliga","La Liga","Ligue 1","Premier League","Serie A"],"articleSection":["Transfer"],"inLanguage":"en-US","potentialAction":[{"@type":"CommentAction","name":"Comment","target":["https:\/\/acefootball.com\/da\/fodboldnyheder\/under-radaren-europaeiske-transfers-du-maaske-missede\/#respond"]}]},{"@type":"Person","@id":"https:\/\/acefootball.com\/da\/#\/schema\/person\/ee67e9cf04a276f144100ffa722f10cd","name":"Mads Dreyer","image":{"@type":"ImageObject","@id":"https:\/\/acefootball.com\/da\/#personlogo","inLanguage":"en-US","url":"https:\/\/secure.gravatar.com\/avatar\/7c7abf72cfde9902b6a60efe60c88d4c?s=96&d=mm&r=g","contentUrl":"https:\/\/secure.gravatar.com\/avatar\/7c7abf72cfde9902b6a60efe60c88d4c?s=96&d=mm&r=g","caption":"Mads Dreyer"},"description":"Skribent og fodboldn\u00f8rd, der lige nu fort\u00e6ller om alt og intet i fodboldverdenen p\u00e5 acefootball.com. Uddannet i kommunikation fra Aalborg Universitet.","sameAs":["https:\/\/www.linkedin.com\/in\/mads-dreyer-b9b08266\/"],"url":"https:\/\/acefootball.com\/da\/fodboldnyheder\/author\/mdnronaldo\/"}]}},"fimg_url":"https:\/\/acefootball.com\/da\/wp-content\/uploads\/sites\/2\/2021\/02\/GettyImages-1192570522.jpg","_links":{"self":[{"href":"https:\/\/acefootball.com\/da\/wp-json\/wp\/v2\/posts\/250512"}],"collection":[{"href":"https:\/\/acefootball.com\/da\/wp-json\/wp\/v2\/posts"}],"about":[{"href":"https:\/\/acefootball.com\/da\/wp-json\/wp\/v2\/types\/post"}],"author":[{"embeddable":true,"href":"https:\/\/acefootball.com\/da\/wp-json\/wp\/v2\/users\/705"}],"replies":[{"embeddable":true,"href":"https:\/\/acefootball.com\/da\/wp-json\/wp\/v2\/comments?post=250512"}],"version-history":[{"count":0,"href":"https:\/\/acefootball.com\/da\/wp-json\/wp\/v2\/posts\/250512\/revisions"}],"wp:featuredmedia":[{"embeddable":true,"href":"https:\/\/acefootball.com\/da\/wp-json\/wp\/v2\/media\/250514"}],"wp:attachment":[{"href":"https:\/\/acefootball.com\/da\/wp-json\/wp\/v2\/media?parent=250512"}],"wp:term":[{"taxonomy":"category","embeddable":true,"href":"https:\/\/acefootball.com\/da\/wp-json\/wp\/v2\/categories?post=250512"},{"taxonomy":"post_tag","embeddable":true,"href":"https:\/\/acefootball.com\/da\/wp-json\/wp\/v2\/tags?post=250512"}],"curies":[{"name":"wp","href":"https:\/\/api.w.org\/{rel}","templated":true}]}}