{"id":250452,"date":"2021-02-01T21:37:09","date_gmt":"2021-02-01T20:37:09","guid":{"rendered":"https:\/\/acefootball.com\/da\/?p=250452"},"modified":"2021-02-01T21:42:27","modified_gmt":"2021-02-01T20:42:27","slug":"officielt-fc-koebenhavn-praesenterer-lukas-lerager","status":"publish","type":"post","link":"https:\/\/acefootball.com\/da\/fodboldnyheder\/officielt-fc-koebenhavn-praesenterer-lukas-lerager\/","title":{"rendered":"OFFICIELT: FC K\u00f8benhavn pr\u00e6senterer Lukas Lerager"},"content":{"rendered":"\n<h2 id=\"h-fc-k-benhavn-har-f-timer-inden-transfervinduets-lukning-pr-senteret-lukas-lerager-som-ny-spiller-i-klubben\">FC K\u00f8benhavn har f\u00e5 timer inden transfervinduets lukning pr\u00e6senteret Lukas Lerager som ny spiller i klubben<\/h2>\n\n\n\n<p>Efter masser af spekulationer i l\u00f8bet af mandagen er det nu officielt, at FC K\u00f8benhavn henter Lukas Lerager tilbage til Danmark.<\/p>\n\n\n\n<p>Klubben har netop pr\u00e6senteret spilleren i en video p\u00e5 sociale medier, hvor landsholdsspilleren har if\u00f8rt sig den hvide FCK-tr\u00f8je.<\/p>\n\n\n\n<figure class=\"wp-block-embed is-type-rich is-provider-twitter wp-block-embed-twitter\"><div class=\"wp-block-embed__wrapper\">\n<blockquote class=\"twitter-tweet\" data-width=\"550\" data-dnt=\"true\"><p lang=\"en\" dir=\"ltr\">Final call for passengers for Copenhagen Airlines flight 1992 \ud83d\udeeb<a href=\"https:\/\/twitter.com\/hashtag\/fcklive?src=hash&amp;ref_src=twsrc%5Etfw\">#fcklive<\/a> <a href=\"https:\/\/twitter.com\/hashtag\/sldk?src=hash&amp;ref_src=twsrc%5Etfw\">#sldk<\/a> <a href=\"https:\/\/t.co\/HTJ87NXS7j\">pic.twitter.com\/HTJ87NXS7j<\/a><\/p>&mdash; F.C. K\u00f8benhavn (@FCKobenhavn) <a href=\"https:\/\/twitter.com\/FCKobenhavn\/status\/1356339262174752771?ref_src=twsrc%5Etfw\">February 1, 2021<\/a><\/blockquote><script async src=\"https:\/\/platform.twitter.com\/widgets.js\" charset=\"utf-8\"><\/script>\n<\/div><\/figure>\n\n\n\n<p>Lerager kommer til FC K\u00f8benhavn p\u00e5 en lejeaftale, som kan g\u00f8res til en permanent transfer p\u00e5 et senere tidspunkt.<\/p>\n\n\n\n<p>Der har v\u00e6ret spekuleret i, at lejeaftalen ogs\u00e5 kunne inkludere hele n\u00e6ste s\u00e6son, men l\u00e6ngden p\u00e5 aftalen er ikke oplyst.<\/p>\n","protected":false},"excerpt":{"rendered":"<p>FC K\u00f8benhavn har f\u00e5 timer inden transfervinduets lukning pr\u00e6senteret Lukas Lerager som ny spiller i klubben<\/p>\n","protected":false},"author":705,"featured_media":249971,"comment_status":"open","ping_status":"closed","sticky":false,"template":"","format":"video","meta":{"om_disable_all_campaigns":false,"push_articles_ronaldo":{"active":false,"canonical":0,"publish":false},"force_updates":null},"categories":[8327],"tags":[692,16,1552,757,131,588],"enet_tags":{"team":["8238","8391","10233"],"player":["262739"],"league":["55","46"],"sport_events":[]},"yoast_head":"<!-- This site is optimized with the Yoast SEO plugin v18.3 - https:\/\/yoast.com\/wordpress\/plugins\/seo\/ -->\n<title>OFFICIELT: FC K\u00f8benhavn pr\u00e6senterer Lukas Lerager<\/title>\n<meta name=\"description\" content=\"FC K\u00f8benhavn har f\u00e5 timer inden transfervinduets lukning pr\u00e6senteret Lukas Lerager som ny spiller i klubben\" \/>\n<meta name=\"robots\" content=\"index, follow, max-snippet:-1, max-image-preview:large, max-video-preview:-1\" \/>\n<link rel=\"canonical\" href=\"https:\/\/acefootball.com\/da\/fodboldnyheder\/officielt-fc-koebenhavn-praesenterer-lukas-lerager\/\" \/>\n<meta property=\"og:locale\" content=\"en_US\" \/>\n<meta property=\"og:type\" content=\"article\" \/>\n<meta property=\"og:title\" content=\"OFFICIELT: FC K\u00f8benhavn pr\u00e6senterer Lukas Lerager\" \/>\n<meta property=\"og:description\" content=\"FC K\u00f8benhavn har f\u00e5 timer inden transfervinduets lukning pr\u00e6senteret Lukas Lerager som ny spiller i klubben\" \/>\n<meta property=\"og:url\" content=\"https:\/\/acefootball.com\/da\/fodboldnyheder\/officielt-fc-koebenhavn-praesenterer-lukas-lerager\/\" \/>\n<meta property=\"og:site_name\" content=\"Ace Football Danmark\" \/>\n<meta property=\"article:publisher\" content=\"https:\/\/www.facebook.com\/acefootballdk\" \/>\n<meta property=\"article:published_time\" content=\"2021-02-01T20:37:09+00:00\" \/>\n<meta property=\"article:modified_time\" content=\"2021-02-01T20:42:27+00:00\" \/>\n<meta property=\"og:image\" content=\"https:\/\/acefootball.com\/da\/wp-content\/uploads\/sites\/2\/2021\/01\/GettyImages-1229801577.jpg\" \/>\n\t<meta property=\"og:image:width\" content=\"1024\" \/>\n\t<meta property=\"og:image:height\" content=\"682\" \/>\n\t<meta property=\"og:image:type\" content=\"image\/jpeg\" \/>\n<meta name=\"twitter:card\" content=\"summary_large_image\" \/>\n<meta name=\"twitter:label1\" content=\"Written by\" \/>\n\t<meta name=\"twitter:data1\" content=\"Mads Dreyer\" \/>\n\t<meta name=\"twitter:label2\" content=\"Est. reading time\" \/>\n\t<meta name=\"twitter:data2\" content=\"1 minute\" \/>\n<script type=\"application\/ld+json\" class=\"yoast-schema-graph\">{\"@context\":\"https:\/\/schema.org\",\"@graph\":[{\"@type\":\"Organization\",\"@id\":\"https:\/\/acefootball.com\/da\/#organization\",\"name\":\"Ace Football\",\"url\":\"https:\/\/acefootball.com\/da\/\",\"sameAs\":[\"https:\/\/www.facebook.com\/acefootballdk\"],\"logo\":{\"@type\":\"ImageObject\",\"@id\":\"https:\/\/acefootball.com\/da\/#logo\",\"inLanguage\":\"en-US\",\"url\":\"https:\/\/acefootball.com\/da\/wp-content\/uploads\/sites\/2\/2020\/07\/Ace-Football-30-07-2020-2.png\",\"contentUrl\":\"https:\/\/acefootball.com\/da\/wp-content\/uploads\/sites\/2\/2020\/07\/Ace-Football-30-07-2020-2.png\",\"width\":1200,\"height\":600,\"caption\":\"Ace Football\"},\"image\":{\"@id\":\"https:\/\/acefootball.com\/da\/#logo\"}},{\"@type\":\"WebSite\",\"@id\":\"https:\/\/acefootball.com\/da\/#website\",\"url\":\"https:\/\/acefootball.com\/da\/\",\"name\":\"Ace Football Danmark\",\"description\":\"Nyheder, Spiltips &amp; Livescore\",\"publisher\":{\"@id\":\"https:\/\/acefootball.com\/da\/#organization\"},\"potentialAction\":[{\"@type\":\"SearchAction\",\"target\":{\"@type\":\"EntryPoint\",\"urlTemplate\":\"https:\/\/acefootball.com\/da\/?s={search_term_string}\"},\"query-input\":\"required name=search_term_string\"}],\"inLanguage\":\"en-US\"},{\"@type\":\"ImageObject\",\"@id\":\"https:\/\/acefootball.com\/da\/fodboldnyheder\/officielt-fc-koebenhavn-praesenterer-lukas-lerager\/#primaryimage\",\"inLanguage\":\"en-US\",\"url\":\"https:\/\/acefootball.com\/da\/wp-content\/uploads\/sites\/2\/2021\/01\/GettyImages-1229801577.jpg\",\"contentUrl\":\"https:\/\/acefootball.com\/da\/wp-content\/uploads\/sites\/2\/2021\/01\/GettyImages-1229801577.jpg\",\"width\":1024,\"height\":682,\"caption\":\"GENOA, ITALY - NOVEMBER 26: Lukas Lerager of Genoa CFC celebrates after scoring second goal during the Coppa Italia match between UC Sampdoria and Genoa CFC at Stadio Luigi Ferraris on November 26, 2020 in Genoa, Italy. (Photo by Paolo Rattini\/Getty Images)\"},{\"@type\":\"WebPage\",\"@id\":\"https:\/\/acefootball.com\/da\/fodboldnyheder\/officielt-fc-koebenhavn-praesenterer-lukas-lerager\/#webpage\",\"url\":\"https:\/\/acefootball.com\/da\/fodboldnyheder\/officielt-fc-koebenhavn-praesenterer-lukas-lerager\/\",\"name\":\"OFFICIELT: FC K\u00f8benhavn pr\u00e6senterer Lukas Lerager\",\"isPartOf\":{\"@id\":\"https:\/\/acefootball.com\/da\/#website\"},\"primaryImageOfPage\":{\"@id\":\"https:\/\/acefootball.com\/da\/fodboldnyheder\/officielt-fc-koebenhavn-praesenterer-lukas-lerager\/#primaryimage\"},\"datePublished\":\"2021-02-01T20:37:09+00:00\",\"dateModified\":\"2021-02-01T20:42:27+00:00\",\"description\":\"FC K\u00f8benhavn har f\u00e5 timer inden transfervinduets lukning pr\u00e6senteret Lukas Lerager som ny spiller i klubben\",\"breadcrumb\":{\"@id\":\"https:\/\/acefootball.com\/da\/fodboldnyheder\/officielt-fc-koebenhavn-praesenterer-lukas-lerager\/#breadcrumb\"},\"inLanguage\":\"en-US\",\"potentialAction\":[{\"@type\":\"ReadAction\",\"target\":[\"https:\/\/acefootball.com\/da\/fodboldnyheder\/officielt-fc-koebenhavn-praesenterer-lukas-lerager\/\"]}]},{\"@type\":\"BreadcrumbList\",\"@id\":\"https:\/\/acefootball.com\/da\/fodboldnyheder\/officielt-fc-koebenhavn-praesenterer-lukas-lerager\/#breadcrumb\",\"itemListElement\":[{\"@type\":\"ListItem\",\"position\":1,\"name\":\"Home\",\"item\":\"https:\/\/acefootball.com\/da\/\"},{\"@type\":\"ListItem\",\"position\":2,\"name\":\"OFFICIELT: FC K\u00f8benhavn pr\u00e6senterer Lukas Lerager\"}]},{\"@type\":\"Article\",\"@id\":\"https:\/\/acefootball.com\/da\/fodboldnyheder\/officielt-fc-koebenhavn-praesenterer-lukas-lerager\/#article\",\"isPartOf\":{\"@id\":\"https:\/\/acefootball.com\/da\/fodboldnyheder\/officielt-fc-koebenhavn-praesenterer-lukas-lerager\/#webpage\"},\"author\":{\"@id\":\"https:\/\/acefootball.com\/da\/#\/schema\/person\/ee67e9cf04a276f144100ffa722f10cd\"},\"headline\":\"OFFICIELT: FC K\u00f8benhavn pr\u00e6senterer Lukas Lerager\",\"datePublished\":\"2021-02-01T20:37:09+00:00\",\"dateModified\":\"2021-02-01T20:42:27+00:00\",\"mainEntityOfPage\":{\"@id\":\"https:\/\/acefootball.com\/da\/fodboldnyheder\/officielt-fc-koebenhavn-praesenterer-lukas-lerager\/#webpage\"},\"wordCount\":121,\"commentCount\":0,\"publisher\":{\"@id\":\"https:\/\/acefootball.com\/da\/#organization\"},\"image\":{\"@id\":\"https:\/\/acefootball.com\/da\/fodboldnyheder\/officielt-fc-koebenhavn-praesenterer-lukas-lerager\/#primaryimage\"},\"thumbnailUrl\":\"https:\/\/acefootball.com\/da\/wp-content\/uploads\/sites\/2\/2021\/01\/GettyImages-1229801577.jpg\",\"keywords\":[\"Danmark\",\"FC K\u00f8benhavn\",\"Genoa\",\"Lukas Lerager\",\"Serie A\",\"Superligaen\"],\"articleSection\":[\"Topnyhed\"],\"inLanguage\":\"en-US\",\"potentialAction\":[{\"@type\":\"CommentAction\",\"name\":\"Comment\",\"target\":[\"https:\/\/acefootball.com\/da\/fodboldnyheder\/officielt-fc-koebenhavn-praesenterer-lukas-lerager\/#respond\"]}]},{\"@type\":\"Person\",\"@id\":\"https:\/\/acefootball.com\/da\/#\/schema\/person\/ee67e9cf04a276f144100ffa722f10cd\",\"name\":\"Mads Dreyer\",\"image\":{\"@type\":\"ImageObject\",\"@id\":\"https:\/\/acefootball.com\/da\/#personlogo\",\"inLanguage\":\"en-US\",\"url\":\"https:\/\/secure.gravatar.com\/avatar\/7c7abf72cfde9902b6a60efe60c88d4c?s=96&d=mm&r=g\",\"contentUrl\":\"https:\/\/secure.gravatar.com\/avatar\/7c7abf72cfde9902b6a60efe60c88d4c?s=96&d=mm&r=g\",\"caption\":\"Mads Dreyer\"},\"description\":\"Skribent og fodboldn\u00f8rd, der lige nu fort\u00e6ller om alt og intet i fodboldverdenen p\u00e5 acefootball.com. Uddannet i kommunikation fra Aalborg Universitet.\",\"sameAs\":[\"https:\/\/www.linkedin.com\/in\/mads-dreyer-b9b08266\/\"],\"url\":\"https:\/\/acefootball.com\/da\/fodboldnyheder\/author\/mdnronaldo\/\"}]}<\/script>\n<!-- \/ Yoast SEO plugin. -->","yoast_head_json":{"title":"OFFICIELT: FC K\u00f8benhavn pr\u00e6senterer Lukas Lerager","description":"FC K\u00f8benhavn har f\u00e5 timer inden transfervinduets lukning pr\u00e6senteret Lukas Lerager som ny spiller i klubben","robots":{"index":"index","follow":"follow","max-snippet":"max-snippet:-1","max-image-preview":"max-image-preview:large","max-video-preview":"max-video-preview:-1"},"canonical":"https:\/\/acefootball.com\/da\/fodboldnyheder\/officielt-fc-koebenhavn-praesenterer-lukas-lerager\/","og_locale":"en_US","og_type":"article","og_title":"OFFICIELT: FC K\u00f8benhavn pr\u00e6senterer Lukas Lerager","og_description":"FC K\u00f8benhavn har f\u00e5 timer inden transfervinduets lukning pr\u00e6senteret Lukas Lerager som ny spiller i klubben","og_url":"https:\/\/acefootball.com\/da\/fodboldnyheder\/officielt-fc-koebenhavn-praesenterer-lukas-lerager\/","og_site_name":"Ace Football Danmark","article_publisher":"https:\/\/www.facebook.com\/acefootballdk","article_published_time":"2021-02-01T20:37:09+00:00","article_modified_time":"2021-02-01T20:42:27+00:00","og_image":[{"width":1024,"height":682,"url":"https:\/\/acefootball.com\/da\/wp-content\/uploads\/sites\/2\/2021\/01\/GettyImages-1229801577.jpg","type":"image\/jpeg"}],"twitter_card":"summary_large_image","twitter_misc":{"Written by":"Mads Dreyer","Est. reading time":"1 minute"},"schema":{"@context":"https:\/\/schema.org","@graph":[{"@type":"Organization","@id":"https:\/\/acefootball.com\/da\/#organization","name":"Ace Football","url":"https:\/\/acefootball.com\/da\/","sameAs":["https:\/\/www.facebook.com\/acefootballdk"],"logo":{"@type":"ImageObject","@id":"https:\/\/acefootball.com\/da\/#logo","inLanguage":"en-US","url":"https:\/\/acefootball.com\/da\/wp-content\/uploads\/sites\/2\/2020\/07\/Ace-Football-30-07-2020-2.png","contentUrl":"https:\/\/acefootball.com\/da\/wp-content\/uploads\/sites\/2\/2020\/07\/Ace-Football-30-07-2020-2.png","width":1200,"height":600,"caption":"Ace Football"},"image":{"@id":"https:\/\/acefootball.com\/da\/#logo"}},{"@type":"WebSite","@id":"https:\/\/acefootball.com\/da\/#website","url":"https:\/\/acefootball.com\/da\/","name":"Ace Football Danmark","description":"Nyheder, Spiltips &amp; Livescore","publisher":{"@id":"https:\/\/acefootball.com\/da\/#organization"},"potentialAction":[{"@type":"SearchAction","target":{"@type":"EntryPoint","urlTemplate":"https:\/\/acefootball.com\/da\/?s={search_term_string}"},"query-input":"required name=search_term_string"}],"inLanguage":"en-US"},{"@type":"ImageObject","@id":"https:\/\/acefootball.com\/da\/fodboldnyheder\/officielt-fc-koebenhavn-praesenterer-lukas-lerager\/#primaryimage","inLanguage":"en-US","url":"https:\/\/acefootball.com\/da\/wp-content\/uploads\/sites\/2\/2021\/01\/GettyImages-1229801577.jpg","contentUrl":"https:\/\/acefootball.com\/da\/wp-content\/uploads\/sites\/2\/2021\/01\/GettyImages-1229801577.jpg","width":1024,"height":682,"caption":"GENOA, ITALY - NOVEMBER 26: Lukas Lerager of Genoa CFC celebrates after scoring second goal during the Coppa Italia match between UC Sampdoria and Genoa CFC at Stadio Luigi Ferraris on November 26, 2020 in Genoa, Italy. (Photo by Paolo Rattini\/Getty Images)"},{"@type":"WebPage","@id":"https:\/\/acefootball.com\/da\/fodboldnyheder\/officielt-fc-koebenhavn-praesenterer-lukas-lerager\/#webpage","url":"https:\/\/acefootball.com\/da\/fodboldnyheder\/officielt-fc-koebenhavn-praesenterer-lukas-lerager\/","name":"OFFICIELT: FC K\u00f8benhavn pr\u00e6senterer Lukas Lerager","isPartOf":{"@id":"https:\/\/acefootball.com\/da\/#website"},"primaryImageOfPage":{"@id":"https:\/\/acefootball.com\/da\/fodboldnyheder\/officielt-fc-koebenhavn-praesenterer-lukas-lerager\/#primaryimage"},"datePublished":"2021-02-01T20:37:09+00:00","dateModified":"2021-02-01T20:42:27+00:00","description":"FC K\u00f8benhavn har f\u00e5 timer inden transfervinduets lukning pr\u00e6senteret Lukas Lerager som ny spiller i klubben","breadcrumb":{"@id":"https:\/\/acefootball.com\/da\/fodboldnyheder\/officielt-fc-koebenhavn-praesenterer-lukas-lerager\/#breadcrumb"},"inLanguage":"en-US","potentialAction":[{"@type":"ReadAction","target":["https:\/\/acefootball.com\/da\/fodboldnyheder\/officielt-fc-koebenhavn-praesenterer-lukas-lerager\/"]}]},{"@type":"BreadcrumbList","@id":"https:\/\/acefootball.com\/da\/fodboldnyheder\/officielt-fc-koebenhavn-praesenterer-lukas-lerager\/#breadcrumb","itemListElement":[{"@type":"ListItem","position":1,"name":"Home","item":"https:\/\/acefootball.com\/da\/"},{"@type":"ListItem","position":2,"name":"OFFICIELT: FC K\u00f8benhavn pr\u00e6senterer Lukas Lerager"}]},{"@type":"Article","@id":"https:\/\/acefootball.com\/da\/fodboldnyheder\/officielt-fc-koebenhavn-praesenterer-lukas-lerager\/#article","isPartOf":{"@id":"https:\/\/acefootball.com\/da\/fodboldnyheder\/officielt-fc-koebenhavn-praesenterer-lukas-lerager\/#webpage"},"author":{"@id":"https:\/\/acefootball.com\/da\/#\/schema\/person\/ee67e9cf04a276f144100ffa722f10cd"},"headline":"OFFICIELT: FC K\u00f8benhavn pr\u00e6senterer Lukas Lerager","datePublished":"2021-02-01T20:37:09+00:00","dateModified":"2021-02-01T20:42:27+00:00","mainEntityOfPage":{"@id":"https:\/\/acefootball.com\/da\/fodboldnyheder\/officielt-fc-koebenhavn-praesenterer-lukas-lerager\/#webpage"},"wordCount":121,"commentCount":0,"publisher":{"@id":"https:\/\/acefootball.com\/da\/#organization"},"image":{"@id":"https:\/\/acefootball.com\/da\/fodboldnyheder\/officielt-fc-koebenhavn-praesenterer-lukas-lerager\/#primaryimage"},"thumbnailUrl":"https:\/\/acefootball.com\/da\/wp-content\/uploads\/sites\/2\/2021\/01\/GettyImages-1229801577.jpg","keywords":["Danmark","FC K\u00f8benhavn","Genoa","Lukas Lerager","Serie A","Superligaen"],"articleSection":["Topnyhed"],"inLanguage":"en-US","potentialAction":[{"@type":"CommentAction","name":"Comment","target":["https:\/\/acefootball.com\/da\/fodboldnyheder\/officielt-fc-koebenhavn-praesenterer-lukas-lerager\/#respond"]}]},{"@type":"Person","@id":"https:\/\/acefootball.com\/da\/#\/schema\/person\/ee67e9cf04a276f144100ffa722f10cd","name":"Mads Dreyer","image":{"@type":"ImageObject","@id":"https:\/\/acefootball.com\/da\/#personlogo","inLanguage":"en-US","url":"https:\/\/secure.gravatar.com\/avatar\/7c7abf72cfde9902b6a60efe60c88d4c?s=96&d=mm&r=g","contentUrl":"https:\/\/secure.gravatar.com\/avatar\/7c7abf72cfde9902b6a60efe60c88d4c?s=96&d=mm&r=g","caption":"Mads Dreyer"},"description":"Skribent og fodboldn\u00f8rd, der lige nu fort\u00e6ller om alt og intet i fodboldverdenen p\u00e5 acefootball.com. Uddannet i kommunikation fra Aalborg Universitet.","sameAs":["https:\/\/www.linkedin.com\/in\/mads-dreyer-b9b08266\/"],"url":"https:\/\/acefootball.com\/da\/fodboldnyheder\/author\/mdnronaldo\/"}]}},"fimg_url":"https:\/\/acefootball.com\/da\/wp-content\/uploads\/sites\/2\/2021\/01\/GettyImages-1229801577.jpg","_links":{"self":[{"href":"https:\/\/acefootball.com\/da\/wp-json\/wp\/v2\/posts\/250452"}],"collection":[{"href":"https:\/\/acefootball.com\/da\/wp-json\/wp\/v2\/posts"}],"about":[{"href":"https:\/\/acefootball.com\/da\/wp-json\/wp\/v2\/types\/post"}],"author":[{"embeddable":true,"href":"https:\/\/acefootball.com\/da\/wp-json\/wp\/v2\/users\/705"}],"replies":[{"embeddable":true,"href":"https:\/\/acefootball.com\/da\/wp-json\/wp\/v2\/comments?post=250452"}],"version-history":[{"count":0,"href":"https:\/\/acefootball.com\/da\/wp-json\/wp\/v2\/posts\/250452\/revisions"}],"wp:featuredmedia":[{"embeddable":true,"href":"https:\/\/acefootball.com\/da\/wp-json\/wp\/v2\/media\/249971"}],"wp:attachment":[{"href":"https:\/\/acefootball.com\/da\/wp-json\/wp\/v2\/media?parent=250452"}],"wp:term":[{"taxonomy":"category","embeddable":true,"href":"https:\/\/acefootball.com\/da\/wp-json\/wp\/v2\/categories?post=250452"},{"taxonomy":"post_tag","embeddable":true,"href":"https:\/\/acefootball.com\/da\/wp-json\/wp\/v2\/tags?post=250452"}],"curies":[{"name":"wp","href":"https:\/\/api.w.org\/{rel}","templated":true}]}}