{"id":250411,"date":"2021-02-01T17:04:55","date_gmt":"2021-02-01T16:04:55","guid":{"rendered":"https:\/\/acefootball.com\/da\/?p=250411"},"modified":"2021-02-01T17:13:21","modified_gmt":"2021-02-01T16:13:21","slug":"hvem-kommer-fck-med-kaempe-transfer-teaser","status":"publish","type":"post","link":"https:\/\/acefootball.com\/da\/fodboldnyheder\/hvem-kommer-fck-med-kaempe-transfer-teaser\/","title":{"rendered":"Hvem kommer? &#8211; FCK med k\u00e6mpe transfer-teaser"},"content":{"rendered":"\n<h2 id=\"h-fc-k-benhavn-har-lagt-noget-af-en-teaser-p-sociale-medier-og-meget-tyder-p-at-der-er-en-transfer-p-vej\">FC K\u00f8benhavn har lagt noget af en teaser p\u00e5 sociale medier, og meget tyder p\u00e5, at der er en transfer p\u00e5 vej<\/h2>\n\n\n\n<p>P\u00e5 transfervinduets sidste dag har FC K\u00f8benhavn nu leveret noget af en teaser p\u00e5 sociale medier.<\/p>\n\n\n\n<p>I en kort video ser man billeder af et fly, der enten lige er ankommet eller er p\u00e5 vej afsted, hvilket i den grad l\u00e6gger op til en handel i l\u00f8bet af de sidste timer, inden vinduet lukker til midnat.<\/p>\n\n\n\n<figure class=\"wp-block-embed is-type-rich is-provider-twitter wp-block-embed-twitter\"><div class=\"wp-block-embed__wrapper\">\n<blockquote class=\"twitter-tweet\" data-width=\"550\" data-dnt=\"true\"><p lang=\"da\" dir=\"ltr\">Det er da i grunden dejligt vejr til en flyvetur&#8230; \u2708\ufe0f <a href=\"https:\/\/twitter.com\/hashtag\/fcklive?src=hash&amp;ref_src=twsrc%5Etfw\">#fcklive<\/a> <a href=\"https:\/\/twitter.com\/hashtag\/sldk?src=hash&amp;ref_src=twsrc%5Etfw\">#sldk<\/a> <a href=\"https:\/\/t.co\/K4uK4sLNcL\">pic.twitter.com\/K4uK4sLNcL<\/a><\/p>&mdash; F.C. K\u00f8benhavn (@FCKobenhavn) <a href=\"https:\/\/twitter.com\/FCKobenhavn\/status\/1356269917989965824?ref_src=twsrc%5Etfw\">February 1, 2021<\/a><\/blockquote><script async src=\"https:\/\/platform.twitter.com\/widgets.js\" charset=\"utf-8\"><\/script>\n<\/div><\/figure>\n\n\n\n<p>Det forventes at omhandle Lukas Lerager, der p\u00e5 det seneste er rygtet t\u00e6t p\u00e5 et skifte til FC K\u00f8benhavn. Det bekr\u00e6ftes ogs\u00e5 af B.T.-journalisten Michel Wikkels\u00f8 Davidsen.<\/p>\n\n\n\n<figure class=\"wp-block-embed is-type-rich is-provider-twitter wp-block-embed-twitter\"><div class=\"wp-block-embed__wrapper\">\n<blockquote class=\"twitter-tweet\" data-width=\"550\" data-dnt=\"true\"><p lang=\"da\" dir=\"ltr\">Det er Lukas Lerager, som FC K\u00f8benhavn er p\u00e5 vej ned og hente i privatfly. Alt er i princippet p\u00e5 plads i den aftale nu. Lerager og FCK er som tidligere skrevet enige, og nu er klubberne ogs\u00e5. Men FCK har stadig den lille frygt, at Genoa tr\u00e6kker stikket til allersidst.<\/p>&mdash; Michel Wikkels\u00f8 Davidsen (@michelwd) <a href=\"https:\/\/twitter.com\/michelwd\/status\/1356273858442100739?ref_src=twsrc%5Etfw\">February 1, 2021<\/a><\/blockquote><script async src=\"https:\/\/platform.twitter.com\/widgets.js\" charset=\"utf-8\"><\/script>\n<\/div><\/figure>\n","protected":false},"excerpt":{"rendered":"<p>FC K\u00f8benhavn har lagt noget af en teaser p\u00e5 sociale medier, og meget tyder p\u00e5, at der er en transfer p\u00e5 vej<\/p>\n","protected":false},"author":705,"featured_media":240947,"comment_status":"open","ping_status":"closed","sticky":false,"template":"","format":"video","meta":{"om_disable_all_campaigns":false,"push_articles_ronaldo":{"active":false,"canonical":0,"publish":false},"force_updates":null},"categories":[8098],"tags":[16,588],"enet_tags":{"team":["8391"],"league":["46"],"sport_events":[]},"yoast_head":"<!-- This site is optimized with the Yoast SEO plugin v18.3 - https:\/\/yoast.com\/wordpress\/plugins\/seo\/ -->\n<title>Hvem kommer? - FCK med k\u00e6mpe transfer-teaser<\/title>\n<meta name=\"description\" content=\"FC K\u00f8benhavn har lagt noget af en teaser p\u00e5 sociale medier, og meget tyder p\u00e5, at der er en transfer p\u00e5 vej\" \/>\n<meta name=\"robots\" content=\"index, follow, max-snippet:-1, max-image-preview:large, max-video-preview:-1\" \/>\n<link rel=\"canonical\" href=\"https:\/\/acefootball.com\/da\/fodboldnyheder\/hvem-kommer-fck-med-kaempe-transfer-teaser\/\" \/>\n<meta property=\"og:locale\" content=\"en_US\" \/>\n<meta property=\"og:type\" content=\"article\" \/>\n<meta property=\"og:title\" content=\"Hvem kommer? - FCK med k\u00e6mpe transfer-teaser\" \/>\n<meta property=\"og:description\" content=\"FC K\u00f8benhavn har lagt noget af en teaser p\u00e5 sociale medier, og meget tyder p\u00e5, at der er en transfer p\u00e5 vej\" \/>\n<meta property=\"og:url\" content=\"https:\/\/acefootball.com\/da\/fodboldnyheder\/hvem-kommer-fck-med-kaempe-transfer-teaser\/\" \/>\n<meta property=\"og:site_name\" content=\"Ace Football Danmark\" \/>\n<meta property=\"article:publisher\" content=\"https:\/\/www.facebook.com\/acefootballdk\" \/>\n<meta property=\"article:published_time\" content=\"2021-02-01T16:04:55+00:00\" \/>\n<meta property=\"article:modified_time\" content=\"2021-02-01T16:13:21+00:00\" \/>\n<meta property=\"og:image\" content=\"https:\/\/acefootball.com\/da\/wp-content\/uploads\/sites\/2\/2021\/02\/Video-generel-1.jpg\" \/>\n\t<meta property=\"og:image:width\" content=\"1920\" \/>\n\t<meta property=\"og:image:height\" content=\"1008\" \/>\n\t<meta property=\"og:image:type\" content=\"image\/jpeg\" \/>\n<meta name=\"twitter:card\" content=\"summary_large_image\" \/>\n<meta name=\"twitter:label1\" content=\"Written by\" \/>\n\t<meta name=\"twitter:data1\" content=\"Mads Dreyer\" \/>\n\t<meta name=\"twitter:label2\" content=\"Est. reading time\" \/>\n\t<meta name=\"twitter:data2\" content=\"1 minute\" \/>\n<script type=\"application\/ld+json\" class=\"yoast-schema-graph\">{\"@context\":\"https:\/\/schema.org\",\"@graph\":[{\"@type\":\"Organization\",\"@id\":\"https:\/\/acefootball.com\/da\/#organization\",\"name\":\"Ace Football\",\"url\":\"https:\/\/acefootball.com\/da\/\",\"sameAs\":[\"https:\/\/www.facebook.com\/acefootballdk\"],\"logo\":{\"@type\":\"ImageObject\",\"@id\":\"https:\/\/acefootball.com\/da\/#logo\",\"inLanguage\":\"en-US\",\"url\":\"https:\/\/acefootball.com\/da\/wp-content\/uploads\/sites\/2\/2020\/07\/Ace-Football-30-07-2020-2.png\",\"contentUrl\":\"https:\/\/acefootball.com\/da\/wp-content\/uploads\/sites\/2\/2020\/07\/Ace-Football-30-07-2020-2.png\",\"width\":1200,\"height\":600,\"caption\":\"Ace Football\"},\"image\":{\"@id\":\"https:\/\/acefootball.com\/da\/#logo\"}},{\"@type\":\"WebSite\",\"@id\":\"https:\/\/acefootball.com\/da\/#website\",\"url\":\"https:\/\/acefootball.com\/da\/\",\"name\":\"Ace Football Danmark\",\"description\":\"Nyheder, Spiltips &amp; Livescore\",\"publisher\":{\"@id\":\"https:\/\/acefootball.com\/da\/#organization\"},\"potentialAction\":[{\"@type\":\"SearchAction\",\"target\":{\"@type\":\"EntryPoint\",\"urlTemplate\":\"https:\/\/acefootball.com\/da\/?s={search_term_string}\"},\"query-input\":\"required name=search_term_string\"}],\"inLanguage\":\"en-US\"},{\"@type\":\"ImageObject\",\"@id\":\"https:\/\/acefootball.com\/da\/fodboldnyheder\/hvem-kommer-fck-med-kaempe-transfer-teaser\/#primaryimage\",\"inLanguage\":\"en-US\",\"url\":\"https:\/\/acefootball.com\/da\/wp-content\/uploads\/sites\/2\/2021\/02\/Video-generel-1.jpg\",\"contentUrl\":\"https:\/\/acefootball.com\/da\/wp-content\/uploads\/sites\/2\/2021\/02\/Video-generel-1.jpg\",\"width\":1920,\"height\":1008},{\"@type\":\"WebPage\",\"@id\":\"https:\/\/acefootball.com\/da\/fodboldnyheder\/hvem-kommer-fck-med-kaempe-transfer-teaser\/#webpage\",\"url\":\"https:\/\/acefootball.com\/da\/fodboldnyheder\/hvem-kommer-fck-med-kaempe-transfer-teaser\/\",\"name\":\"Hvem kommer? - FCK med k\u00e6mpe transfer-teaser\",\"isPartOf\":{\"@id\":\"https:\/\/acefootball.com\/da\/#website\"},\"primaryImageOfPage\":{\"@id\":\"https:\/\/acefootball.com\/da\/fodboldnyheder\/hvem-kommer-fck-med-kaempe-transfer-teaser\/#primaryimage\"},\"datePublished\":\"2021-02-01T16:04:55+00:00\",\"dateModified\":\"2021-02-01T16:13:21+00:00\",\"description\":\"FC K\u00f8benhavn har lagt noget af en teaser p\u00e5 sociale medier, og meget tyder p\u00e5, at der er en transfer p\u00e5 vej\",\"breadcrumb\":{\"@id\":\"https:\/\/acefootball.com\/da\/fodboldnyheder\/hvem-kommer-fck-med-kaempe-transfer-teaser\/#breadcrumb\"},\"inLanguage\":\"en-US\",\"potentialAction\":[{\"@type\":\"ReadAction\",\"target\":[\"https:\/\/acefootball.com\/da\/fodboldnyheder\/hvem-kommer-fck-med-kaempe-transfer-teaser\/\"]}]},{\"@type\":\"BreadcrumbList\",\"@id\":\"https:\/\/acefootball.com\/da\/fodboldnyheder\/hvem-kommer-fck-med-kaempe-transfer-teaser\/#breadcrumb\",\"itemListElement\":[{\"@type\":\"ListItem\",\"position\":1,\"name\":\"Home\",\"item\":\"https:\/\/acefootball.com\/da\/\"},{\"@type\":\"ListItem\",\"position\":2,\"name\":\"Hvem kommer? &#8211; FCK med k\u00e6mpe transfer-teaser\"}]},{\"@type\":\"Article\",\"@id\":\"https:\/\/acefootball.com\/da\/fodboldnyheder\/hvem-kommer-fck-med-kaempe-transfer-teaser\/#article\",\"isPartOf\":{\"@id\":\"https:\/\/acefootball.com\/da\/fodboldnyheder\/hvem-kommer-fck-med-kaempe-transfer-teaser\/#webpage\"},\"author\":{\"@id\":\"https:\/\/acefootball.com\/da\/#\/schema\/person\/ee67e9cf04a276f144100ffa722f10cd\"},\"headline\":\"Hvem kommer? &#8211; FCK med k\u00e6mpe transfer-teaser\",\"datePublished\":\"2021-02-01T16:04:55+00:00\",\"dateModified\":\"2021-02-01T16:13:21+00:00\",\"mainEntityOfPage\":{\"@id\":\"https:\/\/acefootball.com\/da\/fodboldnyheder\/hvem-kommer-fck-med-kaempe-transfer-teaser\/#webpage\"},\"wordCount\":132,\"commentCount\":0,\"publisher\":{\"@id\":\"https:\/\/acefootball.com\/da\/#organization\"},\"image\":{\"@id\":\"https:\/\/acefootball.com\/da\/fodboldnyheder\/hvem-kommer-fck-med-kaempe-transfer-teaser\/#primaryimage\"},\"thumbnailUrl\":\"https:\/\/acefootball.com\/da\/wp-content\/uploads\/sites\/2\/2020\/10\/GettyImages-1229157771.jpg\",\"keywords\":[\"FC K\u00f8benhavn\",\"Superligaen\"],\"articleSection\":[\"Video\"],\"inLanguage\":\"en-US\",\"potentialAction\":[{\"@type\":\"CommentAction\",\"name\":\"Comment\",\"target\":[\"https:\/\/acefootball.com\/da\/fodboldnyheder\/hvem-kommer-fck-med-kaempe-transfer-teaser\/#respond\"]}]},{\"@type\":\"Person\",\"@id\":\"https:\/\/acefootball.com\/da\/#\/schema\/person\/ee67e9cf04a276f144100ffa722f10cd\",\"name\":\"Mads Dreyer\",\"image\":{\"@type\":\"ImageObject\",\"@id\":\"https:\/\/acefootball.com\/da\/#personlogo\",\"inLanguage\":\"en-US\",\"url\":\"https:\/\/secure.gravatar.com\/avatar\/7c7abf72cfde9902b6a60efe60c88d4c?s=96&d=mm&r=g\",\"contentUrl\":\"https:\/\/secure.gravatar.com\/avatar\/7c7abf72cfde9902b6a60efe60c88d4c?s=96&d=mm&r=g\",\"caption\":\"Mads Dreyer\"},\"description\":\"Skribent og fodboldn\u00f8rd, der lige nu fort\u00e6ller om alt og intet i fodboldverdenen p\u00e5 acefootball.com. Uddannet i kommunikation fra Aalborg Universitet.\",\"sameAs\":[\"https:\/\/www.linkedin.com\/in\/mads-dreyer-b9b08266\/\"],\"url\":\"https:\/\/acefootball.com\/da\/fodboldnyheder\/author\/mdnronaldo\/\"}]}<\/script>\n<!-- \/ Yoast SEO plugin. -->","yoast_head_json":{"title":"Hvem kommer? - FCK med k\u00e6mpe transfer-teaser","description":"FC K\u00f8benhavn har lagt noget af en teaser p\u00e5 sociale medier, og meget tyder p\u00e5, at der er en transfer p\u00e5 vej","robots":{"index":"index","follow":"follow","max-snippet":"max-snippet:-1","max-image-preview":"max-image-preview:large","max-video-preview":"max-video-preview:-1"},"canonical":"https:\/\/acefootball.com\/da\/fodboldnyheder\/hvem-kommer-fck-med-kaempe-transfer-teaser\/","og_locale":"en_US","og_type":"article","og_title":"Hvem kommer? - FCK med k\u00e6mpe transfer-teaser","og_description":"FC K\u00f8benhavn har lagt noget af en teaser p\u00e5 sociale medier, og meget tyder p\u00e5, at der er en transfer p\u00e5 vej","og_url":"https:\/\/acefootball.com\/da\/fodboldnyheder\/hvem-kommer-fck-med-kaempe-transfer-teaser\/","og_site_name":"Ace Football Danmark","article_publisher":"https:\/\/www.facebook.com\/acefootballdk","article_published_time":"2021-02-01T16:04:55+00:00","article_modified_time":"2021-02-01T16:13:21+00:00","og_image":[{"width":1920,"height":1008,"url":"https:\/\/acefootball.com\/da\/wp-content\/uploads\/sites\/2\/2021\/02\/Video-generel-1.jpg","type":"image\/jpeg"}],"twitter_card":"summary_large_image","twitter_misc":{"Written by":"Mads Dreyer","Est. reading time":"1 minute"},"schema":{"@context":"https:\/\/schema.org","@graph":[{"@type":"Organization","@id":"https:\/\/acefootball.com\/da\/#organization","name":"Ace Football","url":"https:\/\/acefootball.com\/da\/","sameAs":["https:\/\/www.facebook.com\/acefootballdk"],"logo":{"@type":"ImageObject","@id":"https:\/\/acefootball.com\/da\/#logo","inLanguage":"en-US","url":"https:\/\/acefootball.com\/da\/wp-content\/uploads\/sites\/2\/2020\/07\/Ace-Football-30-07-2020-2.png","contentUrl":"https:\/\/acefootball.com\/da\/wp-content\/uploads\/sites\/2\/2020\/07\/Ace-Football-30-07-2020-2.png","width":1200,"height":600,"caption":"Ace Football"},"image":{"@id":"https:\/\/acefootball.com\/da\/#logo"}},{"@type":"WebSite","@id":"https:\/\/acefootball.com\/da\/#website","url":"https:\/\/acefootball.com\/da\/","name":"Ace Football Danmark","description":"Nyheder, Spiltips &amp; Livescore","publisher":{"@id":"https:\/\/acefootball.com\/da\/#organization"},"potentialAction":[{"@type":"SearchAction","target":{"@type":"EntryPoint","urlTemplate":"https:\/\/acefootball.com\/da\/?s={search_term_string}"},"query-input":"required name=search_term_string"}],"inLanguage":"en-US"},{"@type":"ImageObject","@id":"https:\/\/acefootball.com\/da\/fodboldnyheder\/hvem-kommer-fck-med-kaempe-transfer-teaser\/#primaryimage","inLanguage":"en-US","url":"https:\/\/acefootball.com\/da\/wp-content\/uploads\/sites\/2\/2021\/02\/Video-generel-1.jpg","contentUrl":"https:\/\/acefootball.com\/da\/wp-content\/uploads\/sites\/2\/2021\/02\/Video-generel-1.jpg","width":1920,"height":1008},{"@type":"WebPage","@id":"https:\/\/acefootball.com\/da\/fodboldnyheder\/hvem-kommer-fck-med-kaempe-transfer-teaser\/#webpage","url":"https:\/\/acefootball.com\/da\/fodboldnyheder\/hvem-kommer-fck-med-kaempe-transfer-teaser\/","name":"Hvem kommer? - FCK med k\u00e6mpe transfer-teaser","isPartOf":{"@id":"https:\/\/acefootball.com\/da\/#website"},"primaryImageOfPage":{"@id":"https:\/\/acefootball.com\/da\/fodboldnyheder\/hvem-kommer-fck-med-kaempe-transfer-teaser\/#primaryimage"},"datePublished":"2021-02-01T16:04:55+00:00","dateModified":"2021-02-01T16:13:21+00:00","description":"FC K\u00f8benhavn har lagt noget af en teaser p\u00e5 sociale medier, og meget tyder p\u00e5, at der er en transfer p\u00e5 vej","breadcrumb":{"@id":"https:\/\/acefootball.com\/da\/fodboldnyheder\/hvem-kommer-fck-med-kaempe-transfer-teaser\/#breadcrumb"},"inLanguage":"en-US","potentialAction":[{"@type":"ReadAction","target":["https:\/\/acefootball.com\/da\/fodboldnyheder\/hvem-kommer-fck-med-kaempe-transfer-teaser\/"]}]},{"@type":"BreadcrumbList","@id":"https:\/\/acefootball.com\/da\/fodboldnyheder\/hvem-kommer-fck-med-kaempe-transfer-teaser\/#breadcrumb","itemListElement":[{"@type":"ListItem","position":1,"name":"Home","item":"https:\/\/acefootball.com\/da\/"},{"@type":"ListItem","position":2,"name":"Hvem kommer? &#8211; FCK med k\u00e6mpe transfer-teaser"}]},{"@type":"Article","@id":"https:\/\/acefootball.com\/da\/fodboldnyheder\/hvem-kommer-fck-med-kaempe-transfer-teaser\/#article","isPartOf":{"@id":"https:\/\/acefootball.com\/da\/fodboldnyheder\/hvem-kommer-fck-med-kaempe-transfer-teaser\/#webpage"},"author":{"@id":"https:\/\/acefootball.com\/da\/#\/schema\/person\/ee67e9cf04a276f144100ffa722f10cd"},"headline":"Hvem kommer? &#8211; FCK med k\u00e6mpe transfer-teaser","datePublished":"2021-02-01T16:04:55+00:00","dateModified":"2021-02-01T16:13:21+00:00","mainEntityOfPage":{"@id":"https:\/\/acefootball.com\/da\/fodboldnyheder\/hvem-kommer-fck-med-kaempe-transfer-teaser\/#webpage"},"wordCount":132,"commentCount":0,"publisher":{"@id":"https:\/\/acefootball.com\/da\/#organization"},"image":{"@id":"https:\/\/acefootball.com\/da\/fodboldnyheder\/hvem-kommer-fck-med-kaempe-transfer-teaser\/#primaryimage"},"thumbnailUrl":"https:\/\/acefootball.com\/da\/wp-content\/uploads\/sites\/2\/2020\/10\/GettyImages-1229157771.jpg","keywords":["FC K\u00f8benhavn","Superligaen"],"articleSection":["Video"],"inLanguage":"en-US","potentialAction":[{"@type":"CommentAction","name":"Comment","target":["https:\/\/acefootball.com\/da\/fodboldnyheder\/hvem-kommer-fck-med-kaempe-transfer-teaser\/#respond"]}]},{"@type":"Person","@id":"https:\/\/acefootball.com\/da\/#\/schema\/person\/ee67e9cf04a276f144100ffa722f10cd","name":"Mads Dreyer","image":{"@type":"ImageObject","@id":"https:\/\/acefootball.com\/da\/#personlogo","inLanguage":"en-US","url":"https:\/\/secure.gravatar.com\/avatar\/7c7abf72cfde9902b6a60efe60c88d4c?s=96&d=mm&r=g","contentUrl":"https:\/\/secure.gravatar.com\/avatar\/7c7abf72cfde9902b6a60efe60c88d4c?s=96&d=mm&r=g","caption":"Mads Dreyer"},"description":"Skribent og fodboldn\u00f8rd, der lige nu fort\u00e6ller om alt og intet i fodboldverdenen p\u00e5 acefootball.com. Uddannet i kommunikation fra Aalborg Universitet.","sameAs":["https:\/\/www.linkedin.com\/in\/mads-dreyer-b9b08266\/"],"url":"https:\/\/acefootball.com\/da\/fodboldnyheder\/author\/mdnronaldo\/"}]}},"fimg_url":"https:\/\/acefootball.com\/da\/wp-content\/uploads\/sites\/2\/2020\/10\/GettyImages-1229157771.jpg","_links":{"self":[{"href":"https:\/\/acefootball.com\/da\/wp-json\/wp\/v2\/posts\/250411"}],"collection":[{"href":"https:\/\/acefootball.com\/da\/wp-json\/wp\/v2\/posts"}],"about":[{"href":"https:\/\/acefootball.com\/da\/wp-json\/wp\/v2\/types\/post"}],"author":[{"embeddable":true,"href":"https:\/\/acefootball.com\/da\/wp-json\/wp\/v2\/users\/705"}],"replies":[{"embeddable":true,"href":"https:\/\/acefootball.com\/da\/wp-json\/wp\/v2\/comments?post=250411"}],"version-history":[{"count":0,"href":"https:\/\/acefootball.com\/da\/wp-json\/wp\/v2\/posts\/250411\/revisions"}],"wp:featuredmedia":[{"embeddable":true,"href":"https:\/\/acefootball.com\/da\/wp-json\/wp\/v2\/media\/240947"}],"wp:attachment":[{"href":"https:\/\/acefootball.com\/da\/wp-json\/wp\/v2\/media?parent=250411"}],"wp:term":[{"taxonomy":"category","embeddable":true,"href":"https:\/\/acefootball.com\/da\/wp-json\/wp\/v2\/categories?post=250411"},{"taxonomy":"post_tag","embeddable":true,"href":"https:\/\/acefootball.com\/da\/wp-json\/wp\/v2\/tags?post=250411"}],"curies":[{"name":"wp","href":"https:\/\/api.w.org\/{rel}","templated":true}]}}