{"id":250252,"date":"2021-01-31T12:48:12","date_gmt":"2021-01-31T11:48:12","guid":{"rendered":"https:\/\/acefootball.com\/da\/?p=250252"},"modified":"2021-01-31T12:52:03","modified_gmt":"2021-01-31T11:52:03","slug":"kaempe-summer-avis-afsloerer-detaljer-i-messis-barcelona-kontrakt","status":"publish","type":"post","link":"https:\/\/acefootball.com\/da\/fodboldnyheder\/kaempe-summer-avis-afsloerer-detaljer-i-messis-barcelona-kontrakt\/","title":{"rendered":"K\u00e6mpe summer: Avis afsl\u00f8rer detaljer i Messis Barcelona-kontrakt"},"content":{"rendered":"\n<h2 id=\"h-den-spanske-avis-el-mundo-har-s-ndag-fremvist-afsl-rende-detaljer-i-lionel-messis-kontrakt-i-fc-barcelona\">Den spanske avis El Mundo har s\u00f8ndag fremvist afsl\u00f8rende detaljer i Lionel Messis kontrakt i FC Barcelona<\/h2>\n\n\n\n<p>De fleste var godt klare over, at Lionel Messi tjener en h\u00e6derlig hyre i FC Barcelona, men nu har El Mundo afsl\u00f8ret de helt specifikke detaljer i argentinerens kontrakt.<\/p>\n\n\n\n<p>I en artikel s\u00f8ndag fremviser avisen, hvad der skulle v\u00e6re en kopi af den originale kontrakt, hvor det blandt andet afsl\u00f8res, hvor meget Messi faktisk tjener.<\/p>\n\n\n\n<p>Den nuv\u00e6rende kontrakt, der st\u00e5r til udl\u00f8b til sommer, blev underskrevet i 2017 og har if\u00f8lge <a href=\"https:\/\/www.elmundo.es\/deportes\/futbol\/2021\/01\/31\/60157838fdddff93618b4638.html\" target=\"_blank\" rel=\"noreferrer noopener\">El Mundo<\/a> en v\u00e6rdi af i alt 4,2 milliarder kroner. Det svarer til godt \u00e9n milliard \u00e5rligt og omkring 20 millioner ugentligt. Dette bel\u00f8b d\u00e6kker over alle indt\u00e6gter, s\u00e5som l\u00f8n, imagerettigheder og bonusser.<\/p>\n\n\n\n<p>De ekstreme tal indeholder blandt andet et engangsbel\u00f8b p\u00e5 850 millioner kroner, som Messi inkasserede for blot at forl\u00e6nge aftalen tilbage i 2017, mens han tjener omtrent samme bel\u00f8b hvert eneste \u00e5r som loyalitetsbonus for at blive p\u00e5 Camp Nou.<\/p>\n\n\n\n<figure class=\"wp-block-embed is-type-wp-embed is-provider-ace-football-danmark wp-block-embed-ace-football-danmark\"><div class=\"wp-block-embed__wrapper\">\n<blockquote class=\"wp-embedded-content\" data-secret=\"Ffu9I5OPxp\"><a href=\"https:\/\/acefootball.com\/da\/fodboldnyheder\/video-af-ung-messi-i-argentina-florerer-paa-nettet-saa-vild-var-han-som-lille\/\">Video af ung Messi i Argentina florerer p\u00e5 nettet: S\u00e5 vild var han som lille<\/a><\/blockquote><iframe class=\"wp-embedded-content\" sandbox=\"allow-scripts\" security=\"restricted\" style=\"position: absolute; clip: rect(1px, 1px, 1px, 1px);\" title=\"&#8220;Video af ung Messi i Argentina florerer p\u00e5 nettet: S\u00e5 vild var han som lille&#8221; &#8212; Ace Football Danmark\" src=\"https:\/\/acefootball.com\/da\/fodboldnyheder\/video-af-ung-messi-i-argentina-florerer-paa-nettet-saa-vild-var-han-som-lille\/embed\/#?secret=Ffu9I5OPxp\" data-secret=\"Ffu9I5OPxp\" width=\"600\" height=\"338\" frameborder=\"0\" marginwidth=\"0\" marginheight=\"0\" scrolling=\"no\"><\/iframe>\n<\/div><\/figure>\n\n\n\n<p>Hvordan El Mundo har f\u00e5et fingre i den 30 sider lange kontrakt, afsl\u00f8res naturligvis ikke, men FC Barcelona afviser i en pressemeddelelse at have v\u00e6ret indblandet p\u00e5 nogen m\u00e5de.<\/p>\n\n\n\n<p>Klubben fort\u00e6ller ogs\u00e5, at man har t\u00e6nkt sig at indlede et juridisk angreb p\u00e5 El Mundo for at have afsl\u00f8ret personf\u00f8lsomme oplysninger.<\/p>\n","protected":false},"excerpt":{"rendered":"<p>Den spanske avis El Mundo har s\u00f8ndag fremvist afsl\u00f8rende detaljer i Lionel Messis kontrakt i FC Barcelona<\/p>\n","protected":false},"author":705,"featured_media":241116,"comment_status":"open","ping_status":"closed","sticky":false,"template":"","format":"standard","meta":{"om_disable_all_campaigns":false,"push_articles_ronaldo":{"active":false,"canonical":0,"publish":false},"force_updates":null},"categories":[1],"tags":[41,303,270],"enet_tags":{"team":["8634"],"league":["87"],"player":["30981"],"sport_events":[]},"yoast_head":"<!-- This site is optimized with the Yoast SEO plugin v18.3 - https:\/\/yoast.com\/wordpress\/plugins\/seo\/ -->\n<title>K\u00e6mpe summer: Avis afsl\u00f8rer detaljer i Messis Barcelona-kontrakt<\/title>\n<meta name=\"description\" content=\"Den spanske avis El Mundo har s\u00f8ndag fremvist afsl\u00f8rende detaljer fra Lionel Messis kontrakt i FC Barcelona\" \/>\n<meta name=\"robots\" content=\"index, follow, max-snippet:-1, max-image-preview:large, max-video-preview:-1\" \/>\n<link rel=\"canonical\" href=\"https:\/\/acefootball.com\/da\/fodboldnyheder\/kaempe-summer-avis-afsloerer-detaljer-i-messis-barcelona-kontrakt\/\" \/>\n<meta property=\"og:locale\" content=\"en_US\" \/>\n<meta property=\"og:type\" content=\"article\" \/>\n<meta property=\"og:title\" content=\"K\u00e6mpe summer: Avis afsl\u00f8rer detaljer i Messis Barcelona-kontrakt\" \/>\n<meta property=\"og:description\" content=\"Den spanske avis El Mundo har s\u00f8ndag fremvist afsl\u00f8rende detaljer fra Lionel Messis kontrakt i FC Barcelona\" \/>\n<meta property=\"og:url\" content=\"https:\/\/acefootball.com\/da\/fodboldnyheder\/kaempe-summer-avis-afsloerer-detaljer-i-messis-barcelona-kontrakt\/\" \/>\n<meta property=\"og:site_name\" content=\"Ace Football Danmark\" \/>\n<meta property=\"article:publisher\" content=\"https:\/\/www.facebook.com\/acefootballdk\" \/>\n<meta property=\"article:published_time\" content=\"2021-01-31T11:48:12+00:00\" \/>\n<meta property=\"article:modified_time\" content=\"2021-01-31T11:52:03+00:00\" \/>\n<meta property=\"og:image\" content=\"https:\/\/acefootball.com\/da\/wp-content\/uploads\/sites\/2\/2021\/01\/Laes-mere-generel-8-1.jpg\" \/>\n\t<meta property=\"og:image:width\" content=\"1920\" \/>\n\t<meta property=\"og:image:height\" content=\"1008\" \/>\n\t<meta property=\"og:image:type\" content=\"image\/jpeg\" \/>\n<meta name=\"twitter:card\" content=\"summary_large_image\" \/>\n<meta name=\"twitter:label1\" content=\"Written by\" \/>\n\t<meta name=\"twitter:data1\" content=\"Mads Dreyer\" \/>\n\t<meta name=\"twitter:label2\" content=\"Est. reading time\" \/>\n\t<meta name=\"twitter:data2\" content=\"1 minute\" \/>\n<script type=\"application\/ld+json\" class=\"yoast-schema-graph\">{\"@context\":\"https:\/\/schema.org\",\"@graph\":[{\"@type\":\"Organization\",\"@id\":\"https:\/\/acefootball.com\/da\/#organization\",\"name\":\"Ace Football\",\"url\":\"https:\/\/acefootball.com\/da\/\",\"sameAs\":[\"https:\/\/www.facebook.com\/acefootballdk\"],\"logo\":{\"@type\":\"ImageObject\",\"@id\":\"https:\/\/acefootball.com\/da\/#logo\",\"inLanguage\":\"en-US\",\"url\":\"https:\/\/acefootball.com\/da\/wp-content\/uploads\/sites\/2\/2020\/07\/Ace-Football-30-07-2020-2.png\",\"contentUrl\":\"https:\/\/acefootball.com\/da\/wp-content\/uploads\/sites\/2\/2020\/07\/Ace-Football-30-07-2020-2.png\",\"width\":1200,\"height\":600,\"caption\":\"Ace Football\"},\"image\":{\"@id\":\"https:\/\/acefootball.com\/da\/#logo\"}},{\"@type\":\"WebSite\",\"@id\":\"https:\/\/acefootball.com\/da\/#website\",\"url\":\"https:\/\/acefootball.com\/da\/\",\"name\":\"Ace Football Danmark\",\"description\":\"Nyheder, Spiltips &amp; Livescore\",\"publisher\":{\"@id\":\"https:\/\/acefootball.com\/da\/#organization\"},\"potentialAction\":[{\"@type\":\"SearchAction\",\"target\":{\"@type\":\"EntryPoint\",\"urlTemplate\":\"https:\/\/acefootball.com\/da\/?s={search_term_string}\"},\"query-input\":\"required name=search_term_string\"}],\"inLanguage\":\"en-US\"},{\"@type\":\"ImageObject\",\"@id\":\"https:\/\/acefootball.com\/da\/fodboldnyheder\/kaempe-summer-avis-afsloerer-detaljer-i-messis-barcelona-kontrakt\/#primaryimage\",\"inLanguage\":\"en-US\",\"url\":\"https:\/\/acefootball.com\/da\/wp-content\/uploads\/sites\/2\/2021\/01\/Laes-mere-generel-8-1.jpg\",\"contentUrl\":\"https:\/\/acefootball.com\/da\/wp-content\/uploads\/sites\/2\/2021\/01\/Laes-mere-generel-8-1.jpg\",\"width\":1920,\"height\":1008,\"caption\":\"messi\"},{\"@type\":\"WebPage\",\"@id\":\"https:\/\/acefootball.com\/da\/fodboldnyheder\/kaempe-summer-avis-afsloerer-detaljer-i-messis-barcelona-kontrakt\/#webpage\",\"url\":\"https:\/\/acefootball.com\/da\/fodboldnyheder\/kaempe-summer-avis-afsloerer-detaljer-i-messis-barcelona-kontrakt\/\",\"name\":\"K\u00e6mpe summer: Avis afsl\u00f8rer detaljer i Messis Barcelona-kontrakt\",\"isPartOf\":{\"@id\":\"https:\/\/acefootball.com\/da\/#website\"},\"primaryImageOfPage\":{\"@id\":\"https:\/\/acefootball.com\/da\/fodboldnyheder\/kaempe-summer-avis-afsloerer-detaljer-i-messis-barcelona-kontrakt\/#primaryimage\"},\"datePublished\":\"2021-01-31T11:48:12+00:00\",\"dateModified\":\"2021-01-31T11:52:03+00:00\",\"description\":\"Den spanske avis El Mundo har s\u00f8ndag fremvist afsl\u00f8rende detaljer fra Lionel Messis kontrakt i FC Barcelona\",\"breadcrumb\":{\"@id\":\"https:\/\/acefootball.com\/da\/fodboldnyheder\/kaempe-summer-avis-afsloerer-detaljer-i-messis-barcelona-kontrakt\/#breadcrumb\"},\"inLanguage\":\"en-US\",\"potentialAction\":[{\"@type\":\"ReadAction\",\"target\":[\"https:\/\/acefootball.com\/da\/fodboldnyheder\/kaempe-summer-avis-afsloerer-detaljer-i-messis-barcelona-kontrakt\/\"]}]},{\"@type\":\"BreadcrumbList\",\"@id\":\"https:\/\/acefootball.com\/da\/fodboldnyheder\/kaempe-summer-avis-afsloerer-detaljer-i-messis-barcelona-kontrakt\/#breadcrumb\",\"itemListElement\":[{\"@type\":\"ListItem\",\"position\":1,\"name\":\"Home\",\"item\":\"https:\/\/acefootball.com\/da\/\"},{\"@type\":\"ListItem\",\"position\":2,\"name\":\"K\u00e6mpe summer: Avis afsl\u00f8rer detaljer i Messis Barcelona-kontrakt\"}]},{\"@type\":\"Article\",\"@id\":\"https:\/\/acefootball.com\/da\/fodboldnyheder\/kaempe-summer-avis-afsloerer-detaljer-i-messis-barcelona-kontrakt\/#article\",\"isPartOf\":{\"@id\":\"https:\/\/acefootball.com\/da\/fodboldnyheder\/kaempe-summer-avis-afsloerer-detaljer-i-messis-barcelona-kontrakt\/#webpage\"},\"author\":{\"@id\":\"https:\/\/acefootball.com\/da\/#\/schema\/person\/ee67e9cf04a276f144100ffa722f10cd\"},\"headline\":\"K\u00e6mpe summer: Avis afsl\u00f8rer detaljer i Messis Barcelona-kontrakt\",\"datePublished\":\"2021-01-31T11:48:12+00:00\",\"dateModified\":\"2021-01-31T11:52:03+00:00\",\"mainEntityOfPage\":{\"@id\":\"https:\/\/acefootball.com\/da\/fodboldnyheder\/kaempe-summer-avis-afsloerer-detaljer-i-messis-barcelona-kontrakt\/#webpage\"},\"wordCount\":250,\"commentCount\":0,\"publisher\":{\"@id\":\"https:\/\/acefootball.com\/da\/#organization\"},\"image\":{\"@id\":\"https:\/\/acefootball.com\/da\/fodboldnyheder\/kaempe-summer-avis-afsloerer-detaljer-i-messis-barcelona-kontrakt\/#primaryimage\"},\"thumbnailUrl\":\"https:\/\/acefootball.com\/da\/wp-content\/uploads\/sites\/2\/2020\/10\/GettyImages-1277027324-1.jpg\",\"keywords\":[\"FC Barcelona\",\"La Liga\",\"Lionel Messi\"],\"articleSection\":[\"Nyhed\"],\"inLanguage\":\"en-US\",\"potentialAction\":[{\"@type\":\"CommentAction\",\"name\":\"Comment\",\"target\":[\"https:\/\/acefootball.com\/da\/fodboldnyheder\/kaempe-summer-avis-afsloerer-detaljer-i-messis-barcelona-kontrakt\/#respond\"]}]},{\"@type\":\"Person\",\"@id\":\"https:\/\/acefootball.com\/da\/#\/schema\/person\/ee67e9cf04a276f144100ffa722f10cd\",\"name\":\"Mads Dreyer\",\"image\":{\"@type\":\"ImageObject\",\"@id\":\"https:\/\/acefootball.com\/da\/#personlogo\",\"inLanguage\":\"en-US\",\"url\":\"https:\/\/secure.gravatar.com\/avatar\/7c7abf72cfde9902b6a60efe60c88d4c?s=96&d=mm&r=g\",\"contentUrl\":\"https:\/\/secure.gravatar.com\/avatar\/7c7abf72cfde9902b6a60efe60c88d4c?s=96&d=mm&r=g\",\"caption\":\"Mads Dreyer\"},\"description\":\"Skribent og fodboldn\u00f8rd, der lige nu fort\u00e6ller om alt og intet i fodboldverdenen p\u00e5 acefootball.com. Uddannet i kommunikation fra Aalborg Universitet.\",\"sameAs\":[\"https:\/\/www.linkedin.com\/in\/mads-dreyer-b9b08266\/\"],\"url\":\"https:\/\/acefootball.com\/da\/fodboldnyheder\/author\/mdnronaldo\/\"}]}<\/script>\n<!-- \/ Yoast SEO plugin. -->","yoast_head_json":{"title":"K\u00e6mpe summer: Avis afsl\u00f8rer detaljer i Messis Barcelona-kontrakt","description":"Den spanske avis El Mundo har s\u00f8ndag fremvist afsl\u00f8rende detaljer fra Lionel Messis kontrakt i FC Barcelona","robots":{"index":"index","follow":"follow","max-snippet":"max-snippet:-1","max-image-preview":"max-image-preview:large","max-video-preview":"max-video-preview:-1"},"canonical":"https:\/\/acefootball.com\/da\/fodboldnyheder\/kaempe-summer-avis-afsloerer-detaljer-i-messis-barcelona-kontrakt\/","og_locale":"en_US","og_type":"article","og_title":"K\u00e6mpe summer: Avis afsl\u00f8rer detaljer i Messis Barcelona-kontrakt","og_description":"Den spanske avis El Mundo har s\u00f8ndag fremvist afsl\u00f8rende detaljer fra Lionel Messis kontrakt i FC Barcelona","og_url":"https:\/\/acefootball.com\/da\/fodboldnyheder\/kaempe-summer-avis-afsloerer-detaljer-i-messis-barcelona-kontrakt\/","og_site_name":"Ace Football Danmark","article_publisher":"https:\/\/www.facebook.com\/acefootballdk","article_published_time":"2021-01-31T11:48:12+00:00","article_modified_time":"2021-01-31T11:52:03+00:00","og_image":[{"width":1920,"height":1008,"url":"https:\/\/acefootball.com\/da\/wp-content\/uploads\/sites\/2\/2021\/01\/Laes-mere-generel-8-1.jpg","type":"image\/jpeg"}],"twitter_card":"summary_large_image","twitter_misc":{"Written by":"Mads Dreyer","Est. reading time":"1 minute"},"schema":{"@context":"https:\/\/schema.org","@graph":[{"@type":"Organization","@id":"https:\/\/acefootball.com\/da\/#organization","name":"Ace Football","url":"https:\/\/acefootball.com\/da\/","sameAs":["https:\/\/www.facebook.com\/acefootballdk"],"logo":{"@type":"ImageObject","@id":"https:\/\/acefootball.com\/da\/#logo","inLanguage":"en-US","url":"https:\/\/acefootball.com\/da\/wp-content\/uploads\/sites\/2\/2020\/07\/Ace-Football-30-07-2020-2.png","contentUrl":"https:\/\/acefootball.com\/da\/wp-content\/uploads\/sites\/2\/2020\/07\/Ace-Football-30-07-2020-2.png","width":1200,"height":600,"caption":"Ace Football"},"image":{"@id":"https:\/\/acefootball.com\/da\/#logo"}},{"@type":"WebSite","@id":"https:\/\/acefootball.com\/da\/#website","url":"https:\/\/acefootball.com\/da\/","name":"Ace Football Danmark","description":"Nyheder, Spiltips &amp; Livescore","publisher":{"@id":"https:\/\/acefootball.com\/da\/#organization"},"potentialAction":[{"@type":"SearchAction","target":{"@type":"EntryPoint","urlTemplate":"https:\/\/acefootball.com\/da\/?s={search_term_string}"},"query-input":"required name=search_term_string"}],"inLanguage":"en-US"},{"@type":"ImageObject","@id":"https:\/\/acefootball.com\/da\/fodboldnyheder\/kaempe-summer-avis-afsloerer-detaljer-i-messis-barcelona-kontrakt\/#primaryimage","inLanguage":"en-US","url":"https:\/\/acefootball.com\/da\/wp-content\/uploads\/sites\/2\/2021\/01\/Laes-mere-generel-8-1.jpg","contentUrl":"https:\/\/acefootball.com\/da\/wp-content\/uploads\/sites\/2\/2021\/01\/Laes-mere-generel-8-1.jpg","width":1920,"height":1008,"caption":"messi"},{"@type":"WebPage","@id":"https:\/\/acefootball.com\/da\/fodboldnyheder\/kaempe-summer-avis-afsloerer-detaljer-i-messis-barcelona-kontrakt\/#webpage","url":"https:\/\/acefootball.com\/da\/fodboldnyheder\/kaempe-summer-avis-afsloerer-detaljer-i-messis-barcelona-kontrakt\/","name":"K\u00e6mpe summer: Avis afsl\u00f8rer detaljer i Messis Barcelona-kontrakt","isPartOf":{"@id":"https:\/\/acefootball.com\/da\/#website"},"primaryImageOfPage":{"@id":"https:\/\/acefootball.com\/da\/fodboldnyheder\/kaempe-summer-avis-afsloerer-detaljer-i-messis-barcelona-kontrakt\/#primaryimage"},"datePublished":"2021-01-31T11:48:12+00:00","dateModified":"2021-01-31T11:52:03+00:00","description":"Den spanske avis El Mundo har s\u00f8ndag fremvist afsl\u00f8rende detaljer fra Lionel Messis kontrakt i FC Barcelona","breadcrumb":{"@id":"https:\/\/acefootball.com\/da\/fodboldnyheder\/kaempe-summer-avis-afsloerer-detaljer-i-messis-barcelona-kontrakt\/#breadcrumb"},"inLanguage":"en-US","potentialAction":[{"@type":"ReadAction","target":["https:\/\/acefootball.com\/da\/fodboldnyheder\/kaempe-summer-avis-afsloerer-detaljer-i-messis-barcelona-kontrakt\/"]}]},{"@type":"BreadcrumbList","@id":"https:\/\/acefootball.com\/da\/fodboldnyheder\/kaempe-summer-avis-afsloerer-detaljer-i-messis-barcelona-kontrakt\/#breadcrumb","itemListElement":[{"@type":"ListItem","position":1,"name":"Home","item":"https:\/\/acefootball.com\/da\/"},{"@type":"ListItem","position":2,"name":"K\u00e6mpe summer: Avis afsl\u00f8rer detaljer i Messis Barcelona-kontrakt"}]},{"@type":"Article","@id":"https:\/\/acefootball.com\/da\/fodboldnyheder\/kaempe-summer-avis-afsloerer-detaljer-i-messis-barcelona-kontrakt\/#article","isPartOf":{"@id":"https:\/\/acefootball.com\/da\/fodboldnyheder\/kaempe-summer-avis-afsloerer-detaljer-i-messis-barcelona-kontrakt\/#webpage"},"author":{"@id":"https:\/\/acefootball.com\/da\/#\/schema\/person\/ee67e9cf04a276f144100ffa722f10cd"},"headline":"K\u00e6mpe summer: Avis afsl\u00f8rer detaljer i Messis Barcelona-kontrakt","datePublished":"2021-01-31T11:48:12+00:00","dateModified":"2021-01-31T11:52:03+00:00","mainEntityOfPage":{"@id":"https:\/\/acefootball.com\/da\/fodboldnyheder\/kaempe-summer-avis-afsloerer-detaljer-i-messis-barcelona-kontrakt\/#webpage"},"wordCount":250,"commentCount":0,"publisher":{"@id":"https:\/\/acefootball.com\/da\/#organization"},"image":{"@id":"https:\/\/acefootball.com\/da\/fodboldnyheder\/kaempe-summer-avis-afsloerer-detaljer-i-messis-barcelona-kontrakt\/#primaryimage"},"thumbnailUrl":"https:\/\/acefootball.com\/da\/wp-content\/uploads\/sites\/2\/2020\/10\/GettyImages-1277027324-1.jpg","keywords":["FC Barcelona","La Liga","Lionel Messi"],"articleSection":["Nyhed"],"inLanguage":"en-US","potentialAction":[{"@type":"CommentAction","name":"Comment","target":["https:\/\/acefootball.com\/da\/fodboldnyheder\/kaempe-summer-avis-afsloerer-detaljer-i-messis-barcelona-kontrakt\/#respond"]}]},{"@type":"Person","@id":"https:\/\/acefootball.com\/da\/#\/schema\/person\/ee67e9cf04a276f144100ffa722f10cd","name":"Mads Dreyer","image":{"@type":"ImageObject","@id":"https:\/\/acefootball.com\/da\/#personlogo","inLanguage":"en-US","url":"https:\/\/secure.gravatar.com\/avatar\/7c7abf72cfde9902b6a60efe60c88d4c?s=96&d=mm&r=g","contentUrl":"https:\/\/secure.gravatar.com\/avatar\/7c7abf72cfde9902b6a60efe60c88d4c?s=96&d=mm&r=g","caption":"Mads Dreyer"},"description":"Skribent og fodboldn\u00f8rd, der lige nu fort\u00e6ller om alt og intet i fodboldverdenen p\u00e5 acefootball.com. Uddannet i kommunikation fra Aalborg Universitet.","sameAs":["https:\/\/www.linkedin.com\/in\/mads-dreyer-b9b08266\/"],"url":"https:\/\/acefootball.com\/da\/fodboldnyheder\/author\/mdnronaldo\/"}]}},"fimg_url":"https:\/\/acefootball.com\/da\/wp-content\/uploads\/sites\/2\/2020\/10\/GettyImages-1277027324-1.jpg","_links":{"self":[{"href":"https:\/\/acefootball.com\/da\/wp-json\/wp\/v2\/posts\/250252"}],"collection":[{"href":"https:\/\/acefootball.com\/da\/wp-json\/wp\/v2\/posts"}],"about":[{"href":"https:\/\/acefootball.com\/da\/wp-json\/wp\/v2\/types\/post"}],"author":[{"embeddable":true,"href":"https:\/\/acefootball.com\/da\/wp-json\/wp\/v2\/users\/705"}],"replies":[{"embeddable":true,"href":"https:\/\/acefootball.com\/da\/wp-json\/wp\/v2\/comments?post=250252"}],"version-history":[{"count":0,"href":"https:\/\/acefootball.com\/da\/wp-json\/wp\/v2\/posts\/250252\/revisions"}],"wp:featuredmedia":[{"embeddable":true,"href":"https:\/\/acefootball.com\/da\/wp-json\/wp\/v2\/media\/241116"}],"wp:attachment":[{"href":"https:\/\/acefootball.com\/da\/wp-json\/wp\/v2\/media?parent=250252"}],"wp:term":[{"taxonomy":"category","embeddable":true,"href":"https:\/\/acefootball.com\/da\/wp-json\/wp\/v2\/categories?post=250252"},{"taxonomy":"post_tag","embeddable":true,"href":"https:\/\/acefootball.com\/da\/wp-json\/wp\/v2\/tags?post=250252"}],"curies":[{"name":"wp","href":"https:\/\/api.w.org\/{rel}","templated":true}]}}