{"id":250007,"date":"2021-01-28T13:43:08","date_gmt":"2021-01-28T12:43:08","guid":{"rendered":"https:\/\/acefootball.com\/da\/?p=250007"},"modified":"2021-01-28T13:44:04","modified_gmt":"2021-01-28T12:44:04","slug":"sevilla-maal-gaar-viralt-lige-efter-bogen","status":"publish","type":"post","link":"https:\/\/acefootball.com\/da\/fodboldnyheder\/sevilla-maal-gaar-viralt-lige-efter-bogen\/","title":{"rendered":"Sevilla-m\u00e5l g\u00e5r viralt: &#8220;Lige efter bogen&#8221;"},"content":{"rendered":"\n<h2 id=\"h-luuk-de-jong-afsluttede-med-sit-andet-m-l-et-smukt-angreb-for-sevilla-i-onsdagens-copa-del-rey-kamp-mod-valencia\">Luuk de Jong afsluttede med sit andet m\u00e5l et smukt angreb for Sevilla i onsdagens Copa del Rey-kamp mod Valencia<\/h2>\n\n\n\n<div class=\"wp-block-si-widget wp-block-si-widget--center\"><si-lb-widget widget-id=\"MatchInfoWithOdds\" data-nopadding=\"true\" data-card=\"true\" width=\"600\" data-event-id=\"3521831\"><\/si-lb-widget><\/div>\n\n\n\n<p>Nogle gange er der bare ikke meget at g\u00f8re som forsvarende hold, n\u00e5r modstanderen folder sig helt ud.<\/p>\n\n\n\n<p>S\u00e5dan havde Valencia-spillerne det formentlig i g\u00e5rsdagens Copa del Rey-kamp, da man bes\u00f8gte et veloplagt Sevilla-mandskab.<\/p>\n\n\n\n<p>Efter en halv times spil s\u00e5 andaluserne ellers ud til at rode sig ud i problemer med sm\u00e5 pasninger i eget felt, men det lykkedes holdet at kombinere sig op i den modsatte ende.<\/p>\n\n\n\n<p>Her kunne Luuk de Jong afslutte angrebet med sin scoring til 2-0 og dermed s\u00e6tte punktum for et spil lige efter fodboldens ABC, der er blevet bredt anerkendt p\u00e5 sociale medier.<\/p>\n\n\n\n<p>Du kan se m\u00e5let i videoen her:<\/p>\n\n\n\n<figure class=\"wp-block-embed is-type-rich is-provider-twitter wp-block-embed-twitter\"><div class=\"wp-block-embed__wrapper\">\n<blockquote class=\"twitter-tweet\" data-width=\"550\" data-dnt=\"true\"><p lang=\"en\" dir=\"ltr\">Sevilla playing strictly by the book <a href=\"https:\/\/t.co\/sqqPCQHLUy\">pic.twitter.com\/sqqPCQHLUy<\/a><\/p>&mdash; TheBuildupPlay (@TheBuildupPlay) <a href=\"https:\/\/twitter.com\/TheBuildupPlay\/status\/1354538551510265857?ref_src=twsrc%5Etfw\">January 27, 2021<\/a><\/blockquote><script async src=\"https:\/\/platform.twitter.com\/widgets.js\" charset=\"utf-8\"><\/script>\n<\/div><\/figure>\n","protected":false},"excerpt":{"rendered":"<p>Luuk de Jong afsluttede med sit andet m\u00e5l et smukt angreb for Sevilla i onsdagens Copa del Rey-kamp mod Valencia<\/p>\n","protected":false},"author":705,"featured_media":234812,"comment_status":"open","ping_status":"closed","sticky":false,"template":"","format":"video","meta":{"om_disable_all_campaigns":false,"push_articles_ronaldo":{"active":false,"canonical":0,"publish":false},"force_updates":null},"categories":[8098],"tags":[1306,303,77],"enet_tags":{"league":["138","87"],"team":["8302"],"sport_events":[3521831]},"yoast_head":"<!-- This site is optimized with the Yoast SEO plugin v18.3 - https:\/\/yoast.com\/wordpress\/plugins\/seo\/ -->\n<title>Sevilla-m\u00e5l g\u00e5r viralt: &quot;Lige efter bogen&quot;<\/title>\n<meta name=\"description\" content=\"Luuk de Jong afsluttede med sit andet m\u00e5l et smukt angreb for Sevilla i onsdagens Copa del Rey-kamp mod Valencia\" \/>\n<meta name=\"robots\" content=\"index, follow, max-snippet:-1, max-image-preview:large, max-video-preview:-1\" \/>\n<link rel=\"canonical\" href=\"https:\/\/acefootball.com\/da\/fodboldnyheder\/sevilla-maal-gaar-viralt-lige-efter-bogen\/\" \/>\n<meta property=\"og:locale\" content=\"en_US\" \/>\n<meta property=\"og:type\" content=\"article\" \/>\n<meta property=\"og:title\" content=\"Sevilla-m\u00e5l g\u00e5r viralt: &quot;Lige efter bogen&quot;\" \/>\n<meta property=\"og:description\" content=\"Luuk de Jong afsluttede med sit andet m\u00e5l et smukt angreb for Sevilla i onsdagens Copa del Rey-kamp mod Valencia\" \/>\n<meta property=\"og:url\" content=\"https:\/\/acefootball.com\/da\/fodboldnyheder\/sevilla-maal-gaar-viralt-lige-efter-bogen\/\" \/>\n<meta property=\"og:site_name\" content=\"Ace Football Danmark\" \/>\n<meta property=\"article:publisher\" content=\"https:\/\/www.facebook.com\/acefootballdk\" \/>\n<meta property=\"article:published_time\" content=\"2021-01-28T12:43:08+00:00\" \/>\n<meta property=\"article:modified_time\" content=\"2021-01-28T12:44:04+00:00\" \/>\n<meta property=\"og:image\" content=\"https:\/\/acefootball.com\/da\/wp-content\/uploads\/sites\/2\/2021\/01\/Video-generel-3-3.jpg\" \/>\n\t<meta property=\"og:image:width\" content=\"1920\" \/>\n\t<meta property=\"og:image:height\" content=\"1008\" \/>\n\t<meta property=\"og:image:type\" content=\"image\/jpeg\" \/>\n<meta name=\"twitter:card\" content=\"summary_large_image\" \/>\n<meta name=\"twitter:label1\" content=\"Written by\" \/>\n\t<meta name=\"twitter:data1\" content=\"Mads Dreyer\" \/>\n\t<meta name=\"twitter:label2\" content=\"Est. reading time\" \/>\n\t<meta name=\"twitter:data2\" content=\"1 minute\" \/>\n<script type=\"application\/ld+json\" class=\"yoast-schema-graph\">{\"@context\":\"https:\/\/schema.org\",\"@graph\":[{\"@type\":\"Organization\",\"@id\":\"https:\/\/acefootball.com\/da\/#organization\",\"name\":\"Ace Football\",\"url\":\"https:\/\/acefootball.com\/da\/\",\"sameAs\":[\"https:\/\/www.facebook.com\/acefootballdk\"],\"logo\":{\"@type\":\"ImageObject\",\"@id\":\"https:\/\/acefootball.com\/da\/#logo\",\"inLanguage\":\"en-US\",\"url\":\"https:\/\/acefootball.com\/da\/wp-content\/uploads\/sites\/2\/2020\/07\/Ace-Football-30-07-2020-2.png\",\"contentUrl\":\"https:\/\/acefootball.com\/da\/wp-content\/uploads\/sites\/2\/2020\/07\/Ace-Football-30-07-2020-2.png\",\"width\":1200,\"height\":600,\"caption\":\"Ace Football\"},\"image\":{\"@id\":\"https:\/\/acefootball.com\/da\/#logo\"}},{\"@type\":\"WebSite\",\"@id\":\"https:\/\/acefootball.com\/da\/#website\",\"url\":\"https:\/\/acefootball.com\/da\/\",\"name\":\"Ace Football Danmark\",\"description\":\"Nyheder, Spiltips &amp; Livescore\",\"publisher\":{\"@id\":\"https:\/\/acefootball.com\/da\/#organization\"},\"potentialAction\":[{\"@type\":\"SearchAction\",\"target\":{\"@type\":\"EntryPoint\",\"urlTemplate\":\"https:\/\/acefootball.com\/da\/?s={search_term_string}\"},\"query-input\":\"required name=search_term_string\"}],\"inLanguage\":\"en-US\"},{\"@type\":\"ImageObject\",\"@id\":\"https:\/\/acefootball.com\/da\/fodboldnyheder\/sevilla-maal-gaar-viralt-lige-efter-bogen\/#primaryimage\",\"inLanguage\":\"en-US\",\"url\":\"https:\/\/acefootball.com\/da\/wp-content\/uploads\/sites\/2\/2021\/01\/Video-generel-3-3.jpg\",\"contentUrl\":\"https:\/\/acefootball.com\/da\/wp-content\/uploads\/sites\/2\/2021\/01\/Video-generel-3-3.jpg\",\"width\":1920,\"height\":1008,\"caption\":\"sevilla\"},{\"@type\":\"WebPage\",\"@id\":\"https:\/\/acefootball.com\/da\/fodboldnyheder\/sevilla-maal-gaar-viralt-lige-efter-bogen\/#webpage\",\"url\":\"https:\/\/acefootball.com\/da\/fodboldnyheder\/sevilla-maal-gaar-viralt-lige-efter-bogen\/\",\"name\":\"Sevilla-m\u00e5l g\u00e5r viralt: \\\"Lige efter bogen\\\"\",\"isPartOf\":{\"@id\":\"https:\/\/acefootball.com\/da\/#website\"},\"primaryImageOfPage\":{\"@id\":\"https:\/\/acefootball.com\/da\/fodboldnyheder\/sevilla-maal-gaar-viralt-lige-efter-bogen\/#primaryimage\"},\"datePublished\":\"2021-01-28T12:43:08+00:00\",\"dateModified\":\"2021-01-28T12:44:04+00:00\",\"description\":\"Luuk de Jong afsluttede med sit andet m\u00e5l et smukt angreb for Sevilla i onsdagens Copa del Rey-kamp mod Valencia\",\"breadcrumb\":{\"@id\":\"https:\/\/acefootball.com\/da\/fodboldnyheder\/sevilla-maal-gaar-viralt-lige-efter-bogen\/#breadcrumb\"},\"inLanguage\":\"en-US\",\"potentialAction\":[{\"@type\":\"ReadAction\",\"target\":[\"https:\/\/acefootball.com\/da\/fodboldnyheder\/sevilla-maal-gaar-viralt-lige-efter-bogen\/\"]}]},{\"@type\":\"BreadcrumbList\",\"@id\":\"https:\/\/acefootball.com\/da\/fodboldnyheder\/sevilla-maal-gaar-viralt-lige-efter-bogen\/#breadcrumb\",\"itemListElement\":[{\"@type\":\"ListItem\",\"position\":1,\"name\":\"Home\",\"item\":\"https:\/\/acefootball.com\/da\/\"},{\"@type\":\"ListItem\",\"position\":2,\"name\":\"Sevilla-m\u00e5l g\u00e5r viralt: &#8220;Lige efter bogen&#8221;\"}]},{\"@type\":\"Article\",\"@id\":\"https:\/\/acefootball.com\/da\/fodboldnyheder\/sevilla-maal-gaar-viralt-lige-efter-bogen\/#article\",\"isPartOf\":{\"@id\":\"https:\/\/acefootball.com\/da\/fodboldnyheder\/sevilla-maal-gaar-viralt-lige-efter-bogen\/#webpage\"},\"author\":{\"@id\":\"https:\/\/acefootball.com\/da\/#\/schema\/person\/ee67e9cf04a276f144100ffa722f10cd\"},\"headline\":\"Sevilla-m\u00e5l g\u00e5r viralt: &#8220;Lige efter bogen&#8221;\",\"datePublished\":\"2021-01-28T12:43:08+00:00\",\"dateModified\":\"2021-01-28T12:44:04+00:00\",\"mainEntityOfPage\":{\"@id\":\"https:\/\/acefootball.com\/da\/fodboldnyheder\/sevilla-maal-gaar-viralt-lige-efter-bogen\/#webpage\"},\"wordCount\":147,\"commentCount\":0,\"publisher\":{\"@id\":\"https:\/\/acefootball.com\/da\/#organization\"},\"image\":{\"@id\":\"https:\/\/acefootball.com\/da\/fodboldnyheder\/sevilla-maal-gaar-viralt-lige-efter-bogen\/#primaryimage\"},\"thumbnailUrl\":\"https:\/\/acefootball.com\/da\/wp-content\/uploads\/sites\/2\/2020\/08\/GettyImages-1267570609.jpg\",\"keywords\":[\"Copa Del Rey\",\"La Liga\",\"Sevilla\"],\"articleSection\":[\"Video\"],\"inLanguage\":\"en-US\",\"potentialAction\":[{\"@type\":\"CommentAction\",\"name\":\"Comment\",\"target\":[\"https:\/\/acefootball.com\/da\/fodboldnyheder\/sevilla-maal-gaar-viralt-lige-efter-bogen\/#respond\"]}]},{\"@type\":\"Person\",\"@id\":\"https:\/\/acefootball.com\/da\/#\/schema\/person\/ee67e9cf04a276f144100ffa722f10cd\",\"name\":\"Mads Dreyer\",\"image\":{\"@type\":\"ImageObject\",\"@id\":\"https:\/\/acefootball.com\/da\/#personlogo\",\"inLanguage\":\"en-US\",\"url\":\"https:\/\/secure.gravatar.com\/avatar\/7c7abf72cfde9902b6a60efe60c88d4c?s=96&d=mm&r=g\",\"contentUrl\":\"https:\/\/secure.gravatar.com\/avatar\/7c7abf72cfde9902b6a60efe60c88d4c?s=96&d=mm&r=g\",\"caption\":\"Mads Dreyer\"},\"description\":\"Skribent og fodboldn\u00f8rd, der lige nu fort\u00e6ller om alt og intet i fodboldverdenen p\u00e5 acefootball.com. Uddannet i kommunikation fra Aalborg Universitet.\",\"sameAs\":[\"https:\/\/www.linkedin.com\/in\/mads-dreyer-b9b08266\/\"],\"url\":\"https:\/\/acefootball.com\/da\/fodboldnyheder\/author\/mdnronaldo\/\"}]}<\/script>\n<!-- \/ Yoast SEO plugin. -->","yoast_head_json":{"title":"Sevilla-m\u00e5l g\u00e5r viralt: \"Lige efter bogen\"","description":"Luuk de Jong afsluttede med sit andet m\u00e5l et smukt angreb for Sevilla i onsdagens Copa del Rey-kamp mod Valencia","robots":{"index":"index","follow":"follow","max-snippet":"max-snippet:-1","max-image-preview":"max-image-preview:large","max-video-preview":"max-video-preview:-1"},"canonical":"https:\/\/acefootball.com\/da\/fodboldnyheder\/sevilla-maal-gaar-viralt-lige-efter-bogen\/","og_locale":"en_US","og_type":"article","og_title":"Sevilla-m\u00e5l g\u00e5r viralt: \"Lige efter bogen\"","og_description":"Luuk de Jong afsluttede med sit andet m\u00e5l et smukt angreb for Sevilla i onsdagens Copa del Rey-kamp mod Valencia","og_url":"https:\/\/acefootball.com\/da\/fodboldnyheder\/sevilla-maal-gaar-viralt-lige-efter-bogen\/","og_site_name":"Ace Football Danmark","article_publisher":"https:\/\/www.facebook.com\/acefootballdk","article_published_time":"2021-01-28T12:43:08+00:00","article_modified_time":"2021-01-28T12:44:04+00:00","og_image":[{"width":1920,"height":1008,"url":"https:\/\/acefootball.com\/da\/wp-content\/uploads\/sites\/2\/2021\/01\/Video-generel-3-3.jpg","type":"image\/jpeg"}],"twitter_card":"summary_large_image","twitter_misc":{"Written by":"Mads Dreyer","Est. reading time":"1 minute"},"schema":{"@context":"https:\/\/schema.org","@graph":[{"@type":"Organization","@id":"https:\/\/acefootball.com\/da\/#organization","name":"Ace Football","url":"https:\/\/acefootball.com\/da\/","sameAs":["https:\/\/www.facebook.com\/acefootballdk"],"logo":{"@type":"ImageObject","@id":"https:\/\/acefootball.com\/da\/#logo","inLanguage":"en-US","url":"https:\/\/acefootball.com\/da\/wp-content\/uploads\/sites\/2\/2020\/07\/Ace-Football-30-07-2020-2.png","contentUrl":"https:\/\/acefootball.com\/da\/wp-content\/uploads\/sites\/2\/2020\/07\/Ace-Football-30-07-2020-2.png","width":1200,"height":600,"caption":"Ace Football"},"image":{"@id":"https:\/\/acefootball.com\/da\/#logo"}},{"@type":"WebSite","@id":"https:\/\/acefootball.com\/da\/#website","url":"https:\/\/acefootball.com\/da\/","name":"Ace Football Danmark","description":"Nyheder, Spiltips &amp; Livescore","publisher":{"@id":"https:\/\/acefootball.com\/da\/#organization"},"potentialAction":[{"@type":"SearchAction","target":{"@type":"EntryPoint","urlTemplate":"https:\/\/acefootball.com\/da\/?s={search_term_string}"},"query-input":"required name=search_term_string"}],"inLanguage":"en-US"},{"@type":"ImageObject","@id":"https:\/\/acefootball.com\/da\/fodboldnyheder\/sevilla-maal-gaar-viralt-lige-efter-bogen\/#primaryimage","inLanguage":"en-US","url":"https:\/\/acefootball.com\/da\/wp-content\/uploads\/sites\/2\/2021\/01\/Video-generel-3-3.jpg","contentUrl":"https:\/\/acefootball.com\/da\/wp-content\/uploads\/sites\/2\/2021\/01\/Video-generel-3-3.jpg","width":1920,"height":1008,"caption":"sevilla"},{"@type":"WebPage","@id":"https:\/\/acefootball.com\/da\/fodboldnyheder\/sevilla-maal-gaar-viralt-lige-efter-bogen\/#webpage","url":"https:\/\/acefootball.com\/da\/fodboldnyheder\/sevilla-maal-gaar-viralt-lige-efter-bogen\/","name":"Sevilla-m\u00e5l g\u00e5r viralt: \"Lige efter bogen\"","isPartOf":{"@id":"https:\/\/acefootball.com\/da\/#website"},"primaryImageOfPage":{"@id":"https:\/\/acefootball.com\/da\/fodboldnyheder\/sevilla-maal-gaar-viralt-lige-efter-bogen\/#primaryimage"},"datePublished":"2021-01-28T12:43:08+00:00","dateModified":"2021-01-28T12:44:04+00:00","description":"Luuk de Jong afsluttede med sit andet m\u00e5l et smukt angreb for Sevilla i onsdagens Copa del Rey-kamp mod Valencia","breadcrumb":{"@id":"https:\/\/acefootball.com\/da\/fodboldnyheder\/sevilla-maal-gaar-viralt-lige-efter-bogen\/#breadcrumb"},"inLanguage":"en-US","potentialAction":[{"@type":"ReadAction","target":["https:\/\/acefootball.com\/da\/fodboldnyheder\/sevilla-maal-gaar-viralt-lige-efter-bogen\/"]}]},{"@type":"BreadcrumbList","@id":"https:\/\/acefootball.com\/da\/fodboldnyheder\/sevilla-maal-gaar-viralt-lige-efter-bogen\/#breadcrumb","itemListElement":[{"@type":"ListItem","position":1,"name":"Home","item":"https:\/\/acefootball.com\/da\/"},{"@type":"ListItem","position":2,"name":"Sevilla-m\u00e5l g\u00e5r viralt: &#8220;Lige efter bogen&#8221;"}]},{"@type":"Article","@id":"https:\/\/acefootball.com\/da\/fodboldnyheder\/sevilla-maal-gaar-viralt-lige-efter-bogen\/#article","isPartOf":{"@id":"https:\/\/acefootball.com\/da\/fodboldnyheder\/sevilla-maal-gaar-viralt-lige-efter-bogen\/#webpage"},"author":{"@id":"https:\/\/acefootball.com\/da\/#\/schema\/person\/ee67e9cf04a276f144100ffa722f10cd"},"headline":"Sevilla-m\u00e5l g\u00e5r viralt: &#8220;Lige efter bogen&#8221;","datePublished":"2021-01-28T12:43:08+00:00","dateModified":"2021-01-28T12:44:04+00:00","mainEntityOfPage":{"@id":"https:\/\/acefootball.com\/da\/fodboldnyheder\/sevilla-maal-gaar-viralt-lige-efter-bogen\/#webpage"},"wordCount":147,"commentCount":0,"publisher":{"@id":"https:\/\/acefootball.com\/da\/#organization"},"image":{"@id":"https:\/\/acefootball.com\/da\/fodboldnyheder\/sevilla-maal-gaar-viralt-lige-efter-bogen\/#primaryimage"},"thumbnailUrl":"https:\/\/acefootball.com\/da\/wp-content\/uploads\/sites\/2\/2020\/08\/GettyImages-1267570609.jpg","keywords":["Copa Del Rey","La Liga","Sevilla"],"articleSection":["Video"],"inLanguage":"en-US","potentialAction":[{"@type":"CommentAction","name":"Comment","target":["https:\/\/acefootball.com\/da\/fodboldnyheder\/sevilla-maal-gaar-viralt-lige-efter-bogen\/#respond"]}]},{"@type":"Person","@id":"https:\/\/acefootball.com\/da\/#\/schema\/person\/ee67e9cf04a276f144100ffa722f10cd","name":"Mads Dreyer","image":{"@type":"ImageObject","@id":"https:\/\/acefootball.com\/da\/#personlogo","inLanguage":"en-US","url":"https:\/\/secure.gravatar.com\/avatar\/7c7abf72cfde9902b6a60efe60c88d4c?s=96&d=mm&r=g","contentUrl":"https:\/\/secure.gravatar.com\/avatar\/7c7abf72cfde9902b6a60efe60c88d4c?s=96&d=mm&r=g","caption":"Mads Dreyer"},"description":"Skribent og fodboldn\u00f8rd, der lige nu fort\u00e6ller om alt og intet i fodboldverdenen p\u00e5 acefootball.com. Uddannet i kommunikation fra Aalborg Universitet.","sameAs":["https:\/\/www.linkedin.com\/in\/mads-dreyer-b9b08266\/"],"url":"https:\/\/acefootball.com\/da\/fodboldnyheder\/author\/mdnronaldo\/"}]}},"fimg_url":"https:\/\/acefootball.com\/da\/wp-content\/uploads\/sites\/2\/2020\/08\/GettyImages-1267570609.jpg","_links":{"self":[{"href":"https:\/\/acefootball.com\/da\/wp-json\/wp\/v2\/posts\/250007"}],"collection":[{"href":"https:\/\/acefootball.com\/da\/wp-json\/wp\/v2\/posts"}],"about":[{"href":"https:\/\/acefootball.com\/da\/wp-json\/wp\/v2\/types\/post"}],"author":[{"embeddable":true,"href":"https:\/\/acefootball.com\/da\/wp-json\/wp\/v2\/users\/705"}],"replies":[{"embeddable":true,"href":"https:\/\/acefootball.com\/da\/wp-json\/wp\/v2\/comments?post=250007"}],"version-history":[{"count":0,"href":"https:\/\/acefootball.com\/da\/wp-json\/wp\/v2\/posts\/250007\/revisions"}],"wp:featuredmedia":[{"embeddable":true,"href":"https:\/\/acefootball.com\/da\/wp-json\/wp\/v2\/media\/234812"}],"wp:attachment":[{"href":"https:\/\/acefootball.com\/da\/wp-json\/wp\/v2\/media?parent=250007"}],"wp:term":[{"taxonomy":"category","embeddable":true,"href":"https:\/\/acefootball.com\/da\/wp-json\/wp\/v2\/categories?post=250007"},{"taxonomy":"post_tag","embeddable":true,"href":"https:\/\/acefootball.com\/da\/wp-json\/wp\/v2\/tags?post=250007"}],"curies":[{"name":"wp","href":"https:\/\/api.w.org\/{rel}","templated":true}]}}