{"id":249965,"date":"2021-01-28T10:14:55","date_gmt":"2021-01-28T09:14:55","guid":{"rendered":"https:\/\/acefootball.com\/da\/?p=249965"},"modified":"2021-01-28T10:14:56","modified_gmt":"2021-01-28T09:14:56","slug":"leaked-inter-skifter-navn-og-faar-nyt-logo-se-det-her","status":"publish","type":"post","link":"https:\/\/acefootball.com\/da\/fodboldnyheder\/leaked-inter-skifter-navn-og-faar-nyt-logo-se-det-her\/","title":{"rendered":"Leaked: Inter skifter navn og f\u00e5r nyt logo &#8211; se det her"},"content":{"rendered":"\n<h2 id=\"h-christian-eriksens-football-club-internazionale-milano-skifter-if-lge-flere-medier-navn-og-logo-i-forbindelse-med-klubbens-113-rs-f-dselsdag\">Christian Eriksens Football Club Internazionale Milano skifter if\u00f8lge flere medier navn og logo i forbindelse med klubbens 113 \u00e5rs f\u00f8dselsdag<\/h2>\n\n\n\n<p>Mange kender dem blot som Inter, men Football Club Internazionale Milano er klubbens fulde navn. Snart skal vi dog m\u00e5ske v\u00e6nne os til at tiltale den italienske storklub p\u00e5 en ny m\u00e5de.<\/p>\n\n\n\n<p>If\u00f8lge\u00a0<a href=\"https:\/\/www.gazzetta.it\/Calcio\/Serie-A\/Inter\/18-01-2021\/inter-nome-logo-inter-milano-3902588245007_amp.shtml#aoh=16109591682580\" target=\"_blank\" rel=\"noreferrer noopener\">Gazzetta dello Sport<\/a> skifter de italienske giganter i starten af marts navn, hvor man fremover blot vil hedde &#8220;Inter Milano&#8221;.<\/p>\n\n\n\n<figure class=\"wp-block-embed is-type-wp-embed is-provider-ace-football-danmark wp-block-embed-ace-football-danmark\"><div class=\"wp-block-embed__wrapper\">\n<blockquote class=\"wp-embedded-content\" data-secret=\"nr6CcD5hhb\"><a href=\"https:\/\/acefootball.com\/da\/fodboldnyheder\/eriksen-bringer-inter-fans-i-ekstase-med-overtids-scoring-det-bliver-vendepunktet\/\">Eriksen bringer Inter-fans i ekstase med overtids-scoring: Det bliver vendepunktet!<\/a><\/blockquote><iframe class=\"wp-embedded-content\" sandbox=\"allow-scripts\" security=\"restricted\" style=\"position: absolute; clip: rect(1px, 1px, 1px, 1px);\" title=\"&#8220;Eriksen bringer Inter-fans i ekstase med overtids-scoring: Det bliver vendepunktet!&#8221; &#8212; Ace Football Danmark\" src=\"https:\/\/acefootball.com\/da\/fodboldnyheder\/eriksen-bringer-inter-fans-i-ekstase-med-overtids-scoring-det-bliver-vendepunktet\/embed\/#?secret=nr6CcD5hhb\" data-secret=\"nr6CcD5hhb\" width=\"600\" height=\"338\" frameborder=\"0\" marginwidth=\"0\" marginheight=\"0\" scrolling=\"no\"><\/iframe>\n<\/div><\/figure>\n\n\n\n<p>Derudover vil klubben pr\u00e6sentere et helt nyt logo, ligesom man s\u00e5 hos konkurrenterne fra Juventus tilbage i 2017.<\/p>\n\n\n\n<p>P\u00e5 de sociale medier florerer billeder af det angiveligt nye og mere minimalistiske logo. Det kan du se lige her:<\/p>\n\n\n\n<figure class=\"wp-block-embed is-type-rich is-provider-twitter wp-block-embed-twitter\"><div class=\"wp-block-embed__wrapper\">\n<blockquote class=\"twitter-tweet\" data-width=\"550\" data-dnt=\"true\"><p lang=\"en\" dir=\"ltr\">Welcome to Inter&#39;s new badge.<br><br>Simplicity at its finest. \ud83d\udd25 <a href=\"https:\/\/t.co\/cQlO0PN4uW\">pic.twitter.com\/cQlO0PN4uW<\/a><\/p>&mdash; thesportsman (@TheSportsman) <a href=\"https:\/\/twitter.com\/TheSportsman\/status\/1354450423856427014?ref_src=twsrc%5Etfw\">January 27, 2021<\/a><\/blockquote><script async src=\"https:\/\/platform.twitter.com\/widgets.js\" charset=\"utf-8\"><\/script>\n<\/div><\/figure>\n\n\n\n<p>Grunden til skiftet er if\u00f8lge rygterne, at klubbens kinesiske ejere vil g\u00f8re det mere kommercielt med det minimalistiske look, mens man stadig bevare de vigtigste elementer.<\/p>\n\n\n\n<p>Du kan sammenligne Inters mulige nye logo med klubbens tidligere her:<\/p>\n\n\n\n<figure class=\"wp-block-image size-large\"><img loading=\"lazy\" width=\"658\" height=\"606\" src=\"https:\/\/acefootball.com\/da\/wp-content\/uploads\/sites\/2\/2021\/01\/image-155.png\" alt=\"\" class=\"wp-image-249968\" srcset=\"https:\/\/acefootball.com\/da\/wp-content\/uploads\/sites\/2\/2021\/01\/image-155.png 658w, https:\/\/acefootball.com\/da\/wp-content\/uploads\/sites\/2\/2021\/01\/image-155-300x276.png 300w\" sizes=\"(max-width: 658px) 100vw, 658px\" \/><\/figure>\n\n\n\n<p><\/p>\n","protected":false},"excerpt":{"rendered":"<p>Christian Eriksens Football Club Internazionale Milano skifter if\u00f8lge flere medier navn og logo i forbindelse med klubbens 113 \u00e5rs f\u00f8dselsdag<\/p>\n","protected":false},"author":43,"featured_media":246271,"comment_status":"open","ping_status":"closed","sticky":false,"template":"","format":"standard","meta":{"om_disable_all_campaigns":false,"push_articles_ronaldo":{"active":false,"canonical":0,"publish":false},"force_updates":null},"categories":[1],"tags":[394,131],"enet_tags":{"team":["8636"],"league":["55"],"sport_events":[]},"yoast_head":"<!-- This site is optimized with the Yoast SEO plugin v18.3 - https:\/\/yoast.com\/wordpress\/plugins\/seo\/ -->\n<title>Leaked: Inter skifter navn og f\u00e5r nyt logo - se det her<\/title>\n<meta name=\"description\" content=\"Christian Eriksens Football Club Internazionale Milano skifter if\u00f8lge flere medier navn og logo i forbindelse med klubbens 113 \u00e5rs f\u00f8dselsdag\" \/>\n<meta name=\"robots\" content=\"index, follow, max-snippet:-1, max-image-preview:large, max-video-preview:-1\" \/>\n<link rel=\"canonical\" href=\"https:\/\/acefootball.com\/da\/fodboldnyheder\/leaked-inter-skifter-navn-og-faar-nyt-logo-se-det-her\/\" \/>\n<meta property=\"og:locale\" content=\"en_US\" \/>\n<meta property=\"og:type\" content=\"article\" \/>\n<meta property=\"og:title\" content=\"Leaked: Inter skifter navn og f\u00e5r nyt logo - se det her\" \/>\n<meta property=\"og:description\" content=\"Christian Eriksens Football Club Internazionale Milano skifter if\u00f8lge flere medier navn og logo i forbindelse med klubbens 113 \u00e5rs f\u00f8dselsdag\" \/>\n<meta property=\"og:url\" content=\"https:\/\/acefootball.com\/da\/fodboldnyheder\/leaked-inter-skifter-navn-og-faar-nyt-logo-se-det-her\/\" \/>\n<meta property=\"og:site_name\" content=\"Ace Football Danmark\" \/>\n<meta property=\"article:publisher\" content=\"https:\/\/www.facebook.com\/acefootballdk\" \/>\n<meta property=\"article:published_time\" content=\"2021-01-28T09:14:55+00:00\" \/>\n<meta property=\"article:modified_time\" content=\"2021-01-28T09:14:56+00:00\" \/>\n<meta property=\"og:image\" content=\"https:\/\/acefootball.com\/da\/wp-content\/uploads\/sites\/2\/2021\/01\/Laes-mere-generel-7-1.jpg\" \/>\n\t<meta property=\"og:image:width\" content=\"1920\" \/>\n\t<meta property=\"og:image:height\" content=\"1008\" \/>\n\t<meta property=\"og:image:type\" content=\"image\/jpeg\" \/>\n<meta name=\"twitter:card\" content=\"summary_large_image\" \/>\n<meta name=\"twitter:label1\" content=\"Written by\" \/>\n\t<meta name=\"twitter:data1\" content=\"Mikki M\u00f8ller-Iversen\" \/>\n\t<meta name=\"twitter:label2\" content=\"Est. reading time\" \/>\n\t<meta name=\"twitter:data2\" content=\"1 minute\" \/>\n<script type=\"application\/ld+json\" class=\"yoast-schema-graph\">{\"@context\":\"https:\/\/schema.org\",\"@graph\":[{\"@type\":\"Organization\",\"@id\":\"https:\/\/acefootball.com\/da\/#organization\",\"name\":\"Ace Football\",\"url\":\"https:\/\/acefootball.com\/da\/\",\"sameAs\":[\"https:\/\/www.facebook.com\/acefootballdk\"],\"logo\":{\"@type\":\"ImageObject\",\"@id\":\"https:\/\/acefootball.com\/da\/#logo\",\"inLanguage\":\"en-US\",\"url\":\"https:\/\/acefootball.com\/da\/wp-content\/uploads\/sites\/2\/2020\/07\/Ace-Football-30-07-2020-2.png\",\"contentUrl\":\"https:\/\/acefootball.com\/da\/wp-content\/uploads\/sites\/2\/2020\/07\/Ace-Football-30-07-2020-2.png\",\"width\":1200,\"height\":600,\"caption\":\"Ace Football\"},\"image\":{\"@id\":\"https:\/\/acefootball.com\/da\/#logo\"}},{\"@type\":\"WebSite\",\"@id\":\"https:\/\/acefootball.com\/da\/#website\",\"url\":\"https:\/\/acefootball.com\/da\/\",\"name\":\"Ace Football Danmark\",\"description\":\"Nyheder, Spiltips &amp; Livescore\",\"publisher\":{\"@id\":\"https:\/\/acefootball.com\/da\/#organization\"},\"potentialAction\":[{\"@type\":\"SearchAction\",\"target\":{\"@type\":\"EntryPoint\",\"urlTemplate\":\"https:\/\/acefootball.com\/da\/?s={search_term_string}\"},\"query-input\":\"required name=search_term_string\"}],\"inLanguage\":\"en-US\"},{\"@type\":\"ImageObject\",\"@id\":\"https:\/\/acefootball.com\/da\/fodboldnyheder\/leaked-inter-skifter-navn-og-faar-nyt-logo-se-det-her\/#primaryimage\",\"inLanguage\":\"en-US\",\"url\":\"https:\/\/acefootball.com\/da\/wp-content\/uploads\/sites\/2\/2021\/01\/Laes-mere-generel-7-1.jpg\",\"contentUrl\":\"https:\/\/acefootball.com\/da\/wp-content\/uploads\/sites\/2\/2021\/01\/Laes-mere-generel-7-1.jpg\",\"width\":1920,\"height\":1008},{\"@type\":\"WebPage\",\"@id\":\"https:\/\/acefootball.com\/da\/fodboldnyheder\/leaked-inter-skifter-navn-og-faar-nyt-logo-se-det-her\/#webpage\",\"url\":\"https:\/\/acefootball.com\/da\/fodboldnyheder\/leaked-inter-skifter-navn-og-faar-nyt-logo-se-det-her\/\",\"name\":\"Leaked: Inter skifter navn og f\u00e5r nyt logo - se det her\",\"isPartOf\":{\"@id\":\"https:\/\/acefootball.com\/da\/#website\"},\"primaryImageOfPage\":{\"@id\":\"https:\/\/acefootball.com\/da\/fodboldnyheder\/leaked-inter-skifter-navn-og-faar-nyt-logo-se-det-her\/#primaryimage\"},\"datePublished\":\"2021-01-28T09:14:55+00:00\",\"dateModified\":\"2021-01-28T09:14:56+00:00\",\"description\":\"Christian Eriksens Football Club Internazionale Milano skifter if\u00f8lge flere medier navn og logo i forbindelse med klubbens 113 \u00e5rs f\u00f8dselsdag\",\"breadcrumb\":{\"@id\":\"https:\/\/acefootball.com\/da\/fodboldnyheder\/leaked-inter-skifter-navn-og-faar-nyt-logo-se-det-her\/#breadcrumb\"},\"inLanguage\":\"en-US\",\"potentialAction\":[{\"@type\":\"ReadAction\",\"target\":[\"https:\/\/acefootball.com\/da\/fodboldnyheder\/leaked-inter-skifter-navn-og-faar-nyt-logo-se-det-her\/\"]}]},{\"@type\":\"BreadcrumbList\",\"@id\":\"https:\/\/acefootball.com\/da\/fodboldnyheder\/leaked-inter-skifter-navn-og-faar-nyt-logo-se-det-her\/#breadcrumb\",\"itemListElement\":[{\"@type\":\"ListItem\",\"position\":1,\"name\":\"Home\",\"item\":\"https:\/\/acefootball.com\/da\/\"},{\"@type\":\"ListItem\",\"position\":2,\"name\":\"Leaked: Inter skifter navn og f\u00e5r nyt logo &#8211; se det her\"}]},{\"@type\":\"Article\",\"@id\":\"https:\/\/acefootball.com\/da\/fodboldnyheder\/leaked-inter-skifter-navn-og-faar-nyt-logo-se-det-her\/#article\",\"isPartOf\":{\"@id\":\"https:\/\/acefootball.com\/da\/fodboldnyheder\/leaked-inter-skifter-navn-og-faar-nyt-logo-se-det-her\/#webpage\"},\"author\":{\"@id\":\"https:\/\/acefootball.com\/da\/#\/schema\/person\/017c0abe4a8e92938220bf6c097dda93\"},\"headline\":\"Leaked: Inter skifter navn og f\u00e5r nyt logo &#8211; se det her\",\"datePublished\":\"2021-01-28T09:14:55+00:00\",\"dateModified\":\"2021-01-28T09:14:56+00:00\",\"mainEntityOfPage\":{\"@id\":\"https:\/\/acefootball.com\/da\/fodboldnyheder\/leaked-inter-skifter-navn-og-faar-nyt-logo-se-det-her\/#webpage\"},\"wordCount\":179,\"commentCount\":0,\"publisher\":{\"@id\":\"https:\/\/acefootball.com\/da\/#organization\"},\"image\":{\"@id\":\"https:\/\/acefootball.com\/da\/fodboldnyheder\/leaked-inter-skifter-navn-og-faar-nyt-logo-se-det-her\/#primaryimage\"},\"thumbnailUrl\":\"https:\/\/acefootball.com\/da\/wp-content\/uploads\/sites\/2\/2020\/12\/GettyImages-1288277804.jpg\",\"keywords\":[\"Inter Milan\",\"Serie A\"],\"articleSection\":[\"Nyhed\"],\"inLanguage\":\"en-US\",\"potentialAction\":[{\"@type\":\"CommentAction\",\"name\":\"Comment\",\"target\":[\"https:\/\/acefootball.com\/da\/fodboldnyheder\/leaked-inter-skifter-navn-og-faar-nyt-logo-se-det-her\/#respond\"]}]},{\"@type\":\"Person\",\"@id\":\"https:\/\/acefootball.com\/da\/#\/schema\/person\/017c0abe4a8e92938220bf6c097dda93\",\"name\":\"Mikki M\u00f8ller-Iversen\",\"image\":{\"@type\":\"ImageObject\",\"@id\":\"https:\/\/acefootball.com\/da\/#personlogo\",\"inLanguage\":\"en-US\",\"url\":\"https:\/\/secure.gravatar.com\/avatar\/e05b419e8b5ae5fcf516800181b96aa2?s=96&d=mm&r=g\",\"contentUrl\":\"https:\/\/secure.gravatar.com\/avatar\/e05b419e8b5ae5fcf516800181b96aa2?s=96&d=mm&r=g\",\"caption\":\"Mikki M\u00f8ller-Iversen\"},\"description\":\"Social Media Manager and writer at Ace Football. Main focus on Danish football and special stories.\",\"sameAs\":[\"https:\/\/www.linkedin.com\/in\/mikki-mller-iversen-26a3a689\/\"],\"url\":\"https:\/\/acefootball.com\/da\/fodboldnyheder\/author\/mmironaldo\/\"}]}<\/script>\n<!-- \/ Yoast SEO plugin. -->","yoast_head_json":{"title":"Leaked: Inter skifter navn og f\u00e5r nyt logo - se det her","description":"Christian Eriksens Football Club Internazionale Milano skifter if\u00f8lge flere medier navn og logo i forbindelse med klubbens 113 \u00e5rs f\u00f8dselsdag","robots":{"index":"index","follow":"follow","max-snippet":"max-snippet:-1","max-image-preview":"max-image-preview:large","max-video-preview":"max-video-preview:-1"},"canonical":"https:\/\/acefootball.com\/da\/fodboldnyheder\/leaked-inter-skifter-navn-og-faar-nyt-logo-se-det-her\/","og_locale":"en_US","og_type":"article","og_title":"Leaked: Inter skifter navn og f\u00e5r nyt logo - se det her","og_description":"Christian Eriksens Football Club Internazionale Milano skifter if\u00f8lge flere medier navn og logo i forbindelse med klubbens 113 \u00e5rs f\u00f8dselsdag","og_url":"https:\/\/acefootball.com\/da\/fodboldnyheder\/leaked-inter-skifter-navn-og-faar-nyt-logo-se-det-her\/","og_site_name":"Ace Football Danmark","article_publisher":"https:\/\/www.facebook.com\/acefootballdk","article_published_time":"2021-01-28T09:14:55+00:00","article_modified_time":"2021-01-28T09:14:56+00:00","og_image":[{"width":1920,"height":1008,"url":"https:\/\/acefootball.com\/da\/wp-content\/uploads\/sites\/2\/2021\/01\/Laes-mere-generel-7-1.jpg","type":"image\/jpeg"}],"twitter_card":"summary_large_image","twitter_misc":{"Written by":"Mikki M\u00f8ller-Iversen","Est. reading time":"1 minute"},"schema":{"@context":"https:\/\/schema.org","@graph":[{"@type":"Organization","@id":"https:\/\/acefootball.com\/da\/#organization","name":"Ace Football","url":"https:\/\/acefootball.com\/da\/","sameAs":["https:\/\/www.facebook.com\/acefootballdk"],"logo":{"@type":"ImageObject","@id":"https:\/\/acefootball.com\/da\/#logo","inLanguage":"en-US","url":"https:\/\/acefootball.com\/da\/wp-content\/uploads\/sites\/2\/2020\/07\/Ace-Football-30-07-2020-2.png","contentUrl":"https:\/\/acefootball.com\/da\/wp-content\/uploads\/sites\/2\/2020\/07\/Ace-Football-30-07-2020-2.png","width":1200,"height":600,"caption":"Ace Football"},"image":{"@id":"https:\/\/acefootball.com\/da\/#logo"}},{"@type":"WebSite","@id":"https:\/\/acefootball.com\/da\/#website","url":"https:\/\/acefootball.com\/da\/","name":"Ace Football Danmark","description":"Nyheder, Spiltips &amp; Livescore","publisher":{"@id":"https:\/\/acefootball.com\/da\/#organization"},"potentialAction":[{"@type":"SearchAction","target":{"@type":"EntryPoint","urlTemplate":"https:\/\/acefootball.com\/da\/?s={search_term_string}"},"query-input":"required name=search_term_string"}],"inLanguage":"en-US"},{"@type":"ImageObject","@id":"https:\/\/acefootball.com\/da\/fodboldnyheder\/leaked-inter-skifter-navn-og-faar-nyt-logo-se-det-her\/#primaryimage","inLanguage":"en-US","url":"https:\/\/acefootball.com\/da\/wp-content\/uploads\/sites\/2\/2021\/01\/Laes-mere-generel-7-1.jpg","contentUrl":"https:\/\/acefootball.com\/da\/wp-content\/uploads\/sites\/2\/2021\/01\/Laes-mere-generel-7-1.jpg","width":1920,"height":1008},{"@type":"WebPage","@id":"https:\/\/acefootball.com\/da\/fodboldnyheder\/leaked-inter-skifter-navn-og-faar-nyt-logo-se-det-her\/#webpage","url":"https:\/\/acefootball.com\/da\/fodboldnyheder\/leaked-inter-skifter-navn-og-faar-nyt-logo-se-det-her\/","name":"Leaked: Inter skifter navn og f\u00e5r nyt logo - se det her","isPartOf":{"@id":"https:\/\/acefootball.com\/da\/#website"},"primaryImageOfPage":{"@id":"https:\/\/acefootball.com\/da\/fodboldnyheder\/leaked-inter-skifter-navn-og-faar-nyt-logo-se-det-her\/#primaryimage"},"datePublished":"2021-01-28T09:14:55+00:00","dateModified":"2021-01-28T09:14:56+00:00","description":"Christian Eriksens Football Club Internazionale Milano skifter if\u00f8lge flere medier navn og logo i forbindelse med klubbens 113 \u00e5rs f\u00f8dselsdag","breadcrumb":{"@id":"https:\/\/acefootball.com\/da\/fodboldnyheder\/leaked-inter-skifter-navn-og-faar-nyt-logo-se-det-her\/#breadcrumb"},"inLanguage":"en-US","potentialAction":[{"@type":"ReadAction","target":["https:\/\/acefootball.com\/da\/fodboldnyheder\/leaked-inter-skifter-navn-og-faar-nyt-logo-se-det-her\/"]}]},{"@type":"BreadcrumbList","@id":"https:\/\/acefootball.com\/da\/fodboldnyheder\/leaked-inter-skifter-navn-og-faar-nyt-logo-se-det-her\/#breadcrumb","itemListElement":[{"@type":"ListItem","position":1,"name":"Home","item":"https:\/\/acefootball.com\/da\/"},{"@type":"ListItem","position":2,"name":"Leaked: Inter skifter navn og f\u00e5r nyt logo &#8211; se det her"}]},{"@type":"Article","@id":"https:\/\/acefootball.com\/da\/fodboldnyheder\/leaked-inter-skifter-navn-og-faar-nyt-logo-se-det-her\/#article","isPartOf":{"@id":"https:\/\/acefootball.com\/da\/fodboldnyheder\/leaked-inter-skifter-navn-og-faar-nyt-logo-se-det-her\/#webpage"},"author":{"@id":"https:\/\/acefootball.com\/da\/#\/schema\/person\/017c0abe4a8e92938220bf6c097dda93"},"headline":"Leaked: Inter skifter navn og f\u00e5r nyt logo &#8211; se det her","datePublished":"2021-01-28T09:14:55+00:00","dateModified":"2021-01-28T09:14:56+00:00","mainEntityOfPage":{"@id":"https:\/\/acefootball.com\/da\/fodboldnyheder\/leaked-inter-skifter-navn-og-faar-nyt-logo-se-det-her\/#webpage"},"wordCount":179,"commentCount":0,"publisher":{"@id":"https:\/\/acefootball.com\/da\/#organization"},"image":{"@id":"https:\/\/acefootball.com\/da\/fodboldnyheder\/leaked-inter-skifter-navn-og-faar-nyt-logo-se-det-her\/#primaryimage"},"thumbnailUrl":"https:\/\/acefootball.com\/da\/wp-content\/uploads\/sites\/2\/2020\/12\/GettyImages-1288277804.jpg","keywords":["Inter Milan","Serie A"],"articleSection":["Nyhed"],"inLanguage":"en-US","potentialAction":[{"@type":"CommentAction","name":"Comment","target":["https:\/\/acefootball.com\/da\/fodboldnyheder\/leaked-inter-skifter-navn-og-faar-nyt-logo-se-det-her\/#respond"]}]},{"@type":"Person","@id":"https:\/\/acefootball.com\/da\/#\/schema\/person\/017c0abe4a8e92938220bf6c097dda93","name":"Mikki M\u00f8ller-Iversen","image":{"@type":"ImageObject","@id":"https:\/\/acefootball.com\/da\/#personlogo","inLanguage":"en-US","url":"https:\/\/secure.gravatar.com\/avatar\/e05b419e8b5ae5fcf516800181b96aa2?s=96&d=mm&r=g","contentUrl":"https:\/\/secure.gravatar.com\/avatar\/e05b419e8b5ae5fcf516800181b96aa2?s=96&d=mm&r=g","caption":"Mikki M\u00f8ller-Iversen"},"description":"Social Media Manager and writer at Ace Football. Main focus on Danish football and special stories.","sameAs":["https:\/\/www.linkedin.com\/in\/mikki-mller-iversen-26a3a689\/"],"url":"https:\/\/acefootball.com\/da\/fodboldnyheder\/author\/mmironaldo\/"}]}},"fimg_url":"https:\/\/acefootball.com\/da\/wp-content\/uploads\/sites\/2\/2020\/12\/GettyImages-1288277804.jpg","_links":{"self":[{"href":"https:\/\/acefootball.com\/da\/wp-json\/wp\/v2\/posts\/249965"}],"collection":[{"href":"https:\/\/acefootball.com\/da\/wp-json\/wp\/v2\/posts"}],"about":[{"href":"https:\/\/acefootball.com\/da\/wp-json\/wp\/v2\/types\/post"}],"author":[{"embeddable":true,"href":"https:\/\/acefootball.com\/da\/wp-json\/wp\/v2\/users\/43"}],"replies":[{"embeddable":true,"href":"https:\/\/acefootball.com\/da\/wp-json\/wp\/v2\/comments?post=249965"}],"version-history":[{"count":0,"href":"https:\/\/acefootball.com\/da\/wp-json\/wp\/v2\/posts\/249965\/revisions"}],"wp:featuredmedia":[{"embeddable":true,"href":"https:\/\/acefootball.com\/da\/wp-json\/wp\/v2\/media\/246271"}],"wp:attachment":[{"href":"https:\/\/acefootball.com\/da\/wp-json\/wp\/v2\/media?parent=249965"}],"wp:term":[{"taxonomy":"category","embeddable":true,"href":"https:\/\/acefootball.com\/da\/wp-json\/wp\/v2\/categories?post=249965"},{"taxonomy":"post_tag","embeddable":true,"href":"https:\/\/acefootball.com\/da\/wp-json\/wp\/v2\/tags?post=249965"}],"curies":[{"name":"wp","href":"https:\/\/api.w.org\/{rel}","templated":true}]}}