{"id":249946,"date":"2021-01-28T09:42:36","date_gmt":"2021-01-28T08:42:36","guid":{"rendered":"https:\/\/acefootball.com\/da\/?p=249946"},"modified":"2021-01-28T09:43:57","modified_gmt":"2021-01-28T08:43:57","slug":"fans-raser-over-superliga-tiltag-det-er-helt-vaek","status":"publish","type":"post","link":"https:\/\/acefootball.com\/da\/fodboldnyheder\/fans-raser-over-superliga-tiltag-det-er-helt-vaek\/","title":{"rendered":"Fans raser over Superliga-tiltag: &#8220;Det er helt v\u00e6k&#8221;"},"content":{"rendered":"\n<h2 id=\"h-der-er-ikke-meget-forst-else-at-hente-fra-superliga-fans-over-de-nye-tiltag-der-st-r-til-at-blive-indf-rt-i-for-ret\">Der er ikke meget forst\u00e5else at hente fra Superliga-fans over de nye tiltag, der st\u00e5r til at blive indf\u00f8rt i for\u00e5ret<\/h2>\n\n\n\n<p>Tirsdag kunne Tipsbladet afsl\u00f8re, at en r\u00e6kke nye tiltag var p\u00e5 vej til Superligaen, som skulle v\u00e6re med til at s\u00e6nke risikoen for smitte blandt spillere og tr\u00e6nere.<\/p>\n\n\n\n<p>Flere af tiltagene frar\u00e5der al un\u00f8dvendig kontakt &#8211; s\u00e5som at undg\u00e5 n\u00e6rkontakt ved jubelscener og klap i h\u00e6nderne &#8211; mens det ugentlige antal af corona-tests g\u00e5r fra to til tre.<\/p>\n\n\n\n<figure class=\"wp-block-embed is-type-wp-embed is-provider-ace-football-danmark wp-block-embed-ace-football-danmark\"><div class=\"wp-block-embed__wrapper\">\n<blockquote class=\"wp-embedded-content\" data-secret=\"y0QSRLQtVC\"><a href=\"https:\/\/acefootball.com\/da\/fodboldnyheder\/medie-afsloerer-her-er-superligaens-nye-tiltag\/\">Medie afsl\u00f8rer: Her er Superligaens nye tiltag<\/a><\/blockquote><iframe class=\"wp-embedded-content\" sandbox=\"allow-scripts\" security=\"restricted\" style=\"position: absolute; clip: rect(1px, 1px, 1px, 1px);\" title=\"&#8220;Medie afsl\u00f8rer: Her er Superligaens nye tiltag&#8221; &#8212; Ace Football Danmark\" src=\"https:\/\/acefootball.com\/da\/fodboldnyheder\/medie-afsloerer-her-er-superligaens-nye-tiltag\/embed\/#?secret=y0QSRLQtVC\" data-secret=\"y0QSRLQtVC\" width=\"600\" height=\"338\" frameborder=\"0\" marginwidth=\"0\" marginheight=\"0\" scrolling=\"no\"><\/iframe>\n<\/div><\/figure>\n\n\n\n<p>Nyheden har dog ikke modtaget opbakning blandt landets mange Superliga-fans, som i stedet kritiserer de nye regler for at v\u00e6re mere eller mindre un\u00f8dvendige.<\/p>\n\n\n\n<p>&#8220;Giver jo ingen mening at de ikke m\u00e5 fejre et m\u00e5l n\u00e5r alle p\u00e5 banen er testet? M\u00e5 de heller ikke tackle hinanden l\u00e6ngere? Latterlige regler,&#8221; skriver en person blandt andet p\u00e5 Facebook til Tipsbladets opslag.<\/p>\n\n\n\n<p>&#8220;Det er helt v\u00e6k,&#8221; lyder det fra en anden.<\/p>\n\n\n\n<p>&#8220;Man m\u00e5 ikke fejre jubel med holdkammerater, men godt d\u00e6kke modstanderen t\u00e6t op i feltet? Hold nu k\u00e6ft det er dumt alts\u00e5. Tre ugentlige test og kviktests p\u00e5 dagen, online taktik osv. er da gode tiltag, men ingen jubelscener er jo decideret latterligt,&#8221; skriver en tredje.<\/p>\n\n\n\n<figure class=\"wp-block-embed is-type-wp-embed is-provider-ace-football-danmark wp-block-embed-ace-football-danmark\"><div class=\"wp-block-embed__wrapper\">\n<blockquote class=\"wp-embedded-content\" data-secret=\"laOaFC9Pke\"><a href=\"https:\/\/acefootball.com\/da\/fodboldnyheder\/medie-bashkim-kadrii-lurer-paa-superliga-retur\/\">Medie: Bashkim Kadrii lurer p\u00e5 Superliga-retur<\/a><\/blockquote><iframe class=\"wp-embedded-content\" sandbox=\"allow-scripts\" security=\"restricted\" style=\"position: absolute; clip: rect(1px, 1px, 1px, 1px);\" title=\"&#8220;Medie: Bashkim Kadrii lurer p\u00e5 Superliga-retur&#8221; &#8212; Ace Football Danmark\" src=\"https:\/\/acefootball.com\/da\/fodboldnyheder\/medie-bashkim-kadrii-lurer-paa-superliga-retur\/embed\/#?secret=laOaFC9Pke\" data-secret=\"laOaFC9Pke\" width=\"600\" height=\"338\" frameborder=\"0\" marginwidth=\"0\" marginheight=\"0\" scrolling=\"no\"><\/iframe>\n<\/div><\/figure>\n\n\n\n<p>&#8220;Hvorfor m\u00e5 de ikke kramme og give high fives under kampen ved scoring? Alle er jo testet negative?&#8221; sp\u00f8rger en fjerde.<\/p>\n\n\n\n<p>Hverken Superligaen eller Spillerforeningen har endnu offentliggjort tiltagene, som dog ventes at tr\u00e6de i kraft inden s\u00e6sonstart i n\u00e6ste uge.<\/p>\n","protected":false},"excerpt":{"rendered":"<p>Der er ikke meget forst\u00e5else at hente fra Superliga-fans over de nye tiltag, der st\u00e5r til at blive indf\u00f8rt i for\u00e5ret<\/p>\n","protected":false},"author":705,"featured_media":249598,"comment_status":"open","ping_status":"closed","sticky":false,"template":"","format":"standard","meta":{"om_disable_all_campaigns":false,"push_articles_ronaldo":{"active":false,"canonical":0,"publish":false},"force_updates":null},"categories":[8060],"tags":[588],"enet_tags":{"league":["46"],"sport_events":[]},"yoast_head":"<!-- This site is optimized with the Yoast SEO plugin v18.3 - https:\/\/yoast.com\/wordpress\/plugins\/seo\/ -->\n<title>Fans raser over Superliga-tiltag: &quot;Det er helt v\u00e6k&quot;<\/title>\n<meta name=\"description\" content=\"Der er ikke meget forst\u00e5else at hente fra Superliga-fans over de nye tiltag, der st\u00e5r til at blive indf\u00f8rt i for\u00e5ret\" \/>\n<meta name=\"robots\" content=\"index, follow, max-snippet:-1, max-image-preview:large, max-video-preview:-1\" \/>\n<link rel=\"canonical\" href=\"https:\/\/acefootball.com\/da\/fodboldnyheder\/fans-raser-over-superliga-tiltag-det-er-helt-vaek\/\" \/>\n<meta property=\"og:locale\" content=\"en_US\" \/>\n<meta property=\"og:type\" content=\"article\" \/>\n<meta property=\"og:title\" content=\"Fans raser over Superliga-tiltag: &quot;Det er helt v\u00e6k&quot;\" \/>\n<meta property=\"og:description\" content=\"Der er ikke meget forst\u00e5else at hente fra Superliga-fans over de nye tiltag, der st\u00e5r til at blive indf\u00f8rt i for\u00e5ret\" \/>\n<meta property=\"og:url\" content=\"https:\/\/acefootball.com\/da\/fodboldnyheder\/fans-raser-over-superliga-tiltag-det-er-helt-vaek\/\" \/>\n<meta property=\"og:site_name\" content=\"Ace Football Danmark\" \/>\n<meta property=\"article:publisher\" content=\"https:\/\/www.facebook.com\/acefootballdk\" \/>\n<meta property=\"article:published_time\" content=\"2021-01-28T08:42:36+00:00\" \/>\n<meta property=\"article:modified_time\" content=\"2021-01-28T08:43:57+00:00\" \/>\n<meta property=\"og:image\" content=\"https:\/\/acefootball.com\/da\/wp-content\/uploads\/sites\/2\/2021\/01\/Laes-mere-generel-6-3.jpg\" \/>\n\t<meta property=\"og:image:width\" content=\"1920\" \/>\n\t<meta property=\"og:image:height\" content=\"1008\" \/>\n\t<meta property=\"og:image:type\" content=\"image\/jpeg\" \/>\n<meta name=\"twitter:card\" content=\"summary_large_image\" \/>\n<meta name=\"twitter:label1\" content=\"Written by\" \/>\n\t<meta name=\"twitter:data1\" content=\"Mads Dreyer\" \/>\n\t<meta name=\"twitter:label2\" content=\"Est. reading time\" \/>\n\t<meta name=\"twitter:data2\" content=\"1 minute\" \/>\n<script type=\"application\/ld+json\" class=\"yoast-schema-graph\">{\"@context\":\"https:\/\/schema.org\",\"@graph\":[{\"@type\":\"Organization\",\"@id\":\"https:\/\/acefootball.com\/da\/#organization\",\"name\":\"Ace Football\",\"url\":\"https:\/\/acefootball.com\/da\/\",\"sameAs\":[\"https:\/\/www.facebook.com\/acefootballdk\"],\"logo\":{\"@type\":\"ImageObject\",\"@id\":\"https:\/\/acefootball.com\/da\/#logo\",\"inLanguage\":\"en-US\",\"url\":\"https:\/\/acefootball.com\/da\/wp-content\/uploads\/sites\/2\/2020\/07\/Ace-Football-30-07-2020-2.png\",\"contentUrl\":\"https:\/\/acefootball.com\/da\/wp-content\/uploads\/sites\/2\/2020\/07\/Ace-Football-30-07-2020-2.png\",\"width\":1200,\"height\":600,\"caption\":\"Ace Football\"},\"image\":{\"@id\":\"https:\/\/acefootball.com\/da\/#logo\"}},{\"@type\":\"WebSite\",\"@id\":\"https:\/\/acefootball.com\/da\/#website\",\"url\":\"https:\/\/acefootball.com\/da\/\",\"name\":\"Ace Football Danmark\",\"description\":\"Nyheder, Spiltips &amp; Livescore\",\"publisher\":{\"@id\":\"https:\/\/acefootball.com\/da\/#organization\"},\"potentialAction\":[{\"@type\":\"SearchAction\",\"target\":{\"@type\":\"EntryPoint\",\"urlTemplate\":\"https:\/\/acefootball.com\/da\/?s={search_term_string}\"},\"query-input\":\"required name=search_term_string\"}],\"inLanguage\":\"en-US\"},{\"@type\":\"ImageObject\",\"@id\":\"https:\/\/acefootball.com\/da\/fodboldnyheder\/fans-raser-over-superliga-tiltag-det-er-helt-vaek\/#primaryimage\",\"inLanguage\":\"en-US\",\"url\":\"https:\/\/acefootball.com\/da\/wp-content\/uploads\/sites\/2\/2021\/01\/Laes-mere-generel-6-3.jpg\",\"contentUrl\":\"https:\/\/acefootball.com\/da\/wp-content\/uploads\/sites\/2\/2021\/01\/Laes-mere-generel-6-3.jpg\",\"width\":1920,\"height\":1008,\"caption\":\"Superliga\"},{\"@type\":\"WebPage\",\"@id\":\"https:\/\/acefootball.com\/da\/fodboldnyheder\/fans-raser-over-superliga-tiltag-det-er-helt-vaek\/#webpage\",\"url\":\"https:\/\/acefootball.com\/da\/fodboldnyheder\/fans-raser-over-superliga-tiltag-det-er-helt-vaek\/\",\"name\":\"Fans raser over Superliga-tiltag: \\\"Det er helt v\u00e6k\\\"\",\"isPartOf\":{\"@id\":\"https:\/\/acefootball.com\/da\/#website\"},\"primaryImageOfPage\":{\"@id\":\"https:\/\/acefootball.com\/da\/fodboldnyheder\/fans-raser-over-superliga-tiltag-det-er-helt-vaek\/#primaryimage\"},\"datePublished\":\"2021-01-28T08:42:36+00:00\",\"dateModified\":\"2021-01-28T08:43:57+00:00\",\"description\":\"Der er ikke meget forst\u00e5else at hente fra Superliga-fans over de nye tiltag, der st\u00e5r til at blive indf\u00f8rt i for\u00e5ret\",\"breadcrumb\":{\"@id\":\"https:\/\/acefootball.com\/da\/fodboldnyheder\/fans-raser-over-superliga-tiltag-det-er-helt-vaek\/#breadcrumb\"},\"inLanguage\":\"en-US\",\"potentialAction\":[{\"@type\":\"ReadAction\",\"target\":[\"https:\/\/acefootball.com\/da\/fodboldnyheder\/fans-raser-over-superliga-tiltag-det-er-helt-vaek\/\"]}]},{\"@type\":\"BreadcrumbList\",\"@id\":\"https:\/\/acefootball.com\/da\/fodboldnyheder\/fans-raser-over-superliga-tiltag-det-er-helt-vaek\/#breadcrumb\",\"itemListElement\":[{\"@type\":\"ListItem\",\"position\":1,\"name\":\"Home\",\"item\":\"https:\/\/acefootball.com\/da\/\"},{\"@type\":\"ListItem\",\"position\":2,\"name\":\"Fans raser over Superliga-tiltag: &#8220;Det er helt v\u00e6k&#8221;\"}]},{\"@type\":\"Article\",\"@id\":\"https:\/\/acefootball.com\/da\/fodboldnyheder\/fans-raser-over-superliga-tiltag-det-er-helt-vaek\/#article\",\"isPartOf\":{\"@id\":\"https:\/\/acefootball.com\/da\/fodboldnyheder\/fans-raser-over-superliga-tiltag-det-er-helt-vaek\/#webpage\"},\"author\":{\"@id\":\"https:\/\/acefootball.com\/da\/#\/schema\/person\/ee67e9cf04a276f144100ffa722f10cd\"},\"headline\":\"Fans raser over Superliga-tiltag: &#8220;Det er helt v\u00e6k&#8221;\",\"datePublished\":\"2021-01-28T08:42:36+00:00\",\"dateModified\":\"2021-01-28T08:43:57+00:00\",\"mainEntityOfPage\":{\"@id\":\"https:\/\/acefootball.com\/da\/fodboldnyheder\/fans-raser-over-superliga-tiltag-det-er-helt-vaek\/#webpage\"},\"wordCount\":284,\"commentCount\":0,\"publisher\":{\"@id\":\"https:\/\/acefootball.com\/da\/#organization\"},\"image\":{\"@id\":\"https:\/\/acefootball.com\/da\/fodboldnyheder\/fans-raser-over-superliga-tiltag-det-er-helt-vaek\/#primaryimage\"},\"thumbnailUrl\":\"https:\/\/acefootball.com\/da\/wp-content\/uploads\/sites\/2\/2021\/01\/GettyImages-1229862447.jpg\",\"keywords\":[\"Superligaen\"],\"articleSection\":[\"Reaktion\"],\"inLanguage\":\"en-US\",\"potentialAction\":[{\"@type\":\"CommentAction\",\"name\":\"Comment\",\"target\":[\"https:\/\/acefootball.com\/da\/fodboldnyheder\/fans-raser-over-superliga-tiltag-det-er-helt-vaek\/#respond\"]}]},{\"@type\":\"Person\",\"@id\":\"https:\/\/acefootball.com\/da\/#\/schema\/person\/ee67e9cf04a276f144100ffa722f10cd\",\"name\":\"Mads Dreyer\",\"image\":{\"@type\":\"ImageObject\",\"@id\":\"https:\/\/acefootball.com\/da\/#personlogo\",\"inLanguage\":\"en-US\",\"url\":\"https:\/\/secure.gravatar.com\/avatar\/7c7abf72cfde9902b6a60efe60c88d4c?s=96&d=mm&r=g\",\"contentUrl\":\"https:\/\/secure.gravatar.com\/avatar\/7c7abf72cfde9902b6a60efe60c88d4c?s=96&d=mm&r=g\",\"caption\":\"Mads Dreyer\"},\"description\":\"Skribent og fodboldn\u00f8rd, der lige nu fort\u00e6ller om alt og intet i fodboldverdenen p\u00e5 acefootball.com. Uddannet i kommunikation fra Aalborg Universitet.\",\"sameAs\":[\"https:\/\/www.linkedin.com\/in\/mads-dreyer-b9b08266\/\"],\"url\":\"https:\/\/acefootball.com\/da\/fodboldnyheder\/author\/mdnronaldo\/\"}]}<\/script>\n<!-- \/ Yoast SEO plugin. -->","yoast_head_json":{"title":"Fans raser over Superliga-tiltag: \"Det er helt v\u00e6k\"","description":"Der er ikke meget forst\u00e5else at hente fra Superliga-fans over de nye tiltag, der st\u00e5r til at blive indf\u00f8rt i for\u00e5ret","robots":{"index":"index","follow":"follow","max-snippet":"max-snippet:-1","max-image-preview":"max-image-preview:large","max-video-preview":"max-video-preview:-1"},"canonical":"https:\/\/acefootball.com\/da\/fodboldnyheder\/fans-raser-over-superliga-tiltag-det-er-helt-vaek\/","og_locale":"en_US","og_type":"article","og_title":"Fans raser over Superliga-tiltag: \"Det er helt v\u00e6k\"","og_description":"Der er ikke meget forst\u00e5else at hente fra Superliga-fans over de nye tiltag, der st\u00e5r til at blive indf\u00f8rt i for\u00e5ret","og_url":"https:\/\/acefootball.com\/da\/fodboldnyheder\/fans-raser-over-superliga-tiltag-det-er-helt-vaek\/","og_site_name":"Ace Football Danmark","article_publisher":"https:\/\/www.facebook.com\/acefootballdk","article_published_time":"2021-01-28T08:42:36+00:00","article_modified_time":"2021-01-28T08:43:57+00:00","og_image":[{"width":1920,"height":1008,"url":"https:\/\/acefootball.com\/da\/wp-content\/uploads\/sites\/2\/2021\/01\/Laes-mere-generel-6-3.jpg","type":"image\/jpeg"}],"twitter_card":"summary_large_image","twitter_misc":{"Written by":"Mads Dreyer","Est. reading time":"1 minute"},"schema":{"@context":"https:\/\/schema.org","@graph":[{"@type":"Organization","@id":"https:\/\/acefootball.com\/da\/#organization","name":"Ace Football","url":"https:\/\/acefootball.com\/da\/","sameAs":["https:\/\/www.facebook.com\/acefootballdk"],"logo":{"@type":"ImageObject","@id":"https:\/\/acefootball.com\/da\/#logo","inLanguage":"en-US","url":"https:\/\/acefootball.com\/da\/wp-content\/uploads\/sites\/2\/2020\/07\/Ace-Football-30-07-2020-2.png","contentUrl":"https:\/\/acefootball.com\/da\/wp-content\/uploads\/sites\/2\/2020\/07\/Ace-Football-30-07-2020-2.png","width":1200,"height":600,"caption":"Ace Football"},"image":{"@id":"https:\/\/acefootball.com\/da\/#logo"}},{"@type":"WebSite","@id":"https:\/\/acefootball.com\/da\/#website","url":"https:\/\/acefootball.com\/da\/","name":"Ace Football Danmark","description":"Nyheder, Spiltips &amp; Livescore","publisher":{"@id":"https:\/\/acefootball.com\/da\/#organization"},"potentialAction":[{"@type":"SearchAction","target":{"@type":"EntryPoint","urlTemplate":"https:\/\/acefootball.com\/da\/?s={search_term_string}"},"query-input":"required name=search_term_string"}],"inLanguage":"en-US"},{"@type":"ImageObject","@id":"https:\/\/acefootball.com\/da\/fodboldnyheder\/fans-raser-over-superliga-tiltag-det-er-helt-vaek\/#primaryimage","inLanguage":"en-US","url":"https:\/\/acefootball.com\/da\/wp-content\/uploads\/sites\/2\/2021\/01\/Laes-mere-generel-6-3.jpg","contentUrl":"https:\/\/acefootball.com\/da\/wp-content\/uploads\/sites\/2\/2021\/01\/Laes-mere-generel-6-3.jpg","width":1920,"height":1008,"caption":"Superliga"},{"@type":"WebPage","@id":"https:\/\/acefootball.com\/da\/fodboldnyheder\/fans-raser-over-superliga-tiltag-det-er-helt-vaek\/#webpage","url":"https:\/\/acefootball.com\/da\/fodboldnyheder\/fans-raser-over-superliga-tiltag-det-er-helt-vaek\/","name":"Fans raser over Superliga-tiltag: \"Det er helt v\u00e6k\"","isPartOf":{"@id":"https:\/\/acefootball.com\/da\/#website"},"primaryImageOfPage":{"@id":"https:\/\/acefootball.com\/da\/fodboldnyheder\/fans-raser-over-superliga-tiltag-det-er-helt-vaek\/#primaryimage"},"datePublished":"2021-01-28T08:42:36+00:00","dateModified":"2021-01-28T08:43:57+00:00","description":"Der er ikke meget forst\u00e5else at hente fra Superliga-fans over de nye tiltag, der st\u00e5r til at blive indf\u00f8rt i for\u00e5ret","breadcrumb":{"@id":"https:\/\/acefootball.com\/da\/fodboldnyheder\/fans-raser-over-superliga-tiltag-det-er-helt-vaek\/#breadcrumb"},"inLanguage":"en-US","potentialAction":[{"@type":"ReadAction","target":["https:\/\/acefootball.com\/da\/fodboldnyheder\/fans-raser-over-superliga-tiltag-det-er-helt-vaek\/"]}]},{"@type":"BreadcrumbList","@id":"https:\/\/acefootball.com\/da\/fodboldnyheder\/fans-raser-over-superliga-tiltag-det-er-helt-vaek\/#breadcrumb","itemListElement":[{"@type":"ListItem","position":1,"name":"Home","item":"https:\/\/acefootball.com\/da\/"},{"@type":"ListItem","position":2,"name":"Fans raser over Superliga-tiltag: &#8220;Det er helt v\u00e6k&#8221;"}]},{"@type":"Article","@id":"https:\/\/acefootball.com\/da\/fodboldnyheder\/fans-raser-over-superliga-tiltag-det-er-helt-vaek\/#article","isPartOf":{"@id":"https:\/\/acefootball.com\/da\/fodboldnyheder\/fans-raser-over-superliga-tiltag-det-er-helt-vaek\/#webpage"},"author":{"@id":"https:\/\/acefootball.com\/da\/#\/schema\/person\/ee67e9cf04a276f144100ffa722f10cd"},"headline":"Fans raser over Superliga-tiltag: &#8220;Det er helt v\u00e6k&#8221;","datePublished":"2021-01-28T08:42:36+00:00","dateModified":"2021-01-28T08:43:57+00:00","mainEntityOfPage":{"@id":"https:\/\/acefootball.com\/da\/fodboldnyheder\/fans-raser-over-superliga-tiltag-det-er-helt-vaek\/#webpage"},"wordCount":284,"commentCount":0,"publisher":{"@id":"https:\/\/acefootball.com\/da\/#organization"},"image":{"@id":"https:\/\/acefootball.com\/da\/fodboldnyheder\/fans-raser-over-superliga-tiltag-det-er-helt-vaek\/#primaryimage"},"thumbnailUrl":"https:\/\/acefootball.com\/da\/wp-content\/uploads\/sites\/2\/2021\/01\/GettyImages-1229862447.jpg","keywords":["Superligaen"],"articleSection":["Reaktion"],"inLanguage":"en-US","potentialAction":[{"@type":"CommentAction","name":"Comment","target":["https:\/\/acefootball.com\/da\/fodboldnyheder\/fans-raser-over-superliga-tiltag-det-er-helt-vaek\/#respond"]}]},{"@type":"Person","@id":"https:\/\/acefootball.com\/da\/#\/schema\/person\/ee67e9cf04a276f144100ffa722f10cd","name":"Mads Dreyer","image":{"@type":"ImageObject","@id":"https:\/\/acefootball.com\/da\/#personlogo","inLanguage":"en-US","url":"https:\/\/secure.gravatar.com\/avatar\/7c7abf72cfde9902b6a60efe60c88d4c?s=96&d=mm&r=g","contentUrl":"https:\/\/secure.gravatar.com\/avatar\/7c7abf72cfde9902b6a60efe60c88d4c?s=96&d=mm&r=g","caption":"Mads Dreyer"},"description":"Skribent og fodboldn\u00f8rd, der lige nu fort\u00e6ller om alt og intet i fodboldverdenen p\u00e5 acefootball.com. Uddannet i kommunikation fra Aalborg Universitet.","sameAs":["https:\/\/www.linkedin.com\/in\/mads-dreyer-b9b08266\/"],"url":"https:\/\/acefootball.com\/da\/fodboldnyheder\/author\/mdnronaldo\/"}]}},"fimg_url":"https:\/\/acefootball.com\/da\/wp-content\/uploads\/sites\/2\/2021\/01\/GettyImages-1229862447.jpg","_links":{"self":[{"href":"https:\/\/acefootball.com\/da\/wp-json\/wp\/v2\/posts\/249946"}],"collection":[{"href":"https:\/\/acefootball.com\/da\/wp-json\/wp\/v2\/posts"}],"about":[{"href":"https:\/\/acefootball.com\/da\/wp-json\/wp\/v2\/types\/post"}],"author":[{"embeddable":true,"href":"https:\/\/acefootball.com\/da\/wp-json\/wp\/v2\/users\/705"}],"replies":[{"embeddable":true,"href":"https:\/\/acefootball.com\/da\/wp-json\/wp\/v2\/comments?post=249946"}],"version-history":[{"count":0,"href":"https:\/\/acefootball.com\/da\/wp-json\/wp\/v2\/posts\/249946\/revisions"}],"wp:featuredmedia":[{"embeddable":true,"href":"https:\/\/acefootball.com\/da\/wp-json\/wp\/v2\/media\/249598"}],"wp:attachment":[{"href":"https:\/\/acefootball.com\/da\/wp-json\/wp\/v2\/media?parent=249946"}],"wp:term":[{"taxonomy":"category","embeddable":true,"href":"https:\/\/acefootball.com\/da\/wp-json\/wp\/v2\/categories?post=249946"},{"taxonomy":"post_tag","embeddable":true,"href":"https:\/\/acefootball.com\/da\/wp-json\/wp\/v2\/tags?post=249946"}],"curies":[{"name":"wp","href":"https:\/\/api.w.org\/{rel}","templated":true}]}}