{"id":249797,"date":"2021-01-26T23:08:02","date_gmt":"2021-01-26T22:08:02","guid":{"rendered":"https:\/\/acefootball.com\/da\/?p=249797"},"modified":"2021-01-26T23:14:21","modified_gmt":"2021-01-26T22:14:21","slug":"eriksen-bringer-inter-fans-i-ekstase-med-overtids-scoring-det-bliver-vendepunktet","status":"publish","type":"post","link":"https:\/\/acefootball.com\/da\/fodboldnyheder\/eriksen-bringer-inter-fans-i-ekstase-med-overtids-scoring-det-bliver-vendepunktet\/","title":{"rendered":"Eriksen bringer Inter-fans i ekstase med overtids-scoring: Det bliver vendepunktet!"},"content":{"rendered":"\n<h2 id=\"h-christian-eriksens-flotte-frisparksm-l-i-overtiden-sendte-inter-videre-i-pokalturneringen-og-nu-overd-nges-danskeren-med-ros\">Christian Eriksens flotte frisparksm\u00e5l i overtiden sendte Inter videre i pokalturneringen, og nu overd\u00e6nges danskeren med ros<\/h2>\n\n\n\n<div class=\"wp-block-si-widget wp-block-si-widget--center\"><si-lb-widget widget-id=\"MatchInfo\" width=\"440\" data-nopadding=\"true\" data-card=\"true\" data-theme-appearance=\"dark\" data-event-id=\"3510915\"><\/si-lb-widget><\/div>\n\n\n\n<p>Der skulle en dansk frisparksperle i overtiden til for at sikre Inter en flot 2-1 sejr over lokalrivalerne fra AC Milan i kvartfinalen af Coppa Italia.<\/p>\n\n\n\n<p>Christian Eriksen startede som vanligt p\u00e5 b\u00e6nken, men han blev alts\u00e5 smidt p\u00e5 banen, da holdet skulle jagte en sejr i slutningen af anden halvleg, og her greb han i den grad sin chance.<\/p>\n\n\n\n<p>Du kan se danskeren fremragende m\u00e5l i videoen herunder.<\/p>\n\n\n\n<figure class=\"wp-block-embed is-type-rich is-provider-twitter wp-block-embed-twitter\"><div class=\"wp-block-embed__wrapper\">\n<blockquote class=\"twitter-tweet\" data-width=\"550\" data-dnt=\"true\"><p lang=\"pt\" dir=\"ltr\">Gol de Christian Eriksen que deu a vaga nas semifinais a Inter na Coppa It\u00e1lia.<br><br>Ainda bem que nunca critiquei. <a href=\"https:\/\/t.co\/Mqle88NkuG\">pic.twitter.com\/Mqle88NkuG<\/a><\/p>&mdash; Inter de Mil\u00e3o BRASIL (de \ud83c\udfe0) (@interdemilaoBRA) <a href=\"https:\/\/twitter.com\/interdemilaoBRA\/status\/1354185100813099009?ref_src=twsrc%5Etfw\">January 26, 2021<\/a><\/blockquote><script async src=\"https:\/\/platform.twitter.com\/widgets.js\" charset=\"utf-8\"><\/script>\n<\/div><\/figure>\n\n\n\n<p>Der har v\u00e6ret en del snak om, at Eriksen var p\u00e5 vej v\u00e6k, og at hans karriere i Inter allerede var betragtet som slut, men m\u00e5ske dagens genistreg har f\u00e5et tr\u00e6neren og ledelsen p\u00e5 andre tanker.<\/p>\n\n\n\n<p>I hvert fald lader klubbens fans til at have glemt alt det negative, og i stedet h\u00e5ber de, at dette kan v\u00e6re vendepunktet og g\u00f8re ham til en succes i klubben.. Og hvis ikke der s\u00e5 i hvert fald tanke selvtillid forud for et eventuelt skifte til en ny klub.<\/p>\n\n\n\n<p>Du kan l\u00e6se nogle af mange kommentarer p\u00e5 danskeren herunder.<\/p>\n\n\n\n<figure class=\"wp-block-embed is-type-rich is-provider-twitter wp-block-embed-twitter\"><div class=\"wp-block-embed__wrapper\">\n<blockquote class=\"twitter-tweet\" data-width=\"550\" data-dnt=\"true\"><p lang=\"da\" dir=\"ltr\">Vidal kissed Eriksen\u2019s forehead before the freekick. Christian Eriksen remontada incoming&#8230;<\/p>&mdash; IG (@CatenaccioIG) <a href=\"https:\/\/twitter.com\/CatenaccioIG\/status\/1354183481048363009?ref_src=twsrc%5Etfw\">January 26, 2021<\/a><\/blockquote><script async src=\"https:\/\/platform.twitter.com\/widgets.js\" charset=\"utf-8\"><\/script>\n<\/div><\/figure>\n\n\n\n<figure class=\"wp-block-embed is-type-rich is-provider-twitter wp-block-embed-twitter\"><div class=\"wp-block-embed__wrapper\">\n<blockquote class=\"twitter-tweet\" data-width=\"550\" data-dnt=\"true\"><p lang=\"da\" dir=\"ltr\">ERIKSEN SAVING HIS INTER CAREER <a href=\"https:\/\/t.co\/tBK92RwCPe\">pic.twitter.com\/tBK92RwCPe<\/a><\/p>&mdash; \ud835\udcda\ud835\udcea\ud835\udcf5\ud835\udcea\ud835\udcf6\ud835\udcf2\ud835\udcfd\ud835\udd02 \u2790 (@QKalamity) <a href=\"https:\/\/twitter.com\/QKalamity\/status\/1354183301083369472?ref_src=twsrc%5Etfw\">January 26, 2021<\/a><\/blockquote><script async src=\"https:\/\/platform.twitter.com\/widgets.js\" charset=\"utf-8\"><\/script>\n<\/div><\/figure>\n\n\n\n<figure class=\"wp-block-embed is-type-rich is-provider-twitter wp-block-embed-twitter\"><div class=\"wp-block-embed__wrapper\">\n<blockquote class=\"twitter-tweet\" data-width=\"550\" data-dnt=\"true\"><p lang=\"da\" dir=\"ltr\">Eriksen is alive <a href=\"https:\/\/t.co\/KOhnpkC4iq\">pic.twitter.com\/KOhnpkC4iq<\/a><\/p>&mdash; Andrew (@Tillian1243) <a href=\"https:\/\/twitter.com\/Tillian1243\/status\/1354183404921774082?ref_src=twsrc%5Etfw\">January 26, 2021<\/a><\/blockquote><script async src=\"https:\/\/platform.twitter.com\/widgets.js\" charset=\"utf-8\"><\/script>\n<\/div><\/figure>\n\n\n\n<figure class=\"wp-block-embed is-type-rich is-provider-twitter wp-block-embed-twitter\"><div class=\"wp-block-embed__wrapper\">\n<blockquote class=\"twitter-tweet\" data-width=\"550\" data-dnt=\"true\"><p lang=\"en\" dir=\"ltr\">Boundlessly happy for <a href=\"https:\/\/twitter.com\/ChrisEriksen8?ref_src=twsrc%5Etfw\">@ChrisEriksen8<\/a>. Not had an easy time in Italy and even if he moves, this could be the rebirth of a good player and seemly decent gent. <a href=\"https:\/\/t.co\/4CC2UTumai\">https:\/\/t.co\/4CC2UTumai<\/a><\/p>&mdash; Stoppage Time Winner (@stoppagetimewin) <a href=\"https:\/\/twitter.com\/stoppagetimewin\/status\/1354190257625964549?ref_src=twsrc%5Etfw\">January 26, 2021<\/a><\/blockquote><script async src=\"https:\/\/platform.twitter.com\/widgets.js\" charset=\"utf-8\"><\/script>\n<\/div><\/figure>\n\n\n\n<figure class=\"wp-block-embed is-type-rich is-provider-twitter wp-block-embed-twitter\"><div class=\"wp-block-embed__wrapper\">\n<blockquote class=\"twitter-tweet\" data-width=\"550\" data-dnt=\"true\"><p lang=\"en\" dir=\"ltr\">Poesia.<a href=\"https:\/\/twitter.com\/hashtag\/Eriksen?src=hash&amp;ref_src=twsrc%5Etfw\">#Eriksen<\/a> <a href=\"https:\/\/twitter.com\/hashtag\/InterMilan?src=hash&amp;ref_src=twsrc%5Etfw\">#InterMilan<\/a> <a href=\"https:\/\/t.co\/9dILmKIzRq\">pic.twitter.com\/9dILmKIzRq<\/a><\/p>&mdash; Giuseppe Di Palma \ud83d\udcdd\ud83d\udca1 (@peppedipalma83) <a href=\"https:\/\/twitter.com\/peppedipalma83\/status\/1354190266035539972?ref_src=twsrc%5Etfw\">January 26, 2021<\/a><\/blockquote><script async src=\"https:\/\/platform.twitter.com\/widgets.js\" charset=\"utf-8\"><\/script>\n<\/div><\/figure>\n","protected":false},"excerpt":{"rendered":"<p>Christian Eriksens flotte frisparksm\u00e5l i overtiden sendte Inter videre i pokalturneringen, og nu overd\u00e6nges danskeren med ros<\/p>\n","protected":false},"author":74,"featured_media":249805,"comment_status":"open","ping_status":"closed","sticky":false,"template":"","format":"video","meta":{"om_disable_all_campaigns":false,"push_articles_ronaldo":{"active":false,"canonical":0,"publish":false},"force_updates":null},"categories":[8060],"tags":[66,478,2354,692,394],"enet_tags":{"team":["8564","8238","8636"],"player":["157723"],"league":["141"],"sport_events":[3510915]},"yoast_head":"<!-- This site is optimized with the Yoast SEO plugin v18.3 - https:\/\/yoast.com\/wordpress\/plugins\/seo\/ -->\n<title>Eriksen bringer Inter-fans i ekstase med overtids-scoring: Det bliver vendepunktet!<\/title>\n<meta name=\"description\" content=\"Christian Eriksens flotte frisparksm\u00e5l i overtiden sendte Inter videre i pokalturneringen, og nu overd\u00e6nges danskeren med ros\" \/>\n<meta name=\"robots\" content=\"index, follow, max-snippet:-1, max-image-preview:large, max-video-preview:-1\" \/>\n<link rel=\"canonical\" href=\"https:\/\/acefootball.com\/da\/fodboldnyheder\/eriksen-bringer-inter-fans-i-ekstase-med-overtids-scoring-det-bliver-vendepunktet\/\" \/>\n<meta property=\"og:locale\" content=\"en_US\" \/>\n<meta property=\"og:type\" content=\"article\" \/>\n<meta property=\"og:title\" content=\"Eriksen bringer Inter-fans i ekstase med overtids-scoring: Det bliver vendepunktet!\" \/>\n<meta property=\"og:description\" content=\"Christian Eriksens flotte frisparksm\u00e5l i overtiden sendte Inter videre i pokalturneringen, og nu overd\u00e6nges danskeren med ros\" \/>\n<meta property=\"og:url\" content=\"https:\/\/acefootball.com\/da\/fodboldnyheder\/eriksen-bringer-inter-fans-i-ekstase-med-overtids-scoring-det-bliver-vendepunktet\/\" \/>\n<meta property=\"og:site_name\" content=\"Ace Football Danmark\" \/>\n<meta property=\"article:publisher\" content=\"https:\/\/www.facebook.com\/acefootballdk\" \/>\n<meta property=\"article:published_time\" content=\"2021-01-26T22:08:02+00:00\" \/>\n<meta property=\"article:modified_time\" content=\"2021-01-26T22:14:21+00:00\" \/>\n<meta property=\"og:image\" content=\"https:\/\/acefootball.com\/da\/wp-content\/uploads\/sites\/2\/2021\/01\/Video-generel-4.jpg\" \/>\n\t<meta property=\"og:image:width\" content=\"1920\" \/>\n\t<meta property=\"og:image:height\" content=\"1008\" \/>\n\t<meta property=\"og:image:type\" content=\"image\/jpeg\" \/>\n<meta name=\"twitter:card\" content=\"summary_large_image\" \/>\n<meta name=\"twitter:label1\" content=\"Written by\" \/>\n\t<meta name=\"twitter:data1\" content=\"Patrick Hesselb\u00e6k\" \/>\n\t<meta name=\"twitter:label2\" content=\"Est. reading time\" \/>\n\t<meta name=\"twitter:data2\" content=\"1 minute\" \/>\n<script type=\"application\/ld+json\" class=\"yoast-schema-graph\">{\"@context\":\"https:\/\/schema.org\",\"@graph\":[{\"@type\":\"Organization\",\"@id\":\"https:\/\/acefootball.com\/da\/#organization\",\"name\":\"Ace Football\",\"url\":\"https:\/\/acefootball.com\/da\/\",\"sameAs\":[\"https:\/\/www.facebook.com\/acefootballdk\"],\"logo\":{\"@type\":\"ImageObject\",\"@id\":\"https:\/\/acefootball.com\/da\/#logo\",\"inLanguage\":\"en-US\",\"url\":\"https:\/\/acefootball.com\/da\/wp-content\/uploads\/sites\/2\/2020\/07\/Ace-Football-30-07-2020-2.png\",\"contentUrl\":\"https:\/\/acefootball.com\/da\/wp-content\/uploads\/sites\/2\/2020\/07\/Ace-Football-30-07-2020-2.png\",\"width\":1200,\"height\":600,\"caption\":\"Ace Football\"},\"image\":{\"@id\":\"https:\/\/acefootball.com\/da\/#logo\"}},{\"@type\":\"WebSite\",\"@id\":\"https:\/\/acefootball.com\/da\/#website\",\"url\":\"https:\/\/acefootball.com\/da\/\",\"name\":\"Ace Football Danmark\",\"description\":\"Nyheder, Spiltips &amp; Livescore\",\"publisher\":{\"@id\":\"https:\/\/acefootball.com\/da\/#organization\"},\"potentialAction\":[{\"@type\":\"SearchAction\",\"target\":{\"@type\":\"EntryPoint\",\"urlTemplate\":\"https:\/\/acefootball.com\/da\/?s={search_term_string}\"},\"query-input\":\"required name=search_term_string\"}],\"inLanguage\":\"en-US\"},{\"@type\":\"ImageObject\",\"@id\":\"https:\/\/acefootball.com\/da\/fodboldnyheder\/eriksen-bringer-inter-fans-i-ekstase-med-overtids-scoring-det-bliver-vendepunktet\/#primaryimage\",\"inLanguage\":\"en-US\",\"url\":\"https:\/\/acefootball.com\/da\/wp-content\/uploads\/sites\/2\/2021\/01\/Video-generel-4.jpg\",\"contentUrl\":\"https:\/\/acefootball.com\/da\/wp-content\/uploads\/sites\/2\/2021\/01\/Video-generel-4.jpg\",\"width\":1920,\"height\":1008,\"caption\":\"Eriksen\"},{\"@type\":\"WebPage\",\"@id\":\"https:\/\/acefootball.com\/da\/fodboldnyheder\/eriksen-bringer-inter-fans-i-ekstase-med-overtids-scoring-det-bliver-vendepunktet\/#webpage\",\"url\":\"https:\/\/acefootball.com\/da\/fodboldnyheder\/eriksen-bringer-inter-fans-i-ekstase-med-overtids-scoring-det-bliver-vendepunktet\/\",\"name\":\"Eriksen bringer Inter-fans i ekstase med overtids-scoring: Det bliver vendepunktet!\",\"isPartOf\":{\"@id\":\"https:\/\/acefootball.com\/da\/#website\"},\"primaryImageOfPage\":{\"@id\":\"https:\/\/acefootball.com\/da\/fodboldnyheder\/eriksen-bringer-inter-fans-i-ekstase-med-overtids-scoring-det-bliver-vendepunktet\/#primaryimage\"},\"datePublished\":\"2021-01-26T22:08:02+00:00\",\"dateModified\":\"2021-01-26T22:14:21+00:00\",\"description\":\"Christian Eriksens flotte frisparksm\u00e5l i overtiden sendte Inter videre i pokalturneringen, og nu overd\u00e6nges danskeren med ros\",\"breadcrumb\":{\"@id\":\"https:\/\/acefootball.com\/da\/fodboldnyheder\/eriksen-bringer-inter-fans-i-ekstase-med-overtids-scoring-det-bliver-vendepunktet\/#breadcrumb\"},\"inLanguage\":\"en-US\",\"potentialAction\":[{\"@type\":\"ReadAction\",\"target\":[\"https:\/\/acefootball.com\/da\/fodboldnyheder\/eriksen-bringer-inter-fans-i-ekstase-med-overtids-scoring-det-bliver-vendepunktet\/\"]}]},{\"@type\":\"BreadcrumbList\",\"@id\":\"https:\/\/acefootball.com\/da\/fodboldnyheder\/eriksen-bringer-inter-fans-i-ekstase-med-overtids-scoring-det-bliver-vendepunktet\/#breadcrumb\",\"itemListElement\":[{\"@type\":\"ListItem\",\"position\":1,\"name\":\"Home\",\"item\":\"https:\/\/acefootball.com\/da\/\"},{\"@type\":\"ListItem\",\"position\":2,\"name\":\"Eriksen bringer Inter-fans i ekstase med overtids-scoring: Det bliver vendepunktet!\"}]},{\"@type\":\"Article\",\"@id\":\"https:\/\/acefootball.com\/da\/fodboldnyheder\/eriksen-bringer-inter-fans-i-ekstase-med-overtids-scoring-det-bliver-vendepunktet\/#article\",\"isPartOf\":{\"@id\":\"https:\/\/acefootball.com\/da\/fodboldnyheder\/eriksen-bringer-inter-fans-i-ekstase-med-overtids-scoring-det-bliver-vendepunktet\/#webpage\"},\"author\":{\"@id\":\"https:\/\/acefootball.com\/da\/#\/schema\/person\/fd6223a1c033400b41da7853ddf88c84\"},\"headline\":\"Eriksen bringer Inter-fans i ekstase med overtids-scoring: Det bliver vendepunktet!\",\"datePublished\":\"2021-01-26T22:08:02+00:00\",\"dateModified\":\"2021-01-26T22:14:21+00:00\",\"mainEntityOfPage\":{\"@id\":\"https:\/\/acefootball.com\/da\/fodboldnyheder\/eriksen-bringer-inter-fans-i-ekstase-med-overtids-scoring-det-bliver-vendepunktet\/#webpage\"},\"wordCount\":235,\"commentCount\":0,\"publisher\":{\"@id\":\"https:\/\/acefootball.com\/da\/#organization\"},\"image\":{\"@id\":\"https:\/\/acefootball.com\/da\/fodboldnyheder\/eriksen-bringer-inter-fans-i-ekstase-med-overtids-scoring-det-bliver-vendepunktet\/#primaryimage\"},\"thumbnailUrl\":\"https:\/\/acefootball.com\/da\/wp-content\/uploads\/sites\/2\/2021\/01\/GettyImages-1298727845.jpg\",\"keywords\":[\"AC Milan\",\"Christian Eriksen\",\"Coppa Italia\",\"Danmark\",\"Inter Milan\"],\"articleSection\":[\"Reaktion\"],\"inLanguage\":\"en-US\",\"potentialAction\":[{\"@type\":\"CommentAction\",\"name\":\"Comment\",\"target\":[\"https:\/\/acefootball.com\/da\/fodboldnyheder\/eriksen-bringer-inter-fans-i-ekstase-med-overtids-scoring-det-bliver-vendepunktet\/#respond\"]}]},{\"@type\":\"Person\",\"@id\":\"https:\/\/acefootball.com\/da\/#\/schema\/person\/fd6223a1c033400b41da7853ddf88c84\",\"name\":\"Patrick Hesselb\u00e6k\",\"image\":{\"@type\":\"ImageObject\",\"@id\":\"https:\/\/acefootball.com\/da\/#personlogo\",\"inLanguage\":\"en-US\",\"url\":\"https:\/\/secure.gravatar.com\/avatar\/7919060992759bffbffb199d6cbdce6f?s=96&d=mm&r=g\",\"contentUrl\":\"https:\/\/secure.gravatar.com\/avatar\/7919060992759bffbffb199d6cbdce6f?s=96&d=mm&r=g\",\"caption\":\"Patrick Hesselb\u00e6k\"},\"description\":\"Redakt\u00f8r p\u00e5 den danske Ace Football-redaktion. Uddannet i kommunikation fra Aalborg Universitet. Prim\u00e6rt fokus p\u00e5 den danske 3F Superliga og de st\u00f8rste europ\u00e6iske turneringer.\",\"sameAs\":[\"https:\/\/www.linkedin.com\/in\/patrick-hesselbk-2a4b1711a\/\"],\"url\":\"https:\/\/acefootball.com\/da\/fodboldnyheder\/author\/patrickhesselbaek\/\"}]}<\/script>\n<!-- \/ Yoast SEO plugin. -->","yoast_head_json":{"title":"Eriksen bringer Inter-fans i ekstase med overtids-scoring: Det bliver vendepunktet!","description":"Christian Eriksens flotte frisparksm\u00e5l i overtiden sendte Inter videre i pokalturneringen, og nu overd\u00e6nges danskeren med ros","robots":{"index":"index","follow":"follow","max-snippet":"max-snippet:-1","max-image-preview":"max-image-preview:large","max-video-preview":"max-video-preview:-1"},"canonical":"https:\/\/acefootball.com\/da\/fodboldnyheder\/eriksen-bringer-inter-fans-i-ekstase-med-overtids-scoring-det-bliver-vendepunktet\/","og_locale":"en_US","og_type":"article","og_title":"Eriksen bringer Inter-fans i ekstase med overtids-scoring: Det bliver vendepunktet!","og_description":"Christian Eriksens flotte frisparksm\u00e5l i overtiden sendte Inter videre i pokalturneringen, og nu overd\u00e6nges danskeren med ros","og_url":"https:\/\/acefootball.com\/da\/fodboldnyheder\/eriksen-bringer-inter-fans-i-ekstase-med-overtids-scoring-det-bliver-vendepunktet\/","og_site_name":"Ace Football Danmark","article_publisher":"https:\/\/www.facebook.com\/acefootballdk","article_published_time":"2021-01-26T22:08:02+00:00","article_modified_time":"2021-01-26T22:14:21+00:00","og_image":[{"width":1920,"height":1008,"url":"https:\/\/acefootball.com\/da\/wp-content\/uploads\/sites\/2\/2021\/01\/Video-generel-4.jpg","type":"image\/jpeg"}],"twitter_card":"summary_large_image","twitter_misc":{"Written by":"Patrick Hesselb\u00e6k","Est. reading time":"1 minute"},"schema":{"@context":"https:\/\/schema.org","@graph":[{"@type":"Organization","@id":"https:\/\/acefootball.com\/da\/#organization","name":"Ace Football","url":"https:\/\/acefootball.com\/da\/","sameAs":["https:\/\/www.facebook.com\/acefootballdk"],"logo":{"@type":"ImageObject","@id":"https:\/\/acefootball.com\/da\/#logo","inLanguage":"en-US","url":"https:\/\/acefootball.com\/da\/wp-content\/uploads\/sites\/2\/2020\/07\/Ace-Football-30-07-2020-2.png","contentUrl":"https:\/\/acefootball.com\/da\/wp-content\/uploads\/sites\/2\/2020\/07\/Ace-Football-30-07-2020-2.png","width":1200,"height":600,"caption":"Ace Football"},"image":{"@id":"https:\/\/acefootball.com\/da\/#logo"}},{"@type":"WebSite","@id":"https:\/\/acefootball.com\/da\/#website","url":"https:\/\/acefootball.com\/da\/","name":"Ace Football Danmark","description":"Nyheder, Spiltips &amp; Livescore","publisher":{"@id":"https:\/\/acefootball.com\/da\/#organization"},"potentialAction":[{"@type":"SearchAction","target":{"@type":"EntryPoint","urlTemplate":"https:\/\/acefootball.com\/da\/?s={search_term_string}"},"query-input":"required name=search_term_string"}],"inLanguage":"en-US"},{"@type":"ImageObject","@id":"https:\/\/acefootball.com\/da\/fodboldnyheder\/eriksen-bringer-inter-fans-i-ekstase-med-overtids-scoring-det-bliver-vendepunktet\/#primaryimage","inLanguage":"en-US","url":"https:\/\/acefootball.com\/da\/wp-content\/uploads\/sites\/2\/2021\/01\/Video-generel-4.jpg","contentUrl":"https:\/\/acefootball.com\/da\/wp-content\/uploads\/sites\/2\/2021\/01\/Video-generel-4.jpg","width":1920,"height":1008,"caption":"Eriksen"},{"@type":"WebPage","@id":"https:\/\/acefootball.com\/da\/fodboldnyheder\/eriksen-bringer-inter-fans-i-ekstase-med-overtids-scoring-det-bliver-vendepunktet\/#webpage","url":"https:\/\/acefootball.com\/da\/fodboldnyheder\/eriksen-bringer-inter-fans-i-ekstase-med-overtids-scoring-det-bliver-vendepunktet\/","name":"Eriksen bringer Inter-fans i ekstase med overtids-scoring: Det bliver vendepunktet!","isPartOf":{"@id":"https:\/\/acefootball.com\/da\/#website"},"primaryImageOfPage":{"@id":"https:\/\/acefootball.com\/da\/fodboldnyheder\/eriksen-bringer-inter-fans-i-ekstase-med-overtids-scoring-det-bliver-vendepunktet\/#primaryimage"},"datePublished":"2021-01-26T22:08:02+00:00","dateModified":"2021-01-26T22:14:21+00:00","description":"Christian Eriksens flotte frisparksm\u00e5l i overtiden sendte Inter videre i pokalturneringen, og nu overd\u00e6nges danskeren med ros","breadcrumb":{"@id":"https:\/\/acefootball.com\/da\/fodboldnyheder\/eriksen-bringer-inter-fans-i-ekstase-med-overtids-scoring-det-bliver-vendepunktet\/#breadcrumb"},"inLanguage":"en-US","potentialAction":[{"@type":"ReadAction","target":["https:\/\/acefootball.com\/da\/fodboldnyheder\/eriksen-bringer-inter-fans-i-ekstase-med-overtids-scoring-det-bliver-vendepunktet\/"]}]},{"@type":"BreadcrumbList","@id":"https:\/\/acefootball.com\/da\/fodboldnyheder\/eriksen-bringer-inter-fans-i-ekstase-med-overtids-scoring-det-bliver-vendepunktet\/#breadcrumb","itemListElement":[{"@type":"ListItem","position":1,"name":"Home","item":"https:\/\/acefootball.com\/da\/"},{"@type":"ListItem","position":2,"name":"Eriksen bringer Inter-fans i ekstase med overtids-scoring: Det bliver vendepunktet!"}]},{"@type":"Article","@id":"https:\/\/acefootball.com\/da\/fodboldnyheder\/eriksen-bringer-inter-fans-i-ekstase-med-overtids-scoring-det-bliver-vendepunktet\/#article","isPartOf":{"@id":"https:\/\/acefootball.com\/da\/fodboldnyheder\/eriksen-bringer-inter-fans-i-ekstase-med-overtids-scoring-det-bliver-vendepunktet\/#webpage"},"author":{"@id":"https:\/\/acefootball.com\/da\/#\/schema\/person\/fd6223a1c033400b41da7853ddf88c84"},"headline":"Eriksen bringer Inter-fans i ekstase med overtids-scoring: Det bliver vendepunktet!","datePublished":"2021-01-26T22:08:02+00:00","dateModified":"2021-01-26T22:14:21+00:00","mainEntityOfPage":{"@id":"https:\/\/acefootball.com\/da\/fodboldnyheder\/eriksen-bringer-inter-fans-i-ekstase-med-overtids-scoring-det-bliver-vendepunktet\/#webpage"},"wordCount":235,"commentCount":0,"publisher":{"@id":"https:\/\/acefootball.com\/da\/#organization"},"image":{"@id":"https:\/\/acefootball.com\/da\/fodboldnyheder\/eriksen-bringer-inter-fans-i-ekstase-med-overtids-scoring-det-bliver-vendepunktet\/#primaryimage"},"thumbnailUrl":"https:\/\/acefootball.com\/da\/wp-content\/uploads\/sites\/2\/2021\/01\/GettyImages-1298727845.jpg","keywords":["AC Milan","Christian Eriksen","Coppa Italia","Danmark","Inter Milan"],"articleSection":["Reaktion"],"inLanguage":"en-US","potentialAction":[{"@type":"CommentAction","name":"Comment","target":["https:\/\/acefootball.com\/da\/fodboldnyheder\/eriksen-bringer-inter-fans-i-ekstase-med-overtids-scoring-det-bliver-vendepunktet\/#respond"]}]},{"@type":"Person","@id":"https:\/\/acefootball.com\/da\/#\/schema\/person\/fd6223a1c033400b41da7853ddf88c84","name":"Patrick Hesselb\u00e6k","image":{"@type":"ImageObject","@id":"https:\/\/acefootball.com\/da\/#personlogo","inLanguage":"en-US","url":"https:\/\/secure.gravatar.com\/avatar\/7919060992759bffbffb199d6cbdce6f?s=96&d=mm&r=g","contentUrl":"https:\/\/secure.gravatar.com\/avatar\/7919060992759bffbffb199d6cbdce6f?s=96&d=mm&r=g","caption":"Patrick Hesselb\u00e6k"},"description":"Redakt\u00f8r p\u00e5 den danske Ace Football-redaktion. Uddannet i kommunikation fra Aalborg Universitet. Prim\u00e6rt fokus p\u00e5 den danske 3F Superliga og de st\u00f8rste europ\u00e6iske turneringer.","sameAs":["https:\/\/www.linkedin.com\/in\/patrick-hesselbk-2a4b1711a\/"],"url":"https:\/\/acefootball.com\/da\/fodboldnyheder\/author\/patrickhesselbaek\/"}]}},"fimg_url":"https:\/\/acefootball.com\/da\/wp-content\/uploads\/sites\/2\/2021\/01\/GettyImages-1298727845.jpg","_links":{"self":[{"href":"https:\/\/acefootball.com\/da\/wp-json\/wp\/v2\/posts\/249797"}],"collection":[{"href":"https:\/\/acefootball.com\/da\/wp-json\/wp\/v2\/posts"}],"about":[{"href":"https:\/\/acefootball.com\/da\/wp-json\/wp\/v2\/types\/post"}],"author":[{"embeddable":true,"href":"https:\/\/acefootball.com\/da\/wp-json\/wp\/v2\/users\/74"}],"replies":[{"embeddable":true,"href":"https:\/\/acefootball.com\/da\/wp-json\/wp\/v2\/comments?post=249797"}],"version-history":[{"count":0,"href":"https:\/\/acefootball.com\/da\/wp-json\/wp\/v2\/posts\/249797\/revisions"}],"wp:featuredmedia":[{"embeddable":true,"href":"https:\/\/acefootball.com\/da\/wp-json\/wp\/v2\/media\/249805"}],"wp:attachment":[{"href":"https:\/\/acefootball.com\/da\/wp-json\/wp\/v2\/media?parent=249797"}],"wp:term":[{"taxonomy":"category","embeddable":true,"href":"https:\/\/acefootball.com\/da\/wp-json\/wp\/v2\/categories?post=249797"},{"taxonomy":"post_tag","embeddable":true,"href":"https:\/\/acefootball.com\/da\/wp-json\/wp\/v2\/tags?post=249797"}],"curies":[{"name":"wp","href":"https:\/\/api.w.org\/{rel}","templated":true}]}}