{"id":249791,"date":"2021-01-27T08:37:35","date_gmt":"2021-01-27T07:37:35","guid":{"rendered":"https:\/\/acefootball.com\/da\/?p=249791"},"modified":"2021-01-27T08:51:36","modified_gmt":"2021-01-27T07:51:36","slug":"av-simon-inter-stjerne-saetter-kjaer-af-med-vildt-ryk","status":"publish","type":"post","link":"https:\/\/acefootball.com\/da\/fodboldnyheder\/av-simon-inter-stjerne-saetter-kjaer-af-med-vildt-ryk\/","title":{"rendered":"Av, Simon: Inter-stjerne s\u00e6tter Kj\u00e6r af med vildt ryk"},"content":{"rendered":"\n<h2 id=\"h-simon-kj-r-blev-sat-af-modtog-et-gult-kort-og-m-tte-humpe-ud-med-en-skade-alt-sammen-i-samme-sekvens-i-en-duel-med-alexis-sanchez\">Simon Kj\u00e6r blev sat af, modtog et gult kort og m\u00e5tte humpe ud med en skade. Alt sammen i samme sekvens i en duel med Alexis Sanchez<\/h2>\n\n\n\n<div class=\"wp-block-si-widget wp-block-si-widget--center\"><si-lb-widget widget-id=\"MatchInfo\" width=\"440\" data-nopadding=\"true\" data-card=\"true\" data-event-id=\"3510915\" data-theme-appearance=\"dark\"><\/si-lb-widget><\/div>\n\n\n\n<p>Christian Eriksen blev dagens mand i skysovs, da han med et fantastisk frisparksm\u00e5l i overtiden sikrede Inter Milan videre avancement til semifinalen af Coppa Italia mod rivalerne fra AC Milan.<\/p>\n\n\n\n<figure class=\"wp-block-embed is-type-wp-embed is-provider-ace-football-danmark wp-block-embed-ace-football-danmark\"><div class=\"wp-block-embed__wrapper\">\n<blockquote class=\"wp-embedded-content\" data-secret=\"BYx1WhwDsH\"><a href=\"https:\/\/acefootball.com\/da\/fodboldnyheder\/eriksen-bringer-inter-fans-i-ekstase-med-overtids-scoring-det-bliver-vendepunktet\/\">Eriksen bringer Inter-fans i ekstase med overtids-scoring: Det bliver vendepunktet!<\/a><\/blockquote><iframe class=\"wp-embedded-content\" sandbox=\"allow-scripts\" security=\"restricted\" style=\"position: absolute; clip: rect(1px, 1px, 1px, 1px);\" title=\"&#8220;Eriksen bringer Inter-fans i ekstase med overtids-scoring: Det bliver vendepunktet!&#8221; &#8212; Ace Football Danmark\" src=\"https:\/\/acefootball.com\/da\/fodboldnyheder\/eriksen-bringer-inter-fans-i-ekstase-med-overtids-scoring-det-bliver-vendepunktet\/embed\/#?secret=BYx1WhwDsH\" data-secret=\"BYx1WhwDsH\" width=\"600\" height=\"338\" frameborder=\"0\" marginwidth=\"0\" marginheight=\"0\" scrolling=\"no\"><\/iframe>\n<\/div><\/figure>\n\n\n\n<p>Eriksen var dog ikke eneste dansker i aktion i derby-kampen. Landsholdsanf\u00f8rer Simon Kj\u00e6r startede nemlig inde for AC Milan, men det blev alts\u00e5 et derby, som Kj\u00e6r nok gerne vil glemme hurtigst muligt.<\/p>\n\n\n\n<p>Danskeren m\u00e5tte nemlig udg\u00e5 med en skade i f\u00f8rste halvleg, og det skete efter en aktion, hvor Inters Alexis S\u00e1nchez i den grad drev g\u00e6k med ham. F\u00f8rst satte han Kj\u00e6r af i en duel ved at bruge h\u00e6len og l\u00f8be mod baglinjen. Her blev det hurtigt klart for den danske stopper, at han ikke kunne f\u00f8lge med chileneren, og valgte at save ham over i en glidende tackling. Dette resulterede alts\u00e5 b\u00e5de i et frispark, et gult kort og en forstr\u00e6kning til Kj\u00e6r.<\/p>\n\n\n\n<p>Du kan se hans knap s\u00e5 stolte \u00f8jeblik i videoen herunder.<\/p>\n\n\n\n<figure class=\"wp-block-embed is-type-rich is-provider-twitter wp-block-embed-twitter\"><div class=\"wp-block-embed__wrapper\">\n<blockquote class=\"twitter-tweet\" data-width=\"550\" data-dnt=\"true\"><p lang=\"da\" dir=\"ltr\">Alexis Sanchez humiliating Simon Kj\u00e6r <a href=\"https:\/\/t.co\/eeNQorZwNU\">pic.twitter.com\/eeNQorZwNU<\/a><\/p>&mdash; InterComps (@InterComps) <a href=\"https:\/\/twitter.com\/InterComps\/status\/1354159143268052992?ref_src=twsrc%5Etfw\">January 26, 2021<\/a><\/blockquote><script async src=\"https:\/\/platform.twitter.com\/widgets.js\" charset=\"utf-8\"><\/script>\n<\/div><\/figure>\n\n\n\n<p>Efter s\u00e5dan en aktion kunne Kj\u00e6r da heller ikke slippe for lidt r\u00f8g i kommentarfeltet. Du kan se et udpluk af kommentarerne herunder.<\/p>\n\n\n\n<figure class=\"wp-block-image size-large\"><img loading=\"lazy\" width=\"1024\" height=\"195\" src=\"https:\/\/acefootball.com\/da\/wp-content\/uploads\/sites\/2\/2021\/01\/Skaermbillede-2021-01-26-kl.-22.37.20-1024x195.png\" alt=\"\" class=\"wp-image-249793\" srcset=\"https:\/\/acefootball.com\/da\/wp-content\/uploads\/sites\/2\/2021\/01\/Skaermbillede-2021-01-26-kl.-22.37.20-1024x195.png 1024w, https:\/\/acefootball.com\/da\/wp-content\/uploads\/sites\/2\/2021\/01\/Skaermbillede-2021-01-26-kl.-22.37.20-300x57.png 300w, https:\/\/acefootball.com\/da\/wp-content\/uploads\/sites\/2\/2021\/01\/Skaermbillede-2021-01-26-kl.-22.37.20-768x146.png 768w, https:\/\/acefootball.com\/da\/wp-content\/uploads\/sites\/2\/2021\/01\/Skaermbillede-2021-01-26-kl.-22.37.20.png 1200w\" sizes=\"(max-width: 1024px) 100vw, 1024px\" \/><\/figure>\n\n\n\n<figure class=\"wp-block-image size-large\"><img loading=\"lazy\" width=\"1024\" height=\"203\" src=\"https:\/\/acefootball.com\/da\/wp-content\/uploads\/sites\/2\/2021\/01\/Skaermbillede-2021-01-26-kl.-22.37.56-1024x203.png\" alt=\"\" class=\"wp-image-249794\" srcset=\"https:\/\/acefootball.com\/da\/wp-content\/uploads\/sites\/2\/2021\/01\/Skaermbillede-2021-01-26-kl.-22.37.56-1024x203.png 1024w, https:\/\/acefootball.com\/da\/wp-content\/uploads\/sites\/2\/2021\/01\/Skaermbillede-2021-01-26-kl.-22.37.56-300x60.png 300w, https:\/\/acefootball.com\/da\/wp-content\/uploads\/sites\/2\/2021\/01\/Skaermbillede-2021-01-26-kl.-22.37.56-768x153.png 768w, https:\/\/acefootball.com\/da\/wp-content\/uploads\/sites\/2\/2021\/01\/Skaermbillede-2021-01-26-kl.-22.37.56.png 1198w\" sizes=\"(max-width: 1024px) 100vw, 1024px\" \/><\/figure>\n\n\n\n<figure class=\"wp-block-embed is-type-rich is-provider-twitter wp-block-embed-twitter\"><div class=\"wp-block-embed__wrapper\">\n<blockquote class=\"twitter-tweet\" data-width=\"550\" data-dnt=\"true\"><p lang=\"it\" dir=\"ltr\">Il vikingo Kjaer umiliato da Alexis Sanchez, ammonito dall&#39;arbitro e infortunato dall&#39;intervento.<\/p>&mdash; ERIKSEN (@InterMan10) <a href=\"https:\/\/twitter.com\/InterMan10\/status\/1354158845258559489?ref_src=twsrc%5Etfw\">January 26, 2021<\/a><\/blockquote><script async src=\"https:\/\/platform.twitter.com\/widgets.js\" charset=\"utf-8\"><\/script>\n<\/div><\/figure>\n\n\n\n<figure class=\"wp-block-embed is-type-rich is-provider-twitter wp-block-embed-twitter\"><div class=\"wp-block-embed__wrapper\">\n<blockquote class=\"twitter-tweet\" data-width=\"550\" data-dnt=\"true\"><p lang=\"en\" dir=\"ltr\">Simon Kjaer Inter-Milan Highlights &amp; Skills <a href=\"https:\/\/t.co\/0iHa0d1KGz\">pic.twitter.com\/0iHa0d1KGz<\/a><\/p>&mdash; Geppetto Neroazzurro (@GeppettoNeroaz1) <a href=\"https:\/\/twitter.com\/GeppettoNeroaz1\/status\/1354214303465926658?ref_src=twsrc%5Etfw\">January 26, 2021<\/a><\/blockquote><script async src=\"https:\/\/platform.twitter.com\/widgets.js\" charset=\"utf-8\"><\/script>\n<\/div><\/figure>\n","protected":false},"excerpt":{"rendered":"<p>Simon Kj\u00e6r blev sat af, modtog et gult kort og m\u00e5tte humpe ud med en skade. Alt sammen i samme sekvens i en duel med Alexis Sanchez<\/p>\n","protected":false},"author":74,"featured_media":249814,"comment_status":"open","ping_status":"closed","sticky":false,"template":"","format":"video","meta":{"om_disable_all_campaigns":false,"push_articles_ronaldo":{"active":false,"canonical":0,"publish":false},"force_updates":null},"categories":[8098],"tags":[66,563,394,131,363],"enet_tags":{"team":["8564","8636"],"player":["50047","35112"],"league":["55"],"sport_events":[3510915]},"yoast_head":"<!-- This site is optimized with the Yoast SEO plugin v18.3 - https:\/\/yoast.com\/wordpress\/plugins\/seo\/ -->\n<title>Av, Simon: Inter-stjerne s\u00e6tter Kj\u00e6r af med vildt ryk<\/title>\n<meta name=\"description\" content=\"Simon Kj\u00e6r blev sat af, modtog et gult kort og m\u00e5tte humpe ud med en skade. Alt sammen i samme sekvens i en duel med Alexis Sanchez\" \/>\n<meta name=\"robots\" content=\"index, follow, max-snippet:-1, max-image-preview:large, max-video-preview:-1\" \/>\n<link rel=\"canonical\" href=\"https:\/\/acefootball.com\/da\/fodboldnyheder\/av-simon-inter-stjerne-saetter-kjaer-af-med-vildt-ryk\/\" \/>\n<meta property=\"og:locale\" content=\"en_US\" \/>\n<meta property=\"og:type\" content=\"article\" \/>\n<meta property=\"og:title\" content=\"Av, Simon: Inter-stjerne s\u00e6tter Kj\u00e6r af med vildt ryk\" \/>\n<meta property=\"og:description\" content=\"Simon Kj\u00e6r blev sat af, modtog et gult kort og m\u00e5tte humpe ud med en skade. Alt sammen i samme sekvens i en duel med Alexis Sanchez\" \/>\n<meta property=\"og:url\" content=\"https:\/\/acefootball.com\/da\/fodboldnyheder\/av-simon-inter-stjerne-saetter-kjaer-af-med-vildt-ryk\/\" \/>\n<meta property=\"og:site_name\" content=\"Ace Football Danmark\" \/>\n<meta property=\"article:publisher\" content=\"https:\/\/www.facebook.com\/acefootballdk\" \/>\n<meta property=\"article:published_time\" content=\"2021-01-27T07:37:35+00:00\" \/>\n<meta property=\"article:modified_time\" content=\"2021-01-27T07:51:36+00:00\" \/>\n<meta property=\"og:image\" content=\"https:\/\/acefootball.com\/da\/wp-content\/uploads\/sites\/2\/2021\/01\/Video-generel-6.jpg\" \/>\n\t<meta property=\"og:image:width\" content=\"1920\" \/>\n\t<meta property=\"og:image:height\" content=\"1008\" \/>\n\t<meta property=\"og:image:type\" content=\"image\/jpeg\" \/>\n<meta name=\"twitter:card\" content=\"summary_large_image\" \/>\n<meta name=\"twitter:label1\" content=\"Written by\" \/>\n\t<meta name=\"twitter:data1\" content=\"Patrick Hesselb\u00e6k\" \/>\n\t<meta name=\"twitter:label2\" content=\"Est. reading time\" \/>\n\t<meta name=\"twitter:data2\" content=\"1 minute\" \/>\n<script type=\"application\/ld+json\" class=\"yoast-schema-graph\">{\"@context\":\"https:\/\/schema.org\",\"@graph\":[{\"@type\":\"Organization\",\"@id\":\"https:\/\/acefootball.com\/da\/#organization\",\"name\":\"Ace Football\",\"url\":\"https:\/\/acefootball.com\/da\/\",\"sameAs\":[\"https:\/\/www.facebook.com\/acefootballdk\"],\"logo\":{\"@type\":\"ImageObject\",\"@id\":\"https:\/\/acefootball.com\/da\/#logo\",\"inLanguage\":\"en-US\",\"url\":\"https:\/\/acefootball.com\/da\/wp-content\/uploads\/sites\/2\/2020\/07\/Ace-Football-30-07-2020-2.png\",\"contentUrl\":\"https:\/\/acefootball.com\/da\/wp-content\/uploads\/sites\/2\/2020\/07\/Ace-Football-30-07-2020-2.png\",\"width\":1200,\"height\":600,\"caption\":\"Ace Football\"},\"image\":{\"@id\":\"https:\/\/acefootball.com\/da\/#logo\"}},{\"@type\":\"WebSite\",\"@id\":\"https:\/\/acefootball.com\/da\/#website\",\"url\":\"https:\/\/acefootball.com\/da\/\",\"name\":\"Ace Football Danmark\",\"description\":\"Nyheder, Spiltips &amp; Livescore\",\"publisher\":{\"@id\":\"https:\/\/acefootball.com\/da\/#organization\"},\"potentialAction\":[{\"@type\":\"SearchAction\",\"target\":{\"@type\":\"EntryPoint\",\"urlTemplate\":\"https:\/\/acefootball.com\/da\/?s={search_term_string}\"},\"query-input\":\"required name=search_term_string\"}],\"inLanguage\":\"en-US\"},{\"@type\":\"ImageObject\",\"@id\":\"https:\/\/acefootball.com\/da\/fodboldnyheder\/av-simon-inter-stjerne-saetter-kjaer-af-med-vildt-ryk\/#primaryimage\",\"inLanguage\":\"en-US\",\"url\":\"https:\/\/acefootball.com\/da\/wp-content\/uploads\/sites\/2\/2021\/01\/Video-generel-6.jpg\",\"contentUrl\":\"https:\/\/acefootball.com\/da\/wp-content\/uploads\/sites\/2\/2021\/01\/Video-generel-6.jpg\",\"width\":1920,\"height\":1008},{\"@type\":\"WebPage\",\"@id\":\"https:\/\/acefootball.com\/da\/fodboldnyheder\/av-simon-inter-stjerne-saetter-kjaer-af-med-vildt-ryk\/#webpage\",\"url\":\"https:\/\/acefootball.com\/da\/fodboldnyheder\/av-simon-inter-stjerne-saetter-kjaer-af-med-vildt-ryk\/\",\"name\":\"Av, Simon: Inter-stjerne s\u00e6tter Kj\u00e6r af med vildt ryk\",\"isPartOf\":{\"@id\":\"https:\/\/acefootball.com\/da\/#website\"},\"primaryImageOfPage\":{\"@id\":\"https:\/\/acefootball.com\/da\/fodboldnyheder\/av-simon-inter-stjerne-saetter-kjaer-af-med-vildt-ryk\/#primaryimage\"},\"datePublished\":\"2021-01-27T07:37:35+00:00\",\"dateModified\":\"2021-01-27T07:51:36+00:00\",\"description\":\"Simon Kj\u00e6r blev sat af, modtog et gult kort og m\u00e5tte humpe ud med en skade. Alt sammen i samme sekvens i en duel med Alexis Sanchez\",\"breadcrumb\":{\"@id\":\"https:\/\/acefootball.com\/da\/fodboldnyheder\/av-simon-inter-stjerne-saetter-kjaer-af-med-vildt-ryk\/#breadcrumb\"},\"inLanguage\":\"en-US\",\"potentialAction\":[{\"@type\":\"ReadAction\",\"target\":[\"https:\/\/acefootball.com\/da\/fodboldnyheder\/av-simon-inter-stjerne-saetter-kjaer-af-med-vildt-ryk\/\"]}]},{\"@type\":\"BreadcrumbList\",\"@id\":\"https:\/\/acefootball.com\/da\/fodboldnyheder\/av-simon-inter-stjerne-saetter-kjaer-af-med-vildt-ryk\/#breadcrumb\",\"itemListElement\":[{\"@type\":\"ListItem\",\"position\":1,\"name\":\"Home\",\"item\":\"https:\/\/acefootball.com\/da\/\"},{\"@type\":\"ListItem\",\"position\":2,\"name\":\"Av, Simon: Inter-stjerne s\u00e6tter Kj\u00e6r af med vildt ryk\"}]},{\"@type\":\"Article\",\"@id\":\"https:\/\/acefootball.com\/da\/fodboldnyheder\/av-simon-inter-stjerne-saetter-kjaer-af-med-vildt-ryk\/#article\",\"isPartOf\":{\"@id\":\"https:\/\/acefootball.com\/da\/fodboldnyheder\/av-simon-inter-stjerne-saetter-kjaer-af-med-vildt-ryk\/#webpage\"},\"author\":{\"@id\":\"https:\/\/acefootball.com\/da\/#\/schema\/person\/fd6223a1c033400b41da7853ddf88c84\"},\"headline\":\"Av, Simon: Inter-stjerne s\u00e6tter Kj\u00e6r af med vildt ryk\",\"datePublished\":\"2021-01-27T07:37:35+00:00\",\"dateModified\":\"2021-01-27T07:51:36+00:00\",\"mainEntityOfPage\":{\"@id\":\"https:\/\/acefootball.com\/da\/fodboldnyheder\/av-simon-inter-stjerne-saetter-kjaer-af-med-vildt-ryk\/#webpage\"},\"wordCount\":261,\"commentCount\":0,\"publisher\":{\"@id\":\"https:\/\/acefootball.com\/da\/#organization\"},\"image\":{\"@id\":\"https:\/\/acefootball.com\/da\/fodboldnyheder\/av-simon-inter-stjerne-saetter-kjaer-af-med-vildt-ryk\/#primaryimage\"},\"thumbnailUrl\":\"https:\/\/acefootball.com\/da\/wp-content\/uploads\/sites\/2\/2021\/01\/GettyImages-1282460941.jpg\",\"keywords\":[\"AC Milan\",\"Alexis S\u00e1nchez\",\"Inter Milan\",\"Serie A\",\"Simon Kj\u00e6r\"],\"articleSection\":[\"Video\"],\"inLanguage\":\"en-US\",\"potentialAction\":[{\"@type\":\"CommentAction\",\"name\":\"Comment\",\"target\":[\"https:\/\/acefootball.com\/da\/fodboldnyheder\/av-simon-inter-stjerne-saetter-kjaer-af-med-vildt-ryk\/#respond\"]}]},{\"@type\":\"Person\",\"@id\":\"https:\/\/acefootball.com\/da\/#\/schema\/person\/fd6223a1c033400b41da7853ddf88c84\",\"name\":\"Patrick Hesselb\u00e6k\",\"image\":{\"@type\":\"ImageObject\",\"@id\":\"https:\/\/acefootball.com\/da\/#personlogo\",\"inLanguage\":\"en-US\",\"url\":\"https:\/\/secure.gravatar.com\/avatar\/7919060992759bffbffb199d6cbdce6f?s=96&d=mm&r=g\",\"contentUrl\":\"https:\/\/secure.gravatar.com\/avatar\/7919060992759bffbffb199d6cbdce6f?s=96&d=mm&r=g\",\"caption\":\"Patrick Hesselb\u00e6k\"},\"description\":\"Redakt\u00f8r p\u00e5 den danske Ace Football-redaktion. Uddannet i kommunikation fra Aalborg Universitet. Prim\u00e6rt fokus p\u00e5 den danske 3F Superliga og de st\u00f8rste europ\u00e6iske turneringer.\",\"sameAs\":[\"https:\/\/www.linkedin.com\/in\/patrick-hesselbk-2a4b1711a\/\"],\"url\":\"https:\/\/acefootball.com\/da\/fodboldnyheder\/author\/patrickhesselbaek\/\"}]}<\/script>\n<!-- \/ Yoast SEO plugin. -->","yoast_head_json":{"title":"Av, Simon: Inter-stjerne s\u00e6tter Kj\u00e6r af med vildt ryk","description":"Simon Kj\u00e6r blev sat af, modtog et gult kort og m\u00e5tte humpe ud med en skade. Alt sammen i samme sekvens i en duel med Alexis Sanchez","robots":{"index":"index","follow":"follow","max-snippet":"max-snippet:-1","max-image-preview":"max-image-preview:large","max-video-preview":"max-video-preview:-1"},"canonical":"https:\/\/acefootball.com\/da\/fodboldnyheder\/av-simon-inter-stjerne-saetter-kjaer-af-med-vildt-ryk\/","og_locale":"en_US","og_type":"article","og_title":"Av, Simon: Inter-stjerne s\u00e6tter Kj\u00e6r af med vildt ryk","og_description":"Simon Kj\u00e6r blev sat af, modtog et gult kort og m\u00e5tte humpe ud med en skade. Alt sammen i samme sekvens i en duel med Alexis Sanchez","og_url":"https:\/\/acefootball.com\/da\/fodboldnyheder\/av-simon-inter-stjerne-saetter-kjaer-af-med-vildt-ryk\/","og_site_name":"Ace Football Danmark","article_publisher":"https:\/\/www.facebook.com\/acefootballdk","article_published_time":"2021-01-27T07:37:35+00:00","article_modified_time":"2021-01-27T07:51:36+00:00","og_image":[{"width":1920,"height":1008,"url":"https:\/\/acefootball.com\/da\/wp-content\/uploads\/sites\/2\/2021\/01\/Video-generel-6.jpg","type":"image\/jpeg"}],"twitter_card":"summary_large_image","twitter_misc":{"Written by":"Patrick Hesselb\u00e6k","Est. reading time":"1 minute"},"schema":{"@context":"https:\/\/schema.org","@graph":[{"@type":"Organization","@id":"https:\/\/acefootball.com\/da\/#organization","name":"Ace Football","url":"https:\/\/acefootball.com\/da\/","sameAs":["https:\/\/www.facebook.com\/acefootballdk"],"logo":{"@type":"ImageObject","@id":"https:\/\/acefootball.com\/da\/#logo","inLanguage":"en-US","url":"https:\/\/acefootball.com\/da\/wp-content\/uploads\/sites\/2\/2020\/07\/Ace-Football-30-07-2020-2.png","contentUrl":"https:\/\/acefootball.com\/da\/wp-content\/uploads\/sites\/2\/2020\/07\/Ace-Football-30-07-2020-2.png","width":1200,"height":600,"caption":"Ace Football"},"image":{"@id":"https:\/\/acefootball.com\/da\/#logo"}},{"@type":"WebSite","@id":"https:\/\/acefootball.com\/da\/#website","url":"https:\/\/acefootball.com\/da\/","name":"Ace Football Danmark","description":"Nyheder, Spiltips &amp; Livescore","publisher":{"@id":"https:\/\/acefootball.com\/da\/#organization"},"potentialAction":[{"@type":"SearchAction","target":{"@type":"EntryPoint","urlTemplate":"https:\/\/acefootball.com\/da\/?s={search_term_string}"},"query-input":"required name=search_term_string"}],"inLanguage":"en-US"},{"@type":"ImageObject","@id":"https:\/\/acefootball.com\/da\/fodboldnyheder\/av-simon-inter-stjerne-saetter-kjaer-af-med-vildt-ryk\/#primaryimage","inLanguage":"en-US","url":"https:\/\/acefootball.com\/da\/wp-content\/uploads\/sites\/2\/2021\/01\/Video-generel-6.jpg","contentUrl":"https:\/\/acefootball.com\/da\/wp-content\/uploads\/sites\/2\/2021\/01\/Video-generel-6.jpg","width":1920,"height":1008},{"@type":"WebPage","@id":"https:\/\/acefootball.com\/da\/fodboldnyheder\/av-simon-inter-stjerne-saetter-kjaer-af-med-vildt-ryk\/#webpage","url":"https:\/\/acefootball.com\/da\/fodboldnyheder\/av-simon-inter-stjerne-saetter-kjaer-af-med-vildt-ryk\/","name":"Av, Simon: Inter-stjerne s\u00e6tter Kj\u00e6r af med vildt ryk","isPartOf":{"@id":"https:\/\/acefootball.com\/da\/#website"},"primaryImageOfPage":{"@id":"https:\/\/acefootball.com\/da\/fodboldnyheder\/av-simon-inter-stjerne-saetter-kjaer-af-med-vildt-ryk\/#primaryimage"},"datePublished":"2021-01-27T07:37:35+00:00","dateModified":"2021-01-27T07:51:36+00:00","description":"Simon Kj\u00e6r blev sat af, modtog et gult kort og m\u00e5tte humpe ud med en skade. Alt sammen i samme sekvens i en duel med Alexis Sanchez","breadcrumb":{"@id":"https:\/\/acefootball.com\/da\/fodboldnyheder\/av-simon-inter-stjerne-saetter-kjaer-af-med-vildt-ryk\/#breadcrumb"},"inLanguage":"en-US","potentialAction":[{"@type":"ReadAction","target":["https:\/\/acefootball.com\/da\/fodboldnyheder\/av-simon-inter-stjerne-saetter-kjaer-af-med-vildt-ryk\/"]}]},{"@type":"BreadcrumbList","@id":"https:\/\/acefootball.com\/da\/fodboldnyheder\/av-simon-inter-stjerne-saetter-kjaer-af-med-vildt-ryk\/#breadcrumb","itemListElement":[{"@type":"ListItem","position":1,"name":"Home","item":"https:\/\/acefootball.com\/da\/"},{"@type":"ListItem","position":2,"name":"Av, Simon: Inter-stjerne s\u00e6tter Kj\u00e6r af med vildt ryk"}]},{"@type":"Article","@id":"https:\/\/acefootball.com\/da\/fodboldnyheder\/av-simon-inter-stjerne-saetter-kjaer-af-med-vildt-ryk\/#article","isPartOf":{"@id":"https:\/\/acefootball.com\/da\/fodboldnyheder\/av-simon-inter-stjerne-saetter-kjaer-af-med-vildt-ryk\/#webpage"},"author":{"@id":"https:\/\/acefootball.com\/da\/#\/schema\/person\/fd6223a1c033400b41da7853ddf88c84"},"headline":"Av, Simon: Inter-stjerne s\u00e6tter Kj\u00e6r af med vildt ryk","datePublished":"2021-01-27T07:37:35+00:00","dateModified":"2021-01-27T07:51:36+00:00","mainEntityOfPage":{"@id":"https:\/\/acefootball.com\/da\/fodboldnyheder\/av-simon-inter-stjerne-saetter-kjaer-af-med-vildt-ryk\/#webpage"},"wordCount":261,"commentCount":0,"publisher":{"@id":"https:\/\/acefootball.com\/da\/#organization"},"image":{"@id":"https:\/\/acefootball.com\/da\/fodboldnyheder\/av-simon-inter-stjerne-saetter-kjaer-af-med-vildt-ryk\/#primaryimage"},"thumbnailUrl":"https:\/\/acefootball.com\/da\/wp-content\/uploads\/sites\/2\/2021\/01\/GettyImages-1282460941.jpg","keywords":["AC Milan","Alexis S\u00e1nchez","Inter Milan","Serie A","Simon Kj\u00e6r"],"articleSection":["Video"],"inLanguage":"en-US","potentialAction":[{"@type":"CommentAction","name":"Comment","target":["https:\/\/acefootball.com\/da\/fodboldnyheder\/av-simon-inter-stjerne-saetter-kjaer-af-med-vildt-ryk\/#respond"]}]},{"@type":"Person","@id":"https:\/\/acefootball.com\/da\/#\/schema\/person\/fd6223a1c033400b41da7853ddf88c84","name":"Patrick Hesselb\u00e6k","image":{"@type":"ImageObject","@id":"https:\/\/acefootball.com\/da\/#personlogo","inLanguage":"en-US","url":"https:\/\/secure.gravatar.com\/avatar\/7919060992759bffbffb199d6cbdce6f?s=96&d=mm&r=g","contentUrl":"https:\/\/secure.gravatar.com\/avatar\/7919060992759bffbffb199d6cbdce6f?s=96&d=mm&r=g","caption":"Patrick Hesselb\u00e6k"},"description":"Redakt\u00f8r p\u00e5 den danske Ace Football-redaktion. Uddannet i kommunikation fra Aalborg Universitet. Prim\u00e6rt fokus p\u00e5 den danske 3F Superliga og de st\u00f8rste europ\u00e6iske turneringer.","sameAs":["https:\/\/www.linkedin.com\/in\/patrick-hesselbk-2a4b1711a\/"],"url":"https:\/\/acefootball.com\/da\/fodboldnyheder\/author\/patrickhesselbaek\/"}]}},"fimg_url":"https:\/\/acefootball.com\/da\/wp-content\/uploads\/sites\/2\/2021\/01\/GettyImages-1282460941.jpg","_links":{"self":[{"href":"https:\/\/acefootball.com\/da\/wp-json\/wp\/v2\/posts\/249791"}],"collection":[{"href":"https:\/\/acefootball.com\/da\/wp-json\/wp\/v2\/posts"}],"about":[{"href":"https:\/\/acefootball.com\/da\/wp-json\/wp\/v2\/types\/post"}],"author":[{"embeddable":true,"href":"https:\/\/acefootball.com\/da\/wp-json\/wp\/v2\/users\/74"}],"replies":[{"embeddable":true,"href":"https:\/\/acefootball.com\/da\/wp-json\/wp\/v2\/comments?post=249791"}],"version-history":[{"count":0,"href":"https:\/\/acefootball.com\/da\/wp-json\/wp\/v2\/posts\/249791\/revisions"}],"wp:featuredmedia":[{"embeddable":true,"href":"https:\/\/acefootball.com\/da\/wp-json\/wp\/v2\/media\/249814"}],"wp:attachment":[{"href":"https:\/\/acefootball.com\/da\/wp-json\/wp\/v2\/media?parent=249791"}],"wp:term":[{"taxonomy":"category","embeddable":true,"href":"https:\/\/acefootball.com\/da\/wp-json\/wp\/v2\/categories?post=249791"},{"taxonomy":"post_tag","embeddable":true,"href":"https:\/\/acefootball.com\/da\/wp-json\/wp\/v2\/tags?post=249791"}],"curies":[{"name":"wp","href":"https:\/\/api.w.org\/{rel}","templated":true}]}}