{"id":249783,"date":"2021-01-26T21:51:49","date_gmt":"2021-01-26T20:51:49","guid":{"rendered":"https:\/\/acefootball.com\/da\/?p=249783"},"modified":"2021-01-26T22:35:31","modified_gmt":"2021-01-26T21:35:31","slug":"zlatan-og-lukaku-gaar-amok-paa-hinanden-lad-os-moedes-udenfor","status":"publish","type":"post","link":"https:\/\/acefootball.com\/da\/fodboldnyheder\/zlatan-og-lukaku-gaar-amok-paa-hinanden-lad-os-moedes-udenfor\/","title":{"rendered":"Zlatan og Lukaku g\u00e5r amok p\u00e5 hinanden: Lad os m\u00f8des udenfor!"},"content":{"rendered":"\n<h2 id=\"h-zlatan-ibrahimovic-og-romelu-lukaku-var-helt-oppe-i-det-r-de-felt-i-slutningen-af-f-rste-halvleg-i-aftenens-coppa-italia-kamp\">Zlatan Ibrahimovic og Romelu Lukaku var helt oppe i det r\u00f8de felt i slutningen af f\u00f8rste halvleg i aftenens Coppa Italia-kamp<\/h2>\n\n\n\n<div class=\"wp-block-si-widget wp-block-si-widget--center\"><si-lb-widget widget-id=\"MatchInfo\" width=\"440\" data-nopadding=\"true\" data-card=\"true\" data-event-id=\"3510915\" data-theme-appearance=\"dark\"><\/si-lb-widget><\/div>\n\n\n\n<p>Inter Milan og AC Milan spiller lige nu Coppa Italia kvartfinale p\u00e5 San Siro i en kamp, hvor de r\u00f8de f\u00f8rer med 1-0 ved pausen p\u00e5 et flot m\u00e5l af Zlatan Ibrahimovic.<\/p>\n\n\n\n<p>Det var dog en anden episode med netop Zlatan, der har v\u00e6ret p\u00e5 alle folks l\u00f8ber efter f\u00f8rste halvleg. Den store svensker endte nemlig i en voldsom episode med modstanderen Romelu Lukaku, og de to kamphaner m\u00e5tte skilles af holdkammerater for ikke at ende i h\u00e5ndgem\u00e6ng.<\/p>\n\n\n\n<p>Du kan se den voldsomme episode herunder, hvor der i den grad blev kastet med bandeord og trusler i begge retninger.<\/p>\n\n\n\n<figure class=\"wp-block-embed is-type-rich is-provider-twitter wp-block-embed-twitter\"><div class=\"wp-block-embed__wrapper\">\n<blockquote class=\"twitter-tweet\" data-width=\"550\" data-dnt=\"true\"><p lang=\"en\" dir=\"ltr\">Lukaku v Ibrahimovic tonight in the Milan Derby<a href=\"https:\/\/t.co\/vloMJpwIHK\">pic.twitter.com\/vloMJpwIHK<\/a><\/p>&mdash; The Toffee Blues (@EvertonNewsFeed) <a href=\"https:\/\/twitter.com\/EvertonNewsFeed\/status\/1354170455725395972?ref_src=twsrc%5Etfw\">January 26, 2021<\/a><\/blockquote><script async src=\"https:\/\/platform.twitter.com\/widgets.js\" charset=\"utf-8\"><\/script>\n<\/div><\/figure>\n\n\n\n<figure class=\"wp-block-embed is-type-rich is-provider-twitter wp-block-embed-twitter\"><div class=\"wp-block-embed__wrapper\">\n<blockquote class=\"twitter-tweet\" data-width=\"550\" data-dnt=\"true\"><p lang=\"en\" dir=\"ltr\">Zlatan and Lukaku are going at it \ud83d\ude33 <a href=\"https:\/\/t.co\/yMLFI72tiz\">pic.twitter.com\/yMLFI72tiz<\/a><\/p>&mdash; ESPN FC (@ESPNFC) <a href=\"https:\/\/twitter.com\/ESPNFC\/status\/1354166676128997383?ref_src=twsrc%5Etfw\">January 26, 2021<\/a><\/blockquote><script async src=\"https:\/\/platform.twitter.com\/widgets.js\" charset=\"utf-8\"><\/script>\n<\/div><\/figure>\n\n\n\n<figure class=\"wp-block-embed is-type-rich is-provider-twitter wp-block-embed-twitter\"><div class=\"wp-block-embed__wrapper\">\n<blockquote class=\"twitter-tweet\" data-width=\"550\" data-dnt=\"true\"><p lang=\"en\" dir=\"ltr\">Who you backing in a fight? <a href=\"https:\/\/t.co\/vPHpFiTrzm\">pic.twitter.com\/vPHpFiTrzm<\/a><\/p>&mdash; Dubois (@CFCDUBois) <a href=\"https:\/\/twitter.com\/CFCDUBois\/status\/1354167096045940736?ref_src=twsrc%5Etfw\">January 26, 2021<\/a><\/blockquote><script async src=\"https:\/\/platform.twitter.com\/widgets.js\" charset=\"utf-8\"><\/script>\n<\/div><\/figure>\n\n\n\n<figure class=\"wp-block-embed is-type-rich is-provider-twitter wp-block-embed-twitter\"><div class=\"wp-block-embed__wrapper\">\n<blockquote class=\"twitter-tweet\" data-width=\"550\" data-dnt=\"true\"><p lang=\"en\" dir=\"ltr\">NO WAY\ud83d\ude02 Lukaku just shouted fuck you and your wife at Zlatan!\ud83d\ude2d\ud83d\ude2d\ud83d\ude2d\ud83d\ude2d\ud83d\ude2d\ud83d\ude2d <a href=\"https:\/\/t.co\/CV0lD9Mj6T\">pic.twitter.com\/CV0lD9Mj6T<\/a><\/p>&mdash; Tom (@ThomasClay3) <a href=\"https:\/\/twitter.com\/ThomasClay3\/status\/1354166129757999104?ref_src=twsrc%5Etfw\">January 26, 2021<\/a><\/blockquote><script async src=\"https:\/\/platform.twitter.com\/widgets.js\" charset=\"utf-8\"><\/script>\n<\/div><\/figure>\n","protected":false},"excerpt":{"rendered":"<p>Zlatan Ibrahimovic og Romelu Lukaku var helt oppe i det r\u00f8de felt i slutningen af f\u00f8rste halvleg i aftenens Coppa Italia-kamp<\/p>\n","protected":false},"author":74,"featured_media":249788,"comment_status":"open","ping_status":"closed","sticky":false,"template":"","format":"standard","meta":{"om_disable_all_campaigns":false,"push_articles_ronaldo":{"active":false,"canonical":0,"publish":false},"force_updates":null},"categories":[8098],"tags":[66,249,131,283],"enet_tags":{"team":["8564"],"player":["181276","35724"],"league":["55"],"sport_events":[3510915]},"yoast_head":"<!-- This site is optimized with the Yoast SEO plugin v18.3 - https:\/\/yoast.com\/wordpress\/plugins\/seo\/ -->\n<title>Zlatan og Lukaku g\u00e5r amok p\u00e5 hinanden: Lad os m\u00f8des udenfor!<\/title>\n<meta name=\"description\" content=\"Zlatan Ibrahimovic og Romelu Lukaku var helt oppe i det r\u00f8de felt i slutningen af f\u00f8rste halvleg i aftenens Coppa Italia-kamp\" \/>\n<meta name=\"robots\" content=\"index, follow, max-snippet:-1, max-image-preview:large, max-video-preview:-1\" \/>\n<link rel=\"canonical\" href=\"https:\/\/acefootball.com\/da\/fodboldnyheder\/zlatan-og-lukaku-gaar-amok-paa-hinanden-lad-os-moedes-udenfor\/\" \/>\n<meta property=\"og:locale\" content=\"en_US\" \/>\n<meta property=\"og:type\" content=\"article\" \/>\n<meta property=\"og:title\" content=\"Zlatan og Lukaku g\u00e5r amok p\u00e5 hinanden: Lad os m\u00f8des udenfor!\" \/>\n<meta property=\"og:description\" content=\"Zlatan Ibrahimovic og Romelu Lukaku var helt oppe i det r\u00f8de felt i slutningen af f\u00f8rste halvleg i aftenens Coppa Italia-kamp\" \/>\n<meta property=\"og:url\" content=\"https:\/\/acefootball.com\/da\/fodboldnyheder\/zlatan-og-lukaku-gaar-amok-paa-hinanden-lad-os-moedes-udenfor\/\" \/>\n<meta property=\"og:site_name\" content=\"Ace Football Danmark\" \/>\n<meta property=\"article:publisher\" content=\"https:\/\/www.facebook.com\/acefootballdk\" \/>\n<meta property=\"article:published_time\" content=\"2021-01-26T20:51:49+00:00\" \/>\n<meta property=\"article:modified_time\" content=\"2021-01-26T21:35:31+00:00\" \/>\n<meta property=\"og:image\" content=\"https:\/\/acefootball.com\/da\/wp-content\/uploads\/sites\/2\/2021\/01\/Video-generel-2-1.jpg\" \/>\n\t<meta property=\"og:image:width\" content=\"1920\" \/>\n\t<meta property=\"og:image:height\" content=\"1008\" \/>\n\t<meta property=\"og:image:type\" content=\"image\/jpeg\" \/>\n<meta name=\"twitter:card\" content=\"summary_large_image\" \/>\n<meta name=\"twitter:label1\" content=\"Written by\" \/>\n\t<meta name=\"twitter:data1\" content=\"Patrick Hesselb\u00e6k\" \/>\n\t<meta name=\"twitter:label2\" content=\"Est. reading time\" \/>\n\t<meta name=\"twitter:data2\" content=\"1 minute\" \/>\n<script type=\"application\/ld+json\" class=\"yoast-schema-graph\">{\"@context\":\"https:\/\/schema.org\",\"@graph\":[{\"@type\":\"Organization\",\"@id\":\"https:\/\/acefootball.com\/da\/#organization\",\"name\":\"Ace Football\",\"url\":\"https:\/\/acefootball.com\/da\/\",\"sameAs\":[\"https:\/\/www.facebook.com\/acefootballdk\"],\"logo\":{\"@type\":\"ImageObject\",\"@id\":\"https:\/\/acefootball.com\/da\/#logo\",\"inLanguage\":\"en-US\",\"url\":\"https:\/\/acefootball.com\/da\/wp-content\/uploads\/sites\/2\/2020\/07\/Ace-Football-30-07-2020-2.png\",\"contentUrl\":\"https:\/\/acefootball.com\/da\/wp-content\/uploads\/sites\/2\/2020\/07\/Ace-Football-30-07-2020-2.png\",\"width\":1200,\"height\":600,\"caption\":\"Ace Football\"},\"image\":{\"@id\":\"https:\/\/acefootball.com\/da\/#logo\"}},{\"@type\":\"WebSite\",\"@id\":\"https:\/\/acefootball.com\/da\/#website\",\"url\":\"https:\/\/acefootball.com\/da\/\",\"name\":\"Ace Football Danmark\",\"description\":\"Nyheder, Spiltips &amp; Livescore\",\"publisher\":{\"@id\":\"https:\/\/acefootball.com\/da\/#organization\"},\"potentialAction\":[{\"@type\":\"SearchAction\",\"target\":{\"@type\":\"EntryPoint\",\"urlTemplate\":\"https:\/\/acefootball.com\/da\/?s={search_term_string}\"},\"query-input\":\"required name=search_term_string\"}],\"inLanguage\":\"en-US\"},{\"@type\":\"ImageObject\",\"@id\":\"https:\/\/acefootball.com\/da\/fodboldnyheder\/zlatan-og-lukaku-gaar-amok-paa-hinanden-lad-os-moedes-udenfor\/#primaryimage\",\"inLanguage\":\"en-US\",\"url\":\"https:\/\/acefootball.com\/da\/wp-content\/uploads\/sites\/2\/2021\/01\/Video-generel-2-1.jpg\",\"contentUrl\":\"https:\/\/acefootball.com\/da\/wp-content\/uploads\/sites\/2\/2021\/01\/Video-generel-2-1.jpg\",\"width\":1920,\"height\":1008,\"caption\":\"Zlatan, Lukaku\"},{\"@type\":\"WebPage\",\"@id\":\"https:\/\/acefootball.com\/da\/fodboldnyheder\/zlatan-og-lukaku-gaar-amok-paa-hinanden-lad-os-moedes-udenfor\/#webpage\",\"url\":\"https:\/\/acefootball.com\/da\/fodboldnyheder\/zlatan-og-lukaku-gaar-amok-paa-hinanden-lad-os-moedes-udenfor\/\",\"name\":\"Zlatan og Lukaku g\u00e5r amok p\u00e5 hinanden: Lad os m\u00f8des udenfor!\",\"isPartOf\":{\"@id\":\"https:\/\/acefootball.com\/da\/#website\"},\"primaryImageOfPage\":{\"@id\":\"https:\/\/acefootball.com\/da\/fodboldnyheder\/zlatan-og-lukaku-gaar-amok-paa-hinanden-lad-os-moedes-udenfor\/#primaryimage\"},\"datePublished\":\"2021-01-26T20:51:49+00:00\",\"dateModified\":\"2021-01-26T21:35:31+00:00\",\"description\":\"Zlatan Ibrahimovic og Romelu Lukaku var helt oppe i det r\u00f8de felt i slutningen af f\u00f8rste halvleg i aftenens Coppa Italia-kamp\",\"breadcrumb\":{\"@id\":\"https:\/\/acefootball.com\/da\/fodboldnyheder\/zlatan-og-lukaku-gaar-amok-paa-hinanden-lad-os-moedes-udenfor\/#breadcrumb\"},\"inLanguage\":\"en-US\",\"potentialAction\":[{\"@type\":\"ReadAction\",\"target\":[\"https:\/\/acefootball.com\/da\/fodboldnyheder\/zlatan-og-lukaku-gaar-amok-paa-hinanden-lad-os-moedes-udenfor\/\"]}]},{\"@type\":\"BreadcrumbList\",\"@id\":\"https:\/\/acefootball.com\/da\/fodboldnyheder\/zlatan-og-lukaku-gaar-amok-paa-hinanden-lad-os-moedes-udenfor\/#breadcrumb\",\"itemListElement\":[{\"@type\":\"ListItem\",\"position\":1,\"name\":\"Home\",\"item\":\"https:\/\/acefootball.com\/da\/\"},{\"@type\":\"ListItem\",\"position\":2,\"name\":\"Zlatan og Lukaku g\u00e5r amok p\u00e5 hinanden: Lad os m\u00f8des udenfor!\"}]},{\"@type\":\"Article\",\"@id\":\"https:\/\/acefootball.com\/da\/fodboldnyheder\/zlatan-og-lukaku-gaar-amok-paa-hinanden-lad-os-moedes-udenfor\/#article\",\"isPartOf\":{\"@id\":\"https:\/\/acefootball.com\/da\/fodboldnyheder\/zlatan-og-lukaku-gaar-amok-paa-hinanden-lad-os-moedes-udenfor\/#webpage\"},\"author\":{\"@id\":\"https:\/\/acefootball.com\/da\/#\/schema\/person\/fd6223a1c033400b41da7853ddf88c84\"},\"headline\":\"Zlatan og Lukaku g\u00e5r amok p\u00e5 hinanden: Lad os m\u00f8des udenfor!\",\"datePublished\":\"2021-01-26T20:51:49+00:00\",\"dateModified\":\"2021-01-26T21:35:31+00:00\",\"mainEntityOfPage\":{\"@id\":\"https:\/\/acefootball.com\/da\/fodboldnyheder\/zlatan-og-lukaku-gaar-amok-paa-hinanden-lad-os-moedes-udenfor\/#webpage\"},\"wordCount\":173,\"commentCount\":0,\"publisher\":{\"@id\":\"https:\/\/acefootball.com\/da\/#organization\"},\"image\":{\"@id\":\"https:\/\/acefootball.com\/da\/fodboldnyheder\/zlatan-og-lukaku-gaar-amok-paa-hinanden-lad-os-moedes-udenfor\/#primaryimage\"},\"thumbnailUrl\":\"https:\/\/acefootball.com\/da\/wp-content\/uploads\/sites\/2\/2021\/01\/Video-generel-3-1.jpg\",\"keywords\":[\"AC Milan\",\"Romelu Lukaku\",\"Serie A\",\"Zlatan Ibrahimovic\"],\"articleSection\":[\"Video\"],\"inLanguage\":\"en-US\",\"potentialAction\":[{\"@type\":\"CommentAction\",\"name\":\"Comment\",\"target\":[\"https:\/\/acefootball.com\/da\/fodboldnyheder\/zlatan-og-lukaku-gaar-amok-paa-hinanden-lad-os-moedes-udenfor\/#respond\"]}]},{\"@type\":\"Person\",\"@id\":\"https:\/\/acefootball.com\/da\/#\/schema\/person\/fd6223a1c033400b41da7853ddf88c84\",\"name\":\"Patrick Hesselb\u00e6k\",\"image\":{\"@type\":\"ImageObject\",\"@id\":\"https:\/\/acefootball.com\/da\/#personlogo\",\"inLanguage\":\"en-US\",\"url\":\"https:\/\/secure.gravatar.com\/avatar\/7919060992759bffbffb199d6cbdce6f?s=96&d=mm&r=g\",\"contentUrl\":\"https:\/\/secure.gravatar.com\/avatar\/7919060992759bffbffb199d6cbdce6f?s=96&d=mm&r=g\",\"caption\":\"Patrick Hesselb\u00e6k\"},\"description\":\"Redakt\u00f8r p\u00e5 den danske Ace Football-redaktion. Uddannet i kommunikation fra Aalborg Universitet. Prim\u00e6rt fokus p\u00e5 den danske 3F Superliga og de st\u00f8rste europ\u00e6iske turneringer.\",\"sameAs\":[\"https:\/\/www.linkedin.com\/in\/patrick-hesselbk-2a4b1711a\/\"],\"url\":\"https:\/\/acefootball.com\/da\/fodboldnyheder\/author\/patrickhesselbaek\/\"}]}<\/script>\n<!-- \/ Yoast SEO plugin. -->","yoast_head_json":{"title":"Zlatan og Lukaku g\u00e5r amok p\u00e5 hinanden: Lad os m\u00f8des udenfor!","description":"Zlatan Ibrahimovic og Romelu Lukaku var helt oppe i det r\u00f8de felt i slutningen af f\u00f8rste halvleg i aftenens Coppa Italia-kamp","robots":{"index":"index","follow":"follow","max-snippet":"max-snippet:-1","max-image-preview":"max-image-preview:large","max-video-preview":"max-video-preview:-1"},"canonical":"https:\/\/acefootball.com\/da\/fodboldnyheder\/zlatan-og-lukaku-gaar-amok-paa-hinanden-lad-os-moedes-udenfor\/","og_locale":"en_US","og_type":"article","og_title":"Zlatan og Lukaku g\u00e5r amok p\u00e5 hinanden: Lad os m\u00f8des udenfor!","og_description":"Zlatan Ibrahimovic og Romelu Lukaku var helt oppe i det r\u00f8de felt i slutningen af f\u00f8rste halvleg i aftenens Coppa Italia-kamp","og_url":"https:\/\/acefootball.com\/da\/fodboldnyheder\/zlatan-og-lukaku-gaar-amok-paa-hinanden-lad-os-moedes-udenfor\/","og_site_name":"Ace Football Danmark","article_publisher":"https:\/\/www.facebook.com\/acefootballdk","article_published_time":"2021-01-26T20:51:49+00:00","article_modified_time":"2021-01-26T21:35:31+00:00","og_image":[{"width":1920,"height":1008,"url":"https:\/\/acefootball.com\/da\/wp-content\/uploads\/sites\/2\/2021\/01\/Video-generel-2-1.jpg","type":"image\/jpeg"}],"twitter_card":"summary_large_image","twitter_misc":{"Written by":"Patrick Hesselb\u00e6k","Est. reading time":"1 minute"},"schema":{"@context":"https:\/\/schema.org","@graph":[{"@type":"Organization","@id":"https:\/\/acefootball.com\/da\/#organization","name":"Ace Football","url":"https:\/\/acefootball.com\/da\/","sameAs":["https:\/\/www.facebook.com\/acefootballdk"],"logo":{"@type":"ImageObject","@id":"https:\/\/acefootball.com\/da\/#logo","inLanguage":"en-US","url":"https:\/\/acefootball.com\/da\/wp-content\/uploads\/sites\/2\/2020\/07\/Ace-Football-30-07-2020-2.png","contentUrl":"https:\/\/acefootball.com\/da\/wp-content\/uploads\/sites\/2\/2020\/07\/Ace-Football-30-07-2020-2.png","width":1200,"height":600,"caption":"Ace Football"},"image":{"@id":"https:\/\/acefootball.com\/da\/#logo"}},{"@type":"WebSite","@id":"https:\/\/acefootball.com\/da\/#website","url":"https:\/\/acefootball.com\/da\/","name":"Ace Football Danmark","description":"Nyheder, Spiltips &amp; Livescore","publisher":{"@id":"https:\/\/acefootball.com\/da\/#organization"},"potentialAction":[{"@type":"SearchAction","target":{"@type":"EntryPoint","urlTemplate":"https:\/\/acefootball.com\/da\/?s={search_term_string}"},"query-input":"required name=search_term_string"}],"inLanguage":"en-US"},{"@type":"ImageObject","@id":"https:\/\/acefootball.com\/da\/fodboldnyheder\/zlatan-og-lukaku-gaar-amok-paa-hinanden-lad-os-moedes-udenfor\/#primaryimage","inLanguage":"en-US","url":"https:\/\/acefootball.com\/da\/wp-content\/uploads\/sites\/2\/2021\/01\/Video-generel-2-1.jpg","contentUrl":"https:\/\/acefootball.com\/da\/wp-content\/uploads\/sites\/2\/2021\/01\/Video-generel-2-1.jpg","width":1920,"height":1008,"caption":"Zlatan, Lukaku"},{"@type":"WebPage","@id":"https:\/\/acefootball.com\/da\/fodboldnyheder\/zlatan-og-lukaku-gaar-amok-paa-hinanden-lad-os-moedes-udenfor\/#webpage","url":"https:\/\/acefootball.com\/da\/fodboldnyheder\/zlatan-og-lukaku-gaar-amok-paa-hinanden-lad-os-moedes-udenfor\/","name":"Zlatan og Lukaku g\u00e5r amok p\u00e5 hinanden: Lad os m\u00f8des udenfor!","isPartOf":{"@id":"https:\/\/acefootball.com\/da\/#website"},"primaryImageOfPage":{"@id":"https:\/\/acefootball.com\/da\/fodboldnyheder\/zlatan-og-lukaku-gaar-amok-paa-hinanden-lad-os-moedes-udenfor\/#primaryimage"},"datePublished":"2021-01-26T20:51:49+00:00","dateModified":"2021-01-26T21:35:31+00:00","description":"Zlatan Ibrahimovic og Romelu Lukaku var helt oppe i det r\u00f8de felt i slutningen af f\u00f8rste halvleg i aftenens Coppa Italia-kamp","breadcrumb":{"@id":"https:\/\/acefootball.com\/da\/fodboldnyheder\/zlatan-og-lukaku-gaar-amok-paa-hinanden-lad-os-moedes-udenfor\/#breadcrumb"},"inLanguage":"en-US","potentialAction":[{"@type":"ReadAction","target":["https:\/\/acefootball.com\/da\/fodboldnyheder\/zlatan-og-lukaku-gaar-amok-paa-hinanden-lad-os-moedes-udenfor\/"]}]},{"@type":"BreadcrumbList","@id":"https:\/\/acefootball.com\/da\/fodboldnyheder\/zlatan-og-lukaku-gaar-amok-paa-hinanden-lad-os-moedes-udenfor\/#breadcrumb","itemListElement":[{"@type":"ListItem","position":1,"name":"Home","item":"https:\/\/acefootball.com\/da\/"},{"@type":"ListItem","position":2,"name":"Zlatan og Lukaku g\u00e5r amok p\u00e5 hinanden: Lad os m\u00f8des udenfor!"}]},{"@type":"Article","@id":"https:\/\/acefootball.com\/da\/fodboldnyheder\/zlatan-og-lukaku-gaar-amok-paa-hinanden-lad-os-moedes-udenfor\/#article","isPartOf":{"@id":"https:\/\/acefootball.com\/da\/fodboldnyheder\/zlatan-og-lukaku-gaar-amok-paa-hinanden-lad-os-moedes-udenfor\/#webpage"},"author":{"@id":"https:\/\/acefootball.com\/da\/#\/schema\/person\/fd6223a1c033400b41da7853ddf88c84"},"headline":"Zlatan og Lukaku g\u00e5r amok p\u00e5 hinanden: Lad os m\u00f8des udenfor!","datePublished":"2021-01-26T20:51:49+00:00","dateModified":"2021-01-26T21:35:31+00:00","mainEntityOfPage":{"@id":"https:\/\/acefootball.com\/da\/fodboldnyheder\/zlatan-og-lukaku-gaar-amok-paa-hinanden-lad-os-moedes-udenfor\/#webpage"},"wordCount":173,"commentCount":0,"publisher":{"@id":"https:\/\/acefootball.com\/da\/#organization"},"image":{"@id":"https:\/\/acefootball.com\/da\/fodboldnyheder\/zlatan-og-lukaku-gaar-amok-paa-hinanden-lad-os-moedes-udenfor\/#primaryimage"},"thumbnailUrl":"https:\/\/acefootball.com\/da\/wp-content\/uploads\/sites\/2\/2021\/01\/Video-generel-3-1.jpg","keywords":["AC Milan","Romelu Lukaku","Serie A","Zlatan Ibrahimovic"],"articleSection":["Video"],"inLanguage":"en-US","potentialAction":[{"@type":"CommentAction","name":"Comment","target":["https:\/\/acefootball.com\/da\/fodboldnyheder\/zlatan-og-lukaku-gaar-amok-paa-hinanden-lad-os-moedes-udenfor\/#respond"]}]},{"@type":"Person","@id":"https:\/\/acefootball.com\/da\/#\/schema\/person\/fd6223a1c033400b41da7853ddf88c84","name":"Patrick Hesselb\u00e6k","image":{"@type":"ImageObject","@id":"https:\/\/acefootball.com\/da\/#personlogo","inLanguage":"en-US","url":"https:\/\/secure.gravatar.com\/avatar\/7919060992759bffbffb199d6cbdce6f?s=96&d=mm&r=g","contentUrl":"https:\/\/secure.gravatar.com\/avatar\/7919060992759bffbffb199d6cbdce6f?s=96&d=mm&r=g","caption":"Patrick Hesselb\u00e6k"},"description":"Redakt\u00f8r p\u00e5 den danske Ace Football-redaktion. Uddannet i kommunikation fra Aalborg Universitet. Prim\u00e6rt fokus p\u00e5 den danske 3F Superliga og de st\u00f8rste europ\u00e6iske turneringer.","sameAs":["https:\/\/www.linkedin.com\/in\/patrick-hesselbk-2a4b1711a\/"],"url":"https:\/\/acefootball.com\/da\/fodboldnyheder\/author\/patrickhesselbaek\/"}]}},"fimg_url":"https:\/\/acefootball.com\/da\/wp-content\/uploads\/sites\/2\/2021\/01\/Video-generel-3-1.jpg","_links":{"self":[{"href":"https:\/\/acefootball.com\/da\/wp-json\/wp\/v2\/posts\/249783"}],"collection":[{"href":"https:\/\/acefootball.com\/da\/wp-json\/wp\/v2\/posts"}],"about":[{"href":"https:\/\/acefootball.com\/da\/wp-json\/wp\/v2\/types\/post"}],"author":[{"embeddable":true,"href":"https:\/\/acefootball.com\/da\/wp-json\/wp\/v2\/users\/74"}],"replies":[{"embeddable":true,"href":"https:\/\/acefootball.com\/da\/wp-json\/wp\/v2\/comments?post=249783"}],"version-history":[{"count":0,"href":"https:\/\/acefootball.com\/da\/wp-json\/wp\/v2\/posts\/249783\/revisions"}],"wp:featuredmedia":[{"embeddable":true,"href":"https:\/\/acefootball.com\/da\/wp-json\/wp\/v2\/media\/249788"}],"wp:attachment":[{"href":"https:\/\/acefootball.com\/da\/wp-json\/wp\/v2\/media?parent=249783"}],"wp:term":[{"taxonomy":"category","embeddable":true,"href":"https:\/\/acefootball.com\/da\/wp-json\/wp\/v2\/categories?post=249783"},{"taxonomy":"post_tag","embeddable":true,"href":"https:\/\/acefootball.com\/da\/wp-json\/wp\/v2\/tags?post=249783"}],"curies":[{"name":"wp","href":"https:\/\/api.w.org\/{rel}","templated":true}]}}