{"id":249713,"date":"2021-01-26T15:22:46","date_gmt":"2021-01-26T14:22:46","guid":{"rendered":"https:\/\/acefootball.com\/da\/?p=249713"},"modified":"2021-01-26T15:22:47","modified_gmt":"2021-01-26T14:22:47","slug":"twitter-griller-fck-efter-bundu-handel-koeber-de-ogsaa-snart-loebebanen-i-aarhus","status":"publish","type":"post","link":"https:\/\/acefootball.com\/da\/fodboldnyheder\/twitter-griller-fck-efter-bundu-handel-koeber-de-ogsaa-snart-loebebanen-i-aarhus\/","title":{"rendered":"Twitter griller FCK efter Bundu-handel: K\u00f8ber de ogs\u00e5 snart l\u00f8bebanen i Aarhus?"},"content":{"rendered":"\n<h2 id=\"h-flere-brugere-p-twitter-morer-sig-over-fc-k-benhavns-tilgang-af-folk-med-agf-fortid-det-er-der-kommet-en-del-morsomme-opslag-ud-af\">Flere brugere p\u00e5 Twitter morer sig over FC K\u00f8benhavns tilgang af folk med AGF-fortid. Det er der kommet en del morsomme opslag ud af<\/h2>\n\n\n\n<p>Jens Stage, Ruben Selles, PC og Mustapha Bundu. Det er de seneste navne p\u00e5 stammen i FC K\u00f8benhavn med en fortid hos AGF, og det er i den grad noget der bliver bidt m\u00e6rke i p\u00e5 de sociale medier.<\/p>\n\n\n\n<figure class=\"wp-block-embed is-type-wp-embed is-provider-ace-football-danmark wp-block-embed-ace-football-danmark\"><div class=\"wp-block-embed__wrapper\">\n<blockquote class=\"wp-embedded-content\" data-secret=\"H0Qh1ems8s\"><a href=\"https:\/\/acefootball.com\/da\/fodboldnyheder\/officielt-fc-koebenhavn-henter-mustapha-bundu\/\">Officielt: FC K\u00f8benhavn henter Mustapha Bundu<\/a><\/blockquote><iframe class=\"wp-embedded-content\" sandbox=\"allow-scripts\" security=\"restricted\" style=\"position: absolute; clip: rect(1px, 1px, 1px, 1px);\" title=\"&#8220;Officielt: FC K\u00f8benhavn henter Mustapha Bundu&#8221; &#8212; Ace Football Danmark\" src=\"https:\/\/acefootball.com\/da\/fodboldnyheder\/officielt-fc-koebenhavn-henter-mustapha-bundu\/embed\/#?secret=H0Qh1ems8s\" data-secret=\"H0Qh1ems8s\" width=\"600\" height=\"338\" frameborder=\"0\" marginwidth=\"0\" marginheight=\"0\" scrolling=\"no\"><\/iframe>\n<\/div><\/figure>\n\n\n\n<p>Her tager flere brugere skridtet videre, og sp\u00f8rger om FC K\u00f8benhavn ikke ogs\u00e5 skal have anskaffet sig en l\u00f8bebane p\u00e5 stadion, ligesom at andre har v\u00e6ret kreative med gymnastikforeningens logo.<\/p>\n\n\n\n<p>Du kan se et udsnit af de sp\u00f8gefulde opslag her:<\/p>\n\n\n\n<figure class=\"wp-block-embed is-type-rich is-provider-twitter wp-block-embed-twitter\"><div class=\"wp-block-embed__wrapper\">\n<blockquote class=\"twitter-tweet\" data-width=\"550\" data-dnt=\"true\"><p lang=\"da\" dir=\"ltr\">G\u00e5r rygter om, at FCK skifter logo? <a href=\"https:\/\/twitter.com\/hashtag\/andellerej?src=hash&amp;ref_src=twsrc%5Etfw\">#andellerej<\/a> <a href=\"https:\/\/twitter.com\/hashtag\/ultratwitteragf?src=hash&amp;ref_src=twsrc%5Etfw\">#ultratwitteragf<\/a> <a href=\"https:\/\/t.co\/8Jg59zjHJB\">pic.twitter.com\/8Jg59zjHJB<\/a><\/p>&mdash; mb (@sweetbrixteen) <a href=\"https:\/\/twitter.com\/sweetbrixteen\/status\/1353768720049565698?ref_src=twsrc%5Etfw\">January 25, 2021<\/a><\/blockquote><script async src=\"https:\/\/platform.twitter.com\/widgets.js\" charset=\"utf-8\"><\/script>\n<\/div><\/figure>\n\n\n\n<figure class=\"wp-block-embed is-type-rich is-provider-twitter wp-block-embed-twitter\"><div class=\"wp-block-embed__wrapper\">\n<blockquote class=\"twitter-tweet\" data-width=\"550\" data-dnt=\"true\"><p lang=\"da\" dir=\"ltr\">Nogen der kan bekr\u00e6fte rygterne om at fck er interesseret i at k\u00f8be Ceres Park? <a href=\"https:\/\/twitter.com\/hashtag\/ultratwitteragf?src=hash&amp;ref_src=twsrc%5Etfw\">#ultratwitteragf<\/a><\/p>&mdash; Lars Lund Lausen (@lars_lausen176) <a href=\"https:\/\/twitter.com\/lars_lausen176\/status\/1353399981156130816?ref_src=twsrc%5Etfw\">January 24, 2021<\/a><\/blockquote><script async src=\"https:\/\/platform.twitter.com\/widgets.js\" charset=\"utf-8\"><\/script>\n<\/div><\/figure>\n\n\n\n<figure class=\"wp-block-embed is-type-rich is-provider-twitter wp-block-embed-twitter\"><div class=\"wp-block-embed__wrapper\">\n<blockquote class=\"twitter-tweet\" data-width=\"550\" data-dnt=\"true\"><p lang=\"da\" dir=\"ltr\">Det nye AGF er nu pass\u00e9 og er blevet til det nye FCK\ud83d\ude31 Det startede med Stage, PC, Selles og nu ogs\u00e5 Bundu&#8230; Hvad foreg\u00e5r der? <a href=\"https:\/\/twitter.com\/hashtag\/ultratwitteragf?src=hash&amp;ref_src=twsrc%5Etfw\">#ultratwitteragf<\/a> <a href=\"https:\/\/twitter.com\/hashtag\/ksdh?src=hash&amp;ref_src=twsrc%5Etfw\">#ksdh<\/a><\/p>&mdash; Henning Riber (@Hriber) <a href=\"https:\/\/twitter.com\/Hriber\/status\/1352948695264845828?ref_src=twsrc%5Etfw\">January 23, 2021<\/a><\/blockquote><script async src=\"https:\/\/platform.twitter.com\/widgets.js\" charset=\"utf-8\"><\/script>\n<\/div><\/figure>\n\n\n\n<figure class=\"wp-block-embed is-type-rich is-provider-twitter wp-block-embed-twitter\"><div class=\"wp-block-embed__wrapper\">\n<blockquote class=\"twitter-tweet\" data-width=\"550\" data-dnt=\"true\"><p lang=\"da\" dir=\"ltr\">\u2705 Stage <br>\u2705 PC<br>\u2705 Selles<br>\u2705 Bundu<br>Hvem er den n\u00e6ste i k\u00f8en? <a href=\"https:\/\/twitter.com\/hashtag\/ultratwitteragf?src=hash&amp;ref_src=twsrc%5Etfw\">#ultratwitteragf<\/a> <a href=\"https:\/\/twitter.com\/hashtag\/sldk?src=hash&amp;ref_src=twsrc%5Etfw\">#sldk<\/a><\/p>&mdash; S\u00f8ren Lodberg Jensen (@LodbergS) <a href=\"https:\/\/twitter.com\/LodbergS\/status\/1354056849314750464?ref_src=twsrc%5Etfw\">January 26, 2021<\/a><\/blockquote><script async src=\"https:\/\/platform.twitter.com\/widgets.js\" charset=\"utf-8\"><\/script>\n<\/div><\/figure>\n\n\n\n<figure class=\"wp-block-embed is-type-rich is-provider-twitter wp-block-embed-twitter\"><div class=\"wp-block-embed__wrapper\">\n<blockquote class=\"twitter-tweet\" data-width=\"550\" data-dnt=\"true\"><p lang=\"da\" dir=\"ltr\">&quot;Byens hold&quot; \ud83e\udd14<a href=\"https:\/\/twitter.com\/hashtag\/ultratwitteragf?src=hash&amp;ref_src=twsrc%5Etfw\">#ultratwitteragf<\/a> <a href=\"https:\/\/twitter.com\/hashtag\/ksdh?src=hash&amp;ref_src=twsrc%5Etfw\">#ksdh<\/a> <a href=\"https:\/\/twitter.com\/hashtag\/fclive?src=hash&amp;ref_src=twsrc%5Etfw\">#fclive<\/a> <a href=\"https:\/\/t.co\/l0sOOLytL1\">pic.twitter.com\/l0sOOLytL1<\/a><\/p>&mdash; Tyndfed Fernis \ud83c\udde6\ud83c\uddf6 (@Frs10) <a href=\"https:\/\/twitter.com\/Frs10\/status\/1353736602187608066?ref_src=twsrc%5Etfw\">January 25, 2021<\/a><\/blockquote><script async src=\"https:\/\/platform.twitter.com\/widgets.js\" charset=\"utf-8\"><\/script>\n<\/div><\/figure>\n\n\n\n<figure class=\"wp-block-embed is-type-rich is-provider-twitter wp-block-embed-twitter\"><div class=\"wp-block-embed__wrapper\">\n<blockquote class=\"twitter-tweet\" data-width=\"550\" data-dnt=\"true\"><p lang=\"da\" dir=\"ltr\">Det ender sgu da med, at FCK ogs\u00e5 k\u00f8ber l\u00f8bebanen &#8230; <a href=\"https:\/\/twitter.com\/hashtag\/fcklive?src=hash&amp;ref_src=twsrc%5Etfw\">#fcklive<\/a> <a href=\"https:\/\/twitter.com\/hashtag\/ultratwitteragf?src=hash&amp;ref_src=twsrc%5Etfw\">#ultratwitteragf<\/a> <a href=\"https:\/\/twitter.com\/hashtag\/sldk?src=hash&amp;ref_src=twsrc%5Etfw\">#sldk<\/a><\/p>&mdash; Rasmus Skovbo (@rasskovbo) <a href=\"https:\/\/twitter.com\/rasskovbo\/status\/1354054814704033794?ref_src=twsrc%5Etfw\">January 26, 2021<\/a><\/blockquote><script async src=\"https:\/\/platform.twitter.com\/widgets.js\" charset=\"utf-8\"><\/script>\n<\/div><\/figure>\n\n\n\n<figure class=\"wp-block-embed is-type-rich is-provider-twitter wp-block-embed-twitter\"><div class=\"wp-block-embed__wrapper\">\n<blockquote class=\"twitter-tweet\" data-width=\"550\" data-dnt=\"true\"><p lang=\"da\" dir=\"ltr\">Det nye FCK skal opbygges p\u00e5 et AGF anno 2019 fundament. Det er i sandhed nye tider <a href=\"https:\/\/twitter.com\/hashtag\/ultratwitteragf?src=hash&amp;ref_src=twsrc%5Etfw\">#ultratwitteragf<\/a><\/p>&mdash; Kim S (@KSP1880) <a href=\"https:\/\/twitter.com\/KSP1880\/status\/1354054875122982916?ref_src=twsrc%5Etfw\">January 26, 2021<\/a><\/blockquote><script async src=\"https:\/\/platform.twitter.com\/widgets.js\" charset=\"utf-8\"><\/script>\n<\/div><\/figure>\n\n\n\n<figure class=\"wp-block-embed is-type-rich is-provider-twitter wp-block-embed-twitter\"><div class=\"wp-block-embed__wrapper\">\n<blockquote class=\"twitter-tweet\" data-width=\"550\" data-dnt=\"true\"><p lang=\"da\" dir=\"ltr\">Er fck og agf blevet samarbejds  klubber<\/p>&mdash; Frederik Falden (@falden_frederik) <a href=\"https:\/\/twitter.com\/falden_frederik\/status\/1354054855720116224?ref_src=twsrc%5Etfw\">January 26, 2021<\/a><\/blockquote><script async src=\"https:\/\/platform.twitter.com\/widgets.js\" charset=\"utf-8\"><\/script>\n<\/div><\/figure>\n\n\n\n<figure class=\"wp-block-embed is-type-rich is-provider-twitter wp-block-embed-twitter\"><div class=\"wp-block-embed__wrapper\">\n<blockquote class=\"twitter-tweet\" data-width=\"550\" data-dnt=\"true\"><p lang=\"da\" dir=\"ltr\">De g\u00f8r sig klar til for\u00e5rss\u00e6sonen i parken&#8230;. <a href=\"https:\/\/t.co\/GBK4syLkRp\">https:\/\/t.co\/GBK4syLkRp<\/a><\/p>&mdash; Mark (@tonemester08) <a href=\"https:\/\/twitter.com\/tonemester08\/status\/1353792589741305857?ref_src=twsrc%5Etfw\">January 25, 2021<\/a><\/blockquote><script async src=\"https:\/\/platform.twitter.com\/widgets.js\" charset=\"utf-8\"><\/script>\n<\/div><\/figure>\n","protected":false},"excerpt":{"rendered":"<p>Flere brugere p\u00e5 Twitter morer sig over FC K\u00f8benhavns tilgang af folk med AGF-fortid. Det er der kommet en del morsomme opslag ud af<\/p>\n","protected":false},"author":43,"featured_media":246113,"comment_status":"open","ping_status":"closed","sticky":false,"template":"","format":"standard","meta":{"om_disable_all_campaigns":false,"push_articles_ronaldo":{"active":false,"canonical":0,"publish":false},"force_updates":null},"categories":[2470],"tags":[18,16,588],"enet_tags":{"team":["8071","8391"],"league":["46"],"sport_events":[]},"yoast_head":"<!-- This site is optimized with the Yoast SEO plugin v18.3 - https:\/\/yoast.com\/wordpress\/plugins\/seo\/ -->\n<title>Twitter griller FCK efter Bundu-handel: K\u00f8ber de ogs\u00e5 snart l\u00f8bebanen i Aarhus?<\/title>\n<meta name=\"description\" content=\"Flere brugere p\u00e5 Twitter morer sig over FC K\u00f8benhavns tilgang af folk med AGF-fortid. Det er der kommet en del morsomme opslag ud af\" \/>\n<meta name=\"robots\" content=\"index, follow, max-snippet:-1, max-image-preview:large, max-video-preview:-1\" \/>\n<link rel=\"canonical\" href=\"https:\/\/acefootball.com\/da\/fodboldnyheder\/twitter-griller-fck-efter-bundu-handel-koeber-de-ogsaa-snart-loebebanen-i-aarhus\/\" \/>\n<meta property=\"og:locale\" content=\"en_US\" \/>\n<meta property=\"og:type\" content=\"article\" \/>\n<meta property=\"og:title\" content=\"Twitter griller FCK efter Bundu-handel: K\u00f8ber de ogs\u00e5 snart l\u00f8bebanen i Aarhus?\" \/>\n<meta property=\"og:description\" content=\"Flere brugere p\u00e5 Twitter morer sig over FC K\u00f8benhavns tilgang af folk med AGF-fortid. Det er der kommet en del morsomme opslag ud af\" \/>\n<meta property=\"og:url\" content=\"https:\/\/acefootball.com\/da\/fodboldnyheder\/twitter-griller-fck-efter-bundu-handel-koeber-de-ogsaa-snart-loebebanen-i-aarhus\/\" \/>\n<meta property=\"og:site_name\" content=\"Ace Football Danmark\" \/>\n<meta property=\"article:publisher\" content=\"https:\/\/www.facebook.com\/acefootballdk\" \/>\n<meta property=\"article:published_time\" content=\"2021-01-26T14:22:46+00:00\" \/>\n<meta property=\"article:modified_time\" content=\"2021-01-26T14:22:47+00:00\" \/>\n<meta property=\"og:image\" content=\"https:\/\/acefootball.com\/da\/wp-content\/uploads\/sites\/2\/2021\/01\/Laes-mere-generel-5-1.jpg\" \/>\n\t<meta property=\"og:image:width\" content=\"1920\" \/>\n\t<meta property=\"og:image:height\" content=\"1008\" \/>\n\t<meta property=\"og:image:type\" content=\"image\/jpeg\" \/>\n<meta name=\"twitter:card\" content=\"summary_large_image\" \/>\n<meta name=\"twitter:label1\" content=\"Written by\" \/>\n\t<meta name=\"twitter:data1\" content=\"Mikki M\u00f8ller-Iversen\" \/>\n\t<meta name=\"twitter:label2\" content=\"Est. reading time\" \/>\n\t<meta name=\"twitter:data2\" content=\"1 minute\" \/>\n<script type=\"application\/ld+json\" class=\"yoast-schema-graph\">{\"@context\":\"https:\/\/schema.org\",\"@graph\":[{\"@type\":\"Organization\",\"@id\":\"https:\/\/acefootball.com\/da\/#organization\",\"name\":\"Ace Football\",\"url\":\"https:\/\/acefootball.com\/da\/\",\"sameAs\":[\"https:\/\/www.facebook.com\/acefootballdk\"],\"logo\":{\"@type\":\"ImageObject\",\"@id\":\"https:\/\/acefootball.com\/da\/#logo\",\"inLanguage\":\"en-US\",\"url\":\"https:\/\/acefootball.com\/da\/wp-content\/uploads\/sites\/2\/2020\/07\/Ace-Football-30-07-2020-2.png\",\"contentUrl\":\"https:\/\/acefootball.com\/da\/wp-content\/uploads\/sites\/2\/2020\/07\/Ace-Football-30-07-2020-2.png\",\"width\":1200,\"height\":600,\"caption\":\"Ace Football\"},\"image\":{\"@id\":\"https:\/\/acefootball.com\/da\/#logo\"}},{\"@type\":\"WebSite\",\"@id\":\"https:\/\/acefootball.com\/da\/#website\",\"url\":\"https:\/\/acefootball.com\/da\/\",\"name\":\"Ace Football Danmark\",\"description\":\"Nyheder, Spiltips &amp; Livescore\",\"publisher\":{\"@id\":\"https:\/\/acefootball.com\/da\/#organization\"},\"potentialAction\":[{\"@type\":\"SearchAction\",\"target\":{\"@type\":\"EntryPoint\",\"urlTemplate\":\"https:\/\/acefootball.com\/da\/?s={search_term_string}\"},\"query-input\":\"required name=search_term_string\"}],\"inLanguage\":\"en-US\"},{\"@type\":\"ImageObject\",\"@id\":\"https:\/\/acefootball.com\/da\/fodboldnyheder\/twitter-griller-fck-efter-bundu-handel-koeber-de-ogsaa-snart-loebebanen-i-aarhus\/#primaryimage\",\"inLanguage\":\"en-US\",\"url\":\"https:\/\/acefootball.com\/da\/wp-content\/uploads\/sites\/2\/2021\/01\/Laes-mere-generel-5-1.jpg\",\"contentUrl\":\"https:\/\/acefootball.com\/da\/wp-content\/uploads\/sites\/2\/2021\/01\/Laes-mere-generel-5-1.jpg\",\"width\":1920,\"height\":1008},{\"@type\":\"WebPage\",\"@id\":\"https:\/\/acefootball.com\/da\/fodboldnyheder\/twitter-griller-fck-efter-bundu-handel-koeber-de-ogsaa-snart-loebebanen-i-aarhus\/#webpage\",\"url\":\"https:\/\/acefootball.com\/da\/fodboldnyheder\/twitter-griller-fck-efter-bundu-handel-koeber-de-ogsaa-snart-loebebanen-i-aarhus\/\",\"name\":\"Twitter griller FCK efter Bundu-handel: K\u00f8ber de ogs\u00e5 snart l\u00f8bebanen i Aarhus?\",\"isPartOf\":{\"@id\":\"https:\/\/acefootball.com\/da\/#website\"},\"primaryImageOfPage\":{\"@id\":\"https:\/\/acefootball.com\/da\/fodboldnyheder\/twitter-griller-fck-efter-bundu-handel-koeber-de-ogsaa-snart-loebebanen-i-aarhus\/#primaryimage\"},\"datePublished\":\"2021-01-26T14:22:46+00:00\",\"dateModified\":\"2021-01-26T14:22:47+00:00\",\"description\":\"Flere brugere p\u00e5 Twitter morer sig over FC K\u00f8benhavns tilgang af folk med AGF-fortid. Det er der kommet en del morsomme opslag ud af\",\"breadcrumb\":{\"@id\":\"https:\/\/acefootball.com\/da\/fodboldnyheder\/twitter-griller-fck-efter-bundu-handel-koeber-de-ogsaa-snart-loebebanen-i-aarhus\/#breadcrumb\"},\"inLanguage\":\"en-US\",\"potentialAction\":[{\"@type\":\"ReadAction\",\"target\":[\"https:\/\/acefootball.com\/da\/fodboldnyheder\/twitter-griller-fck-efter-bundu-handel-koeber-de-ogsaa-snart-loebebanen-i-aarhus\/\"]}]},{\"@type\":\"BreadcrumbList\",\"@id\":\"https:\/\/acefootball.com\/da\/fodboldnyheder\/twitter-griller-fck-efter-bundu-handel-koeber-de-ogsaa-snart-loebebanen-i-aarhus\/#breadcrumb\",\"itemListElement\":[{\"@type\":\"ListItem\",\"position\":1,\"name\":\"Home\",\"item\":\"https:\/\/acefootball.com\/da\/\"},{\"@type\":\"ListItem\",\"position\":2,\"name\":\"Twitter griller FCK efter Bundu-handel: K\u00f8ber de ogs\u00e5 snart l\u00f8bebanen i Aarhus?\"}]},{\"@type\":\"Article\",\"@id\":\"https:\/\/acefootball.com\/da\/fodboldnyheder\/twitter-griller-fck-efter-bundu-handel-koeber-de-ogsaa-snart-loebebanen-i-aarhus\/#article\",\"isPartOf\":{\"@id\":\"https:\/\/acefootball.com\/da\/fodboldnyheder\/twitter-griller-fck-efter-bundu-handel-koeber-de-ogsaa-snart-loebebanen-i-aarhus\/#webpage\"},\"author\":{\"@id\":\"https:\/\/acefootball.com\/da\/#\/schema\/person\/017c0abe4a8e92938220bf6c097dda93\"},\"headline\":\"Twitter griller FCK efter Bundu-handel: K\u00f8ber de ogs\u00e5 snart l\u00f8bebanen i Aarhus?\",\"datePublished\":\"2021-01-26T14:22:46+00:00\",\"dateModified\":\"2021-01-26T14:22:47+00:00\",\"mainEntityOfPage\":{\"@id\":\"https:\/\/acefootball.com\/da\/fodboldnyheder\/twitter-griller-fck-efter-bundu-handel-koeber-de-ogsaa-snart-loebebanen-i-aarhus\/#webpage\"},\"wordCount\":178,\"commentCount\":0,\"publisher\":{\"@id\":\"https:\/\/acefootball.com\/da\/#organization\"},\"image\":{\"@id\":\"https:\/\/acefootball.com\/da\/fodboldnyheder\/twitter-griller-fck-efter-bundu-handel-koeber-de-ogsaa-snart-loebebanen-i-aarhus\/#primaryimage\"},\"thumbnailUrl\":\"https:\/\/acefootball.com\/da\/wp-content\/uploads\/sites\/2\/2020\/12\/GettyImages-1229157771-2.jpg\",\"keywords\":[\"AGF\",\"FC K\u00f8benhavn\",\"Superligaen\"],\"articleSection\":[\"Offsite\"],\"inLanguage\":\"en-US\",\"potentialAction\":[{\"@type\":\"CommentAction\",\"name\":\"Comment\",\"target\":[\"https:\/\/acefootball.com\/da\/fodboldnyheder\/twitter-griller-fck-efter-bundu-handel-koeber-de-ogsaa-snart-loebebanen-i-aarhus\/#respond\"]}]},{\"@type\":\"Person\",\"@id\":\"https:\/\/acefootball.com\/da\/#\/schema\/person\/017c0abe4a8e92938220bf6c097dda93\",\"name\":\"Mikki M\u00f8ller-Iversen\",\"image\":{\"@type\":\"ImageObject\",\"@id\":\"https:\/\/acefootball.com\/da\/#personlogo\",\"inLanguage\":\"en-US\",\"url\":\"https:\/\/secure.gravatar.com\/avatar\/e05b419e8b5ae5fcf516800181b96aa2?s=96&d=mm&r=g\",\"contentUrl\":\"https:\/\/secure.gravatar.com\/avatar\/e05b419e8b5ae5fcf516800181b96aa2?s=96&d=mm&r=g\",\"caption\":\"Mikki M\u00f8ller-Iversen\"},\"description\":\"Social Media Manager and writer at Ace Football. Main focus on Danish football and special stories.\",\"sameAs\":[\"https:\/\/www.linkedin.com\/in\/mikki-mller-iversen-26a3a689\/\"],\"url\":\"https:\/\/acefootball.com\/da\/fodboldnyheder\/author\/mmironaldo\/\"}]}<\/script>\n<!-- \/ Yoast SEO plugin. -->","yoast_head_json":{"title":"Twitter griller FCK efter Bundu-handel: K\u00f8ber de ogs\u00e5 snart l\u00f8bebanen i Aarhus?","description":"Flere brugere p\u00e5 Twitter morer sig over FC K\u00f8benhavns tilgang af folk med AGF-fortid. Det er der kommet en del morsomme opslag ud af","robots":{"index":"index","follow":"follow","max-snippet":"max-snippet:-1","max-image-preview":"max-image-preview:large","max-video-preview":"max-video-preview:-1"},"canonical":"https:\/\/acefootball.com\/da\/fodboldnyheder\/twitter-griller-fck-efter-bundu-handel-koeber-de-ogsaa-snart-loebebanen-i-aarhus\/","og_locale":"en_US","og_type":"article","og_title":"Twitter griller FCK efter Bundu-handel: K\u00f8ber de ogs\u00e5 snart l\u00f8bebanen i Aarhus?","og_description":"Flere brugere p\u00e5 Twitter morer sig over FC K\u00f8benhavns tilgang af folk med AGF-fortid. Det er der kommet en del morsomme opslag ud af","og_url":"https:\/\/acefootball.com\/da\/fodboldnyheder\/twitter-griller-fck-efter-bundu-handel-koeber-de-ogsaa-snart-loebebanen-i-aarhus\/","og_site_name":"Ace Football Danmark","article_publisher":"https:\/\/www.facebook.com\/acefootballdk","article_published_time":"2021-01-26T14:22:46+00:00","article_modified_time":"2021-01-26T14:22:47+00:00","og_image":[{"width":1920,"height":1008,"url":"https:\/\/acefootball.com\/da\/wp-content\/uploads\/sites\/2\/2021\/01\/Laes-mere-generel-5-1.jpg","type":"image\/jpeg"}],"twitter_card":"summary_large_image","twitter_misc":{"Written by":"Mikki M\u00f8ller-Iversen","Est. reading time":"1 minute"},"schema":{"@context":"https:\/\/schema.org","@graph":[{"@type":"Organization","@id":"https:\/\/acefootball.com\/da\/#organization","name":"Ace Football","url":"https:\/\/acefootball.com\/da\/","sameAs":["https:\/\/www.facebook.com\/acefootballdk"],"logo":{"@type":"ImageObject","@id":"https:\/\/acefootball.com\/da\/#logo","inLanguage":"en-US","url":"https:\/\/acefootball.com\/da\/wp-content\/uploads\/sites\/2\/2020\/07\/Ace-Football-30-07-2020-2.png","contentUrl":"https:\/\/acefootball.com\/da\/wp-content\/uploads\/sites\/2\/2020\/07\/Ace-Football-30-07-2020-2.png","width":1200,"height":600,"caption":"Ace Football"},"image":{"@id":"https:\/\/acefootball.com\/da\/#logo"}},{"@type":"WebSite","@id":"https:\/\/acefootball.com\/da\/#website","url":"https:\/\/acefootball.com\/da\/","name":"Ace Football Danmark","description":"Nyheder, Spiltips &amp; Livescore","publisher":{"@id":"https:\/\/acefootball.com\/da\/#organization"},"potentialAction":[{"@type":"SearchAction","target":{"@type":"EntryPoint","urlTemplate":"https:\/\/acefootball.com\/da\/?s={search_term_string}"},"query-input":"required name=search_term_string"}],"inLanguage":"en-US"},{"@type":"ImageObject","@id":"https:\/\/acefootball.com\/da\/fodboldnyheder\/twitter-griller-fck-efter-bundu-handel-koeber-de-ogsaa-snart-loebebanen-i-aarhus\/#primaryimage","inLanguage":"en-US","url":"https:\/\/acefootball.com\/da\/wp-content\/uploads\/sites\/2\/2021\/01\/Laes-mere-generel-5-1.jpg","contentUrl":"https:\/\/acefootball.com\/da\/wp-content\/uploads\/sites\/2\/2021\/01\/Laes-mere-generel-5-1.jpg","width":1920,"height":1008},{"@type":"WebPage","@id":"https:\/\/acefootball.com\/da\/fodboldnyheder\/twitter-griller-fck-efter-bundu-handel-koeber-de-ogsaa-snart-loebebanen-i-aarhus\/#webpage","url":"https:\/\/acefootball.com\/da\/fodboldnyheder\/twitter-griller-fck-efter-bundu-handel-koeber-de-ogsaa-snart-loebebanen-i-aarhus\/","name":"Twitter griller FCK efter Bundu-handel: K\u00f8ber de ogs\u00e5 snart l\u00f8bebanen i Aarhus?","isPartOf":{"@id":"https:\/\/acefootball.com\/da\/#website"},"primaryImageOfPage":{"@id":"https:\/\/acefootball.com\/da\/fodboldnyheder\/twitter-griller-fck-efter-bundu-handel-koeber-de-ogsaa-snart-loebebanen-i-aarhus\/#primaryimage"},"datePublished":"2021-01-26T14:22:46+00:00","dateModified":"2021-01-26T14:22:47+00:00","description":"Flere brugere p\u00e5 Twitter morer sig over FC K\u00f8benhavns tilgang af folk med AGF-fortid. Det er der kommet en del morsomme opslag ud af","breadcrumb":{"@id":"https:\/\/acefootball.com\/da\/fodboldnyheder\/twitter-griller-fck-efter-bundu-handel-koeber-de-ogsaa-snart-loebebanen-i-aarhus\/#breadcrumb"},"inLanguage":"en-US","potentialAction":[{"@type":"ReadAction","target":["https:\/\/acefootball.com\/da\/fodboldnyheder\/twitter-griller-fck-efter-bundu-handel-koeber-de-ogsaa-snart-loebebanen-i-aarhus\/"]}]},{"@type":"BreadcrumbList","@id":"https:\/\/acefootball.com\/da\/fodboldnyheder\/twitter-griller-fck-efter-bundu-handel-koeber-de-ogsaa-snart-loebebanen-i-aarhus\/#breadcrumb","itemListElement":[{"@type":"ListItem","position":1,"name":"Home","item":"https:\/\/acefootball.com\/da\/"},{"@type":"ListItem","position":2,"name":"Twitter griller FCK efter Bundu-handel: K\u00f8ber de ogs\u00e5 snart l\u00f8bebanen i Aarhus?"}]},{"@type":"Article","@id":"https:\/\/acefootball.com\/da\/fodboldnyheder\/twitter-griller-fck-efter-bundu-handel-koeber-de-ogsaa-snart-loebebanen-i-aarhus\/#article","isPartOf":{"@id":"https:\/\/acefootball.com\/da\/fodboldnyheder\/twitter-griller-fck-efter-bundu-handel-koeber-de-ogsaa-snart-loebebanen-i-aarhus\/#webpage"},"author":{"@id":"https:\/\/acefootball.com\/da\/#\/schema\/person\/017c0abe4a8e92938220bf6c097dda93"},"headline":"Twitter griller FCK efter Bundu-handel: K\u00f8ber de ogs\u00e5 snart l\u00f8bebanen i Aarhus?","datePublished":"2021-01-26T14:22:46+00:00","dateModified":"2021-01-26T14:22:47+00:00","mainEntityOfPage":{"@id":"https:\/\/acefootball.com\/da\/fodboldnyheder\/twitter-griller-fck-efter-bundu-handel-koeber-de-ogsaa-snart-loebebanen-i-aarhus\/#webpage"},"wordCount":178,"commentCount":0,"publisher":{"@id":"https:\/\/acefootball.com\/da\/#organization"},"image":{"@id":"https:\/\/acefootball.com\/da\/fodboldnyheder\/twitter-griller-fck-efter-bundu-handel-koeber-de-ogsaa-snart-loebebanen-i-aarhus\/#primaryimage"},"thumbnailUrl":"https:\/\/acefootball.com\/da\/wp-content\/uploads\/sites\/2\/2020\/12\/GettyImages-1229157771-2.jpg","keywords":["AGF","FC K\u00f8benhavn","Superligaen"],"articleSection":["Offsite"],"inLanguage":"en-US","potentialAction":[{"@type":"CommentAction","name":"Comment","target":["https:\/\/acefootball.com\/da\/fodboldnyheder\/twitter-griller-fck-efter-bundu-handel-koeber-de-ogsaa-snart-loebebanen-i-aarhus\/#respond"]}]},{"@type":"Person","@id":"https:\/\/acefootball.com\/da\/#\/schema\/person\/017c0abe4a8e92938220bf6c097dda93","name":"Mikki M\u00f8ller-Iversen","image":{"@type":"ImageObject","@id":"https:\/\/acefootball.com\/da\/#personlogo","inLanguage":"en-US","url":"https:\/\/secure.gravatar.com\/avatar\/e05b419e8b5ae5fcf516800181b96aa2?s=96&d=mm&r=g","contentUrl":"https:\/\/secure.gravatar.com\/avatar\/e05b419e8b5ae5fcf516800181b96aa2?s=96&d=mm&r=g","caption":"Mikki M\u00f8ller-Iversen"},"description":"Social Media Manager and writer at Ace Football. Main focus on Danish football and special stories.","sameAs":["https:\/\/www.linkedin.com\/in\/mikki-mller-iversen-26a3a689\/"],"url":"https:\/\/acefootball.com\/da\/fodboldnyheder\/author\/mmironaldo\/"}]}},"fimg_url":"https:\/\/acefootball.com\/da\/wp-content\/uploads\/sites\/2\/2020\/12\/GettyImages-1229157771-2.jpg","_links":{"self":[{"href":"https:\/\/acefootball.com\/da\/wp-json\/wp\/v2\/posts\/249713"}],"collection":[{"href":"https:\/\/acefootball.com\/da\/wp-json\/wp\/v2\/posts"}],"about":[{"href":"https:\/\/acefootball.com\/da\/wp-json\/wp\/v2\/types\/post"}],"author":[{"embeddable":true,"href":"https:\/\/acefootball.com\/da\/wp-json\/wp\/v2\/users\/43"}],"replies":[{"embeddable":true,"href":"https:\/\/acefootball.com\/da\/wp-json\/wp\/v2\/comments?post=249713"}],"version-history":[{"count":0,"href":"https:\/\/acefootball.com\/da\/wp-json\/wp\/v2\/posts\/249713\/revisions"}],"wp:featuredmedia":[{"embeddable":true,"href":"https:\/\/acefootball.com\/da\/wp-json\/wp\/v2\/media\/246113"}],"wp:attachment":[{"href":"https:\/\/acefootball.com\/da\/wp-json\/wp\/v2\/media?parent=249713"}],"wp:term":[{"taxonomy":"category","embeddable":true,"href":"https:\/\/acefootball.com\/da\/wp-json\/wp\/v2\/categories?post=249713"},{"taxonomy":"post_tag","embeddable":true,"href":"https:\/\/acefootball.com\/da\/wp-json\/wp\/v2\/tags?post=249713"}],"curies":[{"name":"wp","href":"https:\/\/api.w.org\/{rel}","templated":true}]}}