{"id":249705,"date":"2021-01-26T14:15:29","date_gmt":"2021-01-26T13:15:29","guid":{"rendered":"https:\/\/acefootball.com\/da\/?p=249705"},"modified":"2021-01-26T14:16:28","modified_gmt":"2021-01-26T13:16:28","slug":"kvist-goer-det-klart-planer-om-at-koebe-bundu-fri","status":"publish","type":"post","link":"https:\/\/acefootball.com\/da\/fodboldnyheder\/kvist-goer-det-klart-planer-om-at-koebe-bundu-fri\/","title":{"rendered":"Kvist g\u00f8r det klart: Planer om at k\u00f8be Bundu fri"},"content":{"rendered":"\n<h2 id=\"h-fc-k-benhavn-har-sikret-sig-mustapha-bundu-p-en-lejeaftale-men-den-skal-gerne-veksles-til-en-permanent-kontrakt-til-sommer\">FC K\u00f8benhavn har sikret sig Mustapha Bundu p\u00e5 en lejeaftale, men den skal gerne veksles til en permanent kontrakt til sommer<\/h2>\n\n\n\n<p>Efter nogle dages till\u00f8b kunne FC K\u00f8benhavn tirsdag eftermiddag pr\u00e6sentere tilgangen af Mustapha Bundu, som kommer til p\u00e5 en lejeaftale fra Anderlecht.<\/p>\n\n\n\n<p>Den tidligere AGF-stjerne vender dermed tilbage til Superligaen &#8211; dog kun frem til sommer &#8211; men hvis alt g\u00e5r vel, bliver aftalen forl\u00e6nget ud over de seks m\u00e5neder.<\/p>\n\n\n\n<p>FC K\u00f8benhavn har nemlig sikret sig en k\u00f8bsoption i forbindelse med lejem\u00e5let, og den kan meget vel blive udl\u00f8st.<\/p>\n\n\n\n<p>\u201dVi kender ham indg\u00e5ende fra 3F Superligaen og ved, at han under de rigtige omst\u00e6ndigheder kan blive en profil for os,\u201d fort\u00e6ller William Kvist til FC K\u00f8benhavns <a href=\"https:\/\/www.fck.dk\/nyhed\/bundu-klar-fc-koebenhavn\" target=\"_blank\" rel=\"noreferrer noopener\">hjemmeside<\/a>.<\/p>\n\n\n\n<figure class=\"wp-block-embed is-type-wp-embed is-provider-ace-football-danmark wp-block-embed-ace-football-danmark\"><div class=\"wp-block-embed__wrapper\">\n<blockquote class=\"wp-embedded-content\" data-secret=\"MrmsKiAnMH\"><a href=\"https:\/\/acefootball.com\/da\/fodboldnyheder\/officielt-fc-koebenhavn-henter-mustapha-bundu\/\">Officielt: FC K\u00f8benhavn henter Mustapha Bundu<\/a><\/blockquote><iframe class=\"wp-embedded-content\" sandbox=\"allow-scripts\" security=\"restricted\" style=\"position: absolute; clip: rect(1px, 1px, 1px, 1px);\" title=\"&#8220;Officielt: FC K\u00f8benhavn henter Mustapha Bundu&#8221; &#8212; Ace Football Danmark\" src=\"https:\/\/acefootball.com\/da\/fodboldnyheder\/officielt-fc-koebenhavn-henter-mustapha-bundu\/embed\/#?secret=MrmsKiAnMH\" data-secret=\"MrmsKiAnMH\" width=\"600\" height=\"338\" frameborder=\"0\" marginwidth=\"0\" marginheight=\"0\" scrolling=\"no\"><\/iframe>\n<\/div><\/figure>\n\n\n\n<p>\u201dDet giver os et halvt \u00e5r til at f\u00e5 det bedste ud af hinanden, og g\u00e5r det som vi tror og h\u00e5ber, s\u00e5 er det oplagt, at vi g\u00f8r brug af muligheden for at udl\u00f8se klausulen til sommer.&#8221;<\/p>\n\n\n\n<p>FC K\u00f8benhavn oplyser ikke, hvor meget Bundus k\u00f8bsoption lyder p\u00e5, men if\u00f8lge rygter kan den n\u00e5 op omkring 20 millioner kroner.<\/p>\n","protected":false},"excerpt":{"rendered":"<p>FC K\u00f8benhavn har sikret sig Mustapha Bundu p\u00e5 en lejeaftale, men den skal gerne veksles til en permanent kontrakt til sommer<\/p>\n","protected":false},"author":705,"featured_media":240947,"comment_status":"open","ping_status":"closed","sticky":false,"template":"","format":"standard","meta":{"om_disable_all_campaigns":false,"push_articles_ronaldo":{"active":false,"canonical":0,"publish":false},"force_updates":null},"categories":[8204],"tags":[16,1651,588],"enet_tags":{"team":["8391"],"player":["789638"],"league":["46"],"sport_events":[]},"yoast_head":"<!-- This site is optimized with the Yoast SEO plugin v18.3 - https:\/\/yoast.com\/wordpress\/plugins\/seo\/ -->\n<title>Kvist g\u00f8r det klart: Planer om at k\u00f8be Bundu fri<\/title>\n<meta name=\"description\" content=\"FC K\u00f8benhavn har sikret sig Mustapha Bundu p\u00e5 en lejeaftale, men den skal gerne veksles til en permanent kontrakt til sommer\" \/>\n<meta name=\"robots\" content=\"index, follow, max-snippet:-1, max-image-preview:large, max-video-preview:-1\" \/>\n<link rel=\"canonical\" href=\"https:\/\/acefootball.com\/da\/fodboldnyheder\/kvist-goer-det-klart-planer-om-at-koebe-bundu-fri\/\" \/>\n<meta property=\"og:locale\" content=\"en_US\" \/>\n<meta property=\"og:type\" content=\"article\" \/>\n<meta property=\"og:title\" content=\"Kvist g\u00f8r det klart: Planer om at k\u00f8be Bundu fri\" \/>\n<meta property=\"og:description\" content=\"FC K\u00f8benhavn har sikret sig Mustapha Bundu p\u00e5 en lejeaftale, men den skal gerne veksles til en permanent kontrakt til sommer\" \/>\n<meta property=\"og:url\" content=\"https:\/\/acefootball.com\/da\/fodboldnyheder\/kvist-goer-det-klart-planer-om-at-koebe-bundu-fri\/\" \/>\n<meta property=\"og:site_name\" content=\"Ace Football Danmark\" \/>\n<meta property=\"article:publisher\" content=\"https:\/\/www.facebook.com\/acefootballdk\" \/>\n<meta property=\"article:published_time\" content=\"2021-01-26T13:15:29+00:00\" \/>\n<meta property=\"article:modified_time\" content=\"2021-01-26T13:16:28+00:00\" \/>\n<meta property=\"og:image\" content=\"https:\/\/acefootball.com\/da\/wp-content\/uploads\/sites\/2\/2021\/01\/FCK-14-1.jpg\" \/>\n\t<meta property=\"og:image:width\" content=\"1920\" \/>\n\t<meta property=\"og:image:height\" content=\"1008\" \/>\n\t<meta property=\"og:image:type\" content=\"image\/jpeg\" \/>\n<meta name=\"twitter:card\" content=\"summary_large_image\" \/>\n<meta name=\"twitter:label1\" content=\"Written by\" \/>\n\t<meta name=\"twitter:data1\" content=\"Mads Dreyer\" \/>\n\t<meta name=\"twitter:label2\" content=\"Est. reading time\" \/>\n\t<meta name=\"twitter:data2\" content=\"1 minute\" \/>\n<script type=\"application\/ld+json\" class=\"yoast-schema-graph\">{\"@context\":\"https:\/\/schema.org\",\"@graph\":[{\"@type\":\"Organization\",\"@id\":\"https:\/\/acefootball.com\/da\/#organization\",\"name\":\"Ace Football\",\"url\":\"https:\/\/acefootball.com\/da\/\",\"sameAs\":[\"https:\/\/www.facebook.com\/acefootballdk\"],\"logo\":{\"@type\":\"ImageObject\",\"@id\":\"https:\/\/acefootball.com\/da\/#logo\",\"inLanguage\":\"en-US\",\"url\":\"https:\/\/acefootball.com\/da\/wp-content\/uploads\/sites\/2\/2020\/07\/Ace-Football-30-07-2020-2.png\",\"contentUrl\":\"https:\/\/acefootball.com\/da\/wp-content\/uploads\/sites\/2\/2020\/07\/Ace-Football-30-07-2020-2.png\",\"width\":1200,\"height\":600,\"caption\":\"Ace Football\"},\"image\":{\"@id\":\"https:\/\/acefootball.com\/da\/#logo\"}},{\"@type\":\"WebSite\",\"@id\":\"https:\/\/acefootball.com\/da\/#website\",\"url\":\"https:\/\/acefootball.com\/da\/\",\"name\":\"Ace Football Danmark\",\"description\":\"Nyheder, Spiltips &amp; Livescore\",\"publisher\":{\"@id\":\"https:\/\/acefootball.com\/da\/#organization\"},\"potentialAction\":[{\"@type\":\"SearchAction\",\"target\":{\"@type\":\"EntryPoint\",\"urlTemplate\":\"https:\/\/acefootball.com\/da\/?s={search_term_string}\"},\"query-input\":\"required name=search_term_string\"}],\"inLanguage\":\"en-US\"},{\"@type\":\"ImageObject\",\"@id\":\"https:\/\/acefootball.com\/da\/fodboldnyheder\/kvist-goer-det-klart-planer-om-at-koebe-bundu-fri\/#primaryimage\",\"inLanguage\":\"en-US\",\"url\":\"https:\/\/acefootball.com\/da\/wp-content\/uploads\/sites\/2\/2021\/01\/FCK-14-1.jpg\",\"contentUrl\":\"https:\/\/acefootball.com\/da\/wp-content\/uploads\/sites\/2\/2021\/01\/FCK-14-1.jpg\",\"width\":1920,\"height\":1008,\"caption\":\"william kvist, FCK\"},{\"@type\":\"WebPage\",\"@id\":\"https:\/\/acefootball.com\/da\/fodboldnyheder\/kvist-goer-det-klart-planer-om-at-koebe-bundu-fri\/#webpage\",\"url\":\"https:\/\/acefootball.com\/da\/fodboldnyheder\/kvist-goer-det-klart-planer-om-at-koebe-bundu-fri\/\",\"name\":\"Kvist g\u00f8r det klart: Planer om at k\u00f8be Bundu fri\",\"isPartOf\":{\"@id\":\"https:\/\/acefootball.com\/da\/#website\"},\"primaryImageOfPage\":{\"@id\":\"https:\/\/acefootball.com\/da\/fodboldnyheder\/kvist-goer-det-klart-planer-om-at-koebe-bundu-fri\/#primaryimage\"},\"datePublished\":\"2021-01-26T13:15:29+00:00\",\"dateModified\":\"2021-01-26T13:16:28+00:00\",\"description\":\"FC K\u00f8benhavn har sikret sig Mustapha Bundu p\u00e5 en lejeaftale, men den skal gerne veksles til en permanent kontrakt til sommer\",\"breadcrumb\":{\"@id\":\"https:\/\/acefootball.com\/da\/fodboldnyheder\/kvist-goer-det-klart-planer-om-at-koebe-bundu-fri\/#breadcrumb\"},\"inLanguage\":\"en-US\",\"potentialAction\":[{\"@type\":\"ReadAction\",\"target\":[\"https:\/\/acefootball.com\/da\/fodboldnyheder\/kvist-goer-det-klart-planer-om-at-koebe-bundu-fri\/\"]}]},{\"@type\":\"BreadcrumbList\",\"@id\":\"https:\/\/acefootball.com\/da\/fodboldnyheder\/kvist-goer-det-klart-planer-om-at-koebe-bundu-fri\/#breadcrumb\",\"itemListElement\":[{\"@type\":\"ListItem\",\"position\":1,\"name\":\"Home\",\"item\":\"https:\/\/acefootball.com\/da\/\"},{\"@type\":\"ListItem\",\"position\":2,\"name\":\"Kvist g\u00f8r det klart: Planer om at k\u00f8be Bundu fri\"}]},{\"@type\":\"Article\",\"@id\":\"https:\/\/acefootball.com\/da\/fodboldnyheder\/kvist-goer-det-klart-planer-om-at-koebe-bundu-fri\/#article\",\"isPartOf\":{\"@id\":\"https:\/\/acefootball.com\/da\/fodboldnyheder\/kvist-goer-det-klart-planer-om-at-koebe-bundu-fri\/#webpage\"},\"author\":{\"@id\":\"https:\/\/acefootball.com\/da\/#\/schema\/person\/ee67e9cf04a276f144100ffa722f10cd\"},\"headline\":\"Kvist g\u00f8r det klart: Planer om at k\u00f8be Bundu fri\",\"datePublished\":\"2021-01-26T13:15:29+00:00\",\"dateModified\":\"2021-01-26T13:16:28+00:00\",\"mainEntityOfPage\":{\"@id\":\"https:\/\/acefootball.com\/da\/fodboldnyheder\/kvist-goer-det-klart-planer-om-at-koebe-bundu-fri\/#webpage\"},\"wordCount\":216,\"commentCount\":0,\"publisher\":{\"@id\":\"https:\/\/acefootball.com\/da\/#organization\"},\"image\":{\"@id\":\"https:\/\/acefootball.com\/da\/fodboldnyheder\/kvist-goer-det-klart-planer-om-at-koebe-bundu-fri\/#primaryimage\"},\"thumbnailUrl\":\"https:\/\/acefootball.com\/da\/wp-content\/uploads\/sites\/2\/2020\/10\/GettyImages-1229157771.jpg\",\"keywords\":[\"FC K\u00f8benhavn\",\"Mustapha Bundu\",\"Superligaen\"],\"articleSection\":[\"Udtalelse\"],\"inLanguage\":\"en-US\",\"potentialAction\":[{\"@type\":\"CommentAction\",\"name\":\"Comment\",\"target\":[\"https:\/\/acefootball.com\/da\/fodboldnyheder\/kvist-goer-det-klart-planer-om-at-koebe-bundu-fri\/#respond\"]}]},{\"@type\":\"Person\",\"@id\":\"https:\/\/acefootball.com\/da\/#\/schema\/person\/ee67e9cf04a276f144100ffa722f10cd\",\"name\":\"Mads Dreyer\",\"image\":{\"@type\":\"ImageObject\",\"@id\":\"https:\/\/acefootball.com\/da\/#personlogo\",\"inLanguage\":\"en-US\",\"url\":\"https:\/\/secure.gravatar.com\/avatar\/7c7abf72cfde9902b6a60efe60c88d4c?s=96&d=mm&r=g\",\"contentUrl\":\"https:\/\/secure.gravatar.com\/avatar\/7c7abf72cfde9902b6a60efe60c88d4c?s=96&d=mm&r=g\",\"caption\":\"Mads Dreyer\"},\"description\":\"Skribent og fodboldn\u00f8rd, der lige nu fort\u00e6ller om alt og intet i fodboldverdenen p\u00e5 acefootball.com. Uddannet i kommunikation fra Aalborg Universitet.\",\"sameAs\":[\"https:\/\/www.linkedin.com\/in\/mads-dreyer-b9b08266\/\"],\"url\":\"https:\/\/acefootball.com\/da\/fodboldnyheder\/author\/mdnronaldo\/\"}]}<\/script>\n<!-- \/ Yoast SEO plugin. -->","yoast_head_json":{"title":"Kvist g\u00f8r det klart: Planer om at k\u00f8be Bundu fri","description":"FC K\u00f8benhavn har sikret sig Mustapha Bundu p\u00e5 en lejeaftale, men den skal gerne veksles til en permanent kontrakt til sommer","robots":{"index":"index","follow":"follow","max-snippet":"max-snippet:-1","max-image-preview":"max-image-preview:large","max-video-preview":"max-video-preview:-1"},"canonical":"https:\/\/acefootball.com\/da\/fodboldnyheder\/kvist-goer-det-klart-planer-om-at-koebe-bundu-fri\/","og_locale":"en_US","og_type":"article","og_title":"Kvist g\u00f8r det klart: Planer om at k\u00f8be Bundu fri","og_description":"FC K\u00f8benhavn har sikret sig Mustapha Bundu p\u00e5 en lejeaftale, men den skal gerne veksles til en permanent kontrakt til sommer","og_url":"https:\/\/acefootball.com\/da\/fodboldnyheder\/kvist-goer-det-klart-planer-om-at-koebe-bundu-fri\/","og_site_name":"Ace Football Danmark","article_publisher":"https:\/\/www.facebook.com\/acefootballdk","article_published_time":"2021-01-26T13:15:29+00:00","article_modified_time":"2021-01-26T13:16:28+00:00","og_image":[{"width":1920,"height":1008,"url":"https:\/\/acefootball.com\/da\/wp-content\/uploads\/sites\/2\/2021\/01\/FCK-14-1.jpg","type":"image\/jpeg"}],"twitter_card":"summary_large_image","twitter_misc":{"Written by":"Mads Dreyer","Est. reading time":"1 minute"},"schema":{"@context":"https:\/\/schema.org","@graph":[{"@type":"Organization","@id":"https:\/\/acefootball.com\/da\/#organization","name":"Ace Football","url":"https:\/\/acefootball.com\/da\/","sameAs":["https:\/\/www.facebook.com\/acefootballdk"],"logo":{"@type":"ImageObject","@id":"https:\/\/acefootball.com\/da\/#logo","inLanguage":"en-US","url":"https:\/\/acefootball.com\/da\/wp-content\/uploads\/sites\/2\/2020\/07\/Ace-Football-30-07-2020-2.png","contentUrl":"https:\/\/acefootball.com\/da\/wp-content\/uploads\/sites\/2\/2020\/07\/Ace-Football-30-07-2020-2.png","width":1200,"height":600,"caption":"Ace Football"},"image":{"@id":"https:\/\/acefootball.com\/da\/#logo"}},{"@type":"WebSite","@id":"https:\/\/acefootball.com\/da\/#website","url":"https:\/\/acefootball.com\/da\/","name":"Ace Football Danmark","description":"Nyheder, Spiltips &amp; Livescore","publisher":{"@id":"https:\/\/acefootball.com\/da\/#organization"},"potentialAction":[{"@type":"SearchAction","target":{"@type":"EntryPoint","urlTemplate":"https:\/\/acefootball.com\/da\/?s={search_term_string}"},"query-input":"required name=search_term_string"}],"inLanguage":"en-US"},{"@type":"ImageObject","@id":"https:\/\/acefootball.com\/da\/fodboldnyheder\/kvist-goer-det-klart-planer-om-at-koebe-bundu-fri\/#primaryimage","inLanguage":"en-US","url":"https:\/\/acefootball.com\/da\/wp-content\/uploads\/sites\/2\/2021\/01\/FCK-14-1.jpg","contentUrl":"https:\/\/acefootball.com\/da\/wp-content\/uploads\/sites\/2\/2021\/01\/FCK-14-1.jpg","width":1920,"height":1008,"caption":"william kvist, FCK"},{"@type":"WebPage","@id":"https:\/\/acefootball.com\/da\/fodboldnyheder\/kvist-goer-det-klart-planer-om-at-koebe-bundu-fri\/#webpage","url":"https:\/\/acefootball.com\/da\/fodboldnyheder\/kvist-goer-det-klart-planer-om-at-koebe-bundu-fri\/","name":"Kvist g\u00f8r det klart: Planer om at k\u00f8be Bundu fri","isPartOf":{"@id":"https:\/\/acefootball.com\/da\/#website"},"primaryImageOfPage":{"@id":"https:\/\/acefootball.com\/da\/fodboldnyheder\/kvist-goer-det-klart-planer-om-at-koebe-bundu-fri\/#primaryimage"},"datePublished":"2021-01-26T13:15:29+00:00","dateModified":"2021-01-26T13:16:28+00:00","description":"FC K\u00f8benhavn har sikret sig Mustapha Bundu p\u00e5 en lejeaftale, men den skal gerne veksles til en permanent kontrakt til sommer","breadcrumb":{"@id":"https:\/\/acefootball.com\/da\/fodboldnyheder\/kvist-goer-det-klart-planer-om-at-koebe-bundu-fri\/#breadcrumb"},"inLanguage":"en-US","potentialAction":[{"@type":"ReadAction","target":["https:\/\/acefootball.com\/da\/fodboldnyheder\/kvist-goer-det-klart-planer-om-at-koebe-bundu-fri\/"]}]},{"@type":"BreadcrumbList","@id":"https:\/\/acefootball.com\/da\/fodboldnyheder\/kvist-goer-det-klart-planer-om-at-koebe-bundu-fri\/#breadcrumb","itemListElement":[{"@type":"ListItem","position":1,"name":"Home","item":"https:\/\/acefootball.com\/da\/"},{"@type":"ListItem","position":2,"name":"Kvist g\u00f8r det klart: Planer om at k\u00f8be Bundu fri"}]},{"@type":"Article","@id":"https:\/\/acefootball.com\/da\/fodboldnyheder\/kvist-goer-det-klart-planer-om-at-koebe-bundu-fri\/#article","isPartOf":{"@id":"https:\/\/acefootball.com\/da\/fodboldnyheder\/kvist-goer-det-klart-planer-om-at-koebe-bundu-fri\/#webpage"},"author":{"@id":"https:\/\/acefootball.com\/da\/#\/schema\/person\/ee67e9cf04a276f144100ffa722f10cd"},"headline":"Kvist g\u00f8r det klart: Planer om at k\u00f8be Bundu fri","datePublished":"2021-01-26T13:15:29+00:00","dateModified":"2021-01-26T13:16:28+00:00","mainEntityOfPage":{"@id":"https:\/\/acefootball.com\/da\/fodboldnyheder\/kvist-goer-det-klart-planer-om-at-koebe-bundu-fri\/#webpage"},"wordCount":216,"commentCount":0,"publisher":{"@id":"https:\/\/acefootball.com\/da\/#organization"},"image":{"@id":"https:\/\/acefootball.com\/da\/fodboldnyheder\/kvist-goer-det-klart-planer-om-at-koebe-bundu-fri\/#primaryimage"},"thumbnailUrl":"https:\/\/acefootball.com\/da\/wp-content\/uploads\/sites\/2\/2020\/10\/GettyImages-1229157771.jpg","keywords":["FC K\u00f8benhavn","Mustapha Bundu","Superligaen"],"articleSection":["Udtalelse"],"inLanguage":"en-US","potentialAction":[{"@type":"CommentAction","name":"Comment","target":["https:\/\/acefootball.com\/da\/fodboldnyheder\/kvist-goer-det-klart-planer-om-at-koebe-bundu-fri\/#respond"]}]},{"@type":"Person","@id":"https:\/\/acefootball.com\/da\/#\/schema\/person\/ee67e9cf04a276f144100ffa722f10cd","name":"Mads Dreyer","image":{"@type":"ImageObject","@id":"https:\/\/acefootball.com\/da\/#personlogo","inLanguage":"en-US","url":"https:\/\/secure.gravatar.com\/avatar\/7c7abf72cfde9902b6a60efe60c88d4c?s=96&d=mm&r=g","contentUrl":"https:\/\/secure.gravatar.com\/avatar\/7c7abf72cfde9902b6a60efe60c88d4c?s=96&d=mm&r=g","caption":"Mads Dreyer"},"description":"Skribent og fodboldn\u00f8rd, der lige nu fort\u00e6ller om alt og intet i fodboldverdenen p\u00e5 acefootball.com. Uddannet i kommunikation fra Aalborg Universitet.","sameAs":["https:\/\/www.linkedin.com\/in\/mads-dreyer-b9b08266\/"],"url":"https:\/\/acefootball.com\/da\/fodboldnyheder\/author\/mdnronaldo\/"}]}},"fimg_url":"https:\/\/acefootball.com\/da\/wp-content\/uploads\/sites\/2\/2020\/10\/GettyImages-1229157771.jpg","_links":{"self":[{"href":"https:\/\/acefootball.com\/da\/wp-json\/wp\/v2\/posts\/249705"}],"collection":[{"href":"https:\/\/acefootball.com\/da\/wp-json\/wp\/v2\/posts"}],"about":[{"href":"https:\/\/acefootball.com\/da\/wp-json\/wp\/v2\/types\/post"}],"author":[{"embeddable":true,"href":"https:\/\/acefootball.com\/da\/wp-json\/wp\/v2\/users\/705"}],"replies":[{"embeddable":true,"href":"https:\/\/acefootball.com\/da\/wp-json\/wp\/v2\/comments?post=249705"}],"version-history":[{"count":0,"href":"https:\/\/acefootball.com\/da\/wp-json\/wp\/v2\/posts\/249705\/revisions"}],"wp:featuredmedia":[{"embeddable":true,"href":"https:\/\/acefootball.com\/da\/wp-json\/wp\/v2\/media\/240947"}],"wp:attachment":[{"href":"https:\/\/acefootball.com\/da\/wp-json\/wp\/v2\/media?parent=249705"}],"wp:term":[{"taxonomy":"category","embeddable":true,"href":"https:\/\/acefootball.com\/da\/wp-json\/wp\/v2\/categories?post=249705"},{"taxonomy":"post_tag","embeddable":true,"href":"https:\/\/acefootball.com\/da\/wp-json\/wp\/v2\/tags?post=249705"}],"curies":[{"name":"wp","href":"https:\/\/api.w.org\/{rel}","templated":true}]}}