{"id":249680,"date":"2021-01-26T13:01:57","date_gmt":"2021-01-26T12:01:57","guid":{"rendered":"https:\/\/acefootball.com\/da\/?p=249680"},"modified":"2021-01-26T13:05:00","modified_gmt":"2021-01-26T12:05:00","slug":"avis-landsholdsspiller-fra-aserbajdsjan-paa-blokken-i-superliga-klub","status":"publish","type":"post","link":"https:\/\/acefootball.com\/da\/fodboldnyheder\/avis-landsholdsspiller-fra-aserbajdsjan-paa-blokken-i-superliga-klub\/","title":{"rendered":"Avis: Landsholdsspiller fra Aserbajdsjan p\u00e5 blokken i Superliga-klub"},"content":{"rendered":"\n<h2 id=\"h-if-lge-ekstra-bladet-overvejer-vejle-at-hente-den-aserbajdsjanske-landsholdsspiller-bahlul-mustafazada-til-klubben\">If\u00f8lge Ekstra Bladet overvejer Vejle at hente den aserbajdsjanske landsholdsspiller, Bahlul Mustafazada, til klubben<\/h2>\n\n\n\n<p>Der kan snart blive skrevet Superliga-historie, da en helt ny nationalitet kan blive introduceret i den bedste danske fodboldr\u00e6kke.<\/p>\n\n\n\n<p>Aldrig har en spiller fra Aserbajdsjan repr\u00e6senteret en Superliga-klub, men det overvejer Vejle Boldklub angiveligt at lave om p\u00e5. If\u00f8lge <a href=\"https:\/\/ekstrabladet.dk\/sport\/fodbold\/transfer\/lurer-paa-eksotisk-forsvarer\/8441918\" target=\"_blank\" rel=\"noreferrer noopener\">Ekstra Bladet<\/a> er landsholdsspilleren Bahlul Mustafazada nemlig p\u00e5 blokken.<\/p>\n\n\n\n<figure class=\"wp-block-embed is-type-wp-embed is-provider-ace-football-danmark wp-block-embed-ace-football-danmark\"><div class=\"wp-block-embed__wrapper\">\n<blockquote class=\"wp-embedded-content\" data-secret=\"jZVLzHwC5a\"><a href=\"https:\/\/acefootball.com\/da\/fodboldnyheder\/medie-afsloerer-her-er-superligaens-nye-tiltag\/\">Medie afsl\u00f8rer: Her er Superligaens nye tiltag<\/a><\/blockquote><iframe class=\"wp-embedded-content\" sandbox=\"allow-scripts\" security=\"restricted\" style=\"position: absolute; clip: rect(1px, 1px, 1px, 1px);\" title=\"&#8220;Medie afsl\u00f8rer: Her er Superligaens nye tiltag&#8221; &#8212; Ace Football Danmark\" src=\"https:\/\/acefootball.com\/da\/fodboldnyheder\/medie-afsloerer-her-er-superligaens-nye-tiltag\/embed\/#?secret=jZVLzHwC5a\" data-secret=\"jZVLzHwC5a\" width=\"600\" height=\"338\" frameborder=\"0\" marginwidth=\"0\" marginheight=\"0\" scrolling=\"no\"><\/iframe>\n<\/div><\/figure>\n\n\n\n<p>Vejle sagde tidligere p\u00e5 vinteren farvel til Alexander Milosevic, som fik oph\u00e6vet kontrakten, og ind kom i stedet kroatiske Denis Kolinger. Det er dog angiveligt ikke f\u00e5et den jyske klub til at stoppe jagten p\u00e5 forsvarsforst\u00e6rkninger.<\/p>\n\n\n\n<p>23-\u00e5rige Bahlul Mustafazada var i 2019 rygtet til de skotske storklubber, Celtic og Rangers, men et skifte blev alts\u00e5 aldrig til noget.<\/p>\n\n\n\n<figure class=\"wp-block-embed is-type-rich is-provider-twitter wp-block-embed-twitter\"><div class=\"wp-block-embed__wrapper\">\n<blockquote class=\"twitter-tweet\" data-width=\"550\" data-dnt=\"true\"><p lang=\"en\" dir=\"ltr\">Celtic and Rangers linked with move for Bahlul Mustafazada <a href=\"https:\/\/twitter.com\/hashtag\/Celtic?src=hash&amp;ref_src=twsrc%5Etfw\">#Celtic<\/a> | <a href=\"https:\/\/t.co\/3O3emlFr1H\">https:\/\/t.co\/3O3emlFr1H<\/a> <a href=\"https:\/\/t.co\/Yu7Nqo4JwA\">pic.twitter.com\/Yu7Nqo4JwA<\/a><\/p>&mdash; Read Football (@ReadFootballCo) <a href=\"https:\/\/twitter.com\/ReadFootballCo\/status\/1192065086229286912?ref_src=twsrc%5Etfw\">November 6, 2019<\/a><\/blockquote><script async src=\"https:\/\/platform.twitter.com\/widgets.js\" charset=\"utf-8\"><\/script>\n<\/div><\/figure>\n\n\n\n<p>Den aserbajdsjanske stopper har indtil videre spillet 10 landskampe og er lige nu p\u00e5 kontrakt i hjemlandets Sabah FK.<\/p>\n","protected":false},"excerpt":{"rendered":"<p>If\u00f8lge Ekstra Bladet overvejer Vejle at hente den aserbajdsjanske landsholdsspiller, Bahlul Mustafazada, til klubben<\/p>\n","protected":false},"author":705,"featured_media":239373,"comment_status":"open","ping_status":"closed","sticky":false,"template":"","format":"standard","meta":{"om_disable_all_campaigns":false,"push_articles_ronaldo":{"active":false,"canonical":0,"publish":false},"force_updates":null},"categories":[7],"tags":[5169,588,521],"enet_tags":{"team":["8566","8231"],"league":["46"],"sport_events":[]},"yoast_head":"<!-- This site is optimized with the Yoast SEO plugin v18.3 - https:\/\/yoast.com\/wordpress\/plugins\/seo\/ -->\n<title>Avis: Landsholdsspiller fra Aserbajdsjan p\u00e5 blokken i Superliga-klub<\/title>\n<meta name=\"description\" content=\"If\u00f8lge Ekstra Bladet overvejer Vejle at hente den aserbajdsjanske landsholdsspiller, Bahlul Mustafazada, til klubben\" \/>\n<meta name=\"robots\" content=\"index, follow, max-snippet:-1, max-image-preview:large, max-video-preview:-1\" \/>\n<link rel=\"canonical\" href=\"https:\/\/acefootball.com\/da\/fodboldnyheder\/avis-landsholdsspiller-fra-aserbajdsjan-paa-blokken-i-superliga-klub\/\" \/>\n<meta property=\"og:locale\" content=\"en_US\" \/>\n<meta property=\"og:type\" content=\"article\" \/>\n<meta property=\"og:title\" content=\"Avis: Landsholdsspiller fra Aserbajdsjan p\u00e5 blokken i Superliga-klub\" \/>\n<meta property=\"og:description\" content=\"If\u00f8lge Ekstra Bladet overvejer Vejle at hente den aserbajdsjanske landsholdsspiller, Bahlul Mustafazada, til klubben\" \/>\n<meta property=\"og:url\" content=\"https:\/\/acefootball.com\/da\/fodboldnyheder\/avis-landsholdsspiller-fra-aserbajdsjan-paa-blokken-i-superliga-klub\/\" \/>\n<meta property=\"og:site_name\" content=\"Ace Football Danmark\" \/>\n<meta property=\"article:publisher\" content=\"https:\/\/www.facebook.com\/acefootballdk\" \/>\n<meta property=\"article:published_time\" content=\"2021-01-26T12:01:57+00:00\" \/>\n<meta property=\"article:modified_time\" content=\"2021-01-26T12:05:00+00:00\" \/>\n<meta property=\"og:image\" content=\"https:\/\/acefootball.com\/da\/wp-content\/uploads\/sites\/2\/2021\/01\/Laes-mere-generel-3-2.jpg\" \/>\n\t<meta property=\"og:image:width\" content=\"1920\" \/>\n\t<meta property=\"og:image:height\" content=\"1008\" \/>\n\t<meta property=\"og:image:type\" content=\"image\/jpeg\" \/>\n<meta name=\"twitter:card\" content=\"summary_large_image\" \/>\n<meta name=\"twitter:label1\" content=\"Written by\" \/>\n\t<meta name=\"twitter:data1\" content=\"Mads Dreyer\" \/>\n\t<meta name=\"twitter:label2\" content=\"Est. reading time\" \/>\n\t<meta name=\"twitter:data2\" content=\"1 minute\" \/>\n<script type=\"application\/ld+json\" class=\"yoast-schema-graph\">{\"@context\":\"https:\/\/schema.org\",\"@graph\":[{\"@type\":\"Organization\",\"@id\":\"https:\/\/acefootball.com\/da\/#organization\",\"name\":\"Ace Football\",\"url\":\"https:\/\/acefootball.com\/da\/\",\"sameAs\":[\"https:\/\/www.facebook.com\/acefootballdk\"],\"logo\":{\"@type\":\"ImageObject\",\"@id\":\"https:\/\/acefootball.com\/da\/#logo\",\"inLanguage\":\"en-US\",\"url\":\"https:\/\/acefootball.com\/da\/wp-content\/uploads\/sites\/2\/2020\/07\/Ace-Football-30-07-2020-2.png\",\"contentUrl\":\"https:\/\/acefootball.com\/da\/wp-content\/uploads\/sites\/2\/2020\/07\/Ace-Football-30-07-2020-2.png\",\"width\":1200,\"height\":600,\"caption\":\"Ace Football\"},\"image\":{\"@id\":\"https:\/\/acefootball.com\/da\/#logo\"}},{\"@type\":\"WebSite\",\"@id\":\"https:\/\/acefootball.com\/da\/#website\",\"url\":\"https:\/\/acefootball.com\/da\/\",\"name\":\"Ace Football Danmark\",\"description\":\"Nyheder, Spiltips &amp; Livescore\",\"publisher\":{\"@id\":\"https:\/\/acefootball.com\/da\/#organization\"},\"potentialAction\":[{\"@type\":\"SearchAction\",\"target\":{\"@type\":\"EntryPoint\",\"urlTemplate\":\"https:\/\/acefootball.com\/da\/?s={search_term_string}\"},\"query-input\":\"required name=search_term_string\"}],\"inLanguage\":\"en-US\"},{\"@type\":\"ImageObject\",\"@id\":\"https:\/\/acefootball.com\/da\/fodboldnyheder\/avis-landsholdsspiller-fra-aserbajdsjan-paa-blokken-i-superliga-klub\/#primaryimage\",\"inLanguage\":\"en-US\",\"url\":\"https:\/\/acefootball.com\/da\/wp-content\/uploads\/sites\/2\/2021\/01\/Laes-mere-generel-3-2.jpg\",\"contentUrl\":\"https:\/\/acefootball.com\/da\/wp-content\/uploads\/sites\/2\/2021\/01\/Laes-mere-generel-3-2.jpg\",\"width\":1920,\"height\":1008,\"caption\":\"Vejle\"},{\"@type\":\"WebPage\",\"@id\":\"https:\/\/acefootball.com\/da\/fodboldnyheder\/avis-landsholdsspiller-fra-aserbajdsjan-paa-blokken-i-superliga-klub\/#webpage\",\"url\":\"https:\/\/acefootball.com\/da\/fodboldnyheder\/avis-landsholdsspiller-fra-aserbajdsjan-paa-blokken-i-superliga-klub\/\",\"name\":\"Avis: Landsholdsspiller fra Aserbajdsjan p\u00e5 blokken i Superliga-klub\",\"isPartOf\":{\"@id\":\"https:\/\/acefootball.com\/da\/#website\"},\"primaryImageOfPage\":{\"@id\":\"https:\/\/acefootball.com\/da\/fodboldnyheder\/avis-landsholdsspiller-fra-aserbajdsjan-paa-blokken-i-superliga-klub\/#primaryimage\"},\"datePublished\":\"2021-01-26T12:01:57+00:00\",\"dateModified\":\"2021-01-26T12:05:00+00:00\",\"description\":\"If\u00f8lge Ekstra Bladet overvejer Vejle at hente den aserbajdsjanske landsholdsspiller, Bahlul Mustafazada, til klubben\",\"breadcrumb\":{\"@id\":\"https:\/\/acefootball.com\/da\/fodboldnyheder\/avis-landsholdsspiller-fra-aserbajdsjan-paa-blokken-i-superliga-klub\/#breadcrumb\"},\"inLanguage\":\"en-US\",\"potentialAction\":[{\"@type\":\"ReadAction\",\"target\":[\"https:\/\/acefootball.com\/da\/fodboldnyheder\/avis-landsholdsspiller-fra-aserbajdsjan-paa-blokken-i-superliga-klub\/\"]}]},{\"@type\":\"BreadcrumbList\",\"@id\":\"https:\/\/acefootball.com\/da\/fodboldnyheder\/avis-landsholdsspiller-fra-aserbajdsjan-paa-blokken-i-superliga-klub\/#breadcrumb\",\"itemListElement\":[{\"@type\":\"ListItem\",\"position\":1,\"name\":\"Home\",\"item\":\"https:\/\/acefootball.com\/da\/\"},{\"@type\":\"ListItem\",\"position\":2,\"name\":\"Avis: Landsholdsspiller fra Aserbajdsjan p\u00e5 blokken i Superliga-klub\"}]},{\"@type\":\"Article\",\"@id\":\"https:\/\/acefootball.com\/da\/fodboldnyheder\/avis-landsholdsspiller-fra-aserbajdsjan-paa-blokken-i-superliga-klub\/#article\",\"isPartOf\":{\"@id\":\"https:\/\/acefootball.com\/da\/fodboldnyheder\/avis-landsholdsspiller-fra-aserbajdsjan-paa-blokken-i-superliga-klub\/#webpage\"},\"author\":{\"@id\":\"https:\/\/acefootball.com\/da\/#\/schema\/person\/ee67e9cf04a276f144100ffa722f10cd\"},\"headline\":\"Avis: Landsholdsspiller fra Aserbajdsjan p\u00e5 blokken i Superliga-klub\",\"datePublished\":\"2021-01-26T12:01:57+00:00\",\"dateModified\":\"2021-01-26T12:05:00+00:00\",\"mainEntityOfPage\":{\"@id\":\"https:\/\/acefootball.com\/da\/fodboldnyheder\/avis-landsholdsspiller-fra-aserbajdsjan-paa-blokken-i-superliga-klub\/#webpage\"},\"wordCount\":164,\"commentCount\":0,\"publisher\":{\"@id\":\"https:\/\/acefootball.com\/da\/#organization\"},\"image\":{\"@id\":\"https:\/\/acefootball.com\/da\/fodboldnyheder\/avis-landsholdsspiller-fra-aserbajdsjan-paa-blokken-i-superliga-klub\/#primaryimage\"},\"thumbnailUrl\":\"https:\/\/acefootball.com\/da\/wp-content\/uploads\/sites\/2\/2020\/10\/GettyImages-1223063167-1.jpg\",\"keywords\":[\"Aserbajdsjan\",\"Superligaen\",\"Vejle Boldklub\"],\"articleSection\":[\"Transfer\"],\"inLanguage\":\"en-US\",\"potentialAction\":[{\"@type\":\"CommentAction\",\"name\":\"Comment\",\"target\":[\"https:\/\/acefootball.com\/da\/fodboldnyheder\/avis-landsholdsspiller-fra-aserbajdsjan-paa-blokken-i-superliga-klub\/#respond\"]}]},{\"@type\":\"Person\",\"@id\":\"https:\/\/acefootball.com\/da\/#\/schema\/person\/ee67e9cf04a276f144100ffa722f10cd\",\"name\":\"Mads Dreyer\",\"image\":{\"@type\":\"ImageObject\",\"@id\":\"https:\/\/acefootball.com\/da\/#personlogo\",\"inLanguage\":\"en-US\",\"url\":\"https:\/\/secure.gravatar.com\/avatar\/7c7abf72cfde9902b6a60efe60c88d4c?s=96&d=mm&r=g\",\"contentUrl\":\"https:\/\/secure.gravatar.com\/avatar\/7c7abf72cfde9902b6a60efe60c88d4c?s=96&d=mm&r=g\",\"caption\":\"Mads Dreyer\"},\"description\":\"Skribent og fodboldn\u00f8rd, der lige nu fort\u00e6ller om alt og intet i fodboldverdenen p\u00e5 acefootball.com. Uddannet i kommunikation fra Aalborg Universitet.\",\"sameAs\":[\"https:\/\/www.linkedin.com\/in\/mads-dreyer-b9b08266\/\"],\"url\":\"https:\/\/acefootball.com\/da\/fodboldnyheder\/author\/mdnronaldo\/\"}]}<\/script>\n<!-- \/ Yoast SEO plugin. -->","yoast_head_json":{"title":"Avis: Landsholdsspiller fra Aserbajdsjan p\u00e5 blokken i Superliga-klub","description":"If\u00f8lge Ekstra Bladet overvejer Vejle at hente den aserbajdsjanske landsholdsspiller, Bahlul Mustafazada, til klubben","robots":{"index":"index","follow":"follow","max-snippet":"max-snippet:-1","max-image-preview":"max-image-preview:large","max-video-preview":"max-video-preview:-1"},"canonical":"https:\/\/acefootball.com\/da\/fodboldnyheder\/avis-landsholdsspiller-fra-aserbajdsjan-paa-blokken-i-superliga-klub\/","og_locale":"en_US","og_type":"article","og_title":"Avis: Landsholdsspiller fra Aserbajdsjan p\u00e5 blokken i Superliga-klub","og_description":"If\u00f8lge Ekstra Bladet overvejer Vejle at hente den aserbajdsjanske landsholdsspiller, Bahlul Mustafazada, til klubben","og_url":"https:\/\/acefootball.com\/da\/fodboldnyheder\/avis-landsholdsspiller-fra-aserbajdsjan-paa-blokken-i-superliga-klub\/","og_site_name":"Ace Football Danmark","article_publisher":"https:\/\/www.facebook.com\/acefootballdk","article_published_time":"2021-01-26T12:01:57+00:00","article_modified_time":"2021-01-26T12:05:00+00:00","og_image":[{"width":1920,"height":1008,"url":"https:\/\/acefootball.com\/da\/wp-content\/uploads\/sites\/2\/2021\/01\/Laes-mere-generel-3-2.jpg","type":"image\/jpeg"}],"twitter_card":"summary_large_image","twitter_misc":{"Written by":"Mads Dreyer","Est. reading time":"1 minute"},"schema":{"@context":"https:\/\/schema.org","@graph":[{"@type":"Organization","@id":"https:\/\/acefootball.com\/da\/#organization","name":"Ace Football","url":"https:\/\/acefootball.com\/da\/","sameAs":["https:\/\/www.facebook.com\/acefootballdk"],"logo":{"@type":"ImageObject","@id":"https:\/\/acefootball.com\/da\/#logo","inLanguage":"en-US","url":"https:\/\/acefootball.com\/da\/wp-content\/uploads\/sites\/2\/2020\/07\/Ace-Football-30-07-2020-2.png","contentUrl":"https:\/\/acefootball.com\/da\/wp-content\/uploads\/sites\/2\/2020\/07\/Ace-Football-30-07-2020-2.png","width":1200,"height":600,"caption":"Ace Football"},"image":{"@id":"https:\/\/acefootball.com\/da\/#logo"}},{"@type":"WebSite","@id":"https:\/\/acefootball.com\/da\/#website","url":"https:\/\/acefootball.com\/da\/","name":"Ace Football Danmark","description":"Nyheder, Spiltips &amp; Livescore","publisher":{"@id":"https:\/\/acefootball.com\/da\/#organization"},"potentialAction":[{"@type":"SearchAction","target":{"@type":"EntryPoint","urlTemplate":"https:\/\/acefootball.com\/da\/?s={search_term_string}"},"query-input":"required name=search_term_string"}],"inLanguage":"en-US"},{"@type":"ImageObject","@id":"https:\/\/acefootball.com\/da\/fodboldnyheder\/avis-landsholdsspiller-fra-aserbajdsjan-paa-blokken-i-superliga-klub\/#primaryimage","inLanguage":"en-US","url":"https:\/\/acefootball.com\/da\/wp-content\/uploads\/sites\/2\/2021\/01\/Laes-mere-generel-3-2.jpg","contentUrl":"https:\/\/acefootball.com\/da\/wp-content\/uploads\/sites\/2\/2021\/01\/Laes-mere-generel-3-2.jpg","width":1920,"height":1008,"caption":"Vejle"},{"@type":"WebPage","@id":"https:\/\/acefootball.com\/da\/fodboldnyheder\/avis-landsholdsspiller-fra-aserbajdsjan-paa-blokken-i-superliga-klub\/#webpage","url":"https:\/\/acefootball.com\/da\/fodboldnyheder\/avis-landsholdsspiller-fra-aserbajdsjan-paa-blokken-i-superliga-klub\/","name":"Avis: Landsholdsspiller fra Aserbajdsjan p\u00e5 blokken i Superliga-klub","isPartOf":{"@id":"https:\/\/acefootball.com\/da\/#website"},"primaryImageOfPage":{"@id":"https:\/\/acefootball.com\/da\/fodboldnyheder\/avis-landsholdsspiller-fra-aserbajdsjan-paa-blokken-i-superliga-klub\/#primaryimage"},"datePublished":"2021-01-26T12:01:57+00:00","dateModified":"2021-01-26T12:05:00+00:00","description":"If\u00f8lge Ekstra Bladet overvejer Vejle at hente den aserbajdsjanske landsholdsspiller, Bahlul Mustafazada, til klubben","breadcrumb":{"@id":"https:\/\/acefootball.com\/da\/fodboldnyheder\/avis-landsholdsspiller-fra-aserbajdsjan-paa-blokken-i-superliga-klub\/#breadcrumb"},"inLanguage":"en-US","potentialAction":[{"@type":"ReadAction","target":["https:\/\/acefootball.com\/da\/fodboldnyheder\/avis-landsholdsspiller-fra-aserbajdsjan-paa-blokken-i-superliga-klub\/"]}]},{"@type":"BreadcrumbList","@id":"https:\/\/acefootball.com\/da\/fodboldnyheder\/avis-landsholdsspiller-fra-aserbajdsjan-paa-blokken-i-superliga-klub\/#breadcrumb","itemListElement":[{"@type":"ListItem","position":1,"name":"Home","item":"https:\/\/acefootball.com\/da\/"},{"@type":"ListItem","position":2,"name":"Avis: Landsholdsspiller fra Aserbajdsjan p\u00e5 blokken i Superliga-klub"}]},{"@type":"Article","@id":"https:\/\/acefootball.com\/da\/fodboldnyheder\/avis-landsholdsspiller-fra-aserbajdsjan-paa-blokken-i-superliga-klub\/#article","isPartOf":{"@id":"https:\/\/acefootball.com\/da\/fodboldnyheder\/avis-landsholdsspiller-fra-aserbajdsjan-paa-blokken-i-superliga-klub\/#webpage"},"author":{"@id":"https:\/\/acefootball.com\/da\/#\/schema\/person\/ee67e9cf04a276f144100ffa722f10cd"},"headline":"Avis: Landsholdsspiller fra Aserbajdsjan p\u00e5 blokken i Superliga-klub","datePublished":"2021-01-26T12:01:57+00:00","dateModified":"2021-01-26T12:05:00+00:00","mainEntityOfPage":{"@id":"https:\/\/acefootball.com\/da\/fodboldnyheder\/avis-landsholdsspiller-fra-aserbajdsjan-paa-blokken-i-superliga-klub\/#webpage"},"wordCount":164,"commentCount":0,"publisher":{"@id":"https:\/\/acefootball.com\/da\/#organization"},"image":{"@id":"https:\/\/acefootball.com\/da\/fodboldnyheder\/avis-landsholdsspiller-fra-aserbajdsjan-paa-blokken-i-superliga-klub\/#primaryimage"},"thumbnailUrl":"https:\/\/acefootball.com\/da\/wp-content\/uploads\/sites\/2\/2020\/10\/GettyImages-1223063167-1.jpg","keywords":["Aserbajdsjan","Superligaen","Vejle Boldklub"],"articleSection":["Transfer"],"inLanguage":"en-US","potentialAction":[{"@type":"CommentAction","name":"Comment","target":["https:\/\/acefootball.com\/da\/fodboldnyheder\/avis-landsholdsspiller-fra-aserbajdsjan-paa-blokken-i-superliga-klub\/#respond"]}]},{"@type":"Person","@id":"https:\/\/acefootball.com\/da\/#\/schema\/person\/ee67e9cf04a276f144100ffa722f10cd","name":"Mads Dreyer","image":{"@type":"ImageObject","@id":"https:\/\/acefootball.com\/da\/#personlogo","inLanguage":"en-US","url":"https:\/\/secure.gravatar.com\/avatar\/7c7abf72cfde9902b6a60efe60c88d4c?s=96&d=mm&r=g","contentUrl":"https:\/\/secure.gravatar.com\/avatar\/7c7abf72cfde9902b6a60efe60c88d4c?s=96&d=mm&r=g","caption":"Mads Dreyer"},"description":"Skribent og fodboldn\u00f8rd, der lige nu fort\u00e6ller om alt og intet i fodboldverdenen p\u00e5 acefootball.com. Uddannet i kommunikation fra Aalborg Universitet.","sameAs":["https:\/\/www.linkedin.com\/in\/mads-dreyer-b9b08266\/"],"url":"https:\/\/acefootball.com\/da\/fodboldnyheder\/author\/mdnronaldo\/"}]}},"fimg_url":"https:\/\/acefootball.com\/da\/wp-content\/uploads\/sites\/2\/2020\/10\/GettyImages-1223063167-1.jpg","_links":{"self":[{"href":"https:\/\/acefootball.com\/da\/wp-json\/wp\/v2\/posts\/249680"}],"collection":[{"href":"https:\/\/acefootball.com\/da\/wp-json\/wp\/v2\/posts"}],"about":[{"href":"https:\/\/acefootball.com\/da\/wp-json\/wp\/v2\/types\/post"}],"author":[{"embeddable":true,"href":"https:\/\/acefootball.com\/da\/wp-json\/wp\/v2\/users\/705"}],"replies":[{"embeddable":true,"href":"https:\/\/acefootball.com\/da\/wp-json\/wp\/v2\/comments?post=249680"}],"version-history":[{"count":0,"href":"https:\/\/acefootball.com\/da\/wp-json\/wp\/v2\/posts\/249680\/revisions"}],"wp:featuredmedia":[{"embeddable":true,"href":"https:\/\/acefootball.com\/da\/wp-json\/wp\/v2\/media\/239373"}],"wp:attachment":[{"href":"https:\/\/acefootball.com\/da\/wp-json\/wp\/v2\/media?parent=249680"}],"wp:term":[{"taxonomy":"category","embeddable":true,"href":"https:\/\/acefootball.com\/da\/wp-json\/wp\/v2\/categories?post=249680"},{"taxonomy":"post_tag","embeddable":true,"href":"https:\/\/acefootball.com\/da\/wp-json\/wp\/v2\/tags?post=249680"}],"curies":[{"name":"wp","href":"https:\/\/api.w.org\/{rel}","templated":true}]}}