{"id":249637,"date":"2021-01-26T09:50:43","date_gmt":"2021-01-26T08:50:43","guid":{"rendered":"https:\/\/acefootball.com\/da\/?p=249637"},"modified":"2021-01-26T09:50:44","modified_gmt":"2021-01-26T08:50:44","slug":"agger-giver-update-efter-vildt-rygte-jeg-har-det-sikkert-i-spanien","status":"publish","type":"post","link":"https:\/\/acefootball.com\/da\/fodboldnyheder\/agger-giver-update-efter-vildt-rygte-jeg-har-det-sikkert-i-spanien\/","title":{"rendered":"Agger giver update efter vildt rygte: Jeg har det sikkert i Spanien"},"content":{"rendered":"\n<h2 id=\"h-flere-medier-skrev-mandag-at-daniel-agger-var-blevet-f-ngslet-i-rusland-for-at-tage-del-i-en-politisk-demonstration\">Flere medier skrev mandag, at Daniel Agger var blevet f\u00e6ngslet i Rusland for at tage del i en politisk demonstration<\/h2>\n\n\n\n<p>Forvirringen var total mandag eftermiddag, da skriverier fra Rusland pludselig placerede den tidligere danske landsholdsanf\u00f8rer i et russisk f\u00e6ngsel. <\/p>\n\n\n\n<p>Her skulle Daniel Agger v\u00e6re blevet anholdt under en af de seneste dages opt\u00f8jer i landet, men der var alts\u00e5 ikke tale om den tidligere Liverpool-spiller.<\/p>\n\n\n\n<figure class=\"wp-block-embed is-type-wp-embed is-provider-ace-football-danmark wp-block-embed-ace-football-danmark\"><div class=\"wp-block-embed__wrapper\">\n<blockquote class=\"wp-embedded-content\" data-secret=\"rGEftqYemg\"><a href=\"https:\/\/acefootball.com\/da\/fodboldnyheder\/kaempe-forvirring-daniel-agger-klon-anholdt-i-rusland\/\">K\u00e6mpe forvirring: Daniel Agger-klon anholdt i Rusland<\/a><\/blockquote><iframe class=\"wp-embedded-content\" sandbox=\"allow-scripts\" security=\"restricted\" style=\"position: absolute; clip: rect(1px, 1px, 1px, 1px);\" title=\"&#8220;K\u00e6mpe forvirring: Daniel Agger-klon anholdt i Rusland&#8221; &#8212; Ace Football Danmark\" src=\"https:\/\/acefootball.com\/da\/fodboldnyheder\/kaempe-forvirring-daniel-agger-klon-anholdt-i-rusland\/embed\/#?secret=rGEftqYemg\" data-secret=\"rGEftqYemg\" width=\"600\" height=\"338\" frameborder=\"0\" marginwidth=\"0\" marginheight=\"0\" scrolling=\"no\"><\/iframe>\n<\/div><\/figure>\n\n\n\n<p>I stedet var der tale om en russisk Liverpool-fan, der havde \u00e6ndret sit navn til Daniel M. Agger, efter den tidligere Liverpool-dansker. Dermed opstod hele forvirringen, der alts\u00e5 n\u00e5ede helt til medierne.<\/p>\n\n\n\n<figure class=\"wp-block-image size-large\"><img loading=\"lazy\" width=\"730\" height=\"964\" src=\"https:\/\/acefootball.com\/da\/wp-content\/uploads\/sites\/2\/2021\/01\/EslneC_XAAAvm9v.jpg\" alt=\"\" class=\"wp-image-249640\" srcset=\"https:\/\/acefootball.com\/da\/wp-content\/uploads\/sites\/2\/2021\/01\/EslneC_XAAAvm9v.jpg 730w, https:\/\/acefootball.com\/da\/wp-content\/uploads\/sites\/2\/2021\/01\/EslneC_XAAAvm9v-227x300.jpg 227w\" sizes=\"(max-width: 730px) 100vw, 730px\" \/><figcaption>Foto: Bazz, Rusland<\/figcaption><\/figure>\n\n\n\n<p>Den &#8220;rigtige&#8221; Daniel Agger gav efterf\u00f8lgende en opdatering p\u00e5 historien, hvor han alts\u00e5 ogs\u00e5 slog fast, at der var tale om en anden Daniel Agger end ham:<\/p>\n\n\n\n<figure class=\"wp-block-embed is-type-rich is-provider-twitter wp-block-embed-twitter\"><div class=\"wp-block-embed__wrapper\">\n<blockquote class=\"twitter-tweet\" data-width=\"550\" data-dnt=\"true\"><p lang=\"en\" dir=\"ltr\">\u201cThere is a bit of confusion out there. I have never said: \u201c There is only one Daniel Agger.\u201d And now we know for sure. The Daniel Agger mentioned in an incident in Moscow is not me.\u201d I\u2019m safe and sound in Spain \u2600\ufe0f\ud83c\uddea\ud83c\uddf8<\/p>&mdash; Daniel Agger (@DanielAgger) <a href=\"https:\/\/twitter.com\/DanielAgger\/status\/1353717587750903808?ref_src=twsrc%5Etfw\">January 25, 2021<\/a><\/blockquote><script async src=\"https:\/\/platform.twitter.com\/widgets.js\" charset=\"utf-8\"><\/script>\n<\/div><\/figure>\n\n\n\n<p>Den tidligere Br\u00f8ndby- og Liverpool-stjerne havde endda overskud til at svare lidt tilbage til de mange interesserede fans, hvor snakken hurtigt faldt p\u00e5 danskerens fodbold:<\/p>\n\n\n\n<figure class=\"wp-block-embed is-type-rich is-provider-twitter wp-block-embed-twitter\"><div class=\"wp-block-embed__wrapper\">\n<blockquote class=\"twitter-tweet\" data-width=\"550\" data-dnt=\"true\"><p lang=\"en\" dir=\"ltr\">Of course\ud83d\ude1c<\/p>&mdash; Daniel Agger (@DanielAgger) <a href=\"https:\/\/twitter.com\/DanielAgger\/status\/1353722710719868930?ref_src=twsrc%5Etfw\">January 25, 2021<\/a><\/blockquote><script async src=\"https:\/\/platform.twitter.com\/widgets.js\" charset=\"utf-8\"><\/script>\n<\/div><\/figure>\n","protected":false},"excerpt":{"rendered":"<p>Flere medier skrev mandag, at Daniel Agger var blevet f\u00e6ngslet i Rusland for at tage del i en politisk demonstration<\/p>\n","protected":false},"author":43,"featured_media":241103,"comment_status":"open","ping_status":"closed","sticky":false,"template":"","format":"standard","meta":{"om_disable_all_campaigns":false,"push_articles_ronaldo":{"active":false,"canonical":0,"publish":false},"force_updates":null},"categories":[1],"tags":[1273,692],"enet_tags":{"team":["8238"],"sport_events":[]},"yoast_head":"<!-- This site is optimized with the Yoast SEO plugin v18.3 - https:\/\/yoast.com\/wordpress\/plugins\/seo\/ -->\n<title>Agger giver update efter vildt rygte: Jeg har det sikkert i Spanien<\/title>\n<meta name=\"description\" content=\"Flere medier skrev mandag, at Daniel Agger var blevet f\u00e6ngslet i Rusland for at tage del i en politisk demonstration\" \/>\n<meta name=\"robots\" content=\"index, follow, max-snippet:-1, max-image-preview:large, max-video-preview:-1\" \/>\n<link rel=\"canonical\" href=\"https:\/\/acefootball.com\/da\/fodboldnyheder\/agger-giver-update-efter-vildt-rygte-jeg-har-det-sikkert-i-spanien\/\" \/>\n<meta property=\"og:locale\" content=\"en_US\" \/>\n<meta property=\"og:type\" content=\"article\" \/>\n<meta property=\"og:title\" content=\"Agger giver update efter vildt rygte: Jeg har det sikkert i Spanien\" \/>\n<meta property=\"og:description\" content=\"Flere medier skrev mandag, at Daniel Agger var blevet f\u00e6ngslet i Rusland for at tage del i en politisk demonstration\" \/>\n<meta property=\"og:url\" content=\"https:\/\/acefootball.com\/da\/fodboldnyheder\/agger-giver-update-efter-vildt-rygte-jeg-har-det-sikkert-i-spanien\/\" \/>\n<meta property=\"og:site_name\" content=\"Ace Football Danmark\" \/>\n<meta property=\"article:publisher\" content=\"https:\/\/www.facebook.com\/acefootballdk\" \/>\n<meta property=\"article:published_time\" content=\"2021-01-26T08:50:43+00:00\" \/>\n<meta property=\"article:modified_time\" content=\"2021-01-26T08:50:44+00:00\" \/>\n<meta property=\"og:image\" content=\"https:\/\/acefootball.com\/da\/wp-content\/uploads\/sites\/2\/2021\/01\/Laes-mere-generel-6.jpg\" \/>\n\t<meta property=\"og:image:width\" content=\"1920\" \/>\n\t<meta property=\"og:image:height\" content=\"1008\" \/>\n\t<meta property=\"og:image:type\" content=\"image\/jpeg\" \/>\n<meta name=\"twitter:card\" content=\"summary_large_image\" \/>\n<meta name=\"twitter:label1\" content=\"Written by\" \/>\n\t<meta name=\"twitter:data1\" content=\"Mikki M\u00f8ller-Iversen\" \/>\n\t<meta name=\"twitter:label2\" content=\"Est. reading time\" \/>\n\t<meta name=\"twitter:data2\" content=\"1 minute\" \/>\n<script type=\"application\/ld+json\" class=\"yoast-schema-graph\">{\"@context\":\"https:\/\/schema.org\",\"@graph\":[{\"@type\":\"Organization\",\"@id\":\"https:\/\/acefootball.com\/da\/#organization\",\"name\":\"Ace Football\",\"url\":\"https:\/\/acefootball.com\/da\/\",\"sameAs\":[\"https:\/\/www.facebook.com\/acefootballdk\"],\"logo\":{\"@type\":\"ImageObject\",\"@id\":\"https:\/\/acefootball.com\/da\/#logo\",\"inLanguage\":\"en-US\",\"url\":\"https:\/\/acefootball.com\/da\/wp-content\/uploads\/sites\/2\/2020\/07\/Ace-Football-30-07-2020-2.png\",\"contentUrl\":\"https:\/\/acefootball.com\/da\/wp-content\/uploads\/sites\/2\/2020\/07\/Ace-Football-30-07-2020-2.png\",\"width\":1200,\"height\":600,\"caption\":\"Ace Football\"},\"image\":{\"@id\":\"https:\/\/acefootball.com\/da\/#logo\"}},{\"@type\":\"WebSite\",\"@id\":\"https:\/\/acefootball.com\/da\/#website\",\"url\":\"https:\/\/acefootball.com\/da\/\",\"name\":\"Ace Football Danmark\",\"description\":\"Nyheder, Spiltips &amp; Livescore\",\"publisher\":{\"@id\":\"https:\/\/acefootball.com\/da\/#organization\"},\"potentialAction\":[{\"@type\":\"SearchAction\",\"target\":{\"@type\":\"EntryPoint\",\"urlTemplate\":\"https:\/\/acefootball.com\/da\/?s={search_term_string}\"},\"query-input\":\"required name=search_term_string\"}],\"inLanguage\":\"en-US\"},{\"@type\":\"ImageObject\",\"@id\":\"https:\/\/acefootball.com\/da\/fodboldnyheder\/agger-giver-update-efter-vildt-rygte-jeg-har-det-sikkert-i-spanien\/#primaryimage\",\"inLanguage\":\"en-US\",\"url\":\"https:\/\/acefootball.com\/da\/wp-content\/uploads\/sites\/2\/2021\/01\/Laes-mere-generel-6.jpg\",\"contentUrl\":\"https:\/\/acefootball.com\/da\/wp-content\/uploads\/sites\/2\/2021\/01\/Laes-mere-generel-6.jpg\",\"width\":1920,\"height\":1008},{\"@type\":\"WebPage\",\"@id\":\"https:\/\/acefootball.com\/da\/fodboldnyheder\/agger-giver-update-efter-vildt-rygte-jeg-har-det-sikkert-i-spanien\/#webpage\",\"url\":\"https:\/\/acefootball.com\/da\/fodboldnyheder\/agger-giver-update-efter-vildt-rygte-jeg-har-det-sikkert-i-spanien\/\",\"name\":\"Agger giver update efter vildt rygte: Jeg har det sikkert i Spanien\",\"isPartOf\":{\"@id\":\"https:\/\/acefootball.com\/da\/#website\"},\"primaryImageOfPage\":{\"@id\":\"https:\/\/acefootball.com\/da\/fodboldnyheder\/agger-giver-update-efter-vildt-rygte-jeg-har-det-sikkert-i-spanien\/#primaryimage\"},\"datePublished\":\"2021-01-26T08:50:43+00:00\",\"dateModified\":\"2021-01-26T08:50:44+00:00\",\"description\":\"Flere medier skrev mandag, at Daniel Agger var blevet f\u00e6ngslet i Rusland for at tage del i en politisk demonstration\",\"breadcrumb\":{\"@id\":\"https:\/\/acefootball.com\/da\/fodboldnyheder\/agger-giver-update-efter-vildt-rygte-jeg-har-det-sikkert-i-spanien\/#breadcrumb\"},\"inLanguage\":\"en-US\",\"potentialAction\":[{\"@type\":\"ReadAction\",\"target\":[\"https:\/\/acefootball.com\/da\/fodboldnyheder\/agger-giver-update-efter-vildt-rygte-jeg-har-det-sikkert-i-spanien\/\"]}]},{\"@type\":\"BreadcrumbList\",\"@id\":\"https:\/\/acefootball.com\/da\/fodboldnyheder\/agger-giver-update-efter-vildt-rygte-jeg-har-det-sikkert-i-spanien\/#breadcrumb\",\"itemListElement\":[{\"@type\":\"ListItem\",\"position\":1,\"name\":\"Home\",\"item\":\"https:\/\/acefootball.com\/da\/\"},{\"@type\":\"ListItem\",\"position\":2,\"name\":\"Agger giver update efter vildt rygte: Jeg har det sikkert i Spanien\"}]},{\"@type\":\"Article\",\"@id\":\"https:\/\/acefootball.com\/da\/fodboldnyheder\/agger-giver-update-efter-vildt-rygte-jeg-har-det-sikkert-i-spanien\/#article\",\"isPartOf\":{\"@id\":\"https:\/\/acefootball.com\/da\/fodboldnyheder\/agger-giver-update-efter-vildt-rygte-jeg-har-det-sikkert-i-spanien\/#webpage\"},\"author\":{\"@id\":\"https:\/\/acefootball.com\/da\/#\/schema\/person\/017c0abe4a8e92938220bf6c097dda93\"},\"headline\":\"Agger giver update efter vildt rygte: Jeg har det sikkert i Spanien\",\"datePublished\":\"2021-01-26T08:50:43+00:00\",\"dateModified\":\"2021-01-26T08:50:44+00:00\",\"mainEntityOfPage\":{\"@id\":\"https:\/\/acefootball.com\/da\/fodboldnyheder\/agger-giver-update-efter-vildt-rygte-jeg-har-det-sikkert-i-spanien\/#webpage\"},\"wordCount\":188,\"commentCount\":0,\"publisher\":{\"@id\":\"https:\/\/acefootball.com\/da\/#organization\"},\"image\":{\"@id\":\"https:\/\/acefootball.com\/da\/fodboldnyheder\/agger-giver-update-efter-vildt-rygte-jeg-har-det-sikkert-i-spanien\/#primaryimage\"},\"thumbnailUrl\":\"https:\/\/acefootball.com\/da\/wp-content\/uploads\/sites\/2\/2020\/10\/danielagger5.jpg\",\"keywords\":[\"Daniel Agger\",\"Danmark\"],\"articleSection\":[\"Nyhed\"],\"inLanguage\":\"en-US\",\"potentialAction\":[{\"@type\":\"CommentAction\",\"name\":\"Comment\",\"target\":[\"https:\/\/acefootball.com\/da\/fodboldnyheder\/agger-giver-update-efter-vildt-rygte-jeg-har-det-sikkert-i-spanien\/#respond\"]}]},{\"@type\":\"Person\",\"@id\":\"https:\/\/acefootball.com\/da\/#\/schema\/person\/017c0abe4a8e92938220bf6c097dda93\",\"name\":\"Mikki M\u00f8ller-Iversen\",\"image\":{\"@type\":\"ImageObject\",\"@id\":\"https:\/\/acefootball.com\/da\/#personlogo\",\"inLanguage\":\"en-US\",\"url\":\"https:\/\/secure.gravatar.com\/avatar\/e05b419e8b5ae5fcf516800181b96aa2?s=96&d=mm&r=g\",\"contentUrl\":\"https:\/\/secure.gravatar.com\/avatar\/e05b419e8b5ae5fcf516800181b96aa2?s=96&d=mm&r=g\",\"caption\":\"Mikki M\u00f8ller-Iversen\"},\"description\":\"Social Media Manager and writer at Ace Football. Main focus on Danish football and special stories.\",\"sameAs\":[\"https:\/\/www.linkedin.com\/in\/mikki-mller-iversen-26a3a689\/\"],\"url\":\"https:\/\/acefootball.com\/da\/fodboldnyheder\/author\/mmironaldo\/\"}]}<\/script>\n<!-- \/ Yoast SEO plugin. -->","yoast_head_json":{"title":"Agger giver update efter vildt rygte: Jeg har det sikkert i Spanien","description":"Flere medier skrev mandag, at Daniel Agger var blevet f\u00e6ngslet i Rusland for at tage del i en politisk demonstration","robots":{"index":"index","follow":"follow","max-snippet":"max-snippet:-1","max-image-preview":"max-image-preview:large","max-video-preview":"max-video-preview:-1"},"canonical":"https:\/\/acefootball.com\/da\/fodboldnyheder\/agger-giver-update-efter-vildt-rygte-jeg-har-det-sikkert-i-spanien\/","og_locale":"en_US","og_type":"article","og_title":"Agger giver update efter vildt rygte: Jeg har det sikkert i Spanien","og_description":"Flere medier skrev mandag, at Daniel Agger var blevet f\u00e6ngslet i Rusland for at tage del i en politisk demonstration","og_url":"https:\/\/acefootball.com\/da\/fodboldnyheder\/agger-giver-update-efter-vildt-rygte-jeg-har-det-sikkert-i-spanien\/","og_site_name":"Ace Football Danmark","article_publisher":"https:\/\/www.facebook.com\/acefootballdk","article_published_time":"2021-01-26T08:50:43+00:00","article_modified_time":"2021-01-26T08:50:44+00:00","og_image":[{"width":1920,"height":1008,"url":"https:\/\/acefootball.com\/da\/wp-content\/uploads\/sites\/2\/2021\/01\/Laes-mere-generel-6.jpg","type":"image\/jpeg"}],"twitter_card":"summary_large_image","twitter_misc":{"Written by":"Mikki M\u00f8ller-Iversen","Est. reading time":"1 minute"},"schema":{"@context":"https:\/\/schema.org","@graph":[{"@type":"Organization","@id":"https:\/\/acefootball.com\/da\/#organization","name":"Ace Football","url":"https:\/\/acefootball.com\/da\/","sameAs":["https:\/\/www.facebook.com\/acefootballdk"],"logo":{"@type":"ImageObject","@id":"https:\/\/acefootball.com\/da\/#logo","inLanguage":"en-US","url":"https:\/\/acefootball.com\/da\/wp-content\/uploads\/sites\/2\/2020\/07\/Ace-Football-30-07-2020-2.png","contentUrl":"https:\/\/acefootball.com\/da\/wp-content\/uploads\/sites\/2\/2020\/07\/Ace-Football-30-07-2020-2.png","width":1200,"height":600,"caption":"Ace Football"},"image":{"@id":"https:\/\/acefootball.com\/da\/#logo"}},{"@type":"WebSite","@id":"https:\/\/acefootball.com\/da\/#website","url":"https:\/\/acefootball.com\/da\/","name":"Ace Football Danmark","description":"Nyheder, Spiltips &amp; Livescore","publisher":{"@id":"https:\/\/acefootball.com\/da\/#organization"},"potentialAction":[{"@type":"SearchAction","target":{"@type":"EntryPoint","urlTemplate":"https:\/\/acefootball.com\/da\/?s={search_term_string}"},"query-input":"required name=search_term_string"}],"inLanguage":"en-US"},{"@type":"ImageObject","@id":"https:\/\/acefootball.com\/da\/fodboldnyheder\/agger-giver-update-efter-vildt-rygte-jeg-har-det-sikkert-i-spanien\/#primaryimage","inLanguage":"en-US","url":"https:\/\/acefootball.com\/da\/wp-content\/uploads\/sites\/2\/2021\/01\/Laes-mere-generel-6.jpg","contentUrl":"https:\/\/acefootball.com\/da\/wp-content\/uploads\/sites\/2\/2021\/01\/Laes-mere-generel-6.jpg","width":1920,"height":1008},{"@type":"WebPage","@id":"https:\/\/acefootball.com\/da\/fodboldnyheder\/agger-giver-update-efter-vildt-rygte-jeg-har-det-sikkert-i-spanien\/#webpage","url":"https:\/\/acefootball.com\/da\/fodboldnyheder\/agger-giver-update-efter-vildt-rygte-jeg-har-det-sikkert-i-spanien\/","name":"Agger giver update efter vildt rygte: Jeg har det sikkert i Spanien","isPartOf":{"@id":"https:\/\/acefootball.com\/da\/#website"},"primaryImageOfPage":{"@id":"https:\/\/acefootball.com\/da\/fodboldnyheder\/agger-giver-update-efter-vildt-rygte-jeg-har-det-sikkert-i-spanien\/#primaryimage"},"datePublished":"2021-01-26T08:50:43+00:00","dateModified":"2021-01-26T08:50:44+00:00","description":"Flere medier skrev mandag, at Daniel Agger var blevet f\u00e6ngslet i Rusland for at tage del i en politisk demonstration","breadcrumb":{"@id":"https:\/\/acefootball.com\/da\/fodboldnyheder\/agger-giver-update-efter-vildt-rygte-jeg-har-det-sikkert-i-spanien\/#breadcrumb"},"inLanguage":"en-US","potentialAction":[{"@type":"ReadAction","target":["https:\/\/acefootball.com\/da\/fodboldnyheder\/agger-giver-update-efter-vildt-rygte-jeg-har-det-sikkert-i-spanien\/"]}]},{"@type":"BreadcrumbList","@id":"https:\/\/acefootball.com\/da\/fodboldnyheder\/agger-giver-update-efter-vildt-rygte-jeg-har-det-sikkert-i-spanien\/#breadcrumb","itemListElement":[{"@type":"ListItem","position":1,"name":"Home","item":"https:\/\/acefootball.com\/da\/"},{"@type":"ListItem","position":2,"name":"Agger giver update efter vildt rygte: Jeg har det sikkert i Spanien"}]},{"@type":"Article","@id":"https:\/\/acefootball.com\/da\/fodboldnyheder\/agger-giver-update-efter-vildt-rygte-jeg-har-det-sikkert-i-spanien\/#article","isPartOf":{"@id":"https:\/\/acefootball.com\/da\/fodboldnyheder\/agger-giver-update-efter-vildt-rygte-jeg-har-det-sikkert-i-spanien\/#webpage"},"author":{"@id":"https:\/\/acefootball.com\/da\/#\/schema\/person\/017c0abe4a8e92938220bf6c097dda93"},"headline":"Agger giver update efter vildt rygte: Jeg har det sikkert i Spanien","datePublished":"2021-01-26T08:50:43+00:00","dateModified":"2021-01-26T08:50:44+00:00","mainEntityOfPage":{"@id":"https:\/\/acefootball.com\/da\/fodboldnyheder\/agger-giver-update-efter-vildt-rygte-jeg-har-det-sikkert-i-spanien\/#webpage"},"wordCount":188,"commentCount":0,"publisher":{"@id":"https:\/\/acefootball.com\/da\/#organization"},"image":{"@id":"https:\/\/acefootball.com\/da\/fodboldnyheder\/agger-giver-update-efter-vildt-rygte-jeg-har-det-sikkert-i-spanien\/#primaryimage"},"thumbnailUrl":"https:\/\/acefootball.com\/da\/wp-content\/uploads\/sites\/2\/2020\/10\/danielagger5.jpg","keywords":["Daniel Agger","Danmark"],"articleSection":["Nyhed"],"inLanguage":"en-US","potentialAction":[{"@type":"CommentAction","name":"Comment","target":["https:\/\/acefootball.com\/da\/fodboldnyheder\/agger-giver-update-efter-vildt-rygte-jeg-har-det-sikkert-i-spanien\/#respond"]}]},{"@type":"Person","@id":"https:\/\/acefootball.com\/da\/#\/schema\/person\/017c0abe4a8e92938220bf6c097dda93","name":"Mikki M\u00f8ller-Iversen","image":{"@type":"ImageObject","@id":"https:\/\/acefootball.com\/da\/#personlogo","inLanguage":"en-US","url":"https:\/\/secure.gravatar.com\/avatar\/e05b419e8b5ae5fcf516800181b96aa2?s=96&d=mm&r=g","contentUrl":"https:\/\/secure.gravatar.com\/avatar\/e05b419e8b5ae5fcf516800181b96aa2?s=96&d=mm&r=g","caption":"Mikki M\u00f8ller-Iversen"},"description":"Social Media Manager and writer at Ace Football. Main focus on Danish football and special stories.","sameAs":["https:\/\/www.linkedin.com\/in\/mikki-mller-iversen-26a3a689\/"],"url":"https:\/\/acefootball.com\/da\/fodboldnyheder\/author\/mmironaldo\/"}]}},"fimg_url":"https:\/\/acefootball.com\/da\/wp-content\/uploads\/sites\/2\/2020\/10\/danielagger5.jpg","_links":{"self":[{"href":"https:\/\/acefootball.com\/da\/wp-json\/wp\/v2\/posts\/249637"}],"collection":[{"href":"https:\/\/acefootball.com\/da\/wp-json\/wp\/v2\/posts"}],"about":[{"href":"https:\/\/acefootball.com\/da\/wp-json\/wp\/v2\/types\/post"}],"author":[{"embeddable":true,"href":"https:\/\/acefootball.com\/da\/wp-json\/wp\/v2\/users\/43"}],"replies":[{"embeddable":true,"href":"https:\/\/acefootball.com\/da\/wp-json\/wp\/v2\/comments?post=249637"}],"version-history":[{"count":0,"href":"https:\/\/acefootball.com\/da\/wp-json\/wp\/v2\/posts\/249637\/revisions"}],"wp:featuredmedia":[{"embeddable":true,"href":"https:\/\/acefootball.com\/da\/wp-json\/wp\/v2\/media\/241103"}],"wp:attachment":[{"href":"https:\/\/acefootball.com\/da\/wp-json\/wp\/v2\/media?parent=249637"}],"wp:term":[{"taxonomy":"category","embeddable":true,"href":"https:\/\/acefootball.com\/da\/wp-json\/wp\/v2\/categories?post=249637"},{"taxonomy":"post_tag","embeddable":true,"href":"https:\/\/acefootball.com\/da\/wp-json\/wp\/v2\/tags?post=249637"}],"curies":[{"name":"wp","href":"https:\/\/api.w.org\/{rel}","templated":true}]}}