{"id":249633,"date":"2021-01-26T09:15:08","date_gmt":"2021-01-26T08:15:08","guid":{"rendered":"https:\/\/acefootball.com\/da\/?p=249633"},"modified":"2021-01-26T09:15:09","modified_gmt":"2021-01-26T08:15:09","slug":"pepe-er-tilbage-gaar-i-flaesket-paa-holdkammerat","status":"publish","type":"post","link":"https:\/\/acefootball.com\/da\/fodboldnyheder\/pepe-er-tilbage-gaar-i-flaesket-paa-holdkammerat\/","title":{"rendered":"Pepe er tilbage: G\u00e5r i fl\u00e6sket p\u00e5 holdkammerat"},"content":{"rendered":"\n<h2 id=\"h-pepe-og-holdkammeraten-mamadou-loum-r-g-alvorligt-i-totterne-p-hinanden-efter-portos-sejr-over-farense-mandag-aften\">Pepe og holdkammeraten Mamadou Loum r\u00f8g alvorligt i totterne p\u00e5 hinanden efter Portos sejr over Farense mandag aften<\/h2>\n\n\n\n<p>Der burde umiddelbart v\u00e6re liv og glade dage i FC Porto, efter man tog en 1-0-sejr over Farense i den portugisiske Primeira Liga mandag aften.<\/p>\n\n\n\n<p>Alligevel opstod der sp\u00e6ndinger mellem holdkammeraterne Pepe og Mamadou Loum lige efter slutfl\u00f8jt.<\/p>\n\n\n\n<p>Her kunne det se ud til, at den tidligere Real Madrid-stjerne blev afvist i sin hilsen, hvilket blev taget meget personligt. Herefter blev der udvekslet et par skub, og b\u00e5de dommer og medspillere m\u00e5tte i sidste ende skille de to kamphaner ad.<\/p>\n\n\n\n<p>Du kan se episoden i videoen herunder:<\/p>\n\n\n\n<figure class=\"wp-block-embed is-type-rich is-provider-twitter wp-block-embed-twitter\"><div class=\"wp-block-embed__wrapper\">\n<blockquote class=\"twitter-tweet\" data-width=\"550\" data-dnt=\"true\"><p lang=\"fr\" dir=\"ltr\">Loum p\u00e8te un cable quand Pepe vient le saluer \u00e0 la fin du match ! Tr\u00e8s bizarre ! Des excuses vont tomber&#8230; <a href=\"https:\/\/t.co\/Q80C52WXXT\">pic.twitter.com\/Q80C52WXXT<\/a><\/p>&mdash; \ud83c\uddf5\ud83c\uddf9 \ud835\ude41\ud835\ude3e \ud835\ude4b\ud835\ude64\ud835\ude67\ud835\ude69\ud835\ude64 \ud835\ude3c\ud835\ude58\ud835\ude69\ud835\ude6a\ud835\ude68 \ud835\ude41\ud835\ude4d \ud83c\uddeb\ud83c\uddf7 (@fcporto_actus) <a href=\"https:\/\/twitter.com\/fcporto_actus\/status\/1353832884436664320?ref_src=twsrc%5Etfw\">January 25, 2021<\/a><\/blockquote><script async src=\"https:\/\/platform.twitter.com\/widgets.js\" charset=\"utf-8\"><\/script>\n<\/div><\/figure>\n","protected":false},"excerpt":{"rendered":"<p>Pepe og holdkammeraten Mamadou Loum r\u00f8g alvorligt i totterne p\u00e5 hinanden efter Portos sejr over Farense mandag aften<\/p>\n","protected":false},"author":705,"featured_media":249635,"comment_status":"open","ping_status":"closed","sticky":false,"template":"","format":"video","meta":{"om_disable_all_campaigns":false,"push_articles_ronaldo":{"active":false,"canonical":0,"publish":false},"force_updates":null},"categories":[8098],"tags":[1125,3238],"enet_tags":{"team":["9773"],"league":["61"],"sport_events":[]},"yoast_head":"<!-- This site is optimized with the Yoast SEO plugin v18.3 - https:\/\/yoast.com\/wordpress\/plugins\/seo\/ -->\n<title>Pepe er tilbage: G\u00e5r i fl\u00e6sket p\u00e5 holdkammerat<\/title>\n<meta name=\"description\" content=\"Pepe og holdkammeraten Mamadou Loum r\u00f8g alvorligt i totterne p\u00e5 hinanden efter Portos sejr over Farense mandag aften\" \/>\n<meta name=\"robots\" content=\"index, follow, max-snippet:-1, max-image-preview:large, max-video-preview:-1\" \/>\n<link rel=\"canonical\" href=\"https:\/\/acefootball.com\/da\/fodboldnyheder\/pepe-er-tilbage-gaar-i-flaesket-paa-holdkammerat\/\" \/>\n<meta property=\"og:locale\" content=\"en_US\" \/>\n<meta property=\"og:type\" content=\"article\" \/>\n<meta property=\"og:title\" content=\"Pepe er tilbage: G\u00e5r i fl\u00e6sket p\u00e5 holdkammerat\" \/>\n<meta property=\"og:description\" content=\"Pepe og holdkammeraten Mamadou Loum r\u00f8g alvorligt i totterne p\u00e5 hinanden efter Portos sejr over Farense mandag aften\" \/>\n<meta property=\"og:url\" content=\"https:\/\/acefootball.com\/da\/fodboldnyheder\/pepe-er-tilbage-gaar-i-flaesket-paa-holdkammerat\/\" \/>\n<meta property=\"og:site_name\" content=\"Ace Football Danmark\" \/>\n<meta property=\"article:publisher\" content=\"https:\/\/www.facebook.com\/acefootballdk\" \/>\n<meta property=\"article:published_time\" content=\"2021-01-26T08:15:08+00:00\" \/>\n<meta property=\"article:modified_time\" content=\"2021-01-26T08:15:09+00:00\" \/>\n<meta property=\"og:image\" content=\"https:\/\/acefootball.com\/da\/wp-content\/uploads\/sites\/2\/2021\/01\/Video-generel-2.jpg\" \/>\n\t<meta property=\"og:image:width\" content=\"1920\" \/>\n\t<meta property=\"og:image:height\" content=\"1008\" \/>\n\t<meta property=\"og:image:type\" content=\"image\/jpeg\" \/>\n<meta name=\"twitter:card\" content=\"summary_large_image\" \/>\n<meta name=\"twitter:label1\" content=\"Written by\" \/>\n\t<meta name=\"twitter:data1\" content=\"Mads Dreyer\" \/>\n\t<meta name=\"twitter:label2\" content=\"Est. reading time\" \/>\n\t<meta name=\"twitter:data2\" content=\"1 minute\" \/>\n<script type=\"application\/ld+json\" class=\"yoast-schema-graph\">{\"@context\":\"https:\/\/schema.org\",\"@graph\":[{\"@type\":\"Organization\",\"@id\":\"https:\/\/acefootball.com\/da\/#organization\",\"name\":\"Ace Football\",\"url\":\"https:\/\/acefootball.com\/da\/\",\"sameAs\":[\"https:\/\/www.facebook.com\/acefootballdk\"],\"logo\":{\"@type\":\"ImageObject\",\"@id\":\"https:\/\/acefootball.com\/da\/#logo\",\"inLanguage\":\"en-US\",\"url\":\"https:\/\/acefootball.com\/da\/wp-content\/uploads\/sites\/2\/2020\/07\/Ace-Football-30-07-2020-2.png\",\"contentUrl\":\"https:\/\/acefootball.com\/da\/wp-content\/uploads\/sites\/2\/2020\/07\/Ace-Football-30-07-2020-2.png\",\"width\":1200,\"height\":600,\"caption\":\"Ace Football\"},\"image\":{\"@id\":\"https:\/\/acefootball.com\/da\/#logo\"}},{\"@type\":\"WebSite\",\"@id\":\"https:\/\/acefootball.com\/da\/#website\",\"url\":\"https:\/\/acefootball.com\/da\/\",\"name\":\"Ace Football Danmark\",\"description\":\"Nyheder, Spiltips &amp; Livescore\",\"publisher\":{\"@id\":\"https:\/\/acefootball.com\/da\/#organization\"},\"potentialAction\":[{\"@type\":\"SearchAction\",\"target\":{\"@type\":\"EntryPoint\",\"urlTemplate\":\"https:\/\/acefootball.com\/da\/?s={search_term_string}\"},\"query-input\":\"required name=search_term_string\"}],\"inLanguage\":\"en-US\"},{\"@type\":\"ImageObject\",\"@id\":\"https:\/\/acefootball.com\/da\/fodboldnyheder\/pepe-er-tilbage-gaar-i-flaesket-paa-holdkammerat\/#primaryimage\",\"inLanguage\":\"en-US\",\"url\":\"https:\/\/acefootball.com\/da\/wp-content\/uploads\/sites\/2\/2021\/01\/Video-generel-2.jpg\",\"contentUrl\":\"https:\/\/acefootball.com\/da\/wp-content\/uploads\/sites\/2\/2021\/01\/Video-generel-2.jpg\",\"width\":1920,\"height\":1008,\"caption\":\"pepe\"},{\"@type\":\"WebPage\",\"@id\":\"https:\/\/acefootball.com\/da\/fodboldnyheder\/pepe-er-tilbage-gaar-i-flaesket-paa-holdkammerat\/#webpage\",\"url\":\"https:\/\/acefootball.com\/da\/fodboldnyheder\/pepe-er-tilbage-gaar-i-flaesket-paa-holdkammerat\/\",\"name\":\"Pepe er tilbage: G\u00e5r i fl\u00e6sket p\u00e5 holdkammerat\",\"isPartOf\":{\"@id\":\"https:\/\/acefootball.com\/da\/#website\"},\"primaryImageOfPage\":{\"@id\":\"https:\/\/acefootball.com\/da\/fodboldnyheder\/pepe-er-tilbage-gaar-i-flaesket-paa-holdkammerat\/#primaryimage\"},\"datePublished\":\"2021-01-26T08:15:08+00:00\",\"dateModified\":\"2021-01-26T08:15:09+00:00\",\"description\":\"Pepe og holdkammeraten Mamadou Loum r\u00f8g alvorligt i totterne p\u00e5 hinanden efter Portos sejr over Farense mandag aften\",\"breadcrumb\":{\"@id\":\"https:\/\/acefootball.com\/da\/fodboldnyheder\/pepe-er-tilbage-gaar-i-flaesket-paa-holdkammerat\/#breadcrumb\"},\"inLanguage\":\"en-US\",\"potentialAction\":[{\"@type\":\"ReadAction\",\"target\":[\"https:\/\/acefootball.com\/da\/fodboldnyheder\/pepe-er-tilbage-gaar-i-flaesket-paa-holdkammerat\/\"]}]},{\"@type\":\"BreadcrumbList\",\"@id\":\"https:\/\/acefootball.com\/da\/fodboldnyheder\/pepe-er-tilbage-gaar-i-flaesket-paa-holdkammerat\/#breadcrumb\",\"itemListElement\":[{\"@type\":\"ListItem\",\"position\":1,\"name\":\"Home\",\"item\":\"https:\/\/acefootball.com\/da\/\"},{\"@type\":\"ListItem\",\"position\":2,\"name\":\"Pepe er tilbage: G\u00e5r i fl\u00e6sket p\u00e5 holdkammerat\"}]},{\"@type\":\"Article\",\"@id\":\"https:\/\/acefootball.com\/da\/fodboldnyheder\/pepe-er-tilbage-gaar-i-flaesket-paa-holdkammerat\/#article\",\"isPartOf\":{\"@id\":\"https:\/\/acefootball.com\/da\/fodboldnyheder\/pepe-er-tilbage-gaar-i-flaesket-paa-holdkammerat\/#webpage\"},\"author\":{\"@id\":\"https:\/\/acefootball.com\/da\/#\/schema\/person\/ee67e9cf04a276f144100ffa722f10cd\"},\"headline\":\"Pepe er tilbage: G\u00e5r i fl\u00e6sket p\u00e5 holdkammerat\",\"datePublished\":\"2021-01-26T08:15:08+00:00\",\"dateModified\":\"2021-01-26T08:15:09+00:00\",\"mainEntityOfPage\":{\"@id\":\"https:\/\/acefootball.com\/da\/fodboldnyheder\/pepe-er-tilbage-gaar-i-flaesket-paa-holdkammerat\/#webpage\"},\"wordCount\":128,\"commentCount\":0,\"publisher\":{\"@id\":\"https:\/\/acefootball.com\/da\/#organization\"},\"image\":{\"@id\":\"https:\/\/acefootball.com\/da\/fodboldnyheder\/pepe-er-tilbage-gaar-i-flaesket-paa-holdkammerat\/#primaryimage\"},\"thumbnailUrl\":\"https:\/\/acefootball.com\/da\/wp-content\/uploads\/sites\/2\/2021\/01\/GettyImages-1281646676.jpg\",\"keywords\":[\"FC Porto\",\"Primeira Liga\"],\"articleSection\":[\"Video\"],\"inLanguage\":\"en-US\",\"potentialAction\":[{\"@type\":\"CommentAction\",\"name\":\"Comment\",\"target\":[\"https:\/\/acefootball.com\/da\/fodboldnyheder\/pepe-er-tilbage-gaar-i-flaesket-paa-holdkammerat\/#respond\"]}]},{\"@type\":\"Person\",\"@id\":\"https:\/\/acefootball.com\/da\/#\/schema\/person\/ee67e9cf04a276f144100ffa722f10cd\",\"name\":\"Mads Dreyer\",\"image\":{\"@type\":\"ImageObject\",\"@id\":\"https:\/\/acefootball.com\/da\/#personlogo\",\"inLanguage\":\"en-US\",\"url\":\"https:\/\/secure.gravatar.com\/avatar\/7c7abf72cfde9902b6a60efe60c88d4c?s=96&d=mm&r=g\",\"contentUrl\":\"https:\/\/secure.gravatar.com\/avatar\/7c7abf72cfde9902b6a60efe60c88d4c?s=96&d=mm&r=g\",\"caption\":\"Mads Dreyer\"},\"description\":\"Skribent og fodboldn\u00f8rd, der lige nu fort\u00e6ller om alt og intet i fodboldverdenen p\u00e5 acefootball.com. Uddannet i kommunikation fra Aalborg Universitet.\",\"sameAs\":[\"https:\/\/www.linkedin.com\/in\/mads-dreyer-b9b08266\/\"],\"url\":\"https:\/\/acefootball.com\/da\/fodboldnyheder\/author\/mdnronaldo\/\"}]}<\/script>\n<!-- \/ Yoast SEO plugin. -->","yoast_head_json":{"title":"Pepe er tilbage: G\u00e5r i fl\u00e6sket p\u00e5 holdkammerat","description":"Pepe og holdkammeraten Mamadou Loum r\u00f8g alvorligt i totterne p\u00e5 hinanden efter Portos sejr over Farense mandag aften","robots":{"index":"index","follow":"follow","max-snippet":"max-snippet:-1","max-image-preview":"max-image-preview:large","max-video-preview":"max-video-preview:-1"},"canonical":"https:\/\/acefootball.com\/da\/fodboldnyheder\/pepe-er-tilbage-gaar-i-flaesket-paa-holdkammerat\/","og_locale":"en_US","og_type":"article","og_title":"Pepe er tilbage: G\u00e5r i fl\u00e6sket p\u00e5 holdkammerat","og_description":"Pepe og holdkammeraten Mamadou Loum r\u00f8g alvorligt i totterne p\u00e5 hinanden efter Portos sejr over Farense mandag aften","og_url":"https:\/\/acefootball.com\/da\/fodboldnyheder\/pepe-er-tilbage-gaar-i-flaesket-paa-holdkammerat\/","og_site_name":"Ace Football Danmark","article_publisher":"https:\/\/www.facebook.com\/acefootballdk","article_published_time":"2021-01-26T08:15:08+00:00","article_modified_time":"2021-01-26T08:15:09+00:00","og_image":[{"width":1920,"height":1008,"url":"https:\/\/acefootball.com\/da\/wp-content\/uploads\/sites\/2\/2021\/01\/Video-generel-2.jpg","type":"image\/jpeg"}],"twitter_card":"summary_large_image","twitter_misc":{"Written by":"Mads Dreyer","Est. reading time":"1 minute"},"schema":{"@context":"https:\/\/schema.org","@graph":[{"@type":"Organization","@id":"https:\/\/acefootball.com\/da\/#organization","name":"Ace Football","url":"https:\/\/acefootball.com\/da\/","sameAs":["https:\/\/www.facebook.com\/acefootballdk"],"logo":{"@type":"ImageObject","@id":"https:\/\/acefootball.com\/da\/#logo","inLanguage":"en-US","url":"https:\/\/acefootball.com\/da\/wp-content\/uploads\/sites\/2\/2020\/07\/Ace-Football-30-07-2020-2.png","contentUrl":"https:\/\/acefootball.com\/da\/wp-content\/uploads\/sites\/2\/2020\/07\/Ace-Football-30-07-2020-2.png","width":1200,"height":600,"caption":"Ace Football"},"image":{"@id":"https:\/\/acefootball.com\/da\/#logo"}},{"@type":"WebSite","@id":"https:\/\/acefootball.com\/da\/#website","url":"https:\/\/acefootball.com\/da\/","name":"Ace Football Danmark","description":"Nyheder, Spiltips &amp; Livescore","publisher":{"@id":"https:\/\/acefootball.com\/da\/#organization"},"potentialAction":[{"@type":"SearchAction","target":{"@type":"EntryPoint","urlTemplate":"https:\/\/acefootball.com\/da\/?s={search_term_string}"},"query-input":"required name=search_term_string"}],"inLanguage":"en-US"},{"@type":"ImageObject","@id":"https:\/\/acefootball.com\/da\/fodboldnyheder\/pepe-er-tilbage-gaar-i-flaesket-paa-holdkammerat\/#primaryimage","inLanguage":"en-US","url":"https:\/\/acefootball.com\/da\/wp-content\/uploads\/sites\/2\/2021\/01\/Video-generel-2.jpg","contentUrl":"https:\/\/acefootball.com\/da\/wp-content\/uploads\/sites\/2\/2021\/01\/Video-generel-2.jpg","width":1920,"height":1008,"caption":"pepe"},{"@type":"WebPage","@id":"https:\/\/acefootball.com\/da\/fodboldnyheder\/pepe-er-tilbage-gaar-i-flaesket-paa-holdkammerat\/#webpage","url":"https:\/\/acefootball.com\/da\/fodboldnyheder\/pepe-er-tilbage-gaar-i-flaesket-paa-holdkammerat\/","name":"Pepe er tilbage: G\u00e5r i fl\u00e6sket p\u00e5 holdkammerat","isPartOf":{"@id":"https:\/\/acefootball.com\/da\/#website"},"primaryImageOfPage":{"@id":"https:\/\/acefootball.com\/da\/fodboldnyheder\/pepe-er-tilbage-gaar-i-flaesket-paa-holdkammerat\/#primaryimage"},"datePublished":"2021-01-26T08:15:08+00:00","dateModified":"2021-01-26T08:15:09+00:00","description":"Pepe og holdkammeraten Mamadou Loum r\u00f8g alvorligt i totterne p\u00e5 hinanden efter Portos sejr over Farense mandag aften","breadcrumb":{"@id":"https:\/\/acefootball.com\/da\/fodboldnyheder\/pepe-er-tilbage-gaar-i-flaesket-paa-holdkammerat\/#breadcrumb"},"inLanguage":"en-US","potentialAction":[{"@type":"ReadAction","target":["https:\/\/acefootball.com\/da\/fodboldnyheder\/pepe-er-tilbage-gaar-i-flaesket-paa-holdkammerat\/"]}]},{"@type":"BreadcrumbList","@id":"https:\/\/acefootball.com\/da\/fodboldnyheder\/pepe-er-tilbage-gaar-i-flaesket-paa-holdkammerat\/#breadcrumb","itemListElement":[{"@type":"ListItem","position":1,"name":"Home","item":"https:\/\/acefootball.com\/da\/"},{"@type":"ListItem","position":2,"name":"Pepe er tilbage: G\u00e5r i fl\u00e6sket p\u00e5 holdkammerat"}]},{"@type":"Article","@id":"https:\/\/acefootball.com\/da\/fodboldnyheder\/pepe-er-tilbage-gaar-i-flaesket-paa-holdkammerat\/#article","isPartOf":{"@id":"https:\/\/acefootball.com\/da\/fodboldnyheder\/pepe-er-tilbage-gaar-i-flaesket-paa-holdkammerat\/#webpage"},"author":{"@id":"https:\/\/acefootball.com\/da\/#\/schema\/person\/ee67e9cf04a276f144100ffa722f10cd"},"headline":"Pepe er tilbage: G\u00e5r i fl\u00e6sket p\u00e5 holdkammerat","datePublished":"2021-01-26T08:15:08+00:00","dateModified":"2021-01-26T08:15:09+00:00","mainEntityOfPage":{"@id":"https:\/\/acefootball.com\/da\/fodboldnyheder\/pepe-er-tilbage-gaar-i-flaesket-paa-holdkammerat\/#webpage"},"wordCount":128,"commentCount":0,"publisher":{"@id":"https:\/\/acefootball.com\/da\/#organization"},"image":{"@id":"https:\/\/acefootball.com\/da\/fodboldnyheder\/pepe-er-tilbage-gaar-i-flaesket-paa-holdkammerat\/#primaryimage"},"thumbnailUrl":"https:\/\/acefootball.com\/da\/wp-content\/uploads\/sites\/2\/2021\/01\/GettyImages-1281646676.jpg","keywords":["FC Porto","Primeira Liga"],"articleSection":["Video"],"inLanguage":"en-US","potentialAction":[{"@type":"CommentAction","name":"Comment","target":["https:\/\/acefootball.com\/da\/fodboldnyheder\/pepe-er-tilbage-gaar-i-flaesket-paa-holdkammerat\/#respond"]}]},{"@type":"Person","@id":"https:\/\/acefootball.com\/da\/#\/schema\/person\/ee67e9cf04a276f144100ffa722f10cd","name":"Mads Dreyer","image":{"@type":"ImageObject","@id":"https:\/\/acefootball.com\/da\/#personlogo","inLanguage":"en-US","url":"https:\/\/secure.gravatar.com\/avatar\/7c7abf72cfde9902b6a60efe60c88d4c?s=96&d=mm&r=g","contentUrl":"https:\/\/secure.gravatar.com\/avatar\/7c7abf72cfde9902b6a60efe60c88d4c?s=96&d=mm&r=g","caption":"Mads Dreyer"},"description":"Skribent og fodboldn\u00f8rd, der lige nu fort\u00e6ller om alt og intet i fodboldverdenen p\u00e5 acefootball.com. Uddannet i kommunikation fra Aalborg Universitet.","sameAs":["https:\/\/www.linkedin.com\/in\/mads-dreyer-b9b08266\/"],"url":"https:\/\/acefootball.com\/da\/fodboldnyheder\/author\/mdnronaldo\/"}]}},"fimg_url":"https:\/\/acefootball.com\/da\/wp-content\/uploads\/sites\/2\/2021\/01\/GettyImages-1281646676.jpg","_links":{"self":[{"href":"https:\/\/acefootball.com\/da\/wp-json\/wp\/v2\/posts\/249633"}],"collection":[{"href":"https:\/\/acefootball.com\/da\/wp-json\/wp\/v2\/posts"}],"about":[{"href":"https:\/\/acefootball.com\/da\/wp-json\/wp\/v2\/types\/post"}],"author":[{"embeddable":true,"href":"https:\/\/acefootball.com\/da\/wp-json\/wp\/v2\/users\/705"}],"replies":[{"embeddable":true,"href":"https:\/\/acefootball.com\/da\/wp-json\/wp\/v2\/comments?post=249633"}],"version-history":[{"count":0,"href":"https:\/\/acefootball.com\/da\/wp-json\/wp\/v2\/posts\/249633\/revisions"}],"wp:featuredmedia":[{"embeddable":true,"href":"https:\/\/acefootball.com\/da\/wp-json\/wp\/v2\/media\/249635"}],"wp:attachment":[{"href":"https:\/\/acefootball.com\/da\/wp-json\/wp\/v2\/media?parent=249633"}],"wp:term":[{"taxonomy":"category","embeddable":true,"href":"https:\/\/acefootball.com\/da\/wp-json\/wp\/v2\/categories?post=249633"},{"taxonomy":"post_tag","embeddable":true,"href":"https:\/\/acefootball.com\/da\/wp-json\/wp\/v2\/tags?post=249633"}],"curies":[{"name":"wp","href":"https:\/\/api.w.org\/{rel}","templated":true}]}}