{"id":249459,"date":"2021-01-24T19:12:05","date_gmt":"2021-01-24T18:12:05","guid":{"rendered":"https:\/\/acefootball.com\/da\/?p=249459"},"modified":"2021-01-24T19:13:48","modified_gmt":"2021-01-24T18:13:48","slug":"ny-katastrofe-i-brasilien-spillere-draebt-i-flystyrt","status":"publish","type":"post","link":"https:\/\/acefootball.com\/da\/fodboldnyheder\/ny-katastrofe-i-brasilien-spillere-draebt-i-flystyrt\/","title":{"rendered":"Ny katastrofe i Brasilien: Spillere dr\u00e6bt i flystyrt"},"content":{"rendered":"\n<h2 id=\"h-fire-spillere-og-pr-sidenten-fra-den-brasilianske-klub-palmas-er-omkommet-i-et-flystyrt-s-ndag-morgen-p-vej-til-en-pokalkamp\">Fire spillere og pr\u00e6sidenten fra den brasilianske klub Palmas er omkommet i et flystyrt s\u00f8ndag morgen p\u00e5 vej til en pokalkamp<\/h2>\n\n\n\n<p>I 2016 blev brasiliansk fodbold ramt af et forf\u00e6rdeligt uheld, da en stor del af truppen fra Chapecoense omkom i et flystyrt p\u00e5 vej til en finale i Copa Sudamericana.<\/p>\n\n\n\n<p>Nu har en lignende tragedie fundet sted &#8211; dog i mindre skala &#8211; da fire spillere og pr\u00e6sidenten fra klubben Palmas har lidt samme sk\u00e6bne s\u00f8ndag morgen.<\/p>\n\n\n\n<figure class=\"wp-block-embed is-type-rich is-provider-twitter wp-block-embed-twitter\"><div class=\"wp-block-embed__wrapper\">\n<blockquote class=\"twitter-tweet\" data-width=\"550\" data-dnt=\"true\"><p lang=\"pt\" dir=\"ltr\">Mais uma trag\u00e9dia no futebol<br><br>Acidente com avi\u00e3o mata jogadores e presidente do Palmas<br><br>Time se preparava para enfrentar o Vila Nova em Goi\u00e2nia pela Copa Verde<br><br>\u27a1\ufe0f <a href=\"https:\/\/t.co\/aB1r9hbZt2\">https:\/\/t.co\/aB1r9hbZt2<\/a> <a href=\"https:\/\/t.co\/cTWQQjFVGj\">pic.twitter.com\/cTWQQjFVGj<\/a><\/p>&mdash; ge (@geglobo) <a href=\"https:\/\/twitter.com\/geglobo\/status\/1353344205981163526?ref_src=twsrc%5Etfw\">January 24, 2021<\/a><\/blockquote><script async src=\"https:\/\/platform.twitter.com\/widgets.js\" charset=\"utf-8\"><\/script>\n<\/div><\/figure>\n\n\n\n<p>De fem personer var g\u00e5et ombord p\u00e5 et privatfly, som skulle transportere dem til kamp i Vila Nova, men de n\u00e5ede aldrig s\u00e5 langt, da flyet styrtede ned for enden af landingsbanen.<\/p>\n\n\n\n<p>Flere af landets st\u00f8rste klubber har i l\u00f8bet af s\u00f8ndagen vist deres medf\u00f8lelse for Palmas de omkomne personer, heriblandt Flamengo, Internacional, Vasco da Gama, samt mandagens modstander, Vila Nova.<\/p>\n\n\n\n<figure class=\"wp-block-embed is-type-rich is-provider-twitter wp-block-embed-twitter\"><div class=\"wp-block-embed__wrapper\">\n<blockquote class=\"twitter-tweet\" data-width=\"550\" data-dnt=\"true\"><p lang=\"pt\" dir=\"ltr\">\u26ab NOTA DE PESAR &#8211; PALMAS: <a href=\"https:\/\/t.co\/2kSg2VRlEB\">https:\/\/t.co\/2kSg2VRlEB<\/a> <a href=\"https:\/\/t.co\/tBBGT6VEHd\">pic.twitter.com\/tBBGT6VEHd<\/a><\/p>&mdash; Vila Nova F.C (@VilaNovaFC) <a href=\"https:\/\/twitter.com\/VilaNovaFC\/status\/1353335803209015297?ref_src=twsrc%5Etfw\">January 24, 2021<\/a><\/blockquote><script async src=\"https:\/\/platform.twitter.com\/widgets.js\" charset=\"utf-8\"><\/script>\n<\/div><\/figure>\n","protected":false},"excerpt":{"rendered":"<p>Fire spillere og pr\u00e6sidenten fra den brasilianske klub Palmas er omkommet i et flystyrt s\u00f8ndag morgen p\u00e5 vej til en pokalkamp<\/p>\n","protected":false},"author":705,"featured_media":249462,"comment_status":"open","ping_status":"closed","sticky":false,"template":"","format":"standard","meta":{"om_disable_all_campaigns":false,"push_articles_ronaldo":{"active":false,"canonical":0,"publish":false},"force_updates":null},"categories":[1],"tags":[690],"enet_tags":{"team":["8256"],"sport_events":[]},"yoast_head":"<!-- This site is optimized with the Yoast SEO plugin v18.3 - https:\/\/yoast.com\/wordpress\/plugins\/seo\/ -->\n<title>Ny katastrofe i Brasilien: Spillere dr\u00e6bt i flystyrt<\/title>\n<meta name=\"description\" content=\"Fire spillere og pr\u00e6sidenten fra den brasilianske klub Palmas er omkommet i et flystyrt s\u00f8ndag morgen p\u00e5 vej til en pokalkamp\" \/>\n<meta name=\"robots\" content=\"index, follow, max-snippet:-1, max-image-preview:large, max-video-preview:-1\" \/>\n<link rel=\"canonical\" href=\"https:\/\/acefootball.com\/da\/fodboldnyheder\/ny-katastrofe-i-brasilien-spillere-draebt-i-flystyrt\/\" \/>\n<meta property=\"og:locale\" content=\"en_US\" \/>\n<meta property=\"og:type\" content=\"article\" \/>\n<meta property=\"og:title\" content=\"Ny katastrofe i Brasilien: Spillere dr\u00e6bt i flystyrt\" \/>\n<meta property=\"og:description\" content=\"Fire spillere og pr\u00e6sidenten fra den brasilianske klub Palmas er omkommet i et flystyrt s\u00f8ndag morgen p\u00e5 vej til en pokalkamp\" \/>\n<meta property=\"og:url\" content=\"https:\/\/acefootball.com\/da\/fodboldnyheder\/ny-katastrofe-i-brasilien-spillere-draebt-i-flystyrt\/\" \/>\n<meta property=\"og:site_name\" content=\"Ace Football Danmark\" \/>\n<meta property=\"article:publisher\" content=\"https:\/\/www.facebook.com\/acefootballdk\" \/>\n<meta property=\"article:published_time\" content=\"2021-01-24T18:12:05+00:00\" \/>\n<meta property=\"article:modified_time\" content=\"2021-01-24T18:13:48+00:00\" \/>\n<meta property=\"og:image\" content=\"https:\/\/acefootball.com\/da\/wp-content\/uploads\/sites\/2\/2021\/01\/Copy-of-Copy-of-Ace-5-8.jpg\" \/>\n\t<meta property=\"og:image:width\" content=\"1920\" \/>\n\t<meta property=\"og:image:height\" content=\"1008\" \/>\n\t<meta property=\"og:image:type\" content=\"image\/jpeg\" \/>\n<meta name=\"twitter:card\" content=\"summary_large_image\" \/>\n<meta name=\"twitter:label1\" content=\"Written by\" \/>\n\t<meta name=\"twitter:data1\" content=\"Mads Dreyer\" \/>\n\t<meta name=\"twitter:label2\" content=\"Est. reading time\" \/>\n\t<meta name=\"twitter:data2\" content=\"1 minute\" \/>\n<script type=\"application\/ld+json\" class=\"yoast-schema-graph\">{\"@context\":\"https:\/\/schema.org\",\"@graph\":[{\"@type\":\"Organization\",\"@id\":\"https:\/\/acefootball.com\/da\/#organization\",\"name\":\"Ace Football\",\"url\":\"https:\/\/acefootball.com\/da\/\",\"sameAs\":[\"https:\/\/www.facebook.com\/acefootballdk\"],\"logo\":{\"@type\":\"ImageObject\",\"@id\":\"https:\/\/acefootball.com\/da\/#logo\",\"inLanguage\":\"en-US\",\"url\":\"https:\/\/acefootball.com\/da\/wp-content\/uploads\/sites\/2\/2020\/07\/Ace-Football-30-07-2020-2.png\",\"contentUrl\":\"https:\/\/acefootball.com\/da\/wp-content\/uploads\/sites\/2\/2020\/07\/Ace-Football-30-07-2020-2.png\",\"width\":1200,\"height\":600,\"caption\":\"Ace Football\"},\"image\":{\"@id\":\"https:\/\/acefootball.com\/da\/#logo\"}},{\"@type\":\"WebSite\",\"@id\":\"https:\/\/acefootball.com\/da\/#website\",\"url\":\"https:\/\/acefootball.com\/da\/\",\"name\":\"Ace Football Danmark\",\"description\":\"Nyheder, Spiltips &amp; Livescore\",\"publisher\":{\"@id\":\"https:\/\/acefootball.com\/da\/#organization\"},\"potentialAction\":[{\"@type\":\"SearchAction\",\"target\":{\"@type\":\"EntryPoint\",\"urlTemplate\":\"https:\/\/acefootball.com\/da\/?s={search_term_string}\"},\"query-input\":\"required name=search_term_string\"}],\"inLanguage\":\"en-US\"},{\"@type\":\"ImageObject\",\"@id\":\"https:\/\/acefootball.com\/da\/fodboldnyheder\/ny-katastrofe-i-brasilien-spillere-draebt-i-flystyrt\/#primaryimage\",\"inLanguage\":\"en-US\",\"url\":\"https:\/\/acefootball.com\/da\/wp-content\/uploads\/sites\/2\/2021\/01\/Copy-of-Copy-of-Ace-5-8.jpg\",\"contentUrl\":\"https:\/\/acefootball.com\/da\/wp-content\/uploads\/sites\/2\/2021\/01\/Copy-of-Copy-of-Ace-5-8.jpg\",\"width\":1920,\"height\":1008},{\"@type\":\"WebPage\",\"@id\":\"https:\/\/acefootball.com\/da\/fodboldnyheder\/ny-katastrofe-i-brasilien-spillere-draebt-i-flystyrt\/#webpage\",\"url\":\"https:\/\/acefootball.com\/da\/fodboldnyheder\/ny-katastrofe-i-brasilien-spillere-draebt-i-flystyrt\/\",\"name\":\"Ny katastrofe i Brasilien: Spillere dr\u00e6bt i flystyrt\",\"isPartOf\":{\"@id\":\"https:\/\/acefootball.com\/da\/#website\"},\"primaryImageOfPage\":{\"@id\":\"https:\/\/acefootball.com\/da\/fodboldnyheder\/ny-katastrofe-i-brasilien-spillere-draebt-i-flystyrt\/#primaryimage\"},\"datePublished\":\"2021-01-24T18:12:05+00:00\",\"dateModified\":\"2021-01-24T18:13:48+00:00\",\"description\":\"Fire spillere og pr\u00e6sidenten fra den brasilianske klub Palmas er omkommet i et flystyrt s\u00f8ndag morgen p\u00e5 vej til en pokalkamp\",\"breadcrumb\":{\"@id\":\"https:\/\/acefootball.com\/da\/fodboldnyheder\/ny-katastrofe-i-brasilien-spillere-draebt-i-flystyrt\/#breadcrumb\"},\"inLanguage\":\"en-US\",\"potentialAction\":[{\"@type\":\"ReadAction\",\"target\":[\"https:\/\/acefootball.com\/da\/fodboldnyheder\/ny-katastrofe-i-brasilien-spillere-draebt-i-flystyrt\/\"]}]},{\"@type\":\"BreadcrumbList\",\"@id\":\"https:\/\/acefootball.com\/da\/fodboldnyheder\/ny-katastrofe-i-brasilien-spillere-draebt-i-flystyrt\/#breadcrumb\",\"itemListElement\":[{\"@type\":\"ListItem\",\"position\":1,\"name\":\"Home\",\"item\":\"https:\/\/acefootball.com\/da\/\"},{\"@type\":\"ListItem\",\"position\":2,\"name\":\"Ny katastrofe i Brasilien: Spillere dr\u00e6bt i flystyrt\"}]},{\"@type\":\"Article\",\"@id\":\"https:\/\/acefootball.com\/da\/fodboldnyheder\/ny-katastrofe-i-brasilien-spillere-draebt-i-flystyrt\/#article\",\"isPartOf\":{\"@id\":\"https:\/\/acefootball.com\/da\/fodboldnyheder\/ny-katastrofe-i-brasilien-spillere-draebt-i-flystyrt\/#webpage\"},\"author\":{\"@id\":\"https:\/\/acefootball.com\/da\/#\/schema\/person\/ee67e9cf04a276f144100ffa722f10cd\"},\"headline\":\"Ny katastrofe i Brasilien: Spillere dr\u00e6bt i flystyrt\",\"datePublished\":\"2021-01-24T18:12:05+00:00\",\"dateModified\":\"2021-01-24T18:13:48+00:00\",\"mainEntityOfPage\":{\"@id\":\"https:\/\/acefootball.com\/da\/fodboldnyheder\/ny-katastrofe-i-brasilien-spillere-draebt-i-flystyrt\/#webpage\"},\"wordCount\":169,\"commentCount\":0,\"publisher\":{\"@id\":\"https:\/\/acefootball.com\/da\/#organization\"},\"image\":{\"@id\":\"https:\/\/acefootball.com\/da\/fodboldnyheder\/ny-katastrofe-i-brasilien-spillere-draebt-i-flystyrt\/#primaryimage\"},\"thumbnailUrl\":\"https:\/\/acefootball.com\/da\/wp-content\/uploads\/sites\/2\/2021\/01\/Untitled-design-1-6.jpg\",\"keywords\":[\"Brasilien\"],\"articleSection\":[\"Nyhed\"],\"inLanguage\":\"en-US\",\"potentialAction\":[{\"@type\":\"CommentAction\",\"name\":\"Comment\",\"target\":[\"https:\/\/acefootball.com\/da\/fodboldnyheder\/ny-katastrofe-i-brasilien-spillere-draebt-i-flystyrt\/#respond\"]}]},{\"@type\":\"Person\",\"@id\":\"https:\/\/acefootball.com\/da\/#\/schema\/person\/ee67e9cf04a276f144100ffa722f10cd\",\"name\":\"Mads Dreyer\",\"image\":{\"@type\":\"ImageObject\",\"@id\":\"https:\/\/acefootball.com\/da\/#personlogo\",\"inLanguage\":\"en-US\",\"url\":\"https:\/\/secure.gravatar.com\/avatar\/7c7abf72cfde9902b6a60efe60c88d4c?s=96&d=mm&r=g\",\"contentUrl\":\"https:\/\/secure.gravatar.com\/avatar\/7c7abf72cfde9902b6a60efe60c88d4c?s=96&d=mm&r=g\",\"caption\":\"Mads Dreyer\"},\"description\":\"Skribent og fodboldn\u00f8rd, der lige nu fort\u00e6ller om alt og intet i fodboldverdenen p\u00e5 acefootball.com. Uddannet i kommunikation fra Aalborg Universitet.\",\"sameAs\":[\"https:\/\/www.linkedin.com\/in\/mads-dreyer-b9b08266\/\"],\"url\":\"https:\/\/acefootball.com\/da\/fodboldnyheder\/author\/mdnronaldo\/\"}]}<\/script>\n<!-- \/ Yoast SEO plugin. -->","yoast_head_json":{"title":"Ny katastrofe i Brasilien: Spillere dr\u00e6bt i flystyrt","description":"Fire spillere og pr\u00e6sidenten fra den brasilianske klub Palmas er omkommet i et flystyrt s\u00f8ndag morgen p\u00e5 vej til en pokalkamp","robots":{"index":"index","follow":"follow","max-snippet":"max-snippet:-1","max-image-preview":"max-image-preview:large","max-video-preview":"max-video-preview:-1"},"canonical":"https:\/\/acefootball.com\/da\/fodboldnyheder\/ny-katastrofe-i-brasilien-spillere-draebt-i-flystyrt\/","og_locale":"en_US","og_type":"article","og_title":"Ny katastrofe i Brasilien: Spillere dr\u00e6bt i flystyrt","og_description":"Fire spillere og pr\u00e6sidenten fra den brasilianske klub Palmas er omkommet i et flystyrt s\u00f8ndag morgen p\u00e5 vej til en pokalkamp","og_url":"https:\/\/acefootball.com\/da\/fodboldnyheder\/ny-katastrofe-i-brasilien-spillere-draebt-i-flystyrt\/","og_site_name":"Ace Football Danmark","article_publisher":"https:\/\/www.facebook.com\/acefootballdk","article_published_time":"2021-01-24T18:12:05+00:00","article_modified_time":"2021-01-24T18:13:48+00:00","og_image":[{"width":1920,"height":1008,"url":"https:\/\/acefootball.com\/da\/wp-content\/uploads\/sites\/2\/2021\/01\/Copy-of-Copy-of-Ace-5-8.jpg","type":"image\/jpeg"}],"twitter_card":"summary_large_image","twitter_misc":{"Written by":"Mads Dreyer","Est. reading time":"1 minute"},"schema":{"@context":"https:\/\/schema.org","@graph":[{"@type":"Organization","@id":"https:\/\/acefootball.com\/da\/#organization","name":"Ace Football","url":"https:\/\/acefootball.com\/da\/","sameAs":["https:\/\/www.facebook.com\/acefootballdk"],"logo":{"@type":"ImageObject","@id":"https:\/\/acefootball.com\/da\/#logo","inLanguage":"en-US","url":"https:\/\/acefootball.com\/da\/wp-content\/uploads\/sites\/2\/2020\/07\/Ace-Football-30-07-2020-2.png","contentUrl":"https:\/\/acefootball.com\/da\/wp-content\/uploads\/sites\/2\/2020\/07\/Ace-Football-30-07-2020-2.png","width":1200,"height":600,"caption":"Ace Football"},"image":{"@id":"https:\/\/acefootball.com\/da\/#logo"}},{"@type":"WebSite","@id":"https:\/\/acefootball.com\/da\/#website","url":"https:\/\/acefootball.com\/da\/","name":"Ace Football Danmark","description":"Nyheder, Spiltips &amp; Livescore","publisher":{"@id":"https:\/\/acefootball.com\/da\/#organization"},"potentialAction":[{"@type":"SearchAction","target":{"@type":"EntryPoint","urlTemplate":"https:\/\/acefootball.com\/da\/?s={search_term_string}"},"query-input":"required name=search_term_string"}],"inLanguage":"en-US"},{"@type":"ImageObject","@id":"https:\/\/acefootball.com\/da\/fodboldnyheder\/ny-katastrofe-i-brasilien-spillere-draebt-i-flystyrt\/#primaryimage","inLanguage":"en-US","url":"https:\/\/acefootball.com\/da\/wp-content\/uploads\/sites\/2\/2021\/01\/Copy-of-Copy-of-Ace-5-8.jpg","contentUrl":"https:\/\/acefootball.com\/da\/wp-content\/uploads\/sites\/2\/2021\/01\/Copy-of-Copy-of-Ace-5-8.jpg","width":1920,"height":1008},{"@type":"WebPage","@id":"https:\/\/acefootball.com\/da\/fodboldnyheder\/ny-katastrofe-i-brasilien-spillere-draebt-i-flystyrt\/#webpage","url":"https:\/\/acefootball.com\/da\/fodboldnyheder\/ny-katastrofe-i-brasilien-spillere-draebt-i-flystyrt\/","name":"Ny katastrofe i Brasilien: Spillere dr\u00e6bt i flystyrt","isPartOf":{"@id":"https:\/\/acefootball.com\/da\/#website"},"primaryImageOfPage":{"@id":"https:\/\/acefootball.com\/da\/fodboldnyheder\/ny-katastrofe-i-brasilien-spillere-draebt-i-flystyrt\/#primaryimage"},"datePublished":"2021-01-24T18:12:05+00:00","dateModified":"2021-01-24T18:13:48+00:00","description":"Fire spillere og pr\u00e6sidenten fra den brasilianske klub Palmas er omkommet i et flystyrt s\u00f8ndag morgen p\u00e5 vej til en pokalkamp","breadcrumb":{"@id":"https:\/\/acefootball.com\/da\/fodboldnyheder\/ny-katastrofe-i-brasilien-spillere-draebt-i-flystyrt\/#breadcrumb"},"inLanguage":"en-US","potentialAction":[{"@type":"ReadAction","target":["https:\/\/acefootball.com\/da\/fodboldnyheder\/ny-katastrofe-i-brasilien-spillere-draebt-i-flystyrt\/"]}]},{"@type":"BreadcrumbList","@id":"https:\/\/acefootball.com\/da\/fodboldnyheder\/ny-katastrofe-i-brasilien-spillere-draebt-i-flystyrt\/#breadcrumb","itemListElement":[{"@type":"ListItem","position":1,"name":"Home","item":"https:\/\/acefootball.com\/da\/"},{"@type":"ListItem","position":2,"name":"Ny katastrofe i Brasilien: Spillere dr\u00e6bt i flystyrt"}]},{"@type":"Article","@id":"https:\/\/acefootball.com\/da\/fodboldnyheder\/ny-katastrofe-i-brasilien-spillere-draebt-i-flystyrt\/#article","isPartOf":{"@id":"https:\/\/acefootball.com\/da\/fodboldnyheder\/ny-katastrofe-i-brasilien-spillere-draebt-i-flystyrt\/#webpage"},"author":{"@id":"https:\/\/acefootball.com\/da\/#\/schema\/person\/ee67e9cf04a276f144100ffa722f10cd"},"headline":"Ny katastrofe i Brasilien: Spillere dr\u00e6bt i flystyrt","datePublished":"2021-01-24T18:12:05+00:00","dateModified":"2021-01-24T18:13:48+00:00","mainEntityOfPage":{"@id":"https:\/\/acefootball.com\/da\/fodboldnyheder\/ny-katastrofe-i-brasilien-spillere-draebt-i-flystyrt\/#webpage"},"wordCount":169,"commentCount":0,"publisher":{"@id":"https:\/\/acefootball.com\/da\/#organization"},"image":{"@id":"https:\/\/acefootball.com\/da\/fodboldnyheder\/ny-katastrofe-i-brasilien-spillere-draebt-i-flystyrt\/#primaryimage"},"thumbnailUrl":"https:\/\/acefootball.com\/da\/wp-content\/uploads\/sites\/2\/2021\/01\/Untitled-design-1-6.jpg","keywords":["Brasilien"],"articleSection":["Nyhed"],"inLanguage":"en-US","potentialAction":[{"@type":"CommentAction","name":"Comment","target":["https:\/\/acefootball.com\/da\/fodboldnyheder\/ny-katastrofe-i-brasilien-spillere-draebt-i-flystyrt\/#respond"]}]},{"@type":"Person","@id":"https:\/\/acefootball.com\/da\/#\/schema\/person\/ee67e9cf04a276f144100ffa722f10cd","name":"Mads Dreyer","image":{"@type":"ImageObject","@id":"https:\/\/acefootball.com\/da\/#personlogo","inLanguage":"en-US","url":"https:\/\/secure.gravatar.com\/avatar\/7c7abf72cfde9902b6a60efe60c88d4c?s=96&d=mm&r=g","contentUrl":"https:\/\/secure.gravatar.com\/avatar\/7c7abf72cfde9902b6a60efe60c88d4c?s=96&d=mm&r=g","caption":"Mads Dreyer"},"description":"Skribent og fodboldn\u00f8rd, der lige nu fort\u00e6ller om alt og intet i fodboldverdenen p\u00e5 acefootball.com. Uddannet i kommunikation fra Aalborg Universitet.","sameAs":["https:\/\/www.linkedin.com\/in\/mads-dreyer-b9b08266\/"],"url":"https:\/\/acefootball.com\/da\/fodboldnyheder\/author\/mdnronaldo\/"}]}},"fimg_url":"https:\/\/acefootball.com\/da\/wp-content\/uploads\/sites\/2\/2021\/01\/Untitled-design-1-6.jpg","_links":{"self":[{"href":"https:\/\/acefootball.com\/da\/wp-json\/wp\/v2\/posts\/249459"}],"collection":[{"href":"https:\/\/acefootball.com\/da\/wp-json\/wp\/v2\/posts"}],"about":[{"href":"https:\/\/acefootball.com\/da\/wp-json\/wp\/v2\/types\/post"}],"author":[{"embeddable":true,"href":"https:\/\/acefootball.com\/da\/wp-json\/wp\/v2\/users\/705"}],"replies":[{"embeddable":true,"href":"https:\/\/acefootball.com\/da\/wp-json\/wp\/v2\/comments?post=249459"}],"version-history":[{"count":0,"href":"https:\/\/acefootball.com\/da\/wp-json\/wp\/v2\/posts\/249459\/revisions"}],"wp:featuredmedia":[{"embeddable":true,"href":"https:\/\/acefootball.com\/da\/wp-json\/wp\/v2\/media\/249462"}],"wp:attachment":[{"href":"https:\/\/acefootball.com\/da\/wp-json\/wp\/v2\/media?parent=249459"}],"wp:term":[{"taxonomy":"category","embeddable":true,"href":"https:\/\/acefootball.com\/da\/wp-json\/wp\/v2\/categories?post=249459"},{"taxonomy":"post_tag","embeddable":true,"href":"https:\/\/acefootball.com\/da\/wp-json\/wp\/v2\/tags?post=249459"}],"curies":[{"name":"wp","href":"https:\/\/api.w.org\/{rel}","templated":true}]}}